{"id":466470,"date":"2015-12-02T16:56:59","date_gmt":"2015-12-02T15:56:59","guid":{"rendered":"http:\/\/www.varesenews.it\/?p=466470"},"modified":"2015-12-03T10:12:49","modified_gmt":"2015-12-03T09:12:49","slug":"uva-finisce-in-nulla-la-denuncia-di-biggiogero","status":"publish","type":"post","link":"https:\/\/staging.varesenews.it\/2015\/12\/uva-finisce-in-nulla-la-denuncia-di-biggiogero\/466470\/","title":{"rendered":"Uva, finisce in nulla la denuncia di Biggiogero"},"content":{"rendered":"<p><strong>Il tribunale di Varese<\/strong> ha archiviato la querela che Alberto Biggiogero present\u00f2 nel 2008 e in cui sosteneva di aver ricevuto scarpate e schiaffoni dai carabinieri di Varese. Il gip Alessandro Chionna ha ritenuto discordanti e senza riscontri, le versioni fornite dall&#8217;uomo su quanto accadde la notte del 14 giugno del 2008, quando lui e <strong>Giuseppe Uva<\/strong> vennero fermati per dei vandalismi in strada e portati in caserma. Secondo il giudice non \u00e8 credibile che Biggiogero sia stato picchiato ma non abbia prodotto alcun referto medico; inoltre c&#8217;\u00e8 agli atti la testimonianza del padre che afferm\u00f2 di non aver mai saputo nulla del pestaggio.<\/p>\n<p><strong>La decisione del tribunale<\/strong> \u00e8 autonoma dal processo che si sta svolgendo in corte d&#8217;assise contro 2 carabinieri e 6 poliziotti. In quel dibattimento Biggiogero \u00e8 testimone. Il gip Chionna non entra nel merito di quanto accadde a Uva, ma getta un&#8217;ombra sulla credibilit\u00e0 di Alberto Biggiogero, che gi\u00e0 in udienza in corte d&#8217;assise aveva reso una testimonianza a volte contraddittoria.<\/p>\n","protected":false},"excerpt":{"rendered":"<p>Il gip archivia: &#8220;Nessun riscontro, dichiarazioni divergenti&#8221;<\/p>\n","protected":false},"author":50,"featured_media":0,"comment_status":"open","ping_status":"open","sticky":false,"template":"","format":"standard","meta":{"footnotes":""},"categories":[2],"tags":[1475,3816],"acf":[],"yoast_head":"<!-- This site is optimized with the Yoast SEO plugin v20.1 - https:\/\/yoast.com\/wordpress\/plugins\/seo\/ -->\n<title>Uva, finisce in nulla la denuncia di Biggiogero<\/title>\n<meta name=\"description\" content=\"Uva giuseppe\" \/>\n<meta name=\"robots\" content=\"noindex, follow, max-snippet:-1, max-image-preview:large, max-video-preview:-1\" \/>\n<meta property=\"og:locale\" content=\"it_IT\" \/>\n<meta property=\"og:type\" content=\"article\" \/>\n<meta property=\"og:title\" content=\"Uva, finisce in nulla la denuncia di Biggiogero\" \/>\n<meta property=\"og:description\" content=\"Uva giuseppe\" \/>\n<meta property=\"og:url\" content=\"https:\/\/www.varesenews.it\/2015\/12\/uva-finisce-in-nulla-la-denuncia-di-biggiogero\/466470\/\" \/>\n<meta property=\"og:site_name\" content=\"VareseNews\" \/>\n<meta property=\"article:publisher\" content=\"https:\/\/www.facebook.com\/varesenews\" \/>\n<meta property=\"article:published_time\" content=\"2015-12-02T15:56:59+00:00\" \/>\n<meta property=\"article:modified_time\" content=\"2015-12-03T09:12:49+00:00\" \/>\n<meta name=\"author\" content=\"Roberto Rotondo\" \/>\n<meta name=\"twitter:card\" content=\"summary_large_image\" \/>\n<meta name=\"twitter:creator\" content=\"@robertorotondo\" \/>\n<meta name=\"twitter:site\" content=\"@varesenews\" \/>\n<meta name=\"twitter:label1\" content=\"Scritto da\" \/>\n\t<meta name=\"twitter:data1\" content=\"Roberto Rotondo\" \/>\n\t<meta name=\"twitter:label2\" content=\"Tempo di lettura stimato\" \/>\n\t<meta name=\"twitter:data2\" content=\"1 minuto\" \/>\n<script type=\"application\/ld+json\" class=\"yoast-schema-graph\">{\"@context\":\"https:\/\/schema.org\",\"@graph\":[{\"@type\":\"WebPage\",\"@id\":\"https:\/\/www.varesenews.it\/2015\/12\/uva-finisce-in-nulla-la-denuncia-di-biggiogero\/466470\/\",\"url\":\"https:\/\/www.varesenews.it\/2015\/12\/uva-finisce-in-nulla-la-denuncia-di-biggiogero\/466470\/\",\"name\":\"Uva, finisce in nulla la denuncia di Biggiogero\",\"isPartOf\":{\"@id\":\"https:\/\/staging.varesenews.it\/#website\"},\"datePublished\":\"2015-12-02T15:56:59+00:00\",\"dateModified\":\"2015-12-03T09:12:49+00:00\",\"author\":{\"@id\":\"https:\/\/staging.varesenews.it\/#\/schema\/person\/bace96b9ce1b4905df659e51a83c17fe\"},\"description\":\"Uva giuseppe\",\"breadcrumb\":{\"@id\":\"https:\/\/www.varesenews.it\/2015\/12\/uva-finisce-in-nulla-la-denuncia-di-biggiogero\/466470\/#breadcrumb\"},\"inLanguage\":\"it-IT\",\"potentialAction\":[{\"@type\":\"ReadAction\",\"target\":[\"https:\/\/www.varesenews.it\/2015\/12\/uva-finisce-in-nulla-la-denuncia-di-biggiogero\/466470\/\"]}]},{\"@type\":\"BreadcrumbList\",\"@id\":\"https:\/\/www.varesenews.it\/2015\/12\/uva-finisce-in-nulla-la-denuncia-di-biggiogero\/466470\/#breadcrumb\",\"itemListElement\":[{\"@type\":\"ListItem\",\"position\":1,\"name\":\"Home\",\"item\":\"https:\/\/www.varesenews.it\/\"},{\"@type\":\"ListItem\",\"position\":2,\"name\":\"Uva, finisce in nulla la denuncia di Biggiogero\"}]},{\"@type\":\"WebSite\",\"@id\":\"https:\/\/staging.varesenews.it\/#website\",\"url\":\"https:\/\/staging.varesenews.it\/\",\"name\":\"VareseNews\",\"description\":\"\",\"potentialAction\":[{\"@type\":\"SearchAction\",\"target\":{\"@type\":\"EntryPoint\",\"urlTemplate\":\"https:\/\/staging.varesenews.it\/?s={search_term_string}\"},\"query-input\":\"required name=search_term_string\"}],\"inLanguage\":\"it-IT\"},{\"@type\":\"Person\",\"@id\":\"https:\/\/staging.varesenews.it\/#\/schema\/person\/bace96b9ce1b4905df659e51a83c17fe\",\"name\":\"Roberto Rotondo\",\"image\":{\"@type\":\"ImageObject\",\"inLanguage\":\"it-IT\",\"@id\":\"https:\/\/staging.varesenews.it\/#\/schema\/person\/image\/\",\"url\":\"https:\/\/staging.varesenews.it\/wp-content\/uploads\/2015\/03\/10888676_10204734543537926_609787919772941341_n.jpg\",\"contentUrl\":\"https:\/\/staging.varesenews.it\/wp-content\/uploads\/2015\/03\/10888676_10204734543537926_609787919772941341_n.jpg\",\"caption\":\"Roberto Rotondo\"},\"description\":\"Nato a Varese nel 1972. Laureato in Storia alla Statale di Milano. A Varese News dal 1998. Ho iniziato a scrivere su riviste locali, poi sono entrato nel progetto di Varese News quando ancora era agli inizi. Nel frattempo mi sono occupato di ricerca storica e ho collaborato con un settimanale e un quotidiano della Svizzera italiana scrivendo di cronaca e politica. Mi sono preso una pausa da Varese nel 2004. Ho lavorato per alcuni anni a Milano all'agenzia di stampa Adnkronos, con qualche stage a Roma nei palazzi della politica. Lanci di agenzia e servizi tv multimediali erano tra i miei compiti. In quegli anni ho lavorato per alcune radio anche nazionali, Radio Capital su tutte, come corrispondente locale. Ho scritto anche per un settimanale di gossip, ma sempre cronaca nera. Ed eccomi qui. Dal 2007 lavoro anche per il Corriere della sera, di cui sono corrispondente. A Varesenews sono ormai uno dei senatori. Mi occupo di cronaca nera, giudiziaria e di politica e della cronaca cittadina di Varese.\",\"sameAs\":[\"robertorotondo\",\"https:\/\/twitter.com\/robertorotondo\"],\"url\":\"https:\/\/staging.varesenews.it\/persona\/roberto-rotondo\/\"}]}<\/script>\n<!-- \/ Yoast SEO plugin. -->","yoast_head_json":{"title":"Uva, finisce in nulla la denuncia di Biggiogero","description":"Uva giuseppe","robots":{"index":"noindex","follow":"follow","max-snippet":"max-snippet:-1","max-image-preview":"max-image-preview:large","max-video-preview":"max-video-preview:-1"},"og_locale":"it_IT","og_type":"article","og_title":"Uva, finisce in nulla la denuncia di Biggiogero","og_description":"Uva giuseppe","og_url":"https:\/\/www.varesenews.it\/2015\/12\/uva-finisce-in-nulla-la-denuncia-di-biggiogero\/466470\/","og_site_name":"VareseNews","article_publisher":"https:\/\/www.facebook.com\/varesenews","article_published_time":"2015-12-02T15:56:59+00:00","article_modified_time":"2015-12-03T09:12:49+00:00","author":"Roberto Rotondo","twitter_card":"summary_large_image","twitter_creator":"@robertorotondo","twitter_site":"@varesenews","twitter_misc":{"Scritto da":"Roberto Rotondo","Tempo di lettura stimato":"1 minuto"},"schema":{"@context":"https:\/\/schema.org","@graph":[{"@type":"WebPage","@id":"https:\/\/www.varesenews.it\/2015\/12\/uva-finisce-in-nulla-la-denuncia-di-biggiogero\/466470\/","url":"https:\/\/www.varesenews.it\/2015\/12\/uva-finisce-in-nulla-la-denuncia-di-biggiogero\/466470\/","name":"Uva, finisce in nulla la denuncia di Biggiogero","isPartOf":{"@id":"https:\/\/staging.varesenews.it\/#website"},"datePublished":"2015-12-02T15:56:59+00:00","dateModified":"2015-12-03T09:12:49+00:00","author":{"@id":"https:\/\/staging.varesenews.it\/#\/schema\/person\/bace96b9ce1b4905df659e51a83c17fe"},"description":"Uva giuseppe","breadcrumb":{"@id":"https:\/\/www.varesenews.it\/2015\/12\/uva-finisce-in-nulla-la-denuncia-di-biggiogero\/466470\/#breadcrumb"},"inLanguage":"it-IT","potentialAction":[{"@type":"ReadAction","target":["https:\/\/www.varesenews.it\/2015\/12\/uva-finisce-in-nulla-la-denuncia-di-biggiogero\/466470\/"]}]},{"@type":"BreadcrumbList","@id":"https:\/\/www.varesenews.it\/2015\/12\/uva-finisce-in-nulla-la-denuncia-di-biggiogero\/466470\/#breadcrumb","itemListElement":[{"@type":"ListItem","position":1,"name":"Home","item":"https:\/\/www.varesenews.it\/"},{"@type":"ListItem","position":2,"name":"Uva, finisce in nulla la denuncia di Biggiogero"}]},{"@type":"WebSite","@id":"https:\/\/staging.varesenews.it\/#website","url":"https:\/\/staging.varesenews.it\/","name":"VareseNews","description":"","potentialAction":[{"@type":"SearchAction","target":{"@type":"EntryPoint","urlTemplate":"https:\/\/staging.varesenews.it\/?s={search_term_string}"},"query-input":"required name=search_term_string"}],"inLanguage":"it-IT"},{"@type":"Person","@id":"https:\/\/staging.varesenews.it\/#\/schema\/person\/bace96b9ce1b4905df659e51a83c17fe","name":"Roberto Rotondo","image":{"@type":"ImageObject","inLanguage":"it-IT","@id":"https:\/\/staging.varesenews.it\/#\/schema\/person\/image\/","url":"https:\/\/staging.varesenews.it\/wp-content\/uploads\/2015\/03\/10888676_10204734543537926_609787919772941341_n.jpg","contentUrl":"https:\/\/staging.varesenews.it\/wp-content\/uploads\/2015\/03\/10888676_10204734543537926_609787919772941341_n.jpg","caption":"Roberto Rotondo"},"description":"Nato a Varese nel 1972. Laureato in Storia alla Statale di Milano. A Varese News dal 1998. Ho iniziato a scrivere su riviste locali, poi sono entrato nel progetto di Varese News quando ancora era agli inizi. Nel frattempo mi sono occupato di ricerca storica e ho collaborato con un settimanale e un quotidiano della Svizzera italiana scrivendo di cronaca e politica. Mi sono preso una pausa da Varese nel 2004. Ho lavorato per alcuni anni a Milano all'agenzia di stampa Adnkronos, con qualche stage a Roma nei palazzi della politica. Lanci di agenzia e servizi tv multimediali erano tra i miei compiti. In quegli anni ho lavorato per alcune radio anche nazionali, Radio Capital su tutte, come corrispondente locale. Ho scritto anche per un settimanale di gossip, ma sempre cronaca nera. Ed eccomi qui. Dal 2007 lavoro anche per il Corriere della sera, di cui sono corrispondente. A Varesenews sono ormai uno dei senatori. Mi occupo di cronaca nera, giudiziaria e di politica e della cronaca cittadina di Varese.","sameAs":["robertorotondo","https:\/\/twitter.com\/robertorotondo"],"url":"https:\/\/staging.varesenews.it\/persona\/roberto-rotondo\/"}]}},"post_meta":{"_edit_lock":"1449134465:50","_edit_last":"50","ratings_users":"0","ratings_score":"0","ratings_average":"0","_category_permalink":"","wdfb_og_title":"","wdfb_og_type":"","wdfb_og_description":"","wdfb_og_images":"a:1:{i:0;s:0:\"\";}","wdfb_og_custom_name":"a:1:{i:0;s:0:\"\";}","wdfb_og_custom_value":"a:1:{i:0;s:0:\"\";}","id_leggi_anche":"347325,345896,31069,485644","foto":"176714","argomento":"Varese","_yoast_wpseo_focuskw":"uva","_yoast_wpseo_metadesc":"Uva giuseppe","_jd_twitter":"","_jd_tweet_this":"yes","_wpt_short_url":"http:\/\/www.varesenews.it\/2015\/12\/uva-finisce-in-nulla-la-denuncia-di-biggiogero\/466470\/","_wp_jd_target":"http:\/\/www.varesenews.it\/2015\/12\/uva-finisce-in-nulla-la-denuncia-di-biggiogero\/466470\/","_jd_wp_twitter":"a:1:{i:0;s:157:\"Uva, finisce in nulla la denuncia di Biggiogero http:\/\/www.varesenews.it\/2015\/12\/uva-finisce-in-nulla-la-denuncia-di-biggiogero\/466470\/ #casouva #processouva\";}","_wpt_status_message":"Tweet inviato con successo.","_yoast_wpseo_linkdex":"62"},"photos":[{"original":"https:\/\/staging.varesenews.it\/photogallery_new\/images\/2014\/07\/alberto-biggiogero-in-tribunale-il-testimone-del-caso-uva-in-176714.jpg","full":"https:\/\/staging.varesenews.it\/photogallery_new\/images\/2014\/07\/alberto-biggiogero-in-tribunale-il-testimone-del-caso-uva-in-176714.1024x768.jpg","large":"https:\/\/staging.varesenews.it\/photogallery_new\/images\/2014\/07\/alberto-biggiogero-in-tribunale-il-testimone-del-caso-uva-in-176714.610x431.jpg"}],"_links":{"self":[{"href":"https:\/\/staging.varesenews.it\/swgapi\/v1\/wp\/v2\/posts\/466470"}],"collection":[{"href":"https:\/\/staging.varesenews.it\/swgapi\/v1\/wp\/v2\/posts"}],"about":[{"href":"https:\/\/staging.varesenews.it\/swgapi\/v1\/wp\/v2\/types\/post"}],"author":[{"embeddable":true,"href":"https:\/\/staging.varesenews.it\/swgapi\/v1\/wp\/v2\/users\/50"}],"replies":[{"embeddable":true,"href":"https:\/\/staging.varesenews.it\/swgapi\/v1\/wp\/v2\/comments?post=466470"}],"version-history":[{"count":0,"href":"https:\/\/staging.varesenews.it\/swgapi\/v1\/wp\/v2\/posts\/466470\/revisions"}],"wp:attachment":[{"href":"https:\/\/staging.varesenews.it\/swgapi\/v1\/wp\/v2\/media?parent=466470"}],"wp:term":[{"taxonomy":"category","embeddable":true,"href":"https:\/\/staging.varesenews.it\/swgapi\/v1\/wp\/v2\/categories?post=466470"},{"taxonomy":"post_tag","embeddable":true,"href":"https:\/\/staging.varesenews.it\/swgapi\/v1\/wp\/v2\/tags?post=466470"}],"curies":[{"name":"wp","href":"https:\/\/api.w.org\/{rel}","templated":true}]}}