{"id":466647,"date":"2015-12-03T10:09:06","date_gmt":"2015-12-03T09:09:06","guid":{"rendered":"http:\/\/www.varesenews.it\/?p=466647"},"modified":"2015-12-03T10:09:06","modified_gmt":"2015-12-03T09:09:06","slug":"i-10-anni-di-movimento-libero","status":"publish","type":"post","link":"https:\/\/staging.varesenews.it\/2015\/12\/i-10-anni-di-movimento-libero\/466647\/","title":{"rendered":"I 10 anni di Movimento Libero"},"content":{"rendered":"<p><strong>Il 3 dicembre del 2005,<\/strong> esattamente dieci anni fa, nasceva ufficialmente Movimento Libero, che si present\u00f2 per la prima volta alla citt\u00e0 organizzando un partecipata assemblea pubblica all\u2019ex palazzina della Cultura di via Sacco.<\/p>\n<p><strong>Alessio Nicoletti, consigliere comunale, racconta.<\/strong> &#8220;Erano in tanti, allora, a pensare che sarebbe stata un\u2019avventura passeggera e a tutti questi rispondevo che con il tempo si sarebbero ricreduti. Con un po\u2019 di presunzione, possiamo dire oggi di essere stati protagonisti in questi anni della vita politica cittadina dentro e fuori Palazzo Estense, con tante iniziative di piazza come il \u201cNo Provincia Day\u201d e \u201cSemplicemente in Silenzio\u201d, solo per fare alcuni esempi, ed altrettante istituzionali con mozioni spesso approvate, \u00a0emendamenti ed interrogazioni, ma soprattutto portando quotidianamente a Palazzo Estense i piccoli grandi problemi che molti concittadini ci hanno sollevato nel tempo, riuscendo spesso a risolverli. Tutto questo \u00e8 stato possibile solo grazie al lavoro di un gruppo appassionato di persone che ha a cuore il bene di Varese. A loro, a tutti quelli che nel tempo hanno dato una mano a Movimento Libero, va il mio pi\u00f9 sentito ringraziamento. Siamo sicuri che continueremo ad essere un punto di riferimento della citt\u00e0 anche in futuro. Oggi, la sfida \u00e8 portare tutta la nostra esperienza civica all\u2019interno della coalizione di centrodestra. Siamo sicuri che cos\u00ec potremo incidere di pi\u00f9 e fornire sempre maggiori risposte alle tante legittime aspettative dei nostri concittadini. Insomma, guardiamo con ottimismo al futuro forti del nostro passato. Buon compleanno Movimento Libero!&#8221;.<\/p>\n","protected":false},"excerpt":{"rendered":"<p>La lista civica che oggi milita nel centrodestra varesino<\/p>\n","protected":false},"author":50,"featured_media":0,"comment_status":"open","ping_status":"open","sticky":false,"template":"","format":"standard","meta":{"footnotes":""},"categories":[16,2],"tags":[1711],"acf":[],"yoast_head":"<!-- This site is optimized with the Yoast SEO plugin v20.1 - https:\/\/yoast.com\/wordpress\/plugins\/seo\/ -->\n<title>I 10 anni di Movimento Libero<\/title>\n<meta name=\"description\" content=\"I 10 anni di Movimento Libero\" \/>\n<meta name=\"robots\" content=\"noindex, follow, max-snippet:-1, max-image-preview:large, max-video-preview:-1\" \/>\n<meta property=\"og:locale\" content=\"it_IT\" \/>\n<meta property=\"og:type\" content=\"article\" \/>\n<meta property=\"og:title\" content=\"I 10 anni di Movimento Libero\" \/>\n<meta property=\"og:description\" content=\"I 10 anni di Movimento Libero\" \/>\n<meta property=\"og:url\" content=\"https:\/\/staging.varesenews.it\/2015\/12\/i-10-anni-di-movimento-libero\/466647\/\" \/>\n<meta property=\"og:site_name\" content=\"VareseNews\" \/>\n<meta property=\"article:publisher\" content=\"https:\/\/www.facebook.com\/varesenews\" \/>\n<meta property=\"article:published_time\" content=\"2015-12-03T09:09:06+00:00\" \/>\n<meta name=\"author\" content=\"Roberto Rotondo\" \/>\n<meta name=\"twitter:card\" content=\"summary_large_image\" \/>\n<meta name=\"twitter:creator\" content=\"@robertorotondo\" \/>\n<meta name=\"twitter:site\" content=\"@varesenews\" \/>\n<meta name=\"twitter:label1\" content=\"Scritto da\" \/>\n\t<meta name=\"twitter:data1\" content=\"Roberto Rotondo\" \/>\n\t<meta name=\"twitter:label2\" content=\"Tempo di lettura stimato\" \/>\n\t<meta name=\"twitter:data2\" content=\"1 minuto\" \/>\n<script type=\"application\/ld+json\" class=\"yoast-schema-graph\">{\"@context\":\"https:\/\/schema.org\",\"@graph\":[{\"@type\":\"WebPage\",\"@id\":\"https:\/\/staging.varesenews.it\/2015\/12\/i-10-anni-di-movimento-libero\/466647\/\",\"url\":\"https:\/\/staging.varesenews.it\/2015\/12\/i-10-anni-di-movimento-libero\/466647\/\",\"name\":\"I 10 anni di Movimento Libero\",\"isPartOf\":{\"@id\":\"https:\/\/staging.varesenews.it\/#website\"},\"datePublished\":\"2015-12-03T09:09:06+00:00\",\"dateModified\":\"2015-12-03T09:09:06+00:00\",\"author\":{\"@id\":\"https:\/\/staging.varesenews.it\/#\/schema\/person\/bace96b9ce1b4905df659e51a83c17fe\"},\"description\":\"I 10 anni di Movimento Libero\",\"breadcrumb\":{\"@id\":\"https:\/\/staging.varesenews.it\/2015\/12\/i-10-anni-di-movimento-libero\/466647\/#breadcrumb\"},\"inLanguage\":\"it-IT\",\"potentialAction\":[{\"@type\":\"ReadAction\",\"target\":[\"https:\/\/staging.varesenews.it\/2015\/12\/i-10-anni-di-movimento-libero\/466647\/\"]}]},{\"@type\":\"BreadcrumbList\",\"@id\":\"https:\/\/staging.varesenews.it\/2015\/12\/i-10-anni-di-movimento-libero\/466647\/#breadcrumb\",\"itemListElement\":[{\"@type\":\"ListItem\",\"position\":1,\"name\":\"Home\",\"item\":\"https:\/\/www.varesenews.it\/\"},{\"@type\":\"ListItem\",\"position\":2,\"name\":\"I 10 anni di Movimento Libero\"}]},{\"@type\":\"WebSite\",\"@id\":\"https:\/\/staging.varesenews.it\/#website\",\"url\":\"https:\/\/staging.varesenews.it\/\",\"name\":\"VareseNews\",\"description\":\"\",\"potentialAction\":[{\"@type\":\"SearchAction\",\"target\":{\"@type\":\"EntryPoint\",\"urlTemplate\":\"https:\/\/staging.varesenews.it\/?s={search_term_string}\"},\"query-input\":\"required name=search_term_string\"}],\"inLanguage\":\"it-IT\"},{\"@type\":\"Person\",\"@id\":\"https:\/\/staging.varesenews.it\/#\/schema\/person\/bace96b9ce1b4905df659e51a83c17fe\",\"name\":\"Roberto Rotondo\",\"image\":{\"@type\":\"ImageObject\",\"inLanguage\":\"it-IT\",\"@id\":\"https:\/\/staging.varesenews.it\/#\/schema\/person\/image\/\",\"url\":\"https:\/\/staging.varesenews.it\/wp-content\/uploads\/2015\/03\/10888676_10204734543537926_609787919772941341_n.jpg\",\"contentUrl\":\"https:\/\/staging.varesenews.it\/wp-content\/uploads\/2015\/03\/10888676_10204734543537926_609787919772941341_n.jpg\",\"caption\":\"Roberto Rotondo\"},\"description\":\"Nato a Varese nel 1972. Laureato in Storia alla Statale di Milano. A Varese News dal 1998. Ho iniziato a scrivere su riviste locali, poi sono entrato nel progetto di Varese News quando ancora era agli inizi. Nel frattempo mi sono occupato di ricerca storica e ho collaborato con un settimanale e un quotidiano della Svizzera italiana scrivendo di cronaca e politica. Mi sono preso una pausa da Varese nel 2004. Ho lavorato per alcuni anni a Milano all'agenzia di stampa Adnkronos, con qualche stage a Roma nei palazzi della politica. Lanci di agenzia e servizi tv multimediali erano tra i miei compiti. In quegli anni ho lavorato per alcune radio anche nazionali, Radio Capital su tutte, come corrispondente locale. Ho scritto anche per un settimanale di gossip, ma sempre cronaca nera. Ed eccomi qui. Dal 2007 lavoro anche per il Corriere della sera, di cui sono corrispondente. A Varesenews sono ormai uno dei senatori. Mi occupo di cronaca nera, giudiziaria e di politica e della cronaca cittadina di Varese.\",\"sameAs\":[\"robertorotondo\",\"https:\/\/twitter.com\/robertorotondo\"],\"url\":\"https:\/\/staging.varesenews.it\/persona\/roberto-rotondo\/\"}]}<\/script>\n<!-- \/ Yoast SEO plugin. -->","yoast_head_json":{"title":"I 10 anni di Movimento Libero","description":"I 10 anni di Movimento Libero","robots":{"index":"noindex","follow":"follow","max-snippet":"max-snippet:-1","max-image-preview":"max-image-preview:large","max-video-preview":"max-video-preview:-1"},"og_locale":"it_IT","og_type":"article","og_title":"I 10 anni di Movimento Libero","og_description":"I 10 anni di Movimento Libero","og_url":"https:\/\/staging.varesenews.it\/2015\/12\/i-10-anni-di-movimento-libero\/466647\/","og_site_name":"VareseNews","article_publisher":"https:\/\/www.facebook.com\/varesenews","article_published_time":"2015-12-03T09:09:06+00:00","author":"Roberto Rotondo","twitter_card":"summary_large_image","twitter_creator":"@robertorotondo","twitter_site":"@varesenews","twitter_misc":{"Scritto da":"Roberto Rotondo","Tempo di lettura stimato":"1 minuto"},"schema":{"@context":"https:\/\/schema.org","@graph":[{"@type":"WebPage","@id":"https:\/\/staging.varesenews.it\/2015\/12\/i-10-anni-di-movimento-libero\/466647\/","url":"https:\/\/staging.varesenews.it\/2015\/12\/i-10-anni-di-movimento-libero\/466647\/","name":"I 10 anni di Movimento Libero","isPartOf":{"@id":"https:\/\/staging.varesenews.it\/#website"},"datePublished":"2015-12-03T09:09:06+00:00","dateModified":"2015-12-03T09:09:06+00:00","author":{"@id":"https:\/\/staging.varesenews.it\/#\/schema\/person\/bace96b9ce1b4905df659e51a83c17fe"},"description":"I 10 anni di Movimento Libero","breadcrumb":{"@id":"https:\/\/staging.varesenews.it\/2015\/12\/i-10-anni-di-movimento-libero\/466647\/#breadcrumb"},"inLanguage":"it-IT","potentialAction":[{"@type":"ReadAction","target":["https:\/\/staging.varesenews.it\/2015\/12\/i-10-anni-di-movimento-libero\/466647\/"]}]},{"@type":"BreadcrumbList","@id":"https:\/\/staging.varesenews.it\/2015\/12\/i-10-anni-di-movimento-libero\/466647\/#breadcrumb","itemListElement":[{"@type":"ListItem","position":1,"name":"Home","item":"https:\/\/www.varesenews.it\/"},{"@type":"ListItem","position":2,"name":"I 10 anni di Movimento Libero"}]},{"@type":"WebSite","@id":"https:\/\/staging.varesenews.it\/#website","url":"https:\/\/staging.varesenews.it\/","name":"VareseNews","description":"","potentialAction":[{"@type":"SearchAction","target":{"@type":"EntryPoint","urlTemplate":"https:\/\/staging.varesenews.it\/?s={search_term_string}"},"query-input":"required name=search_term_string"}],"inLanguage":"it-IT"},{"@type":"Person","@id":"https:\/\/staging.varesenews.it\/#\/schema\/person\/bace96b9ce1b4905df659e51a83c17fe","name":"Roberto Rotondo","image":{"@type":"ImageObject","inLanguage":"it-IT","@id":"https:\/\/staging.varesenews.it\/#\/schema\/person\/image\/","url":"https:\/\/staging.varesenews.it\/wp-content\/uploads\/2015\/03\/10888676_10204734543537926_609787919772941341_n.jpg","contentUrl":"https:\/\/staging.varesenews.it\/wp-content\/uploads\/2015\/03\/10888676_10204734543537926_609787919772941341_n.jpg","caption":"Roberto Rotondo"},"description":"Nato a Varese nel 1972. Laureato in Storia alla Statale di Milano. A Varese News dal 1998. Ho iniziato a scrivere su riviste locali, poi sono entrato nel progetto di Varese News quando ancora era agli inizi. Nel frattempo mi sono occupato di ricerca storica e ho collaborato con un settimanale e un quotidiano della Svizzera italiana scrivendo di cronaca e politica. Mi sono preso una pausa da Varese nel 2004. Ho lavorato per alcuni anni a Milano all'agenzia di stampa Adnkronos, con qualche stage a Roma nei palazzi della politica. Lanci di agenzia e servizi tv multimediali erano tra i miei compiti. In quegli anni ho lavorato per alcune radio anche nazionali, Radio Capital su tutte, come corrispondente locale. Ho scritto anche per un settimanale di gossip, ma sempre cronaca nera. Ed eccomi qui. Dal 2007 lavoro anche per il Corriere della sera, di cui sono corrispondente. A Varesenews sono ormai uno dei senatori. Mi occupo di cronaca nera, giudiziaria e di politica e della cronaca cittadina di Varese.","sameAs":["robertorotondo","https:\/\/twitter.com\/robertorotondo"],"url":"https:\/\/staging.varesenews.it\/persona\/roberto-rotondo\/"}]}},"post_meta":{"_edit_lock":"1449133673:50","_edit_last":"50","ratings_users":"0","ratings_score":"0","ratings_average":"0","_category_permalink":"","wdfb_og_title":"","wdfb_og_type":"","wdfb_og_description":"","wdfb_og_images":"a:1:{i:0;s:0:\"\";}","wdfb_og_custom_name":"a:1:{i:0;s:0:\"\";}","wdfb_og_custom_value":"a:1:{i:0;s:0:\"\";}","foto":"278078","firma_come_redazione":"1","argomento":"Varese","_yoast_wpseo_focuskw":"movimento","_yoast_wpseo_metadesc":"I 10 anni di Movimento Libero","_jd_twitter":"","_jd_tweet_this":"yes","_wpt_short_url":"http:\/\/www.varesenews.it\/2015\/12\/i-10-anni-di-movimento-libero\/466647\/","_wp_jd_target":"http:\/\/www.varesenews.it\/2015\/12\/i-10-anni-di-movimento-libero\/466647\/","_jd_wp_twitter":"a:1:{i:0;s:117:\"I 10 anni di Movimento Libero http:\/\/www.varesenews.it\/2015\/12\/i-10-anni-di-movimento-libero\/466647\/ #movimentolibero\";}","_wpt_status_message":"Tweet inviato con successo.","_yoast_wpseo_linkdex":"81"},"photos":[{"original":"https:\/\/staging.varesenews.it\/photogallery_new\/images\/2005\/03\/alessio-nicoletti-forum-ambiente-278078.jpg","full":"https:\/\/staging.varesenews.it\/photogallery_new\/images\/2005\/03\/alessio-nicoletti-forum-ambiente-278078.1024x768.jpg","large":"https:\/\/staging.varesenews.it\/photogallery_new\/images\/2005\/03\/alessio-nicoletti-forum-ambiente-278078.610x431.jpg"}],"_links":{"self":[{"href":"https:\/\/staging.varesenews.it\/swgapi\/v1\/wp\/v2\/posts\/466647"}],"collection":[{"href":"https:\/\/staging.varesenews.it\/swgapi\/v1\/wp\/v2\/posts"}],"about":[{"href":"https:\/\/staging.varesenews.it\/swgapi\/v1\/wp\/v2\/types\/post"}],"author":[{"embeddable":true,"href":"https:\/\/staging.varesenews.it\/swgapi\/v1\/wp\/v2\/users\/50"}],"replies":[{"embeddable":true,"href":"https:\/\/staging.varesenews.it\/swgapi\/v1\/wp\/v2\/comments?post=466647"}],"version-history":[{"count":0,"href":"https:\/\/staging.varesenews.it\/swgapi\/v1\/wp\/v2\/posts\/466647\/revisions"}],"wp:attachment":[{"href":"https:\/\/staging.varesenews.it\/swgapi\/v1\/wp\/v2\/media?parent=466647"}],"wp:term":[{"taxonomy":"category","embeddable":true,"href":"https:\/\/staging.varesenews.it\/swgapi\/v1\/wp\/v2\/categories?post=466647"},{"taxonomy":"post_tag","embeddable":true,"href":"https:\/\/staging.varesenews.it\/swgapi\/v1\/wp\/v2\/tags?post=466647"}],"curies":[{"name":"wp","href":"https:\/\/api.w.org\/{rel}","templated":true}]}}