{"id":467593,"date":"2015-12-06T16:40:19","date_gmt":"2015-12-06T15:40:19","guid":{"rendered":"http:\/\/www.varesenews.it\/?p=467593"},"modified":"2015-12-06T16:40:19","modified_gmt":"2015-12-06T15:40:19","slug":"davide-galimberti-presenta-la-mobilita-partecipata","status":"publish","type":"post","link":"https:\/\/staging.varesenews.it\/2015\/12\/davide-galimberti-presenta-la-mobilita-partecipata\/467593\/","title":{"rendered":"Davide Galimberti presenta la &#8220;mobilit\u00e0 partecipata&#8221;"},"content":{"rendered":"<p>\u00abIl mio metodo per governare Varese \u00e8 chiaro e riassumibile in poche parole:\u00a0<strong>studio<\/strong>,\u00a0<strong>trasparenza<\/strong>,\u00a0<strong>accesso alle informazioni<\/strong>\u00a0da parte di tutti,\u00a0<strong>partecipazione<\/strong>,\u00a0<strong>decisione<\/strong>\u00a0e\u00a0<strong>azione<\/strong>. Il tutto nei tempi pi\u00f9 rapidi possibili\u00bb.<\/p>\n<p>A dirlo \u00e8 <strong>Davide Galimberti<\/strong>, candidato alla primarie di Varese, che ieri sera ha partecipato al dibattito aperto alla citt\u00e0 in materia di\u00a0<strong>&#8220;mobilit\u00e0&#8221;<\/strong>. Il titolo dell\u2019evento era \u201c<strong>Varese da Girare<\/strong>\u201d e ad intervenire oltre a Galimberti sono stati in tanti: esperti di settore e in particolare il professor <strong>Stefano Maggi,<\/strong> docente di storia dei trasporti dell\u2019Universit\u00e0 di Siena e assessore alla mobilit\u00e0 del comune di Siena, amministratori dei comuni vicini a Varese tra i quali: il Sindaco di Malnate, Samuele Astuti, di Lozza, Giuseppe Licata, di Vedano, Cristiano Citterio, l\u2019assessore all\u2019Ambiente di Induno Olona e semplici cittadini interessati.<\/p>\n<p>\u201cE\u2019 cos\u00ec che voglio condurre il mio mandato \u2013 dichiara Galimberti &#8211; dopo una prima fase di studio dei problemi della citt\u00e0 insieme ad esperti e a portatori di best practices, fondamentali per proporre soluzioni incisive e corrette, dovremo coinvolgere realmente i cittadini nelle decisioni che li riguardano, spostando il dibatto quartiere per quartiere in modo da far partecipare pi\u00f9 persone possibili. Un elemento da curare poi sar\u00e0 l\u2019accesso alle informazioni, diritto fondamentale di tutti i cittadini, aspetto che in 20 anni di Lega si \u00e8 assolutamente trascurato: basta a decisioni calate dall\u2019alto in cui i cittadini non hanno nessuno spazio per essere informati e dire la loro. Il prossimo Sindaco di Varese deve avere una spiccata capacit\u00e0 di dialogare con tutti e, prima di decidere, deve ascoltare. Sempre pronto a cambiare idea nel caso in cui un sano confronto faccia emergere soluzioni alternative per il bene della comunit\u00e0\u201d.<\/p>\n<p>E proprio in merito all\u2019appuntamento di ieri sera Galimberti ha lanciato il percorso\u00a0<strong>\u201cMobilit\u00e0 Partecipata\u201d<\/strong>. \u201cAppena sar\u00f2 sindaco dovremo tutti insieme, con i comuni vicini a Varese, cercare le soluzioni migliori per cambiare questa citt\u00e0. Non possiamo pensare di risolvere i problemi della mobilit\u00e0 senza un preliminare studio della materia che tenga conto anche del ruolo di capoluogo di Varese e le opportunit\u00e0 che si apriranno con l\u2019apertura dell\u2019Arcisate-Stabio. Il prossimo Piano della Mobilit\u00e0 dovr\u00e0 guardare al futuro di Varese e non al passato. La nostra citt\u00e0 non pu\u00f2 perdere il treno del cambiamento anche sul versante della mobilit\u00e0\u201d.<\/p>\n","protected":false},"excerpt":{"rendered":"<p>Per il candidato alle primarie del centrosinistra di Varese informare e coinvolgere i cittadini \u00e8 un passo fondamentale per affrontare le problematiche<\/p>\n","protected":false},"author":43,"featured_media":0,"comment_status":"open","ping_status":"open","sticky":false,"template":"","format":"standard","meta":{"footnotes":""},"categories":[16,2],"tags":[46807,50291,127],"acf":[],"yoast_head":"<!-- This site is optimized with the Yoast SEO plugin v20.1 - https:\/\/yoast.com\/wordpress\/plugins\/seo\/ -->\n<title>Davide Galimberti presenta la &quot;mobilit\u00e0 partecipata&quot;<\/title>\n<meta name=\"description\" content=\"Per il candidato alle primarie del centrosinistra di Varese informare e coinvolgere i cittadini \u00e8 un passo fondamentale per affrontare le problematiche\" \/>\n<meta name=\"robots\" content=\"noindex, follow, max-snippet:-1, max-image-preview:large, max-video-preview:-1\" \/>\n<meta property=\"og:locale\" content=\"it_IT\" \/>\n<meta property=\"og:type\" content=\"article\" \/>\n<meta property=\"og:title\" content=\"Davide Galimberti presenta la &quot;mobilit\u00e0 partecipata&quot;\" \/>\n<meta property=\"og:description\" content=\"Per il candidato alle primarie del centrosinistra di Varese informare e coinvolgere i cittadini \u00e8 un passo fondamentale per affrontare le problematiche\" \/>\n<meta property=\"og:url\" content=\"https:\/\/staging.varesenews.it\/2015\/12\/davide-galimberti-presenta-la-mobilita-partecipata\/467593\/\" \/>\n<meta property=\"og:site_name\" content=\"VareseNews\" \/>\n<meta property=\"article:publisher\" content=\"https:\/\/www.facebook.com\/varesenews\" \/>\n<meta property=\"article:author\" content=\"https:\/\/www.facebook.com\/mariacarla.cebrelli\" \/>\n<meta property=\"article:published_time\" content=\"2015-12-06T15:40:19+00:00\" \/>\n<meta name=\"author\" content=\"Maria Carla Cebrelli\" \/>\n<meta name=\"twitter:card\" content=\"summary_large_image\" \/>\n<meta name=\"twitter:creator\" content=\"@pikapiketti\" \/>\n<meta name=\"twitter:site\" content=\"@varesenews\" \/>\n<meta name=\"twitter:label1\" content=\"Scritto da\" \/>\n\t<meta name=\"twitter:data1\" content=\"Maria Carla Cebrelli\" \/>\n\t<meta name=\"twitter:label2\" content=\"Tempo di lettura stimato\" \/>\n\t<meta name=\"twitter:data2\" content=\"2 minuti\" \/>\n<script type=\"application\/ld+json\" class=\"yoast-schema-graph\">{\"@context\":\"https:\/\/schema.org\",\"@graph\":[{\"@type\":\"WebPage\",\"@id\":\"https:\/\/staging.varesenews.it\/2015\/12\/davide-galimberti-presenta-la-mobilita-partecipata\/467593\/\",\"url\":\"https:\/\/staging.varesenews.it\/2015\/12\/davide-galimberti-presenta-la-mobilita-partecipata\/467593\/\",\"name\":\"Davide Galimberti presenta la \\\"mobilit\u00e0 partecipata\\\"\",\"isPartOf\":{\"@id\":\"https:\/\/staging.varesenews.it\/#website\"},\"datePublished\":\"2015-12-06T15:40:19+00:00\",\"dateModified\":\"2015-12-06T15:40:19+00:00\",\"author\":{\"@id\":\"https:\/\/staging.varesenews.it\/#\/schema\/person\/5bf790e99d7ec50061119cc825c454de\"},\"description\":\"Per il candidato alle primarie del centrosinistra di Varese informare e coinvolgere i cittadini \u00e8 un passo fondamentale per affrontare le problematiche\",\"breadcrumb\":{\"@id\":\"https:\/\/staging.varesenews.it\/2015\/12\/davide-galimberti-presenta-la-mobilita-partecipata\/467593\/#breadcrumb\"},\"inLanguage\":\"it-IT\",\"potentialAction\":[{\"@type\":\"ReadAction\",\"target\":[\"https:\/\/staging.varesenews.it\/2015\/12\/davide-galimberti-presenta-la-mobilita-partecipata\/467593\/\"]}]},{\"@type\":\"BreadcrumbList\",\"@id\":\"https:\/\/staging.varesenews.it\/2015\/12\/davide-galimberti-presenta-la-mobilita-partecipata\/467593\/#breadcrumb\",\"itemListElement\":[{\"@type\":\"ListItem\",\"position\":1,\"name\":\"Home\",\"item\":\"https:\/\/www.varesenews.it\/\"},{\"@type\":\"ListItem\",\"position\":2,\"name\":\"Davide Galimberti presenta la &#8220;mobilit\u00e0 partecipata&#8221;\"}]},{\"@type\":\"WebSite\",\"@id\":\"https:\/\/staging.varesenews.it\/#website\",\"url\":\"https:\/\/staging.varesenews.it\/\",\"name\":\"VareseNews\",\"description\":\"\",\"potentialAction\":[{\"@type\":\"SearchAction\",\"target\":{\"@type\":\"EntryPoint\",\"urlTemplate\":\"https:\/\/staging.varesenews.it\/?s={search_term_string}\"},\"query-input\":\"required name=search_term_string\"}],\"inLanguage\":\"it-IT\"},{\"@type\":\"Person\",\"@id\":\"https:\/\/staging.varesenews.it\/#\/schema\/person\/5bf790e99d7ec50061119cc825c454de\",\"name\":\"Maria Carla Cebrelli\",\"image\":{\"@type\":\"ImageObject\",\"inLanguage\":\"it-IT\",\"@id\":\"https:\/\/staging.varesenews.it\/#\/schema\/person\/image\/\",\"url\":\"https:\/\/staging.varesenews.it\/wp-content\/uploads\/2020\/12\/mariacarla_cebrelli_colori_500-1.jpg\",\"contentUrl\":\"https:\/\/staging.varesenews.it\/wp-content\/uploads\/2020\/12\/mariacarla_cebrelli_colori_500-1.jpg\",\"caption\":\"Maria Carla Cebrelli\"},\"description\":\"Economista di formazione, giornalista per passione. A VareseNews dal 2005, mi sono occupata negli anni di universit&agrave;, tematiche di confine, news locali e comunicazione nel settore sociale. Attualmente sono responsabile di VerbanoNews, del canale di VareseNews dedicato al Turismo e seguo i social dell'area business.\",\"sameAs\":[\"https:\/\/www.facebook.com\/mariacarla.cebrelli\",\"pikapiketti\",\"https:\/\/twitter.com\/pikapiketti\"],\"url\":\"https:\/\/staging.varesenews.it\/persona\/mariacarla-cebrelli1\/\"}]}<\/script>\n<!-- \/ Yoast SEO plugin. -->","yoast_head_json":{"title":"Davide Galimberti presenta la \"mobilit\u00e0 partecipata\"","description":"Per il candidato alle primarie del centrosinistra di Varese informare e coinvolgere i cittadini \u00e8 un passo fondamentale per affrontare le problematiche","robots":{"index":"noindex","follow":"follow","max-snippet":"max-snippet:-1","max-image-preview":"max-image-preview:large","max-video-preview":"max-video-preview:-1"},"og_locale":"it_IT","og_type":"article","og_title":"Davide Galimberti presenta la \"mobilit\u00e0 partecipata\"","og_description":"Per il candidato alle primarie del centrosinistra di Varese informare e coinvolgere i cittadini \u00e8 un passo fondamentale per affrontare le problematiche","og_url":"https:\/\/staging.varesenews.it\/2015\/12\/davide-galimberti-presenta-la-mobilita-partecipata\/467593\/","og_site_name":"VareseNews","article_publisher":"https:\/\/www.facebook.com\/varesenews","article_author":"https:\/\/www.facebook.com\/mariacarla.cebrelli","article_published_time":"2015-12-06T15:40:19+00:00","author":"Maria Carla Cebrelli","twitter_card":"summary_large_image","twitter_creator":"@pikapiketti","twitter_site":"@varesenews","twitter_misc":{"Scritto da":"Maria Carla Cebrelli","Tempo di lettura stimato":"2 minuti"},"schema":{"@context":"https:\/\/schema.org","@graph":[{"@type":"WebPage","@id":"https:\/\/staging.varesenews.it\/2015\/12\/davide-galimberti-presenta-la-mobilita-partecipata\/467593\/","url":"https:\/\/staging.varesenews.it\/2015\/12\/davide-galimberti-presenta-la-mobilita-partecipata\/467593\/","name":"Davide Galimberti presenta la \"mobilit\u00e0 partecipata\"","isPartOf":{"@id":"https:\/\/staging.varesenews.it\/#website"},"datePublished":"2015-12-06T15:40:19+00:00","dateModified":"2015-12-06T15:40:19+00:00","author":{"@id":"https:\/\/staging.varesenews.it\/#\/schema\/person\/5bf790e99d7ec50061119cc825c454de"},"description":"Per il candidato alle primarie del centrosinistra di Varese informare e coinvolgere i cittadini \u00e8 un passo fondamentale per affrontare le problematiche","breadcrumb":{"@id":"https:\/\/staging.varesenews.it\/2015\/12\/davide-galimberti-presenta-la-mobilita-partecipata\/467593\/#breadcrumb"},"inLanguage":"it-IT","potentialAction":[{"@type":"ReadAction","target":["https:\/\/staging.varesenews.it\/2015\/12\/davide-galimberti-presenta-la-mobilita-partecipata\/467593\/"]}]},{"@type":"BreadcrumbList","@id":"https:\/\/staging.varesenews.it\/2015\/12\/davide-galimberti-presenta-la-mobilita-partecipata\/467593\/#breadcrumb","itemListElement":[{"@type":"ListItem","position":1,"name":"Home","item":"https:\/\/www.varesenews.it\/"},{"@type":"ListItem","position":2,"name":"Davide Galimberti presenta la &#8220;mobilit\u00e0 partecipata&#8221;"}]},{"@type":"WebSite","@id":"https:\/\/staging.varesenews.it\/#website","url":"https:\/\/staging.varesenews.it\/","name":"VareseNews","description":"","potentialAction":[{"@type":"SearchAction","target":{"@type":"EntryPoint","urlTemplate":"https:\/\/staging.varesenews.it\/?s={search_term_string}"},"query-input":"required name=search_term_string"}],"inLanguage":"it-IT"},{"@type":"Person","@id":"https:\/\/staging.varesenews.it\/#\/schema\/person\/5bf790e99d7ec50061119cc825c454de","name":"Maria Carla Cebrelli","image":{"@type":"ImageObject","inLanguage":"it-IT","@id":"https:\/\/staging.varesenews.it\/#\/schema\/person\/image\/","url":"https:\/\/staging.varesenews.it\/wp-content\/uploads\/2020\/12\/mariacarla_cebrelli_colori_500-1.jpg","contentUrl":"https:\/\/staging.varesenews.it\/wp-content\/uploads\/2020\/12\/mariacarla_cebrelli_colori_500-1.jpg","caption":"Maria Carla Cebrelli"},"description":"Economista di formazione, giornalista per passione. A VareseNews dal 2005, mi sono occupata negli anni di universit&agrave;, tematiche di confine, news locali e comunicazione nel settore sociale. Attualmente sono responsabile di VerbanoNews, del canale di VareseNews dedicato al Turismo e seguo i social dell'area business.","sameAs":["https:\/\/www.facebook.com\/mariacarla.cebrelli","pikapiketti","https:\/\/twitter.com\/pikapiketti"],"url":"https:\/\/staging.varesenews.it\/persona\/mariacarla-cebrelli1\/"}]}},"post_meta":{"_edit_lock":"1449416426:43","_edit_last":"43","ratings_users":"0","ratings_score":"0","ratings_average":"0","_category_permalink":"","wdfb_og_title":"","wdfb_og_type":"","wdfb_og_description":"","wdfb_og_images":"a:1:{i:0;s:0:\"\";}","wdfb_og_custom_name":"a:1:{i:0;s:0:\"\";}","wdfb_og_custom_value":"a:1:{i:0;s:0:\"\";}","foto":"487506","firma_come_redazione":"1","argomento":"Politica","_jd_twitter":"","_jd_tweet_this":"yes","_wpt_short_url":"http:\/\/www.varesenews.it\/2015\/12\/davide-galimberti-presenta-la-mobilita-partecipata\/467593\/","_wp_jd_target":"http:\/\/www.varesenews.it\/2015\/12\/davide-galimberti-presenta-la-mobilita-partecipata\/467593\/","_jd_wp_twitter":"a:1:{i:0;s:153:\"Davide Galimberti presenta la \"mobilit\u00e0 partecipata\" http:\/\/www.varesenews.it\/2015\/12\/davide-galimberti-presenta-la-mobilita-partecipata\/467593\/ #varese\";}","_wpt_status_message":"Tweet inviato con successo."},"photos":[{"original":"https:\/\/staging.varesenews.it\/photogallery_new\/images\/2015\/10\/davide-galimberti-487506.jpg","full":"https:\/\/staging.varesenews.it\/photogallery_new\/images\/2015\/10\/davide-galimberti-487506.1024x768.jpg","large":"https:\/\/staging.varesenews.it\/photogallery_new\/images\/2015\/10\/davide-galimberti-487506.610x431.jpg"}],"_links":{"self":[{"href":"https:\/\/staging.varesenews.it\/swgapi\/v1\/wp\/v2\/posts\/467593"}],"collection":[{"href":"https:\/\/staging.varesenews.it\/swgapi\/v1\/wp\/v2\/posts"}],"about":[{"href":"https:\/\/staging.varesenews.it\/swgapi\/v1\/wp\/v2\/types\/post"}],"author":[{"embeddable":true,"href":"https:\/\/staging.varesenews.it\/swgapi\/v1\/wp\/v2\/users\/43"}],"replies":[{"embeddable":true,"href":"https:\/\/staging.varesenews.it\/swgapi\/v1\/wp\/v2\/comments?post=467593"}],"version-history":[{"count":0,"href":"https:\/\/staging.varesenews.it\/swgapi\/v1\/wp\/v2\/posts\/467593\/revisions"}],"wp:attachment":[{"href":"https:\/\/staging.varesenews.it\/swgapi\/v1\/wp\/v2\/media?parent=467593"}],"wp:term":[{"taxonomy":"category","embeddable":true,"href":"https:\/\/staging.varesenews.it\/swgapi\/v1\/wp\/v2\/categories?post=467593"},{"taxonomy":"post_tag","embeddable":true,"href":"https:\/\/staging.varesenews.it\/swgapi\/v1\/wp\/v2\/tags?post=467593"}],"curies":[{"name":"wp","href":"https:\/\/api.w.org\/{rel}","templated":true}]}}