{"id":469065,"date":"2015-12-11T15:57:51","date_gmt":"2015-12-11T14:57:51","guid":{"rendered":"http:\/\/www.varesenews.it\/?p=469065"},"modified":"2015-12-11T16:26:49","modified_gmt":"2015-12-11T15:26:49","slug":"eccellenza-e-promozione-si-chiude-landata","status":"publish","type":"post","link":"https:\/\/staging.varesenews.it\/2015\/12\/eccellenza-e-promozione-si-chiude-landata\/469065\/","title":{"rendered":"Eccellenza e Promozione, si chiude l&#8217;andata"},"content":{"rendered":"<p>Ultima giornata di andata per il girone A di Eccellenza. Il Varese, gi\u00e0 campione d\u2019inverno, ospiter\u00e0 il Lomellina al \u201cFranco Ossola\u201d, mentre alle spalle dei biancorossi le sfide saranno intense e agguerrite. In Promozione la capolista Busto 81 vuole difendere la vetta.<\/p>\n<p><strong>ECCELLENZA<\/strong> \u2013 L\u2019Arconatese seconda della classe ospiter\u00e0 un Vittuone in ripresa, mentre <strong>il Verbano cercher\u00e0<\/strong> i tre punti per confermarsi in alto sul campo della Suardese ultima della classe. Cerca riscatto il Legnano, che al \u201cMari\u201d se la vedr\u00e0 contro l\u2019Ardor Lazzate, mentre <strong>il Tradate \u201cammazzagrandi\u201d<\/strong> sar\u00e0 ospite al \u201cMilano\u201d della Sestese. Voglia di rivincita per l\u2019Union Cassano, che avr\u00e0 un turno casalingo da sfruttare contro l\u2019Accademia Pavese, mentre l\u2019Fbc Saronno cercher\u00e0 di fare lo sgambetto al Fenegr\u00f2; anticipo del sabato tra Mariano e Trezzano.<\/p>\n<p><strong>PROMOZIONE<\/strong> \u2013 Sfida esterna per il Busto 81, ospite del Garbagnate, mentre alle sue spalle <strong>l\u2019Olimpia cercher\u00e0 di sfruttare il fattore campo contro il Magenta in una sfida d&#8217;alta classifica.<\/strong> La Castellanzese cercher\u00e0 di tornare alla vittoria, ma il Gavirate sar\u00e0 avversario ostico. Il Cairate prover\u00e0 a espugnare il campo dell\u2019Uboldese, la Vergiatese invece andr\u00e0 a Castano Primo contro la Castanese per proseguire il periodo positivo. Sfida interna per la Besnatese, che cerca punti contro il Portichetto.<\/p>\n","protected":false},"excerpt":{"rendered":"<p>In Eccellenza Verbano e Legnano vogliono tenersi in alto. In Promozione caccia al Busto 81<\/p>\n","protected":false},"author":37,"featured_media":0,"comment_status":"open","ping_status":"open","sticky":false,"template":"","format":"standard","meta":{"footnotes":""},"categories":[14],"tags":[144,208,15204,51942,209,12518,50771,25833,18966],"acf":[],"yoast_head":"<!-- This site is optimized with the Yoast SEO plugin v20.1 - https:\/\/yoast.com\/wordpress\/plugins\/seo\/ -->\n<title>Eccellenza e Promozione, si chiude l&#039;andata<\/title>\n<meta name=\"description\" content=\"In Eccellenza Verbano e Legnano vogliono tenersi in alto. In Promozione caccia al Busto 81\" \/>\n<meta name=\"robots\" content=\"noindex, follow, max-snippet:-1, max-image-preview:large, max-video-preview:-1\" \/>\n<meta property=\"og:locale\" content=\"it_IT\" \/>\n<meta property=\"og:type\" content=\"article\" \/>\n<meta property=\"og:title\" content=\"Eccellenza e Promozione, si chiude l&#039;andata\" \/>\n<meta property=\"og:description\" content=\"In Eccellenza Verbano e Legnano vogliono tenersi in alto. In Promozione caccia al Busto 81\" \/>\n<meta property=\"og:url\" content=\"https:\/\/staging.varesenews.it\/2015\/12\/eccellenza-e-promozione-si-chiude-landata\/469065\/\" \/>\n<meta property=\"og:site_name\" content=\"VareseNews\" \/>\n<meta property=\"article:publisher\" content=\"https:\/\/www.facebook.com\/varesenews\" \/>\n<meta property=\"article:published_time\" content=\"2015-12-11T14:57:51+00:00\" \/>\n<meta property=\"article:modified_time\" content=\"2015-12-11T15:26:49+00:00\" \/>\n<meta name=\"author\" content=\"Francesco Mazzoleni\" \/>\n<meta name=\"twitter:card\" content=\"summary_large_image\" \/>\n<meta name=\"twitter:creator\" content=\"@fmazzof\" \/>\n<meta name=\"twitter:site\" content=\"@varesenews\" \/>\n<meta name=\"twitter:label1\" content=\"Scritto da\" \/>\n\t<meta name=\"twitter:data1\" content=\"Francesco Mazzoleni\" \/>\n\t<meta name=\"twitter:label2\" content=\"Tempo di lettura stimato\" \/>\n\t<meta name=\"twitter:data2\" content=\"1 minuto\" \/>\n<script type=\"application\/ld+json\" class=\"yoast-schema-graph\">{\"@context\":\"https:\/\/schema.org\",\"@graph\":[{\"@type\":\"WebPage\",\"@id\":\"https:\/\/staging.varesenews.it\/2015\/12\/eccellenza-e-promozione-si-chiude-landata\/469065\/\",\"url\":\"https:\/\/staging.varesenews.it\/2015\/12\/eccellenza-e-promozione-si-chiude-landata\/469065\/\",\"name\":\"Eccellenza e Promozione, si chiude l'andata\",\"isPartOf\":{\"@id\":\"https:\/\/staging.varesenews.it\/#website\"},\"datePublished\":\"2015-12-11T14:57:51+00:00\",\"dateModified\":\"2015-12-11T15:26:49+00:00\",\"author\":{\"@id\":\"https:\/\/staging.varesenews.it\/#\/schema\/person\/e82236e79160d30d4e1f942004ac3038\"},\"description\":\"In Eccellenza Verbano e Legnano vogliono tenersi in alto. In Promozione caccia al Busto 81\",\"breadcrumb\":{\"@id\":\"https:\/\/staging.varesenews.it\/2015\/12\/eccellenza-e-promozione-si-chiude-landata\/469065\/#breadcrumb\"},\"inLanguage\":\"it-IT\",\"potentialAction\":[{\"@type\":\"ReadAction\",\"target\":[\"https:\/\/staging.varesenews.it\/2015\/12\/eccellenza-e-promozione-si-chiude-landata\/469065\/\"]}]},{\"@type\":\"BreadcrumbList\",\"@id\":\"https:\/\/staging.varesenews.it\/2015\/12\/eccellenza-e-promozione-si-chiude-landata\/469065\/#breadcrumb\",\"itemListElement\":[{\"@type\":\"ListItem\",\"position\":1,\"name\":\"Home\",\"item\":\"https:\/\/www.varesenews.it\/\"},{\"@type\":\"ListItem\",\"position\":2,\"name\":\"Eccellenza e Promozione, si chiude l&#8217;andata\"}]},{\"@type\":\"WebSite\",\"@id\":\"https:\/\/staging.varesenews.it\/#website\",\"url\":\"https:\/\/staging.varesenews.it\/\",\"name\":\"VareseNews\",\"description\":\"\",\"potentialAction\":[{\"@type\":\"SearchAction\",\"target\":{\"@type\":\"EntryPoint\",\"urlTemplate\":\"https:\/\/staging.varesenews.it\/?s={search_term_string}\"},\"query-input\":\"required name=search_term_string\"}],\"inLanguage\":\"it-IT\"},{\"@type\":\"Person\",\"@id\":\"https:\/\/staging.varesenews.it\/#\/schema\/person\/e82236e79160d30d4e1f942004ac3038\",\"name\":\"Francesco Mazzoleni\",\"image\":{\"@type\":\"ImageObject\",\"inLanguage\":\"it-IT\",\"@id\":\"https:\/\/staging.varesenews.it\/#\/schema\/person\/image\/\",\"url\":\"https:\/\/staging.varesenews.it\/wp-content\/uploads\/2020\/12\/francesco_mazzoleni_colori_500-1.jpg\",\"contentUrl\":\"https:\/\/staging.varesenews.it\/wp-content\/uploads\/2020\/12\/francesco_mazzoleni_colori_500-1.jpg\",\"caption\":\"Francesco Mazzoleni\"},\"description\":\"\\\"Uomo di campo\\\" della redazione sportiva. Nutro una vera passione per il calcio, che sia ad alti livelli, sui campi di provincia o in altri continenti. Sono nato a Varese nel 1984, vivo da sempre a Malnate e ho una laurea in Scienze Motorie. Ho mosso i primi passi a VareseNews da stagista nel 2002; nel 2008 ho iniziato a collaborare con maggiore continuit\u00e0 e dal 2018 sono giornalista professionista. Orgoglioso pap\u00e0 di Federico e Adelaide.\",\"sameAs\":[\"fmazzof\",\"it.linkedin.com\/in\/francescomazzolenif\",\"https:\/\/twitter.com\/fmazzof\"],\"url\":\"https:\/\/staging.varesenews.it\/persona\/francesco_mazzoleniferracini\/\"}]}<\/script>\n<!-- \/ Yoast SEO plugin. -->","yoast_head_json":{"title":"Eccellenza e Promozione, si chiude l'andata","description":"In Eccellenza Verbano e Legnano vogliono tenersi in alto. In Promozione caccia al Busto 81","robots":{"index":"noindex","follow":"follow","max-snippet":"max-snippet:-1","max-image-preview":"max-image-preview:large","max-video-preview":"max-video-preview:-1"},"og_locale":"it_IT","og_type":"article","og_title":"Eccellenza e Promozione, si chiude l'andata","og_description":"In Eccellenza Verbano e Legnano vogliono tenersi in alto. In Promozione caccia al Busto 81","og_url":"https:\/\/staging.varesenews.it\/2015\/12\/eccellenza-e-promozione-si-chiude-landata\/469065\/","og_site_name":"VareseNews","article_publisher":"https:\/\/www.facebook.com\/varesenews","article_published_time":"2015-12-11T14:57:51+00:00","article_modified_time":"2015-12-11T15:26:49+00:00","author":"Francesco Mazzoleni","twitter_card":"summary_large_image","twitter_creator":"@fmazzof","twitter_site":"@varesenews","twitter_misc":{"Scritto da":"Francesco Mazzoleni","Tempo di lettura stimato":"1 minuto"},"schema":{"@context":"https:\/\/schema.org","@graph":[{"@type":"WebPage","@id":"https:\/\/staging.varesenews.it\/2015\/12\/eccellenza-e-promozione-si-chiude-landata\/469065\/","url":"https:\/\/staging.varesenews.it\/2015\/12\/eccellenza-e-promozione-si-chiude-landata\/469065\/","name":"Eccellenza e Promozione, si chiude l'andata","isPartOf":{"@id":"https:\/\/staging.varesenews.it\/#website"},"datePublished":"2015-12-11T14:57:51+00:00","dateModified":"2015-12-11T15:26:49+00:00","author":{"@id":"https:\/\/staging.varesenews.it\/#\/schema\/person\/e82236e79160d30d4e1f942004ac3038"},"description":"In Eccellenza Verbano e Legnano vogliono tenersi in alto. In Promozione caccia al Busto 81","breadcrumb":{"@id":"https:\/\/staging.varesenews.it\/2015\/12\/eccellenza-e-promozione-si-chiude-landata\/469065\/#breadcrumb"},"inLanguage":"it-IT","potentialAction":[{"@type":"ReadAction","target":["https:\/\/staging.varesenews.it\/2015\/12\/eccellenza-e-promozione-si-chiude-landata\/469065\/"]}]},{"@type":"BreadcrumbList","@id":"https:\/\/staging.varesenews.it\/2015\/12\/eccellenza-e-promozione-si-chiude-landata\/469065\/#breadcrumb","itemListElement":[{"@type":"ListItem","position":1,"name":"Home","item":"https:\/\/www.varesenews.it\/"},{"@type":"ListItem","position":2,"name":"Eccellenza e Promozione, si chiude l&#8217;andata"}]},{"@type":"WebSite","@id":"https:\/\/staging.varesenews.it\/#website","url":"https:\/\/staging.varesenews.it\/","name":"VareseNews","description":"","potentialAction":[{"@type":"SearchAction","target":{"@type":"EntryPoint","urlTemplate":"https:\/\/staging.varesenews.it\/?s={search_term_string}"},"query-input":"required name=search_term_string"}],"inLanguage":"it-IT"},{"@type":"Person","@id":"https:\/\/staging.varesenews.it\/#\/schema\/person\/e82236e79160d30d4e1f942004ac3038","name":"Francesco Mazzoleni","image":{"@type":"ImageObject","inLanguage":"it-IT","@id":"https:\/\/staging.varesenews.it\/#\/schema\/person\/image\/","url":"https:\/\/staging.varesenews.it\/wp-content\/uploads\/2020\/12\/francesco_mazzoleni_colori_500-1.jpg","contentUrl":"https:\/\/staging.varesenews.it\/wp-content\/uploads\/2020\/12\/francesco_mazzoleni_colori_500-1.jpg","caption":"Francesco Mazzoleni"},"description":"\"Uomo di campo\" della redazione sportiva. Nutro una vera passione per il calcio, che sia ad alti livelli, sui campi di provincia o in altri continenti. Sono nato a Varese nel 1984, vivo da sempre a Malnate e ho una laurea in Scienze Motorie. Ho mosso i primi passi a VareseNews da stagista nel 2002; nel 2008 ho iniziato a collaborare con maggiore continuit\u00e0 e dal 2018 sono giornalista professionista. Orgoglioso pap\u00e0 di Federico e Adelaide.","sameAs":["fmazzof","it.linkedin.com\/in\/francescomazzolenif","https:\/\/twitter.com\/fmazzof"],"url":"https:\/\/staging.varesenews.it\/persona\/francesco_mazzoleniferracini\/"}]}},"post_meta":{"_edit_lock":"1449850698:37","_edit_last":"37","_category_permalink":"14","ratings_users":"0","ratings_score":"0","ratings_average":"0","wdfb_og_title":"","wdfb_og_type":"","wdfb_og_description":"","wdfb_og_images":"a:1:{i:0;s:0:\"\";}","wdfb_og_custom_name":"a:1:{i:0;s:0:\"\";}","wdfb_og_custom_value":"a:1:{i:0;s:0:\"\";}","foto":"500793","argomento":"Calcio - Dilettanti","_yoast_wpseo_focuskw":"eccellenza","_jd_twitter":"","_jd_tweet_this":"yes","_wpt_short_url":"http:\/\/www.varesenews.it\/2015\/12\/eccellenza-e-promozine-si-chiude-landata\/469065\/","_wp_jd_target":"http:\/\/www.varesenews.it\/2015\/12\/eccellenza-e-promozine-si-chiude-landata\/469065\/","_jd_wp_twitter":"a:1:{i:0;s:156:\"Eccellenza e Promozine, si chiude l'andata http:\/\/www.varesenews.it\/2015\/12\/eccellenza-e-promozine-si-chiude-landata\/469065\/ #calcio #eccellenza #FbcSaronno\";}","_wpt_status_message":"Tweet inviato con successo.","_yoast_wpseo_linkdex":"70","_wp_old_slug":"eccellenza-e-promozine-si-chiude-landata"},"photos":[{"original":"https:\/\/staging.varesenews.it\/photogallery_new\/images\/2015\/12\/fbc-saronno-500793.jpg","full":"https:\/\/staging.varesenews.it\/photogallery_new\/images\/2015\/12\/fbc-saronno-500793.1024x768.jpg","large":"https:\/\/staging.varesenews.it\/photogallery_new\/images\/2015\/12\/fbc-saronno-500793.610x431.jpg"}],"_links":{"self":[{"href":"https:\/\/staging.varesenews.it\/swgapi\/v1\/wp\/v2\/posts\/469065"}],"collection":[{"href":"https:\/\/staging.varesenews.it\/swgapi\/v1\/wp\/v2\/posts"}],"about":[{"href":"https:\/\/staging.varesenews.it\/swgapi\/v1\/wp\/v2\/types\/post"}],"author":[{"embeddable":true,"href":"https:\/\/staging.varesenews.it\/swgapi\/v1\/wp\/v2\/users\/37"}],"replies":[{"embeddable":true,"href":"https:\/\/staging.varesenews.it\/swgapi\/v1\/wp\/v2\/comments?post=469065"}],"version-history":[{"count":0,"href":"https:\/\/staging.varesenews.it\/swgapi\/v1\/wp\/v2\/posts\/469065\/revisions"}],"wp:attachment":[{"href":"https:\/\/staging.varesenews.it\/swgapi\/v1\/wp\/v2\/media?parent=469065"}],"wp:term":[{"taxonomy":"category","embeddable":true,"href":"https:\/\/staging.varesenews.it\/swgapi\/v1\/wp\/v2\/categories?post=469065"},{"taxonomy":"post_tag","embeddable":true,"href":"https:\/\/staging.varesenews.it\/swgapi\/v1\/wp\/v2\/tags?post=469065"}],"curies":[{"name":"wp","href":"https:\/\/api.w.org\/{rel}","templated":true}]}}