{"id":469762,"date":"2015-12-14T18:45:06","date_gmt":"2015-12-14T17:45:06","guid":{"rendered":"http:\/\/www.varesenews.it\/?p=469762"},"modified":"2015-12-14T18:45:06","modified_gmt":"2015-12-14T17:45:06","slug":"bilancio-gallarate-anticipa-il-2016","status":"publish","type":"post","link":"https:\/\/staging.varesenews.it\/2015\/12\/bilancio-gallarate-anticipa-il-2016\/469762\/","title":{"rendered":"Bilancio, Gallarate &#8220;anticipa&#8221; il 2016"},"content":{"rendered":"<p>Con le incertezze dei governi di Roma (Monti prima, poi Letta, infine Renzi) gli ultimi anni sono stati da incubo per chi doveva preparare i bilanci dei Comuni, che dipendono in buona parte dai trasferimenti da Roma e dalle regole sulle nuove imposte &#8220;alternative&#8221; alla vecchia Ici, come Imu e Tasi. I bilanci di previsione votati a fine anno (o almeno in autunno) sono diventati quasi la norma. Fa eccezione quest&#8217;anno<strong> il Comune di Gallarate, che ha deciso di giocare d&#8217;anticipo: bilancio di previsione 2016 votato il 9 dicembre 2015.<\/strong> Nonostante rimanga l&#8217;incertezza delle mosse che si faranno a Roma, a partire dalle scelte sulla Tasi.<\/p>\n<p>(foto d&#8217;archivio)<\/p>\n<p>\u00abLa situazione normativa 2014 \u00e8 uguale a oggi\u00bb ha esordito l&#8217;assessore al bilancio<strong> Alberto Lovazzano<\/strong>.<strong> \u00abLa Tasi rimane stabile, al 2 per mille dell&#8217;imponibile\u00bb<\/strong>. E <strong>se a Roma il governo decidesse di\u00a0 eliminare la Tasi?<\/strong> L&#8217;ipotesi \u00e8 credibile (magari alla vigilia delle elezioni amministrative su cui Renzi si gioca molto) e Lovazzano mette le mani avanti: \u00abSe ci\u00f2 avvenisse dovremo fare <strong>una variazione di bilancio che recepir\u00e0 la sostituzione da trasferimenti statali<\/strong>\u00bb. L&#8217;ipotesi lascia qualche margine d&#8217;incertezza, perch\u00e9 non \u00e8 detto che le eventuali risorse statali siano del tutto sostitutive. Lontano da ogni imbarazzo verso il centrosinistra al potere a Roma, il dubbio l&#8217;ha espresso il consigliere di maggioranza Praderio (Citt\u00e0 \u00e8 Vita). \u00abNon vorrei questo meccanismo della Tasi dallo Stato non offra nuovo metodo per sottrarre risorse\u00bb.<\/p>\n<p><strong>La scelta di anticipare il previsionale non \u00e8 piaciuta alle opposizioni<\/strong>: il capogruppo della Lega Nord <strong>Paolo Bonicalzi<\/strong> ha condannato \u00abla fretta per discutere il bilancio, di fronte a troppe novit\u00e0 e incertezze, quando la scadenza era il 31-3-2016\u00bb. La Lega ha accusato il centrosinistra di aver <strong>giocato d&#8217;anticipo per \u00abdare una verniciata all&#8217;ultimo<\/strong>, per far dimenticare 4 anni inutili ai cittadinanza\u00bb. Critica anche Forza Italia sulla conferma &#8220;anticipata&#8221;, in particolare della previsione della\u00a0 Tasi: \u00abLa Tasi \u00e8 insertita lo stesso in bilancio: ci preoccupa l&#8217;intenzione del governo, un film gi\u00e0 visto\u00bb ha attaccato il capogruppo forzista<strong> Massimo Bossi<\/strong>, criticando anche l&#8217;esecutivo di Renzi.<\/p>\n<p>Nella breve presentazione prima della discussione l&#8217;assessore Lovazzano ha parlato di \u00abun bilancio di fine legislatura, che segue le tracce dell&#8217;ultimo assestamento\u00bb. \u00abNon \u00e8 un bilancio elettorale, a differenza di altri che vediamo, a destra e sinistra, in altre realt\u00e0\u00bb ha aggiunto poi il consigliere di Citt\u00e0 \u00e8 Vita Praderio. Oltre al nodo-Tasi, Lovazzano ha sottolineato <strong>due punti in particolare, sul capitolo degli investimenti<\/strong>: \u00abun bilancio che evidenzia la coda degli investimenti, in particolare <strong>l&#8217;intervento sull&#8217;edificio di via Bottini<\/strong> e il <a title=\"Trecentomila euro per il bilancio partecipato. E le proposte le faranno i cittadini\" href=\"http:\/\/www.varesenews.it\/2015\/10\/trecentomila-euro-per-il-bilancio-partecipato-e-le-proposte-le-faranno-i-cittadini\/409158\/\">bilancio partecipato \u00abcon 150mila euro di investimenti e 150mila per gestione corrente\u00bb<\/a>.<\/p>\n<p><strong>Dalle file dell&#8217;opposizione<\/strong> (con qualche distinguo da Donato Lozito) \u00e8 arrivata<strong> una bocciatura completa<\/strong>, ed \u00e8 comprensibile, considerando che il bilancio \u00e8 un po&#8217; la sintesi delle scelte politiche che un&#8217;amministrazione fa. Per Fratelli d&#8217;Italia Giuseppe De Bernardi Martignoni ha detto che \u00abmanca visione complessiva\u00bb e che si \u00e8 limitati \u00aba governare la quotidianit\u00e0, riducendo i servizi\u00bb. \u00abuna Titanic amministrativa\u00bb. Quando Martignoni ha detto che \u00abGallarate continua ad aumentare le tasse, le pi\u00f9 alte della provincia\u00bb, ha provocato la reazione della maggioranza, che ha controbattuto facendo notare che su alcune voci chiave (ad esempio la Tasi) Gallarate ha tassazione inferiore al capoluogo Varese.<\/p>\n<p>\u00abPartiamo dal punto certo che avete raccontato balle per cinque anni fin dalla campagna elettorale\u00bb ha contrattaccato Massimo Bossi. \u00abIndipendentemente da Varese, tasse tolgono risorse a chi lavora. I servizi sono peggiorati, \u00e8 sotto l&#8217;occhio di tutti\u00bb. <strong>Germano Dall&#8217;Igna<\/strong>, capogruppo forzista, ha detto che<strong> la giunta Guenzani ha \u00abtrovato scuse per ridurre le tasse, di anno in anno\u00bb e<\/strong> che non sono stati attivati nuovi servizi, \u00absolo trovate elettorali\u00bb. La Lega ha criticato anche \u00abla scarsit\u00e0 di risorse destinate alla sicurezza, nonostante l&#8217;emergenza in citt\u00e0\u00bb e ha detto che vengono date troppe \u00abrisorse agli extracomunitari\u00bb.<\/p>\n<p><strong>Donato Lozito (Ncd)<\/strong> ha detto che la maggioranza si \u00e8 <strong>concentrata solo \u00absull&#8217;azione di rimessa in ordine dei conti\u00bb<\/strong> e non ha prestato attenzione alle politiche di sviluppo della citt\u00e0, \u00abche \u00e8 compressa in se stessa\u00bb. Molte critiche sono arrivate dall&#8217;opposizione su una scelta che stava nei bilanci del passato, ma che \u00e8 <strong>fondamentale anche nel bilancio del 2016: la vendita di Commerciale Gas.<\/strong> Ad esempio su 2,2 per la nuova sede della biblioteca in via Bottini (recupero dell&#8217;edificio abbandonato delle ex scuole), ben 1,6 derivano dalle risorse derivanti dalla cessione di Commerciale Gas. Se n&#8217;\u00e8 discusso molto nel 2013-2014 e i fronti sono sempre gli stessi: secondo tutta l&#8217;opposizione \u00e8 stato un passo sbagliato, che ha privato di una societ\u00e0 che negli ultimi anni era tornata a generare utili; secondo la maggioranza una operazione con un ottimo incasso, necessaria, giustificata dal mercato che stava diminuendo gli spazi delle societ\u00e0 pi\u00f9 piccole. Al di l\u00e0 di Commerciale Gas, il centrosinistra ha difeso l&#8217;opera fatta sui conti anche per la riduzione dell&#8217;indebitamento, \u00abchee significa liberare risorse per investimenti\u00bb, come ha ricordato Dario Terreni (Pd).<\/p>\n<p>Sul fronte del centrosinistra, si \u00e8 ribadito che gli investimenti sono attenti alle necessit\u00e0 reali, a partire da quelli sulle scuole attuati nehgli ultimi anni. \u00ab<strong>Un bilancio intellettualmente onesto e molto concreto<\/strong>: caratterizzato non dalla mancanza di visione, ma di atteggiamenti visionari\u00bb, ha sintetizzato <strong>Ivano Ventimiglia<\/strong> (capogruppo Pd). Unico distinguo, quello di <strong>Antonino Sorbara<\/strong> sul progetto &#8220;portante&#8221; per il 2016, quello delle ex scuole di via Bottini, abbandonate da anni: \u00abRispetto alla nuova biblioteca avrei usato le risorse per cose pi\u00f9 urgenti, ma mi adeguo\u00bb.<\/p>\n<p><strong>Il consiglio comunale ha anche respinto tre emendamenti proposti dalla Lega Nord<\/strong>, unica forza d&#8217;opposizione che ha presentato proposte di modifica. Il carroccio ha prima chiesto di togliere risorse al capitolo di spesa destinato a politiche per &#8220;persone a rischio non inclusione&#8221;, per invece rivolgerli \u00abad anziani e minori\u00bb. La maggioranza ha respinto dicendo che il capitolo &#8220;persone a rischio di non inclusione&#8221; riguarda proprio progetti per fasce deboli. \u00abPensavate di colpire gli stranieri &#8211; ha accusato il capogruppo Pd Ventimiglia &#8211; invece colpite i bisogni essenziali di chi necessita di aiuto\u00bb. L&#8217;emendamento \u00e8 stato respinto (astenuti Fratelli d&#8217;Italia e Forza Italia) e Bonicalzi ha ribattuto dicendo che la maggioranza nega interventi per dare \u00abpriorit\u00e0 agli italiani\u00bb.<\/p>\n<p>Il secondo emendamento leghista chiedeva di togliere 300mila euro dal capitolo per la cultura e metterle nel capitolo &#8220;Polizia locale e amministrativa&#8221;, una proposta di politica securitaria. Anche qui la maggioranza si \u00e8 opposta (\u00abcon un taglio del genere, il Maga chiuderebbe\u00bb) e la proposta ha raccolto poco seguito nell&#8217;opposizione (Fratelli d&#8217;Italia si \u00e8 astenuta) . Bonicalzi ha ribattuto: \u00absiete talmente impegnati a chiudere AMSC, che dite che noi vogliamo chiudere il Maga. Usate talmente tanto parola chiudere che ora la mettete in bocca a tutti. Il Maga \u00e8 bella realt\u00e0, ma Maga deve stare in piedi con propri introiti\u00bb. Anche questa proposta leghista non ha ricompattato l&#8217;opposizione, Fratelli d&#8217;Italia e Forza Italia si sono astenuti: \u00abForza Italia si astiene su questo emendamento in quanto questa amministrazione ipocrita e falsa, che in cinque anni ha tagliato a pi\u00f9 riprese i trasferimenti al Maga, oggi si fa paladina della cultura a Gallarate e peggio ancora dei dipendenti del nostro museo\u00bb ha spiegato il capogruppo Germano Dall&#8217;Igna.<\/p>\n","protected":false},"excerpt":{"rendered":"<p>Il bilancio di previsione \u00e8 stato approvato il 9 dicembre, confermando la Tasi in attesa di decisioni del governo. Tra gli investimenti il recupero delle scuole di via Bottini e il bilancio partecipato. Aspra discussione sulla Tasi e sul futuro di Amsc<\/p>\n","protected":false},"author":46,"featured_media":0,"comment_status":"open","ping_status":"open","sticky":false,"template":"","format":"standard","meta":{"footnotes":""},"categories":[3],"tags":[522,8973,286,41324,270,275,781],"acf":[],"yoast_head":"<!-- This site is optimized with the Yoast SEO plugin v20.1 - https:\/\/yoast.com\/wordpress\/plugins\/seo\/ -->\n<title>Bilancio, Gallarate &quot;anticipa&quot; il 2016<\/title>\n<meta name=\"description\" content=\"Il bilancio di previsione \u00e8 stato approvato il 9 dicembre, confermando la Tasi in attesa di decisioni del governo. Tra gli investimenti il recupero delle scuole di via Bottini e il bilancio partecipato. Aspra discussione sulla Tasi e sul futuro di Amsc\" \/>\n<meta name=\"robots\" content=\"noindex, follow, max-snippet:-1, max-image-preview:large, max-video-preview:-1\" \/>\n<meta property=\"og:locale\" content=\"it_IT\" \/>\n<meta property=\"og:type\" content=\"article\" \/>\n<meta property=\"og:title\" content=\"Bilancio, Gallarate &quot;anticipa&quot; il 2016\" \/>\n<meta property=\"og:description\" content=\"Il bilancio di previsione \u00e8 stato approvato il 9 dicembre, confermando la Tasi in attesa di decisioni del governo. Tra gli investimenti il recupero delle scuole di via Bottini e il bilancio partecipato. Aspra discussione sulla Tasi e sul futuro di Amsc\" \/>\n<meta property=\"og:url\" content=\"https:\/\/staging.varesenews.it\/2015\/12\/bilancio-gallarate-anticipa-il-2016\/469762\/\" \/>\n<meta property=\"og:site_name\" content=\"VareseNews\" \/>\n<meta property=\"article:publisher\" content=\"https:\/\/www.facebook.com\/varesenews\" \/>\n<meta property=\"article:published_time\" content=\"2015-12-14T17:45:06+00:00\" \/>\n<meta name=\"author\" content=\"Roberto Morandi\" \/>\n<meta name=\"twitter:card\" content=\"summary_large_image\" \/>\n<meta name=\"twitter:creator\" content=\"@ilmorands\" \/>\n<meta name=\"twitter:site\" content=\"@varesenews\" \/>\n<meta name=\"twitter:label1\" content=\"Scritto da\" \/>\n\t<meta name=\"twitter:data1\" content=\"Roberto Morandi\" \/>\n\t<meta name=\"twitter:label2\" content=\"Tempo di lettura stimato\" \/>\n\t<meta name=\"twitter:data2\" content=\"6 minuti\" \/>\n<script type=\"application\/ld+json\" class=\"yoast-schema-graph\">{\"@context\":\"https:\/\/schema.org\",\"@graph\":[{\"@type\":\"WebPage\",\"@id\":\"https:\/\/staging.varesenews.it\/2015\/12\/bilancio-gallarate-anticipa-il-2016\/469762\/\",\"url\":\"https:\/\/staging.varesenews.it\/2015\/12\/bilancio-gallarate-anticipa-il-2016\/469762\/\",\"name\":\"Bilancio, Gallarate \\\"anticipa\\\" il 2016\",\"isPartOf\":{\"@id\":\"https:\/\/staging.varesenews.it\/#website\"},\"datePublished\":\"2015-12-14T17:45:06+00:00\",\"dateModified\":\"2015-12-14T17:45:06+00:00\",\"author\":{\"@id\":\"https:\/\/staging.varesenews.it\/#\/schema\/person\/efe592ae4c76536b551f89d8b6674bc3\"},\"description\":\"Il bilancio di previsione \u00e8 stato approvato il 9 dicembre, confermando la Tasi in attesa di decisioni del governo. Tra gli investimenti il recupero delle scuole di via Bottini e il bilancio partecipato. Aspra discussione sulla Tasi e sul futuro di Amsc\",\"breadcrumb\":{\"@id\":\"https:\/\/staging.varesenews.it\/2015\/12\/bilancio-gallarate-anticipa-il-2016\/469762\/#breadcrumb\"},\"inLanguage\":\"it-IT\",\"potentialAction\":[{\"@type\":\"ReadAction\",\"target\":[\"https:\/\/staging.varesenews.it\/2015\/12\/bilancio-gallarate-anticipa-il-2016\/469762\/\"]}]},{\"@type\":\"BreadcrumbList\",\"@id\":\"https:\/\/staging.varesenews.it\/2015\/12\/bilancio-gallarate-anticipa-il-2016\/469762\/#breadcrumb\",\"itemListElement\":[{\"@type\":\"ListItem\",\"position\":1,\"name\":\"Home\",\"item\":\"https:\/\/www.varesenews.it\/\"},{\"@type\":\"ListItem\",\"position\":2,\"name\":\"Bilancio, Gallarate &#8220;anticipa&#8221; il 2016\"}]},{\"@type\":\"WebSite\",\"@id\":\"https:\/\/staging.varesenews.it\/#website\",\"url\":\"https:\/\/staging.varesenews.it\/\",\"name\":\"VareseNews\",\"description\":\"\",\"potentialAction\":[{\"@type\":\"SearchAction\",\"target\":{\"@type\":\"EntryPoint\",\"urlTemplate\":\"https:\/\/staging.varesenews.it\/?s={search_term_string}\"},\"query-input\":\"required name=search_term_string\"}],\"inLanguage\":\"it-IT\"},{\"@type\":\"Person\",\"@id\":\"https:\/\/staging.varesenews.it\/#\/schema\/person\/efe592ae4c76536b551f89d8b6674bc3\",\"name\":\"Roberto Morandi\",\"image\":{\"@type\":\"ImageObject\",\"inLanguage\":\"it-IT\",\"@id\":\"https:\/\/staging.varesenews.it\/#\/schema\/person\/image\/\",\"url\":\"https:\/\/staging.varesenews.it\/wp-content\/uploads\/2020\/12\/roberto_morandi_colori_500.jpg\",\"contentUrl\":\"https:\/\/staging.varesenews.it\/wp-content\/uploads\/2020\/12\/roberto_morandi_colori_500.jpg\",\"caption\":\"Roberto Morandi\"},\"description\":\"Classe 1980, laureato in storia, mi occupo dell&rsquo;area di Gallarate e di Malpensa, di trasporti e mobilit&agrave;. Amo molto la dimensione della citt&agrave;, come luogo d&rsquo;incontro di persone diverse e come organismo che si trasforma costantemente. Mi piace anche raccontare le piccole e grandi vicende, anche locali, che compongono la Storia con la S maiuscola. Appassionato di bicicletta: la macchina perfetta per muoversi in citt&agrave; e per viaggiare.\",\"sameAs\":[\"https:\/\/twitter.com\/ilmorands\"],\"url\":\"https:\/\/staging.varesenews.it\/persona\/roberto-morandi1\/\"}]}<\/script>\n<!-- \/ Yoast SEO plugin. -->","yoast_head_json":{"title":"Bilancio, Gallarate \"anticipa\" il 2016","description":"Il bilancio di previsione \u00e8 stato approvato il 9 dicembre, confermando la Tasi in attesa di decisioni del governo. Tra gli investimenti il recupero delle scuole di via Bottini e il bilancio partecipato. Aspra discussione sulla Tasi e sul futuro di Amsc","robots":{"index":"noindex","follow":"follow","max-snippet":"max-snippet:-1","max-image-preview":"max-image-preview:large","max-video-preview":"max-video-preview:-1"},"og_locale":"it_IT","og_type":"article","og_title":"Bilancio, Gallarate \"anticipa\" il 2016","og_description":"Il bilancio di previsione \u00e8 stato approvato il 9 dicembre, confermando la Tasi in attesa di decisioni del governo. Tra gli investimenti il recupero delle scuole di via Bottini e il bilancio partecipato. Aspra discussione sulla Tasi e sul futuro di Amsc","og_url":"https:\/\/staging.varesenews.it\/2015\/12\/bilancio-gallarate-anticipa-il-2016\/469762\/","og_site_name":"VareseNews","article_publisher":"https:\/\/www.facebook.com\/varesenews","article_published_time":"2015-12-14T17:45:06+00:00","author":"Roberto Morandi","twitter_card":"summary_large_image","twitter_creator":"@ilmorands","twitter_site":"@varesenews","twitter_misc":{"Scritto da":"Roberto Morandi","Tempo di lettura stimato":"6 minuti"},"schema":{"@context":"https:\/\/schema.org","@graph":[{"@type":"WebPage","@id":"https:\/\/staging.varesenews.it\/2015\/12\/bilancio-gallarate-anticipa-il-2016\/469762\/","url":"https:\/\/staging.varesenews.it\/2015\/12\/bilancio-gallarate-anticipa-il-2016\/469762\/","name":"Bilancio, Gallarate \"anticipa\" il 2016","isPartOf":{"@id":"https:\/\/staging.varesenews.it\/#website"},"datePublished":"2015-12-14T17:45:06+00:00","dateModified":"2015-12-14T17:45:06+00:00","author":{"@id":"https:\/\/staging.varesenews.it\/#\/schema\/person\/efe592ae4c76536b551f89d8b6674bc3"},"description":"Il bilancio di previsione \u00e8 stato approvato il 9 dicembre, confermando la Tasi in attesa di decisioni del governo. Tra gli investimenti il recupero delle scuole di via Bottini e il bilancio partecipato. Aspra discussione sulla Tasi e sul futuro di Amsc","breadcrumb":{"@id":"https:\/\/staging.varesenews.it\/2015\/12\/bilancio-gallarate-anticipa-il-2016\/469762\/#breadcrumb"},"inLanguage":"it-IT","potentialAction":[{"@type":"ReadAction","target":["https:\/\/staging.varesenews.it\/2015\/12\/bilancio-gallarate-anticipa-il-2016\/469762\/"]}]},{"@type":"BreadcrumbList","@id":"https:\/\/staging.varesenews.it\/2015\/12\/bilancio-gallarate-anticipa-il-2016\/469762\/#breadcrumb","itemListElement":[{"@type":"ListItem","position":1,"name":"Home","item":"https:\/\/www.varesenews.it\/"},{"@type":"ListItem","position":2,"name":"Bilancio, Gallarate &#8220;anticipa&#8221; il 2016"}]},{"@type":"WebSite","@id":"https:\/\/staging.varesenews.it\/#website","url":"https:\/\/staging.varesenews.it\/","name":"VareseNews","description":"","potentialAction":[{"@type":"SearchAction","target":{"@type":"EntryPoint","urlTemplate":"https:\/\/staging.varesenews.it\/?s={search_term_string}"},"query-input":"required name=search_term_string"}],"inLanguage":"it-IT"},{"@type":"Person","@id":"https:\/\/staging.varesenews.it\/#\/schema\/person\/efe592ae4c76536b551f89d8b6674bc3","name":"Roberto Morandi","image":{"@type":"ImageObject","inLanguage":"it-IT","@id":"https:\/\/staging.varesenews.it\/#\/schema\/person\/image\/","url":"https:\/\/staging.varesenews.it\/wp-content\/uploads\/2020\/12\/roberto_morandi_colori_500.jpg","contentUrl":"https:\/\/staging.varesenews.it\/wp-content\/uploads\/2020\/12\/roberto_morandi_colori_500.jpg","caption":"Roberto Morandi"},"description":"Classe 1980, laureato in storia, mi occupo dell&rsquo;area di Gallarate e di Malpensa, di trasporti e mobilit&agrave;. Amo molto la dimensione della citt&agrave;, come luogo d&rsquo;incontro di persone diverse e come organismo che si trasforma costantemente. Mi piace anche raccontare le piccole e grandi vicende, anche locali, che compongono la Storia con la S maiuscola. Appassionato di bicicletta: la macchina perfetta per muoversi in citt&agrave; e per viaggiare.","sameAs":["https:\/\/twitter.com\/ilmorands"],"url":"https:\/\/staging.varesenews.it\/persona\/roberto-morandi1\/"}]}},"post_meta":{"_edit_lock":"1450126777:46","_edit_last":"46","_category_permalink":"3","ratings_users":"0","ratings_score":"0","ratings_average":"0","wdfb_og_title":"","wdfb_og_type":"","wdfb_og_description":"","wdfb_og_images":"a:1:{i:0;s:0:\"\";}","wdfb_og_custom_name":"a:1:{i:0;s:0:\"\";}","wdfb_og_custom_value":"a:1:{i:0;s:0:\"\";}","foto":"458219","argomento":"Gallarate","_jd_twitter":"","_jd_tweet_this":"yes","_wpt_short_url":"http:\/\/www.varesenews.it\/2015\/12\/bilancio-gallarate-anticipa-il-2016\/469762\/","_wp_jd_target":"http:\/\/www.varesenews.it\/2015\/12\/bilancio-gallarate-anticipa-il-2016\/469762\/","_jd_wp_twitter":"a:1:{i:0;s:152:\"Bilancio, Gallarate \"anticipa\" il 2016 http:\/\/www.varesenews.it\/2015\/12\/bilancio-gallarate-anticipa-il-2016\/469762\/ #bilancio #citt\u00e0\u00e8vita #forzaitalia\";}","_wpt_status_message":"Tweet inviato con successo."},"photos":[{"original":"https:\/\/staging.varesenews.it\/photogallery_new\/images\/2015\/06\/consiglio-comunale-gallarate-2015-458219.jpg","full":"https:\/\/staging.varesenews.it\/photogallery_new\/images\/2015\/06\/consiglio-comunale-gallarate-2015-458219.1024x768.jpg","large":"https:\/\/staging.varesenews.it\/photogallery_new\/images\/2015\/06\/consiglio-comunale-gallarate-2015-458219.610x431.jpg"}],"_links":{"self":[{"href":"https:\/\/staging.varesenews.it\/swgapi\/v1\/wp\/v2\/posts\/469762"}],"collection":[{"href":"https:\/\/staging.varesenews.it\/swgapi\/v1\/wp\/v2\/posts"}],"about":[{"href":"https:\/\/staging.varesenews.it\/swgapi\/v1\/wp\/v2\/types\/post"}],"author":[{"embeddable":true,"href":"https:\/\/staging.varesenews.it\/swgapi\/v1\/wp\/v2\/users\/46"}],"replies":[{"embeddable":true,"href":"https:\/\/staging.varesenews.it\/swgapi\/v1\/wp\/v2\/comments?post=469762"}],"version-history":[{"count":0,"href":"https:\/\/staging.varesenews.it\/swgapi\/v1\/wp\/v2\/posts\/469762\/revisions"}],"wp:attachment":[{"href":"https:\/\/staging.varesenews.it\/swgapi\/v1\/wp\/v2\/media?parent=469762"}],"wp:term":[{"taxonomy":"category","embeddable":true,"href":"https:\/\/staging.varesenews.it\/swgapi\/v1\/wp\/v2\/categories?post=469762"},{"taxonomy":"post_tag","embeddable":true,"href":"https:\/\/staging.varesenews.it\/swgapi\/v1\/wp\/v2\/tags?post=469762"}],"curies":[{"name":"wp","href":"https:\/\/api.w.org\/{rel}","templated":true}]}}