{"id":471331,"date":"2015-12-19T17:45:21","date_gmt":"2015-12-19T16:45:21","guid":{"rendered":"http:\/\/www.varesenews.it\/?p=471331"},"modified":"2015-12-19T17:46:03","modified_gmt":"2015-12-19T16:46:03","slug":"il-weekend-pre-natalizio-e-piu-festoso-che-mai","status":"publish","type":"post","link":"https:\/\/staging.varesenews.it\/2015\/12\/il-weekend-pre-natalizio-e-piu-festoso-che-mai\/471331\/","title":{"rendered":"Il weekend pre-natalizio \u00e8 pi\u00f9 festoso che mai"},"content":{"rendered":"<p>\u00abGrande serata, quella del concerto di <strong>The Gospel Times<\/strong> &#8211; commenta il Sindaco <strong>Andrea Pellicini<\/strong> &#8211; non solo per lo spettacolo molto bello, ma anche per il messaggio di pace e di speranza che gli artisti hanno voluto lasciarci. La cultura si conferma veicolo formidabile per la divulgazione di valori positivi. Oggi pi\u00f9 che mai ne abbiamo bisogno\u00bb.<\/p>\n<p>The Gospel Times, organizzato dalla Citt\u00e0 di Luino con il patrocinio di Comunit\u00e0 Montana Valli del Verbano, in collaborazione con il festival Jazz in Maggiore, ha donato al pubblico una serata di grande, intensa, gioia.<\/p>\n<p>Profonda la commozione con i brani piu&#8217; intensi del repertorio sacro afroamericano, come &#8220;Motherless child&#8221; e &#8220;Amazing Grace&#8221;, con ritmo ed energia per gli immancabili &#8220;Oh Happy Day&#8221; e &#8220;When the saints go marchin&#8217;in&#8221;, un&#8217;originalissima interpretazione di &#8220;Stand by me&#8221;. Insomma, hanno dato molto i Gospel Times, i quattro eccezionali cantanti con il loro back ground blues, jazz e soul, che si e&#8217; fatto sentire in molti brani, e i tre strumentisti che hanno regalato assoli indimenticabili restando sempre fedeli alle atmosfere del Gospel.<\/p>\n<p>La leader Joyce Yuille, si \u00e8 rivelata, infatti, una grande interprete e intrattenitrice, che ha saputo creare da subito un contatto con il pubblico che e&#8217; andato crescendo durante tutto il concerto.<\/p>\n<p>Grande soddisfazione anche del Presidente di Comunit\u00e0 Montana Valli del Verbano Giorgio Piccolo, che ha molto \u00abapprezzato il Gospel quale veicolo di un pensiero pregnante di spiritualit\u00e0 e di trascendenza. Questo sar\u00e0 il primo di una serie di iniziative pre-natalizie a cadenza annuale itineranti\u00bb.<\/p>\n<p>\u00abE&#8217; stato davvero emozionante vedere tutto un teatro partecipare e ballare &#8211; commenta anche il Vice Sindaco Alessandro Casali &#8211; Sono veramente felice per i tanti messaggi di ringraziamento ricevuti. dimostrazione che l\u00e0 squadra sta lavorando davvero bene. Come direbbe Joyce Yuille, good job!Ora proseguiamo con l&#8217;esibizione dell&#8217;Ice Sport Varese che si esibir\u00e0 con passione per i nostri bimbi nello spettacolare scenario della pista di pattinaggio\u00bb.<\/p>\n<p>\u00abLe iniziative pre natalizie prevedono domani un pomeriggio domenicale coinvolgente &#8211; continua la Consigliera Laura Frulli &#8211; <strong>La pista di ghiaccio di piazza Libert\u00e0 ospiter\u00e0 dalle 14.30 alle 15.30 un intrattenimento speciale.<\/strong> Auspico che gli eventi natalizi rendano sempre pi\u00f9 frizzanti queste feste e che la gioia dei bimbi contagi il pubblico pi\u00f9 adulto\u00bb.<\/p>\n<p>Domani, infatti, sia i<strong>l pattinaggio di Ice Sport Varese<\/strong> che le rappresentanze della squadra di hockey Killer Bees animeranno piazza Libert\u00e0. \u00abDopo l&#8217;entusiasmante serata Gospel, Luino attende domani pomeriggio <strong>i Killer Bees,<\/strong> &#8211; commenta Simona Ronchi &#8211; Amo questo sport da quando ero ragazza e sono davvero felice che i nostri bambini domani possano incontrare i giocatori di questa squadra\u00bb.<\/p>\n<p><strong>La domenica sar\u00e0 pi\u00f9 festosa che mai,<\/strong> con intrattenimento in Citt\u00e0 organizzato anche dalla Pro Loco in piazza Libert\u00e0 con <strong>Babbo Natale<\/strong> e al Parco Ferrini. La Pro Loco propone una <strong>gimcana natalizia con bicicletta<\/strong> e una fantastica <strong>caccia al tesoro<\/strong> oltre a tanto altro ancora. Il Parco Ferrini accoglier\u00e0 tutti i piccini attorno alla sua giostra con tante iniziative giocose.<\/p>\n","protected":false},"excerpt":{"rendered":"<p>Grande successo per il concerto gospel mentre la domenica sar\u00e0 caratterizzata dalle esibizioni di Ice Sport Varese e dai Killer Bees<\/p>\n","protected":false},"author":47,"featured_media":0,"comment_status":"open","ping_status":"open","sticky":false,"template":"","format":"standard","meta":{"footnotes":""},"categories":[1,21,2],"tags":[413,158],"acf":[],"yoast_head":"<!-- This site is optimized with the Yoast SEO plugin v20.1 - https:\/\/yoast.com\/wordpress\/plugins\/seo\/ -->\n<title>Il weekend pre-natalizio \u00e8 pi\u00f9 festoso che mai<\/title>\n<meta name=\"description\" content=\"Grande successo per il concerto gospel mentre la domenica sar\u00e0 caratterizzata dalle esibizioni di Ice Sport Varese e dai Killer Bees\" \/>\n<meta name=\"robots\" content=\"noindex, follow, max-snippet:-1, max-image-preview:large, max-video-preview:-1\" \/>\n<meta property=\"og:locale\" content=\"it_IT\" \/>\n<meta property=\"og:type\" content=\"article\" \/>\n<meta property=\"og:title\" content=\"Il weekend pre-natalizio \u00e8 pi\u00f9 festoso che mai\" \/>\n<meta property=\"og:description\" content=\"Grande successo per il concerto gospel mentre la domenica sar\u00e0 caratterizzata dalle esibizioni di Ice Sport Varese e dai Killer Bees\" \/>\n<meta property=\"og:url\" content=\"https:\/\/staging.varesenews.it\/2015\/12\/il-weekend-pre-natalizio-e-piu-festoso-che-mai\/471331\/\" \/>\n<meta property=\"og:site_name\" content=\"VareseNews\" \/>\n<meta property=\"article:publisher\" content=\"https:\/\/www.facebook.com\/varesenews\" \/>\n<meta property=\"article:published_time\" content=\"2015-12-19T16:45:21+00:00\" \/>\n<meta property=\"article:modified_time\" content=\"2015-12-19T16:46:03+00:00\" \/>\n<meta name=\"author\" content=\"Orlando Mastrillo\" \/>\n<meta name=\"twitter:card\" content=\"summary_large_image\" \/>\n<meta name=\"twitter:creator\" content=\"@nando_mastrillo\" \/>\n<meta name=\"twitter:site\" content=\"@varesenews\" \/>\n<meta name=\"twitter:label1\" content=\"Scritto da\" \/>\n\t<meta name=\"twitter:data1\" content=\"Orlando Mastrillo\" \/>\n\t<meta name=\"twitter:label2\" content=\"Tempo di lettura stimato\" \/>\n\t<meta name=\"twitter:data2\" content=\"2 minuti\" \/>\n<script type=\"application\/ld+json\" class=\"yoast-schema-graph\">{\"@context\":\"https:\/\/schema.org\",\"@graph\":[{\"@type\":\"WebPage\",\"@id\":\"https:\/\/staging.varesenews.it\/2015\/12\/il-weekend-pre-natalizio-e-piu-festoso-che-mai\/471331\/\",\"url\":\"https:\/\/staging.varesenews.it\/2015\/12\/il-weekend-pre-natalizio-e-piu-festoso-che-mai\/471331\/\",\"name\":\"Il weekend pre-natalizio \u00e8 pi\u00f9 festoso che mai\",\"isPartOf\":{\"@id\":\"https:\/\/staging.varesenews.it\/#website\"},\"datePublished\":\"2015-12-19T16:45:21+00:00\",\"dateModified\":\"2015-12-19T16:46:03+00:00\",\"author\":{\"@id\":\"https:\/\/staging.varesenews.it\/#\/schema\/person\/14c47ccce537a9058dddce296f10b296\"},\"description\":\"Grande successo per il concerto gospel mentre la domenica sar\u00e0 caratterizzata dalle esibizioni di Ice Sport Varese e dai Killer Bees\",\"breadcrumb\":{\"@id\":\"https:\/\/staging.varesenews.it\/2015\/12\/il-weekend-pre-natalizio-e-piu-festoso-che-mai\/471331\/#breadcrumb\"},\"inLanguage\":\"it-IT\",\"potentialAction\":[{\"@type\":\"ReadAction\",\"target\":[\"https:\/\/staging.varesenews.it\/2015\/12\/il-weekend-pre-natalizio-e-piu-festoso-che-mai\/471331\/\"]}]},{\"@type\":\"BreadcrumbList\",\"@id\":\"https:\/\/staging.varesenews.it\/2015\/12\/il-weekend-pre-natalizio-e-piu-festoso-che-mai\/471331\/#breadcrumb\",\"itemListElement\":[{\"@type\":\"ListItem\",\"position\":1,\"name\":\"Home\",\"item\":\"https:\/\/www.varesenews.it\/\"},{\"@type\":\"ListItem\",\"position\":2,\"name\":\"Il weekend pre-natalizio \u00e8 pi\u00f9 festoso che mai\"}]},{\"@type\":\"WebSite\",\"@id\":\"https:\/\/staging.varesenews.it\/#website\",\"url\":\"https:\/\/staging.varesenews.it\/\",\"name\":\"VareseNews\",\"description\":\"\",\"potentialAction\":[{\"@type\":\"SearchAction\",\"target\":{\"@type\":\"EntryPoint\",\"urlTemplate\":\"https:\/\/staging.varesenews.it\/?s={search_term_string}\"},\"query-input\":\"required name=search_term_string\"}],\"inLanguage\":\"it-IT\"},{\"@type\":\"Person\",\"@id\":\"https:\/\/staging.varesenews.it\/#\/schema\/person\/14c47ccce537a9058dddce296f10b296\",\"name\":\"Orlando Mastrillo\",\"image\":{\"@type\":\"ImageObject\",\"inLanguage\":\"it-IT\",\"@id\":\"https:\/\/staging.varesenews.it\/#\/schema\/person\/image\/\",\"url\":\"https:\/\/staging.varesenews.it\/wp-content\/uploads\/2020\/12\/orlando_mastrillo_colori_500.jpg\",\"contentUrl\":\"https:\/\/staging.varesenews.it\/wp-content\/uploads\/2020\/12\/orlando_mastrillo_colori_500.jpg\",\"caption\":\"Orlando Mastrillo\"},\"description\":\"Nasco a Luino nel 1981, ho iniziato questo lavoro nell'estate del 2003 nella redazione de Il Giorno di Varese e dall'anno successivo ho intrapreso la collaborazione con VareseNews. Dopo anni nell'Alto Varesotto mi sono trasferito a Busto Arsizio nel 2007, territorio che ho iniziato a seguire e che seguo tutt'oggi. Nel 2013 sono diventato giornalista professionista. Mi occupo di cronaca politica, giudiziaria e nera in una vasta area che comprende anche parte della Valle Olona e il Legnanese. Sono sposato con Valeria Arini e ho due splendide figlie.\",\"sameAs\":[\"or_ma\",\"https:\/\/twitter.com\/nando_mastrillo\"],\"url\":\"https:\/\/staging.varesenews.it\/persona\/orlando-mastrillo1\/\"}]}<\/script>\n<!-- \/ Yoast SEO plugin. -->","yoast_head_json":{"title":"Il weekend pre-natalizio \u00e8 pi\u00f9 festoso che mai","description":"Grande successo per il concerto gospel mentre la domenica sar\u00e0 caratterizzata dalle esibizioni di Ice Sport Varese e dai Killer Bees","robots":{"index":"noindex","follow":"follow","max-snippet":"max-snippet:-1","max-image-preview":"max-image-preview:large","max-video-preview":"max-video-preview:-1"},"og_locale":"it_IT","og_type":"article","og_title":"Il weekend pre-natalizio \u00e8 pi\u00f9 festoso che mai","og_description":"Grande successo per il concerto gospel mentre la domenica sar\u00e0 caratterizzata dalle esibizioni di Ice Sport Varese e dai Killer Bees","og_url":"https:\/\/staging.varesenews.it\/2015\/12\/il-weekend-pre-natalizio-e-piu-festoso-che-mai\/471331\/","og_site_name":"VareseNews","article_publisher":"https:\/\/www.facebook.com\/varesenews","article_published_time":"2015-12-19T16:45:21+00:00","article_modified_time":"2015-12-19T16:46:03+00:00","author":"Orlando Mastrillo","twitter_card":"summary_large_image","twitter_creator":"@nando_mastrillo","twitter_site":"@varesenews","twitter_misc":{"Scritto da":"Orlando Mastrillo","Tempo di lettura stimato":"2 minuti"},"schema":{"@context":"https:\/\/schema.org","@graph":[{"@type":"WebPage","@id":"https:\/\/staging.varesenews.it\/2015\/12\/il-weekend-pre-natalizio-e-piu-festoso-che-mai\/471331\/","url":"https:\/\/staging.varesenews.it\/2015\/12\/il-weekend-pre-natalizio-e-piu-festoso-che-mai\/471331\/","name":"Il weekend pre-natalizio \u00e8 pi\u00f9 festoso che mai","isPartOf":{"@id":"https:\/\/staging.varesenews.it\/#website"},"datePublished":"2015-12-19T16:45:21+00:00","dateModified":"2015-12-19T16:46:03+00:00","author":{"@id":"https:\/\/staging.varesenews.it\/#\/schema\/person\/14c47ccce537a9058dddce296f10b296"},"description":"Grande successo per il concerto gospel mentre la domenica sar\u00e0 caratterizzata dalle esibizioni di Ice Sport Varese e dai Killer Bees","breadcrumb":{"@id":"https:\/\/staging.varesenews.it\/2015\/12\/il-weekend-pre-natalizio-e-piu-festoso-che-mai\/471331\/#breadcrumb"},"inLanguage":"it-IT","potentialAction":[{"@type":"ReadAction","target":["https:\/\/staging.varesenews.it\/2015\/12\/il-weekend-pre-natalizio-e-piu-festoso-che-mai\/471331\/"]}]},{"@type":"BreadcrumbList","@id":"https:\/\/staging.varesenews.it\/2015\/12\/il-weekend-pre-natalizio-e-piu-festoso-che-mai\/471331\/#breadcrumb","itemListElement":[{"@type":"ListItem","position":1,"name":"Home","item":"https:\/\/www.varesenews.it\/"},{"@type":"ListItem","position":2,"name":"Il weekend pre-natalizio \u00e8 pi\u00f9 festoso che mai"}]},{"@type":"WebSite","@id":"https:\/\/staging.varesenews.it\/#website","url":"https:\/\/staging.varesenews.it\/","name":"VareseNews","description":"","potentialAction":[{"@type":"SearchAction","target":{"@type":"EntryPoint","urlTemplate":"https:\/\/staging.varesenews.it\/?s={search_term_string}"},"query-input":"required name=search_term_string"}],"inLanguage":"it-IT"},{"@type":"Person","@id":"https:\/\/staging.varesenews.it\/#\/schema\/person\/14c47ccce537a9058dddce296f10b296","name":"Orlando Mastrillo","image":{"@type":"ImageObject","inLanguage":"it-IT","@id":"https:\/\/staging.varesenews.it\/#\/schema\/person\/image\/","url":"https:\/\/staging.varesenews.it\/wp-content\/uploads\/2020\/12\/orlando_mastrillo_colori_500.jpg","contentUrl":"https:\/\/staging.varesenews.it\/wp-content\/uploads\/2020\/12\/orlando_mastrillo_colori_500.jpg","caption":"Orlando Mastrillo"},"description":"Nasco a Luino nel 1981, ho iniziato questo lavoro nell'estate del 2003 nella redazione de Il Giorno di Varese e dall'anno successivo ho intrapreso la collaborazione con VareseNews. Dopo anni nell'Alto Varesotto mi sono trasferito a Busto Arsizio nel 2007, territorio che ho iniziato a seguire e che seguo tutt'oggi. Nel 2013 sono diventato giornalista professionista. Mi occupo di cronaca politica, giudiziaria e nera in una vasta area che comprende anche parte della Valle Olona e il Legnanese. Sono sposato con Valeria Arini e ho due splendide figlie.","sameAs":["or_ma","https:\/\/twitter.com\/nando_mastrillo"],"url":"https:\/\/staging.varesenews.it\/persona\/orlando-mastrillo1\/"}]}},"post_meta":{"_edit_lock":"1450543492:47","_edit_last":"47","ratings_users":"0","ratings_score":"0","ratings_average":"0","_category_permalink":"","wdfb_og_title":"","wdfb_og_type":"","wdfb_og_description":"","wdfb_og_images":"a:1:{i:0;s:0:\"\";}","wdfb_og_custom_name":"a:1:{i:0;s:0:\"\";}","wdfb_og_custom_value":"a:1:{i:0;s:0:\"\";}","foto":"502280","argomento":"Luino","_yoast_wpseo_focuskw":"weekend","_jd_twitter":"","_jd_tweet_this":"yes","_wpt_short_url":"http:\/\/www.varesenews.it\/2015\/12\/il-weekend-pre-natalizio-e-piu-festoso-che-mai\/471331\/","_wp_jd_target":"http:\/\/www.varesenews.it\/2015\/12\/il-weekend-pre-natalizio-e-piu-festoso-che-mai\/471331\/","_jd_wp_twitter":"a:1:{i:0;s:153:\"Il weekend pre-natalizio \u00e8 pi\u00f9 festoso che mai http:\/\/www.varesenews.it\/2015\/12\/il-weekend-pre-natalizio-e-piu-festoso-che-mai\/471331\/ #eventi #weekend\";}","_wpt_status_message":"Tweet inviato con successo.","_yoast_wpseo_linkdex":"63"},"photos":[{"original":"https:\/\/staging.varesenews.it\/photogallery_new\/images\/2015\/12\/pista-pattinaggio-ghiaccio-luino-piazza-libert-502280.jpg","full":"https:\/\/staging.varesenews.it\/photogallery_new\/images\/2015\/12\/pista-pattinaggio-ghiaccio-luino-piazza-libert-502280.1024x768.jpg","large":"https:\/\/staging.varesenews.it\/photogallery_new\/images\/2015\/12\/pista-pattinaggio-ghiaccio-luino-piazza-libert-502280.610x431.jpg"}],"_links":{"self":[{"href":"https:\/\/staging.varesenews.it\/swgapi\/v1\/wp\/v2\/posts\/471331"}],"collection":[{"href":"https:\/\/staging.varesenews.it\/swgapi\/v1\/wp\/v2\/posts"}],"about":[{"href":"https:\/\/staging.varesenews.it\/swgapi\/v1\/wp\/v2\/types\/post"}],"author":[{"embeddable":true,"href":"https:\/\/staging.varesenews.it\/swgapi\/v1\/wp\/v2\/users\/47"}],"replies":[{"embeddable":true,"href":"https:\/\/staging.varesenews.it\/swgapi\/v1\/wp\/v2\/comments?post=471331"}],"version-history":[{"count":0,"href":"https:\/\/staging.varesenews.it\/swgapi\/v1\/wp\/v2\/posts\/471331\/revisions"}],"wp:attachment":[{"href":"https:\/\/staging.varesenews.it\/swgapi\/v1\/wp\/v2\/media?parent=471331"}],"wp:term":[{"taxonomy":"category","embeddable":true,"href":"https:\/\/staging.varesenews.it\/swgapi\/v1\/wp\/v2\/categories?post=471331"},{"taxonomy":"post_tag","embeddable":true,"href":"https:\/\/staging.varesenews.it\/swgapi\/v1\/wp\/v2\/tags?post=471331"}],"curies":[{"name":"wp","href":"https:\/\/api.w.org\/{rel}","templated":true}]}}