{"id":471749,"date":"2015-12-21T23:19:46","date_gmt":"2015-12-21T22:19:46","guid":{"rendered":"http:\/\/www.varesenews.it\/?p=471749"},"modified":"2015-12-22T16:05:03","modified_gmt":"2015-12-22T15:05:03","slug":"morto-allestero-oussama-khachia-il-marocchino-espulso","status":"publish","type":"post","link":"https:\/\/staging.varesenews.it\/2015\/12\/morto-allestero-oussama-khachia-il-marocchino-espulso\/471749\/","title":{"rendered":"Morto all&#8217;estero Oussama Khachia, il marocchino espulso"},"content":{"rendered":"<p><strong>Aveva espresso giudizi positivi sull&#8217;Isis e lo stato italiano lo aveva espulso. Oussama Khachia, 31 anni<\/strong>, il giovane di Brunello allontanato\u00a0un anno fa dall&#8217;Italia \u00e8 morto, in circostanze da chiarire, all&#8217;estero. La notizia \u00e8 stata comunicata luned\u00ec mattina\u00a0in moschea, a Varese. I responsabili della comunit\u00e0 ne sono stati informati in serata e i familiari non smentiscono. Secondo quanto risulta a una prima sommaria ricognizione della polizia, il ragazzo sarebbe deceduto ieri: cos\u00ec risulterebbe da una comunicazione che il padre ha\u00a0fatto ad alcuni amici musulmani nella moschea di Varese.<\/p>\n<p><strong>La famiglia ha espresso dolore<\/strong>, e nel contempo alcuni familiari hanno confermato il decesso su facebook. La sorella, Amina Khachia, ad alcuni conoscenti che le chiedevano notizie, ha risposto: &#8220;Grazie per l&#8217;interesse, ma non sei famigliare per essere informata di come \u00e8 morto. E comunque se sei venuta a saperlo non \u00e8 un segreto&#8221;. Messaggi dello stesso tenore sono stati postati nei social media da altri amici e familiari. In un altro post Amina afferma che la famiglia sta ricevendo persone per le condoglianze.<\/p>\n<p><strong>Abbiamo chiesto conferma<\/strong> in serata a un fratello di Oussama della notizia, ma ha preferito non aggiungere altro. Tuttavia in altri post su facebook persone legate al giovane di Brunello pregano per lui e postano versetti del Corano.<\/p>\n<p><strong>Che cosa sia accaduto<\/strong> a Oussama Khachia al momento \u00e8 prematuro dirlo. La Polizia di Varese dovrebbe in giornata avere maggiori notizie tramite il ministero dell&#8217;interno. La storia del giovane saldatore che lavorava alla Petrelli di Castronno \u00e8 per\u00f2 tragica. Il ragazzo \u00e8 stato espulso a gennaio del 2015 dal ministro Alfano perch\u00e9 le sue analisi su twitter e sul web erano apertamente favorevoli allo stato islamico. Anche se si trattava solo di opinioni, il ministero ne aveva deciso l&#8217;allontanamento dall&#8217;Italia. Tornato in Marocco, il giovane si era poi recato in Svizzera, dove vive la moglie. I giornali elvetici hanno dato notizia qualche settimana fa della sua espulsione anche dal territorio svizzero.<\/p>\n<p><strong>A Varese Oussama<\/strong> era parte lesa in un processo, perch\u00e9 era stato aggredito con una coltellata alla coscia da un uomo durante un diverbio in strada. Dopo l&#8217;espulsione era tornato nella casa dei nonni, in Marocco, e aveva accettato di spiegare le sue ragioni <a href=\"http:\/\/www.varesenews.it\/2015\/02\/faro-ricorso-contro-l-espulsione-ma-difendo-il-califfato\/350317\/\">in questa intervista<\/a>. Di recente aveva accettato un&#8217;intervista con <a href=\"http:\/\/tv.ilfattoquotidiano.it\/2015\/11\/19\/attentati-a-parigi-parla-un-giovane-musulmano-espulso-dallitalia-chi-semina-democrazia-raccoglie-sharia\/441400\/\">Servizio Pubblico<\/a>. La trasmissione della Rsi Fal\u00f2 gli aveva dedicato uno speciale (<a href=\"http:\/\/www.rsi.ch\/news\/ticino-e-grigioni-e-insubria\/Morto-Oussama-Khachia-6621751.html\">L&#8217;intervista<\/a>).<\/p>\n<p><strong>aggiornamento:\u00a0<\/strong><\/p>\n<p>La morte di Oussama viene <strong>confermata ufficialmente<\/strong> dalla famiglia. &#8220;Abbiamo ricevuto una telefonata da un amico che ci ha informato &#8211; spiegano i parenti, raggiunti questa mattina nella loro abitazione di Brunello &#8211; ma non sappiamo nulla. Non abbiamo neanche una tomba in cui piangere, ci sentiamo avviliti e distrutti. <strong>Oussama<\/strong> ha sub\u00ecto una grave ingiustizia con l&#8217;espulsione e ora abbiamo perso un figlio e un fratello. Era un ragazzo d&#8217;oro &#8211; affermano la madre e la sorella &#8211; chiediamo a tutti di rispettare il nostro dolore&#8221;.<\/p>\n","protected":false},"excerpt":{"rendered":"<p>Il giovane saldatore di 31 anni era stato espulso perch\u00e9 sul web aveva sostenuto le tesi dell&#8217;Isis. L&#8217;annuncio arriva dalla famiglia, a Brunello, e dalla moschea di Varese<\/p>\n","protected":false},"author":50,"featured_media":0,"comment_status":"open","ping_status":"open","sticky":false,"template":"","format":"standard","meta":{"footnotes":""},"categories":[2],"tags":[2387],"acf":[],"yoast_head":"<!-- This site is optimized with the Yoast SEO plugin v20.1 - https:\/\/yoast.com\/wordpress\/plugins\/seo\/ -->\n<title>Morto all&#039;estero Oussama Khachia, il marocchino espulso<\/title>\n<meta name=\"description\" content=\"marocchino oussama\" \/>\n<meta name=\"robots\" content=\"noindex, follow, max-snippet:-1, max-image-preview:large, max-video-preview:-1\" \/>\n<meta property=\"og:locale\" content=\"it_IT\" \/>\n<meta property=\"og:type\" content=\"article\" \/>\n<meta property=\"og:title\" content=\"Morto all&#039;estero Oussama Khachia, il marocchino espulso\" \/>\n<meta property=\"og:description\" content=\"marocchino oussama\" \/>\n<meta property=\"og:url\" content=\"https:\/\/staging.varesenews.it\/2015\/12\/morto-allestero-oussama-khachia-il-marocchino-espulso\/471749\/\" \/>\n<meta property=\"og:site_name\" content=\"VareseNews\" \/>\n<meta property=\"article:publisher\" content=\"https:\/\/www.facebook.com\/varesenews\" \/>\n<meta property=\"article:published_time\" content=\"2015-12-21T22:19:46+00:00\" \/>\n<meta property=\"article:modified_time\" content=\"2015-12-22T15:05:03+00:00\" \/>\n<meta name=\"author\" content=\"Roberto Rotondo\" \/>\n<meta name=\"twitter:card\" content=\"summary_large_image\" \/>\n<meta name=\"twitter:creator\" content=\"@robertorotondo\" \/>\n<meta name=\"twitter:site\" content=\"@varesenews\" \/>\n<meta name=\"twitter:label1\" content=\"Scritto da\" \/>\n\t<meta name=\"twitter:data1\" content=\"Roberto Rotondo\" \/>\n\t<meta name=\"twitter:label2\" content=\"Tempo di lettura stimato\" \/>\n\t<meta name=\"twitter:data2\" content=\"2 minuti\" \/>\n<script type=\"application\/ld+json\" class=\"yoast-schema-graph\">{\"@context\":\"https:\/\/schema.org\",\"@graph\":[{\"@type\":\"WebPage\",\"@id\":\"https:\/\/staging.varesenews.it\/2015\/12\/morto-allestero-oussama-khachia-il-marocchino-espulso\/471749\/\",\"url\":\"https:\/\/staging.varesenews.it\/2015\/12\/morto-allestero-oussama-khachia-il-marocchino-espulso\/471749\/\",\"name\":\"Morto all'estero Oussama Khachia, il marocchino espulso\",\"isPartOf\":{\"@id\":\"https:\/\/staging.varesenews.it\/#website\"},\"datePublished\":\"2015-12-21T22:19:46+00:00\",\"dateModified\":\"2015-12-22T15:05:03+00:00\",\"author\":{\"@id\":\"https:\/\/staging.varesenews.it\/#\/schema\/person\/bace96b9ce1b4905df659e51a83c17fe\"},\"description\":\"marocchino oussama\",\"breadcrumb\":{\"@id\":\"https:\/\/staging.varesenews.it\/2015\/12\/morto-allestero-oussama-khachia-il-marocchino-espulso\/471749\/#breadcrumb\"},\"inLanguage\":\"it-IT\",\"potentialAction\":[{\"@type\":\"ReadAction\",\"target\":[\"https:\/\/staging.varesenews.it\/2015\/12\/morto-allestero-oussama-khachia-il-marocchino-espulso\/471749\/\"]}]},{\"@type\":\"BreadcrumbList\",\"@id\":\"https:\/\/staging.varesenews.it\/2015\/12\/morto-allestero-oussama-khachia-il-marocchino-espulso\/471749\/#breadcrumb\",\"itemListElement\":[{\"@type\":\"ListItem\",\"position\":1,\"name\":\"Home\",\"item\":\"https:\/\/www.varesenews.it\/\"},{\"@type\":\"ListItem\",\"position\":2,\"name\":\"Morto all&#8217;estero Oussama Khachia, il marocchino espulso\"}]},{\"@type\":\"WebSite\",\"@id\":\"https:\/\/staging.varesenews.it\/#website\",\"url\":\"https:\/\/staging.varesenews.it\/\",\"name\":\"VareseNews\",\"description\":\"\",\"potentialAction\":[{\"@type\":\"SearchAction\",\"target\":{\"@type\":\"EntryPoint\",\"urlTemplate\":\"https:\/\/staging.varesenews.it\/?s={search_term_string}\"},\"query-input\":\"required name=search_term_string\"}],\"inLanguage\":\"it-IT\"},{\"@type\":\"Person\",\"@id\":\"https:\/\/staging.varesenews.it\/#\/schema\/person\/bace96b9ce1b4905df659e51a83c17fe\",\"name\":\"Roberto Rotondo\",\"image\":{\"@type\":\"ImageObject\",\"inLanguage\":\"it-IT\",\"@id\":\"https:\/\/staging.varesenews.it\/#\/schema\/person\/image\/\",\"url\":\"https:\/\/staging.varesenews.it\/wp-content\/uploads\/2015\/03\/10888676_10204734543537926_609787919772941341_n.jpg\",\"contentUrl\":\"https:\/\/staging.varesenews.it\/wp-content\/uploads\/2015\/03\/10888676_10204734543537926_609787919772941341_n.jpg\",\"caption\":\"Roberto Rotondo\"},\"description\":\"Nato a Varese nel 1972. Laureato in Storia alla Statale di Milano. A Varese News dal 1998. Ho iniziato a scrivere su riviste locali, poi sono entrato nel progetto di Varese News quando ancora era agli inizi. Nel frattempo mi sono occupato di ricerca storica e ho collaborato con un settimanale e un quotidiano della Svizzera italiana scrivendo di cronaca e politica. Mi sono preso una pausa da Varese nel 2004. Ho lavorato per alcuni anni a Milano all'agenzia di stampa Adnkronos, con qualche stage a Roma nei palazzi della politica. Lanci di agenzia e servizi tv multimediali erano tra i miei compiti. In quegli anni ho lavorato per alcune radio anche nazionali, Radio Capital su tutte, come corrispondente locale. Ho scritto anche per un settimanale di gossip, ma sempre cronaca nera. Ed eccomi qui. Dal 2007 lavoro anche per il Corriere della sera, di cui sono corrispondente. A Varesenews sono ormai uno dei senatori. Mi occupo di cronaca nera, giudiziaria e di politica e della cronaca cittadina di Varese.\",\"sameAs\":[\"robertorotondo\",\"https:\/\/twitter.com\/robertorotondo\"],\"url\":\"https:\/\/staging.varesenews.it\/persona\/roberto-rotondo\/\"}]}<\/script>\n<!-- \/ Yoast SEO plugin. -->","yoast_head_json":{"title":"Morto all'estero Oussama Khachia, il marocchino espulso","description":"marocchino oussama","robots":{"index":"noindex","follow":"follow","max-snippet":"max-snippet:-1","max-image-preview":"max-image-preview:large","max-video-preview":"max-video-preview:-1"},"og_locale":"it_IT","og_type":"article","og_title":"Morto all'estero Oussama Khachia, il marocchino espulso","og_description":"marocchino oussama","og_url":"https:\/\/staging.varesenews.it\/2015\/12\/morto-allestero-oussama-khachia-il-marocchino-espulso\/471749\/","og_site_name":"VareseNews","article_publisher":"https:\/\/www.facebook.com\/varesenews","article_published_time":"2015-12-21T22:19:46+00:00","article_modified_time":"2015-12-22T15:05:03+00:00","author":"Roberto Rotondo","twitter_card":"summary_large_image","twitter_creator":"@robertorotondo","twitter_site":"@varesenews","twitter_misc":{"Scritto da":"Roberto Rotondo","Tempo di lettura stimato":"2 minuti"},"schema":{"@context":"https:\/\/schema.org","@graph":[{"@type":"WebPage","@id":"https:\/\/staging.varesenews.it\/2015\/12\/morto-allestero-oussama-khachia-il-marocchino-espulso\/471749\/","url":"https:\/\/staging.varesenews.it\/2015\/12\/morto-allestero-oussama-khachia-il-marocchino-espulso\/471749\/","name":"Morto all'estero Oussama Khachia, il marocchino espulso","isPartOf":{"@id":"https:\/\/staging.varesenews.it\/#website"},"datePublished":"2015-12-21T22:19:46+00:00","dateModified":"2015-12-22T15:05:03+00:00","author":{"@id":"https:\/\/staging.varesenews.it\/#\/schema\/person\/bace96b9ce1b4905df659e51a83c17fe"},"description":"marocchino oussama","breadcrumb":{"@id":"https:\/\/staging.varesenews.it\/2015\/12\/morto-allestero-oussama-khachia-il-marocchino-espulso\/471749\/#breadcrumb"},"inLanguage":"it-IT","potentialAction":[{"@type":"ReadAction","target":["https:\/\/staging.varesenews.it\/2015\/12\/morto-allestero-oussama-khachia-il-marocchino-espulso\/471749\/"]}]},{"@type":"BreadcrumbList","@id":"https:\/\/staging.varesenews.it\/2015\/12\/morto-allestero-oussama-khachia-il-marocchino-espulso\/471749\/#breadcrumb","itemListElement":[{"@type":"ListItem","position":1,"name":"Home","item":"https:\/\/www.varesenews.it\/"},{"@type":"ListItem","position":2,"name":"Morto all&#8217;estero Oussama Khachia, il marocchino espulso"}]},{"@type":"WebSite","@id":"https:\/\/staging.varesenews.it\/#website","url":"https:\/\/staging.varesenews.it\/","name":"VareseNews","description":"","potentialAction":[{"@type":"SearchAction","target":{"@type":"EntryPoint","urlTemplate":"https:\/\/staging.varesenews.it\/?s={search_term_string}"},"query-input":"required name=search_term_string"}],"inLanguage":"it-IT"},{"@type":"Person","@id":"https:\/\/staging.varesenews.it\/#\/schema\/person\/bace96b9ce1b4905df659e51a83c17fe","name":"Roberto Rotondo","image":{"@type":"ImageObject","inLanguage":"it-IT","@id":"https:\/\/staging.varesenews.it\/#\/schema\/person\/image\/","url":"https:\/\/staging.varesenews.it\/wp-content\/uploads\/2015\/03\/10888676_10204734543537926_609787919772941341_n.jpg","contentUrl":"https:\/\/staging.varesenews.it\/wp-content\/uploads\/2015\/03\/10888676_10204734543537926_609787919772941341_n.jpg","caption":"Roberto Rotondo"},"description":"Nato a Varese nel 1972. Laureato in Storia alla Statale di Milano. A Varese News dal 1998. Ho iniziato a scrivere su riviste locali, poi sono entrato nel progetto di Varese News quando ancora era agli inizi. Nel frattempo mi sono occupato di ricerca storica e ho collaborato con un settimanale e un quotidiano della Svizzera italiana scrivendo di cronaca e politica. Mi sono preso una pausa da Varese nel 2004. Ho lavorato per alcuni anni a Milano all'agenzia di stampa Adnkronos, con qualche stage a Roma nei palazzi della politica. Lanci di agenzia e servizi tv multimediali erano tra i miei compiti. In quegli anni ho lavorato per alcune radio anche nazionali, Radio Capital su tutte, come corrispondente locale. Ho scritto anche per un settimanale di gossip, ma sempre cronaca nera. Ed eccomi qui. Dal 2007 lavoro anche per il Corriere della sera, di cui sono corrispondente. A Varesenews sono ormai uno dei senatori. Mi occupo di cronaca nera, giudiziaria e di politica e della cronaca cittadina di Varese.","sameAs":["robertorotondo","https:\/\/twitter.com\/robertorotondo"],"url":"https:\/\/staging.varesenews.it\/persona\/roberto-rotondo\/"}]}},"post_meta":{"_edit_lock":"1450854425:50","_edit_last":"50","_category_permalink":"","wdfb_og_title":"","wdfb_og_type":"","wdfb_og_description":"","wdfb_og_images":"a:1:{i:0;s:0:\"\";}","wdfb_og_custom_name":"a:1:{i:0;s:0:\"\";}","wdfb_og_custom_value":"a:1:{i:0;s:0:\"\";}","argomento":"Brunello","_jd_twitter":"","_jd_tweet_this":"yes","ratings_users":"0","ratings_score":"0","ratings_average":"0","foto":"435933","_yoast_wpseo_focuskw":"marocchino","_yoast_wpseo_metadesc":"marocchino oussama","_wpt_short_url":"http:\/\/www.varesenews.it\/2015\/12\/morto-allestero-oussama-khachia-il-marocchino-espulso\/471749\/","_wp_jd_target":"http:\/\/www.varesenews.it\/2015\/12\/morto-allestero-oussama-khachia-il-marocchino-espulso\/471749\/","_jd_wp_twitter":"a:1:{i:0;s:162:\"Morto all'estero Oussama Khachia, il marocchino espulso http:\/\/www.varesenews.it\/2015\/12\/morto-allestero-oussama-khachia-il-marocchino-espulso\/471749\/ #terrorismo\";}","_wpt_status_message":"Tweet inviato con successo.","_yoast_wpseo_linkdex":"75","id_leggi_anche":"463499,363453,350317,349923,349942,513223,519151,520231,520485,522156,552422,594927"},"photos":[{"original":"https:\/\/staging.varesenews.it\/photogallery_new\/images\/2015\/02\/oussama-abu-mossab-435933.jpg","full":"https:\/\/staging.varesenews.it\/photogallery_new\/images\/2015\/02\/oussama-abu-mossab-435933.1024x768.jpg","large":"https:\/\/staging.varesenews.it\/photogallery_new\/images\/2015\/02\/oussama-abu-mossab-435933.610x431.jpg"}],"_links":{"self":[{"href":"https:\/\/staging.varesenews.it\/swgapi\/v1\/wp\/v2\/posts\/471749"}],"collection":[{"href":"https:\/\/staging.varesenews.it\/swgapi\/v1\/wp\/v2\/posts"}],"about":[{"href":"https:\/\/staging.varesenews.it\/swgapi\/v1\/wp\/v2\/types\/post"}],"author":[{"embeddable":true,"href":"https:\/\/staging.varesenews.it\/swgapi\/v1\/wp\/v2\/users\/50"}],"replies":[{"embeddable":true,"href":"https:\/\/staging.varesenews.it\/swgapi\/v1\/wp\/v2\/comments?post=471749"}],"version-history":[{"count":0,"href":"https:\/\/staging.varesenews.it\/swgapi\/v1\/wp\/v2\/posts\/471749\/revisions"}],"wp:attachment":[{"href":"https:\/\/staging.varesenews.it\/swgapi\/v1\/wp\/v2\/media?parent=471749"}],"wp:term":[{"taxonomy":"category","embeddable":true,"href":"https:\/\/staging.varesenews.it\/swgapi\/v1\/wp\/v2\/categories?post=471749"},{"taxonomy":"post_tag","embeddable":true,"href":"https:\/\/staging.varesenews.it\/swgapi\/v1\/wp\/v2\/tags?post=471749"}],"curies":[{"name":"wp","href":"https:\/\/api.w.org\/{rel}","templated":true}]}}