{"id":475450,"date":"2016-01-11T18:42:12","date_gmt":"2016-01-11T17:42:12","guid":{"rendered":"http:\/\/www.varesenews.it\/?p=475450"},"modified":"2016-01-11T18:42:12","modified_gmt":"2016-01-11T17:42:12","slug":"the-intern-al-cineforum-in-inglese-delle-arti","status":"publish","type":"post","link":"https:\/\/staging.varesenews.it\/2016\/01\/the-intern-al-cineforum-in-inglese-delle-arti\/475450\/","title":{"rendered":"&#8220;The intern&#8221; al cineforum in inglese delle Arti"},"content":{"rendered":"<p>Mercoled\u00ec 13 gennaio, con inizio alle ore 21, \u00e8 in programma al Cinema delle Arti il <strong>terzo dei film in lingua originale inglese: \u201cThe Intern\u201d (Lo Stagista inaspettato)<\/strong> di Nancy Meyers con Robert De Niro e Anne Hathaway.<\/p>\n<p>Una societ\u00e0 di moda assume uno stagista decisamente fuori dagli schemi: Ben Whittaker (Robert De Niro) un settantenne pensionato che ha scoperto che in fondo la pensione non \u00e8 come immaginava e decide cos\u00ec di sfruttare la prima occasione utile per rimettersi in pista. Nonostante le diffidenze iniziali, Ben dimostrer\u00e0 alla fondatrice della compagnia (Anne Hathaway) di essere una valida risorsa per l&#8217;azienda e tra i due nascer\u00e0 un&#8217;inaspettata sintonia.<\/p>\n<p>Il film verr\u00e0 <strong>introdotto e commentato in inglese da Valentina Marotta<\/strong> service manager dell\u2019Istituto Wall Street English di Busto. Per chi non ha la tessera il costo del biglietto \u00e8 di \u20ac 6.<\/p>\n","protected":false},"excerpt":{"rendered":"<p>Il terzo appuntamento della rassegna propone la versione originale di &#8220;Lo stagista inaspettato&#8221;<\/p>\n","protected":false},"author":46,"featured_media":0,"comment_status":"open","ping_status":"open","sticky":false,"template":"","format":"standard","meta":{"footnotes":""},"categories":[3,21],"tags":[3321,701,41324],"acf":[],"yoast_head":"<!-- This site is optimized with the Yoast SEO plugin v20.1 - https:\/\/yoast.com\/wordpress\/plugins\/seo\/ -->\n<title>&quot;The intern&quot; al cineforum in inglese delle Arti<\/title>\n<meta name=\"description\" content=\"Il terzo appuntamento della rassegna propone la versione originale di &quot;Lo stagista inaspettato&quot;\" \/>\n<meta name=\"robots\" content=\"noindex, follow, max-snippet:-1, max-image-preview:large, max-video-preview:-1\" \/>\n<meta property=\"og:locale\" content=\"it_IT\" \/>\n<meta property=\"og:type\" content=\"article\" \/>\n<meta property=\"og:title\" content=\"&quot;The intern&quot; al cineforum in inglese delle Arti\" \/>\n<meta property=\"og:description\" content=\"Il terzo appuntamento della rassegna propone la versione originale di &quot;Lo stagista inaspettato&quot;\" \/>\n<meta property=\"og:url\" content=\"https:\/\/staging.varesenews.it\/2016\/01\/the-intern-al-cineforum-in-inglese-delle-arti\/475450\/\" \/>\n<meta property=\"og:site_name\" content=\"VareseNews\" \/>\n<meta property=\"article:publisher\" content=\"https:\/\/www.facebook.com\/varesenews\" \/>\n<meta property=\"article:published_time\" content=\"2016-01-11T17:42:12+00:00\" \/>\n<meta name=\"author\" content=\"Roberto Morandi\" \/>\n<meta name=\"twitter:card\" content=\"summary_large_image\" \/>\n<meta name=\"twitter:creator\" content=\"@ilmorands\" \/>\n<meta name=\"twitter:site\" content=\"@varesenews\" \/>\n<meta name=\"twitter:label1\" content=\"Scritto da\" \/>\n\t<meta name=\"twitter:data1\" content=\"Roberto Morandi\" \/>\n\t<meta name=\"twitter:label2\" content=\"Tempo di lettura stimato\" \/>\n\t<meta name=\"twitter:data2\" content=\"1 minuto\" \/>\n<script type=\"application\/ld+json\" class=\"yoast-schema-graph\">{\"@context\":\"https:\/\/schema.org\",\"@graph\":[{\"@type\":\"WebPage\",\"@id\":\"https:\/\/staging.varesenews.it\/2016\/01\/the-intern-al-cineforum-in-inglese-delle-arti\/475450\/\",\"url\":\"https:\/\/staging.varesenews.it\/2016\/01\/the-intern-al-cineforum-in-inglese-delle-arti\/475450\/\",\"name\":\"\\\"The intern\\\" al cineforum in inglese delle Arti\",\"isPartOf\":{\"@id\":\"https:\/\/staging.varesenews.it\/#website\"},\"datePublished\":\"2016-01-11T17:42:12+00:00\",\"dateModified\":\"2016-01-11T17:42:12+00:00\",\"author\":{\"@id\":\"https:\/\/staging.varesenews.it\/#\/schema\/person\/efe592ae4c76536b551f89d8b6674bc3\"},\"description\":\"Il terzo appuntamento della rassegna propone la versione originale di \\\"Lo stagista inaspettato\\\"\",\"breadcrumb\":{\"@id\":\"https:\/\/staging.varesenews.it\/2016\/01\/the-intern-al-cineforum-in-inglese-delle-arti\/475450\/#breadcrumb\"},\"inLanguage\":\"it-IT\",\"potentialAction\":[{\"@type\":\"ReadAction\",\"target\":[\"https:\/\/staging.varesenews.it\/2016\/01\/the-intern-al-cineforum-in-inglese-delle-arti\/475450\/\"]}]},{\"@type\":\"BreadcrumbList\",\"@id\":\"https:\/\/staging.varesenews.it\/2016\/01\/the-intern-al-cineforum-in-inglese-delle-arti\/475450\/#breadcrumb\",\"itemListElement\":[{\"@type\":\"ListItem\",\"position\":1,\"name\":\"Home\",\"item\":\"https:\/\/www.varesenews.it\/\"},{\"@type\":\"ListItem\",\"position\":2,\"name\":\"&#8220;The intern&#8221; al cineforum in inglese delle Arti\"}]},{\"@type\":\"WebSite\",\"@id\":\"https:\/\/staging.varesenews.it\/#website\",\"url\":\"https:\/\/staging.varesenews.it\/\",\"name\":\"VareseNews\",\"description\":\"\",\"potentialAction\":[{\"@type\":\"SearchAction\",\"target\":{\"@type\":\"EntryPoint\",\"urlTemplate\":\"https:\/\/staging.varesenews.it\/?s={search_term_string}\"},\"query-input\":\"required name=search_term_string\"}],\"inLanguage\":\"it-IT\"},{\"@type\":\"Person\",\"@id\":\"https:\/\/staging.varesenews.it\/#\/schema\/person\/efe592ae4c76536b551f89d8b6674bc3\",\"name\":\"Roberto Morandi\",\"image\":{\"@type\":\"ImageObject\",\"inLanguage\":\"it-IT\",\"@id\":\"https:\/\/staging.varesenews.it\/#\/schema\/person\/image\/\",\"url\":\"https:\/\/staging.varesenews.it\/wp-content\/uploads\/2020\/12\/roberto_morandi_colori_500.jpg\",\"contentUrl\":\"https:\/\/staging.varesenews.it\/wp-content\/uploads\/2020\/12\/roberto_morandi_colori_500.jpg\",\"caption\":\"Roberto Morandi\"},\"description\":\"Classe 1980, laureato in storia, mi occupo dell&rsquo;area di Gallarate e di Malpensa, di trasporti e mobilit&agrave;. Amo molto la dimensione della citt&agrave;, come luogo d&rsquo;incontro di persone diverse e come organismo che si trasforma costantemente. Mi piace anche raccontare le piccole e grandi vicende, anche locali, che compongono la Storia con la S maiuscola. Appassionato di bicicletta: la macchina perfetta per muoversi in citt&agrave; e per viaggiare.\",\"sameAs\":[\"https:\/\/twitter.com\/ilmorands\"],\"url\":\"https:\/\/staging.varesenews.it\/persona\/roberto-morandi1\/\"}]}<\/script>\n<!-- \/ Yoast SEO plugin. -->","yoast_head_json":{"title":"\"The intern\" al cineforum in inglese delle Arti","description":"Il terzo appuntamento della rassegna propone la versione originale di \"Lo stagista inaspettato\"","robots":{"index":"noindex","follow":"follow","max-snippet":"max-snippet:-1","max-image-preview":"max-image-preview:large","max-video-preview":"max-video-preview:-1"},"og_locale":"it_IT","og_type":"article","og_title":"\"The intern\" al cineforum in inglese delle Arti","og_description":"Il terzo appuntamento della rassegna propone la versione originale di \"Lo stagista inaspettato\"","og_url":"https:\/\/staging.varesenews.it\/2016\/01\/the-intern-al-cineforum-in-inglese-delle-arti\/475450\/","og_site_name":"VareseNews","article_publisher":"https:\/\/www.facebook.com\/varesenews","article_published_time":"2016-01-11T17:42:12+00:00","author":"Roberto Morandi","twitter_card":"summary_large_image","twitter_creator":"@ilmorands","twitter_site":"@varesenews","twitter_misc":{"Scritto da":"Roberto Morandi","Tempo di lettura stimato":"1 minuto"},"schema":{"@context":"https:\/\/schema.org","@graph":[{"@type":"WebPage","@id":"https:\/\/staging.varesenews.it\/2016\/01\/the-intern-al-cineforum-in-inglese-delle-arti\/475450\/","url":"https:\/\/staging.varesenews.it\/2016\/01\/the-intern-al-cineforum-in-inglese-delle-arti\/475450\/","name":"\"The intern\" al cineforum in inglese delle Arti","isPartOf":{"@id":"https:\/\/staging.varesenews.it\/#website"},"datePublished":"2016-01-11T17:42:12+00:00","dateModified":"2016-01-11T17:42:12+00:00","author":{"@id":"https:\/\/staging.varesenews.it\/#\/schema\/person\/efe592ae4c76536b551f89d8b6674bc3"},"description":"Il terzo appuntamento della rassegna propone la versione originale di \"Lo stagista inaspettato\"","breadcrumb":{"@id":"https:\/\/staging.varesenews.it\/2016\/01\/the-intern-al-cineforum-in-inglese-delle-arti\/475450\/#breadcrumb"},"inLanguage":"it-IT","potentialAction":[{"@type":"ReadAction","target":["https:\/\/staging.varesenews.it\/2016\/01\/the-intern-al-cineforum-in-inglese-delle-arti\/475450\/"]}]},{"@type":"BreadcrumbList","@id":"https:\/\/staging.varesenews.it\/2016\/01\/the-intern-al-cineforum-in-inglese-delle-arti\/475450\/#breadcrumb","itemListElement":[{"@type":"ListItem","position":1,"name":"Home","item":"https:\/\/www.varesenews.it\/"},{"@type":"ListItem","position":2,"name":"&#8220;The intern&#8221; al cineforum in inglese delle Arti"}]},{"@type":"WebSite","@id":"https:\/\/staging.varesenews.it\/#website","url":"https:\/\/staging.varesenews.it\/","name":"VareseNews","description":"","potentialAction":[{"@type":"SearchAction","target":{"@type":"EntryPoint","urlTemplate":"https:\/\/staging.varesenews.it\/?s={search_term_string}"},"query-input":"required name=search_term_string"}],"inLanguage":"it-IT"},{"@type":"Person","@id":"https:\/\/staging.varesenews.it\/#\/schema\/person\/efe592ae4c76536b551f89d8b6674bc3","name":"Roberto Morandi","image":{"@type":"ImageObject","inLanguage":"it-IT","@id":"https:\/\/staging.varesenews.it\/#\/schema\/person\/image\/","url":"https:\/\/staging.varesenews.it\/wp-content\/uploads\/2020\/12\/roberto_morandi_colori_500.jpg","contentUrl":"https:\/\/staging.varesenews.it\/wp-content\/uploads\/2020\/12\/roberto_morandi_colori_500.jpg","caption":"Roberto Morandi"},"description":"Classe 1980, laureato in storia, mi occupo dell&rsquo;area di Gallarate e di Malpensa, di trasporti e mobilit&agrave;. Amo molto la dimensione della citt&agrave;, come luogo d&rsquo;incontro di persone diverse e come organismo che si trasforma costantemente. Mi piace anche raccontare le piccole e grandi vicende, anche locali, che compongono la Storia con la S maiuscola. Appassionato di bicicletta: la macchina perfetta per muoversi in citt&agrave; e per viaggiare.","sameAs":["https:\/\/twitter.com\/ilmorands"],"url":"https:\/\/staging.varesenews.it\/persona\/roberto-morandi1\/"}]}},"post_meta":{"_edit_lock":"1452584125:46","_edit_last":"46","_category_permalink":"3","ratings_users":"0","ratings_score":"0","ratings_average":"0","wdfb_og_title":"","wdfb_og_type":"","wdfb_og_description":"","wdfb_og_images":"a:1:{i:0;s:0:\"\";}","wdfb_og_custom_name":"a:1:{i:0;s:0:\"\";}","wdfb_og_custom_value":"a:1:{i:0;s:0:\"\";}","foto":"419878","firma_come_redazione":"1","argomento":"Gallarate","_jd_twitter":"","_jd_tweet_this":"yes","_wpt_short_url":"http:\/\/www.varesenews.it\/2016\/01\/the-intern-al-cineforum-in-inglese-delle-arti\/475450\/","_wp_jd_target":"http:\/\/www.varesenews.it\/2016\/01\/the-intern-al-cineforum-in-inglese-delle-arti\/475450\/","_jd_wp_twitter":"a:1:{i:0;s:164:\"\"The intern\" al cineforum in inglese delle Arti http:\/\/www.varesenews.it\/2016\/01\/the-intern-al-cineforum-in-inglese-delle-arti\/475450\/ #cineforum #cinema #gallarate\";}","_wpt_status_message":"Tweet inviato con successo."},"photos":[{"original":false,"full":false,"large":false}],"_links":{"self":[{"href":"https:\/\/staging.varesenews.it\/swgapi\/v1\/wp\/v2\/posts\/475450"}],"collection":[{"href":"https:\/\/staging.varesenews.it\/swgapi\/v1\/wp\/v2\/posts"}],"about":[{"href":"https:\/\/staging.varesenews.it\/swgapi\/v1\/wp\/v2\/types\/post"}],"author":[{"embeddable":true,"href":"https:\/\/staging.varesenews.it\/swgapi\/v1\/wp\/v2\/users\/46"}],"replies":[{"embeddable":true,"href":"https:\/\/staging.varesenews.it\/swgapi\/v1\/wp\/v2\/comments?post=475450"}],"version-history":[{"count":0,"href":"https:\/\/staging.varesenews.it\/swgapi\/v1\/wp\/v2\/posts\/475450\/revisions"}],"wp:attachment":[{"href":"https:\/\/staging.varesenews.it\/swgapi\/v1\/wp\/v2\/media?parent=475450"}],"wp:term":[{"taxonomy":"category","embeddable":true,"href":"https:\/\/staging.varesenews.it\/swgapi\/v1\/wp\/v2\/categories?post=475450"},{"taxonomy":"post_tag","embeddable":true,"href":"https:\/\/staging.varesenews.it\/swgapi\/v1\/wp\/v2\/tags?post=475450"}],"curies":[{"name":"wp","href":"https:\/\/api.w.org\/{rel}","templated":true}]}}