{"id":475582,"date":"2016-01-12T11:41:24","date_gmt":"2016-01-12T10:41:24","guid":{"rendered":"http:\/\/www.varesenews.it\/?p=475582"},"modified":"2016-01-12T11:41:24","modified_gmt":"2016-01-12T10:41:24","slug":"al-centro-raccolta-rifiuti-si-accede-con-la-crs","status":"publish","type":"post","link":"https:\/\/staging.varesenews.it\/2016\/01\/al-centro-raccolta-rifiuti-si-accede-con-la-crs\/475582\/","title":{"rendered":"Al centro raccolta rifiuti si accede con la Crs"},"content":{"rendered":"<p>Con il nuovo anno a Castellanza cambiano le modalit\u00e0 di accesso al Centro di Raccolta dei Rifiuti in via Turati. <strong>Nei giorni scorsi sono, infatti, state ultimate le operazioni di aggiornamento del sistema di accesso al Centro di Raccolta Rifiuti.<\/strong><\/p>\n<p>Per accedere all\u2019area \u00e8 ora necessario avere con s\u00e9 la Carta Regionale dei Servizi (C.R.S.) oppure la Carta Nazionale dei Servizi (C.N.S.). <strong>La carta sostituisce la tessera da anni in possesso delle famiglie castellanzesi<\/strong> (la vecchia tessera non \u00e8 pi\u00f9 utilizzabile per l\u2019accesso in piazzola, ma \u00e8 opportuno conservarla per altri possibili utilizzi). Per aziende ed artigiani iscritti al ruolo della tassa rifiuti \u00e8 disponibile, previa richiesta agli uffici SIECO presso il Comune, un\u2019apposita tessera \u201cSIECOcard\u201d che consente l\u2019accesso al Centro di Raccolta Rifiuti.<\/p>\n<p>Si ricorda che si portano in piazzola tutti quei rifiuti che non sono raccolti porta a porta, ovvero i rifiuti ingombranti (es. divani, materassi), elettrodomestici e i rifiuti tossici o pericolosi come batterie esauste, liquidi come gli oli, rifiuti tecnologici, prodotti tossici per l&#8217;igiene domestica nonch\u00e9 i grossi quantitativi di rifiuti recuperabili.<\/p>\n<p>Il centro comunale per la raccolta differenziata \u00e8 aperto tutti i giorni secondo i seguenti orari:<\/p>\n<ul class=\"viewUL BLOBListSymbolDisc\">\n<li class=\"viewLI BLOBAlignLeft\"><span class=\"userFormat3\">PERIODO ESTIVO<\/span>\u00a0dal 1\u00b0 aprile al 30 settembre: dal Luned\u00ec al Sabato dalle 9,00 alle 12,00 e dalle 15,30 alle 18,00; la Domenica dalle 9,00 alle 12,00<\/li>\n<li class=\"viewLI BLOBAlignLeft\"><span class=\"userFormat3\">PERIODO INVERNALE<\/span>\u00a0dal 1\u00b0 ottobre al 31 marzo: dal Luned\u00ec al Sabato dalle 9,00 alle 12,00 e dalle 14,30 alle 17,00; la Domenica dalle 9,00 alle 12,00<\/li>\n<\/ul>\n<div class=\"viewPar BLOBAlignJustify\">\n<p>Si precisa che durante l&#8217;intera giornata di luned\u00ec e il venerd\u00ec pomeriggio l&#8217;accesso \u00e8 riservato alle ditte e alle attivit\u00e0 commerciali.<\/p>\n<\/div>\n","protected":false},"excerpt":{"rendered":"<p>Con il nuovo anno a Castellanza cambiano le modalit\u00e0 di accesso al Centro di Raccolta dei Rifiuti in via Turati: si entra con la carta regionale dei servizi<\/p>\n","protected":false},"author":42,"featured_media":0,"comment_status":"open","ping_status":"open","sticky":false,"template":"","format":"standard","meta":{"footnotes":""},"categories":[4],"tags":[33742,3263,394,3435],"acf":[],"yoast_head":"<!-- This site is optimized with the Yoast SEO plugin v20.1 - https:\/\/yoast.com\/wordpress\/plugins\/seo\/ -->\n<title>Al centro raccolta rifiuti si accede con la Crs<\/title>\n<meta name=\"description\" content=\"Con il nuovo anno a Castellanza cambiano le modalit\u00e0 di accesso al Centro di Raccolta dei Rifiuti in via Turati: si entra con la carta regionale dei servizi\" \/>\n<meta name=\"robots\" content=\"noindex, follow, max-snippet:-1, max-image-preview:large, max-video-preview:-1\" \/>\n<meta property=\"og:locale\" content=\"it_IT\" \/>\n<meta property=\"og:type\" content=\"article\" \/>\n<meta property=\"og:title\" content=\"Al centro raccolta rifiuti si accede con la Crs\" \/>\n<meta property=\"og:description\" content=\"Con il nuovo anno a Castellanza cambiano le modalit\u00e0 di accesso al Centro di Raccolta dei Rifiuti in via Turati: si entra con la carta regionale dei servizi\" \/>\n<meta property=\"og:url\" content=\"https:\/\/staging.varesenews.it\/2016\/01\/al-centro-raccolta-rifiuti-si-accede-con-la-crs\/475582\/\" \/>\n<meta property=\"og:site_name\" content=\"VareseNews\" \/>\n<meta property=\"article:publisher\" content=\"https:\/\/www.facebook.com\/varesenews\" \/>\n<meta property=\"article:published_time\" content=\"2016-01-12T10:41:24+00:00\" \/>\n<meta name=\"author\" content=\"Marco Corso\" \/>\n<meta name=\"twitter:card\" content=\"summary_large_image\" \/>\n<meta name=\"twitter:creator\" content=\"@varesenews\" \/>\n<meta name=\"twitter:site\" content=\"@varesenews\" \/>\n<meta name=\"twitter:label1\" content=\"Scritto da\" \/>\n\t<meta name=\"twitter:data1\" content=\"Marco Corso\" \/>\n\t<meta name=\"twitter:label2\" content=\"Tempo di lettura stimato\" \/>\n\t<meta name=\"twitter:data2\" content=\"1 minuto\" \/>\n<script type=\"application\/ld+json\" class=\"yoast-schema-graph\">{\"@context\":\"https:\/\/schema.org\",\"@graph\":[{\"@type\":\"WebPage\",\"@id\":\"https:\/\/staging.varesenews.it\/2016\/01\/al-centro-raccolta-rifiuti-si-accede-con-la-crs\/475582\/\",\"url\":\"https:\/\/staging.varesenews.it\/2016\/01\/al-centro-raccolta-rifiuti-si-accede-con-la-crs\/475582\/\",\"name\":\"Al centro raccolta rifiuti si accede con la Crs\",\"isPartOf\":{\"@id\":\"https:\/\/staging.varesenews.it\/#website\"},\"datePublished\":\"2016-01-12T10:41:24+00:00\",\"dateModified\":\"2016-01-12T10:41:24+00:00\",\"author\":{\"@id\":\"https:\/\/staging.varesenews.it\/#\/schema\/person\/f0b866bf1a4a7b2b1558574309a927fa\"},\"description\":\"Con il nuovo anno a Castellanza cambiano le modalit\u00e0 di accesso al Centro di Raccolta dei Rifiuti in via Turati: si entra con la carta regionale dei servizi\",\"breadcrumb\":{\"@id\":\"https:\/\/staging.varesenews.it\/2016\/01\/al-centro-raccolta-rifiuti-si-accede-con-la-crs\/475582\/#breadcrumb\"},\"inLanguage\":\"it-IT\",\"potentialAction\":[{\"@type\":\"ReadAction\",\"target\":[\"https:\/\/staging.varesenews.it\/2016\/01\/al-centro-raccolta-rifiuti-si-accede-con-la-crs\/475582\/\"]}]},{\"@type\":\"BreadcrumbList\",\"@id\":\"https:\/\/staging.varesenews.it\/2016\/01\/al-centro-raccolta-rifiuti-si-accede-con-la-crs\/475582\/#breadcrumb\",\"itemListElement\":[{\"@type\":\"ListItem\",\"position\":1,\"name\":\"Home\",\"item\":\"https:\/\/www.varesenews.it\/\"},{\"@type\":\"ListItem\",\"position\":2,\"name\":\"Al centro raccolta rifiuti si accede con la Crs\"}]},{\"@type\":\"WebSite\",\"@id\":\"https:\/\/staging.varesenews.it\/#website\",\"url\":\"https:\/\/staging.varesenews.it\/\",\"name\":\"VareseNews\",\"description\":\"\",\"potentialAction\":[{\"@type\":\"SearchAction\",\"target\":{\"@type\":\"EntryPoint\",\"urlTemplate\":\"https:\/\/staging.varesenews.it\/?s={search_term_string}\"},\"query-input\":\"required name=search_term_string\"}],\"inLanguage\":\"it-IT\"},{\"@type\":\"Person\",\"@id\":\"https:\/\/staging.varesenews.it\/#\/schema\/person\/f0b866bf1a4a7b2b1558574309a927fa\",\"name\":\"Marco Corso\",\"image\":{\"@type\":\"ImageObject\",\"inLanguage\":\"it-IT\",\"@id\":\"https:\/\/staging.varesenews.it\/#\/schema\/person\/image\/\",\"url\":\"https:\/\/staging.varesenews.it\/wp-content\/uploads\/2020\/12\/marco_corso_colori_500.jpg\",\"contentUrl\":\"https:\/\/staging.varesenews.it\/wp-content\/uploads\/2020\/12\/marco_corso_colori_500.jpg\",\"caption\":\"Marco Corso\"},\"description\":\"Classe 91, per diversi anni mi sono fregiato del titolo di pi&ugrave; giovane della redazione, ma adesso faccio il fratello maggiore alle nuove leve. Mi sono laureato nel 2013 in Scienze Sociali per la Globalizzazione alla Statale di Milano e nel 2015 mi sono diplomato in videogiornalismo alla Civica Scuola di Cinema di Milano. A VareseNews da 10 anni, ho seguito da sempre diversi progetti, partendo dalla mia Busto Arsizio per attraversare tutta la provincia. Adesso la \\\"sorvolo\\\" anche con il mio drone, regalando alle mie riprese sempre un punto di vista emozionale e narrativo sui luoghi e le vicende che racconto, ma rimanendo fedele alla cronaca. Quando non faccio il giornalista viaggio o mi arrampico sui monti, per guardare il mondo da altri punti di vista.\",\"sameAs\":[\"mar_corso\"],\"url\":\"https:\/\/staging.varesenews.it\/persona\/marco-corso1\/\"}]}<\/script>\n<!-- \/ Yoast SEO plugin. -->","yoast_head_json":{"title":"Al centro raccolta rifiuti si accede con la Crs","description":"Con il nuovo anno a Castellanza cambiano le modalit\u00e0 di accesso al Centro di Raccolta dei Rifiuti in via Turati: si entra con la carta regionale dei servizi","robots":{"index":"noindex","follow":"follow","max-snippet":"max-snippet:-1","max-image-preview":"max-image-preview:large","max-video-preview":"max-video-preview:-1"},"og_locale":"it_IT","og_type":"article","og_title":"Al centro raccolta rifiuti si accede con la Crs","og_description":"Con il nuovo anno a Castellanza cambiano le modalit\u00e0 di accesso al Centro di Raccolta dei Rifiuti in via Turati: si entra con la carta regionale dei servizi","og_url":"https:\/\/staging.varesenews.it\/2016\/01\/al-centro-raccolta-rifiuti-si-accede-con-la-crs\/475582\/","og_site_name":"VareseNews","article_publisher":"https:\/\/www.facebook.com\/varesenews","article_published_time":"2016-01-12T10:41:24+00:00","author":"Marco Corso","twitter_card":"summary_large_image","twitter_creator":"@varesenews","twitter_site":"@varesenews","twitter_misc":{"Scritto da":"Marco Corso","Tempo di lettura stimato":"1 minuto"},"schema":{"@context":"https:\/\/schema.org","@graph":[{"@type":"WebPage","@id":"https:\/\/staging.varesenews.it\/2016\/01\/al-centro-raccolta-rifiuti-si-accede-con-la-crs\/475582\/","url":"https:\/\/staging.varesenews.it\/2016\/01\/al-centro-raccolta-rifiuti-si-accede-con-la-crs\/475582\/","name":"Al centro raccolta rifiuti si accede con la Crs","isPartOf":{"@id":"https:\/\/staging.varesenews.it\/#website"},"datePublished":"2016-01-12T10:41:24+00:00","dateModified":"2016-01-12T10:41:24+00:00","author":{"@id":"https:\/\/staging.varesenews.it\/#\/schema\/person\/f0b866bf1a4a7b2b1558574309a927fa"},"description":"Con il nuovo anno a Castellanza cambiano le modalit\u00e0 di accesso al Centro di Raccolta dei Rifiuti in via Turati: si entra con la carta regionale dei servizi","breadcrumb":{"@id":"https:\/\/staging.varesenews.it\/2016\/01\/al-centro-raccolta-rifiuti-si-accede-con-la-crs\/475582\/#breadcrumb"},"inLanguage":"it-IT","potentialAction":[{"@type":"ReadAction","target":["https:\/\/staging.varesenews.it\/2016\/01\/al-centro-raccolta-rifiuti-si-accede-con-la-crs\/475582\/"]}]},{"@type":"BreadcrumbList","@id":"https:\/\/staging.varesenews.it\/2016\/01\/al-centro-raccolta-rifiuti-si-accede-con-la-crs\/475582\/#breadcrumb","itemListElement":[{"@type":"ListItem","position":1,"name":"Home","item":"https:\/\/www.varesenews.it\/"},{"@type":"ListItem","position":2,"name":"Al centro raccolta rifiuti si accede con la Crs"}]},{"@type":"WebSite","@id":"https:\/\/staging.varesenews.it\/#website","url":"https:\/\/staging.varesenews.it\/","name":"VareseNews","description":"","potentialAction":[{"@type":"SearchAction","target":{"@type":"EntryPoint","urlTemplate":"https:\/\/staging.varesenews.it\/?s={search_term_string}"},"query-input":"required name=search_term_string"}],"inLanguage":"it-IT"},{"@type":"Person","@id":"https:\/\/staging.varesenews.it\/#\/schema\/person\/f0b866bf1a4a7b2b1558574309a927fa","name":"Marco Corso","image":{"@type":"ImageObject","inLanguage":"it-IT","@id":"https:\/\/staging.varesenews.it\/#\/schema\/person\/image\/","url":"https:\/\/staging.varesenews.it\/wp-content\/uploads\/2020\/12\/marco_corso_colori_500.jpg","contentUrl":"https:\/\/staging.varesenews.it\/wp-content\/uploads\/2020\/12\/marco_corso_colori_500.jpg","caption":"Marco Corso"},"description":"Classe 91, per diversi anni mi sono fregiato del titolo di pi&ugrave; giovane della redazione, ma adesso faccio il fratello maggiore alle nuove leve. Mi sono laureato nel 2013 in Scienze Sociali per la Globalizzazione alla Statale di Milano e nel 2015 mi sono diplomato in videogiornalismo alla Civica Scuola di Cinema di Milano. A VareseNews da 10 anni, ho seguito da sempre diversi progetti, partendo dalla mia Busto Arsizio per attraversare tutta la provincia. Adesso la \"sorvolo\" anche con il mio drone, regalando alle mie riprese sempre un punto di vista emozionale e narrativo sui luoghi e le vicende che racconto, ma rimanendo fedele alla cronaca. Quando non faccio il giornalista viaggio o mi arrampico sui monti, per guardare il mondo da altri punti di vista.","sameAs":["mar_corso"],"url":"https:\/\/staging.varesenews.it\/persona\/marco-corso1\/"}]}},"post_meta":{"_edit_lock":"1452596693:42","_edit_last":"42","_category_permalink":"","wdfb_og_title":"","wdfb_og_type":"","wdfb_og_description":"","wdfb_og_images":"a:1:{i:0;s:0:\"\";}","wdfb_og_custom_name":"a:1:{i:0;s:0:\"\";}","wdfb_og_custom_value":"a:1:{i:0;s:0:\"\";}","foto":"505088","firma_come_redazione":"1","argomento":"Castellanza","_jd_twitter":"","_jd_tweet_this":"yes","ratings_users":"0","ratings_score":"0","ratings_average":"0","_wpt_short_url":"http:\/\/www.varesenews.it\/2016\/01\/al-centro-raccolta-rifiuti-si-accede-con-la-crs\/475582\/","_wp_jd_target":"http:\/\/www.varesenews.it\/2016\/01\/al-centro-raccolta-rifiuti-si-accede-con-la-crs\/475582\/","_jd_wp_twitter":"a:1:{i:0;s:152:\"Al centro raccolta rifiuti si accede con la Crs http:\/\/www.varesenews.it\/2016\/01\/al-centro-raccolta-rifiuti-si-accede-con-la-crs\/475582\/ #rifiuti #sieco\";}","_wpt_status_message":"Tweet inviato con successo."},"photos":[{"original":"https:\/\/staging.varesenews.it\/photogallery_new\/images\/2016\/01\/varie-505088.jpg","full":"https:\/\/staging.varesenews.it\/photogallery_new\/images\/2016\/01\/varie-505088.1024x768.jpg","large":"https:\/\/staging.varesenews.it\/photogallery_new\/images\/2016\/01\/varie-505088.610x431.jpg"}],"_links":{"self":[{"href":"https:\/\/staging.varesenews.it\/swgapi\/v1\/wp\/v2\/posts\/475582"}],"collection":[{"href":"https:\/\/staging.varesenews.it\/swgapi\/v1\/wp\/v2\/posts"}],"about":[{"href":"https:\/\/staging.varesenews.it\/swgapi\/v1\/wp\/v2\/types\/post"}],"author":[{"embeddable":true,"href":"https:\/\/staging.varesenews.it\/swgapi\/v1\/wp\/v2\/users\/42"}],"replies":[{"embeddable":true,"href":"https:\/\/staging.varesenews.it\/swgapi\/v1\/wp\/v2\/comments?post=475582"}],"version-history":[{"count":0,"href":"https:\/\/staging.varesenews.it\/swgapi\/v1\/wp\/v2\/posts\/475582\/revisions"}],"wp:attachment":[{"href":"https:\/\/staging.varesenews.it\/swgapi\/v1\/wp\/v2\/media?parent=475582"}],"wp:term":[{"taxonomy":"category","embeddable":true,"href":"https:\/\/staging.varesenews.it\/swgapi\/v1\/wp\/v2\/categories?post=475582"},{"taxonomy":"post_tag","embeddable":true,"href":"https:\/\/staging.varesenews.it\/swgapi\/v1\/wp\/v2\/tags?post=475582"}],"curies":[{"name":"wp","href":"https:\/\/api.w.org\/{rel}","templated":true}]}}