{"id":475884,"date":"2016-01-13T11:06:10","date_gmt":"2016-01-13T10:06:10","guid":{"rendered":"http:\/\/www.varesenews.it\/?p=475884"},"modified":"2016-01-13T11:06:10","modified_gmt":"2016-01-13T10:06:10","slug":"raccolta-differenziata-pronta-la-distribuzione-dei-kit","status":"publish","type":"post","link":"https:\/\/staging.varesenews.it\/2016\/01\/raccolta-differenziata-pronta-la-distribuzione-dei-kit\/475884\/","title":{"rendered":"Raccolta differenziata, pronta la distribuzione dei kit"},"content":{"rendered":"<p>Inizier\u00e0 luned\u00ec 25 gennaio la distribuzione del calendario e dei sacchi per la raccolta differenziata di Fagnano Olona. <strong>I kit potranno essere ritirati presso il centro multiraccolta di via Nobile fino a domenica 14 febbraio,<\/strong> presentandosi con la propria tessera magnetica di accesso\u00a0allo stesso.<\/p>\n<p>I sacchi potranno essere poi ritirati anche il 4, 5 e 6 marzo, sempre nella stessa location. Il centro \u00e8 aperto tutti i giorni dalle 8.00 alle 12.30 e i pomeriggi di marted\u00ec, gioved\u00ec e sabato dalle 14 alle 17. Chiuso il mercoled\u00ec.<\/p>\n<p>Chi fosse impossibilitato ad andare di persona, potr\u00e0 consegnare la propria tessera a persona di fiducia che provveder\u00e0 al ritiro. E come per tutti gli anni per evitare lunghe attese, \u00e8 consigliabile recarsi al centro multiraccolta durante la settimana e non nel weekend.<\/p>\n","protected":false},"excerpt":{"rendered":"<p>Partir\u00e0 il 25 gennaio la distribuzione dei kit per la raccolta differenziata al centro multiraccolta di via Nobile. Ecco orari e modalit\u00e0 di ritiro<\/p>\n","protected":false},"author":42,"featured_media":0,"comment_status":"open","ping_status":"open","sticky":false,"template":"","format":"standard","meta":{"footnotes":""},"categories":[4],"tags":[3263,394],"acf":[],"yoast_head":"<!-- This site is optimized with the Yoast SEO plugin v20.1 - https:\/\/yoast.com\/wordpress\/plugins\/seo\/ -->\n<title>Raccolta differenziata, pronta la distribuzione dei kit<\/title>\n<meta name=\"description\" content=\"Partir\u00e0 il 25 gennaio la distribuzione dei kit per la raccolta differenziata al centro multiraccolta di via Nobile. Ecco orari e modalit\u00e0 di ritiro\" \/>\n<meta name=\"robots\" content=\"noindex, follow, max-snippet:-1, max-image-preview:large, max-video-preview:-1\" \/>\n<meta property=\"og:locale\" content=\"it_IT\" \/>\n<meta property=\"og:type\" content=\"article\" \/>\n<meta property=\"og:title\" content=\"Raccolta differenziata, pronta la distribuzione dei kit\" \/>\n<meta property=\"og:description\" content=\"Partir\u00e0 il 25 gennaio la distribuzione dei kit per la raccolta differenziata al centro multiraccolta di via Nobile. Ecco orari e modalit\u00e0 di ritiro\" \/>\n<meta property=\"og:url\" content=\"https:\/\/staging.varesenews.it\/2016\/01\/raccolta-differenziata-pronta-la-distribuzione-dei-kit\/475884\/\" \/>\n<meta property=\"og:site_name\" content=\"VareseNews\" \/>\n<meta property=\"article:publisher\" content=\"https:\/\/www.facebook.com\/varesenews\" \/>\n<meta property=\"article:published_time\" content=\"2016-01-13T10:06:10+00:00\" \/>\n<meta name=\"author\" content=\"Marco Corso\" \/>\n<meta name=\"twitter:card\" content=\"summary_large_image\" \/>\n<meta name=\"twitter:creator\" content=\"@varesenews\" \/>\n<meta name=\"twitter:site\" content=\"@varesenews\" \/>\n<meta name=\"twitter:label1\" content=\"Scritto da\" \/>\n\t<meta name=\"twitter:data1\" content=\"Marco Corso\" \/>\n\t<meta name=\"twitter:label2\" content=\"Tempo di lettura stimato\" \/>\n\t<meta name=\"twitter:data2\" content=\"1 minuto\" \/>\n<script type=\"application\/ld+json\" class=\"yoast-schema-graph\">{\"@context\":\"https:\/\/schema.org\",\"@graph\":[{\"@type\":\"WebPage\",\"@id\":\"https:\/\/staging.varesenews.it\/2016\/01\/raccolta-differenziata-pronta-la-distribuzione-dei-kit\/475884\/\",\"url\":\"https:\/\/staging.varesenews.it\/2016\/01\/raccolta-differenziata-pronta-la-distribuzione-dei-kit\/475884\/\",\"name\":\"Raccolta differenziata, pronta la distribuzione dei kit\",\"isPartOf\":{\"@id\":\"https:\/\/staging.varesenews.it\/#website\"},\"datePublished\":\"2016-01-13T10:06:10+00:00\",\"dateModified\":\"2016-01-13T10:06:10+00:00\",\"author\":{\"@id\":\"https:\/\/staging.varesenews.it\/#\/schema\/person\/f0b866bf1a4a7b2b1558574309a927fa\"},\"description\":\"Partir\u00e0 il 25 gennaio la distribuzione dei kit per la raccolta differenziata al centro multiraccolta di via Nobile. Ecco orari e modalit\u00e0 di ritiro\",\"breadcrumb\":{\"@id\":\"https:\/\/staging.varesenews.it\/2016\/01\/raccolta-differenziata-pronta-la-distribuzione-dei-kit\/475884\/#breadcrumb\"},\"inLanguage\":\"it-IT\",\"potentialAction\":[{\"@type\":\"ReadAction\",\"target\":[\"https:\/\/staging.varesenews.it\/2016\/01\/raccolta-differenziata-pronta-la-distribuzione-dei-kit\/475884\/\"]}]},{\"@type\":\"BreadcrumbList\",\"@id\":\"https:\/\/staging.varesenews.it\/2016\/01\/raccolta-differenziata-pronta-la-distribuzione-dei-kit\/475884\/#breadcrumb\",\"itemListElement\":[{\"@type\":\"ListItem\",\"position\":1,\"name\":\"Home\",\"item\":\"https:\/\/www.varesenews.it\/\"},{\"@type\":\"ListItem\",\"position\":2,\"name\":\"Raccolta differenziata, pronta la distribuzione dei kit\"}]},{\"@type\":\"WebSite\",\"@id\":\"https:\/\/staging.varesenews.it\/#website\",\"url\":\"https:\/\/staging.varesenews.it\/\",\"name\":\"VareseNews\",\"description\":\"\",\"potentialAction\":[{\"@type\":\"SearchAction\",\"target\":{\"@type\":\"EntryPoint\",\"urlTemplate\":\"https:\/\/staging.varesenews.it\/?s={search_term_string}\"},\"query-input\":\"required name=search_term_string\"}],\"inLanguage\":\"it-IT\"},{\"@type\":\"Person\",\"@id\":\"https:\/\/staging.varesenews.it\/#\/schema\/person\/f0b866bf1a4a7b2b1558574309a927fa\",\"name\":\"Marco Corso\",\"image\":{\"@type\":\"ImageObject\",\"inLanguage\":\"it-IT\",\"@id\":\"https:\/\/staging.varesenews.it\/#\/schema\/person\/image\/\",\"url\":\"https:\/\/staging.varesenews.it\/wp-content\/uploads\/2020\/12\/marco_corso_colori_500.jpg\",\"contentUrl\":\"https:\/\/staging.varesenews.it\/wp-content\/uploads\/2020\/12\/marco_corso_colori_500.jpg\",\"caption\":\"Marco Corso\"},\"description\":\"Classe 91, per diversi anni mi sono fregiato del titolo di pi&ugrave; giovane della redazione, ma adesso faccio il fratello maggiore alle nuove leve. Mi sono laureato nel 2013 in Scienze Sociali per la Globalizzazione alla Statale di Milano e nel 2015 mi sono diplomato in videogiornalismo alla Civica Scuola di Cinema di Milano. A VareseNews da 10 anni, ho seguito da sempre diversi progetti, partendo dalla mia Busto Arsizio per attraversare tutta la provincia. Adesso la \\\"sorvolo\\\" anche con il mio drone, regalando alle mie riprese sempre un punto di vista emozionale e narrativo sui luoghi e le vicende che racconto, ma rimanendo fedele alla cronaca. Quando non faccio il giornalista viaggio o mi arrampico sui monti, per guardare il mondo da altri punti di vista.\",\"sameAs\":[\"mar_corso\"],\"url\":\"https:\/\/staging.varesenews.it\/persona\/marco-corso1\/\"}]}<\/script>\n<!-- \/ Yoast SEO plugin. -->","yoast_head_json":{"title":"Raccolta differenziata, pronta la distribuzione dei kit","description":"Partir\u00e0 il 25 gennaio la distribuzione dei kit per la raccolta differenziata al centro multiraccolta di via Nobile. Ecco orari e modalit\u00e0 di ritiro","robots":{"index":"noindex","follow":"follow","max-snippet":"max-snippet:-1","max-image-preview":"max-image-preview:large","max-video-preview":"max-video-preview:-1"},"og_locale":"it_IT","og_type":"article","og_title":"Raccolta differenziata, pronta la distribuzione dei kit","og_description":"Partir\u00e0 il 25 gennaio la distribuzione dei kit per la raccolta differenziata al centro multiraccolta di via Nobile. Ecco orari e modalit\u00e0 di ritiro","og_url":"https:\/\/staging.varesenews.it\/2016\/01\/raccolta-differenziata-pronta-la-distribuzione-dei-kit\/475884\/","og_site_name":"VareseNews","article_publisher":"https:\/\/www.facebook.com\/varesenews","article_published_time":"2016-01-13T10:06:10+00:00","author":"Marco Corso","twitter_card":"summary_large_image","twitter_creator":"@varesenews","twitter_site":"@varesenews","twitter_misc":{"Scritto da":"Marco Corso","Tempo di lettura stimato":"1 minuto"},"schema":{"@context":"https:\/\/schema.org","@graph":[{"@type":"WebPage","@id":"https:\/\/staging.varesenews.it\/2016\/01\/raccolta-differenziata-pronta-la-distribuzione-dei-kit\/475884\/","url":"https:\/\/staging.varesenews.it\/2016\/01\/raccolta-differenziata-pronta-la-distribuzione-dei-kit\/475884\/","name":"Raccolta differenziata, pronta la distribuzione dei kit","isPartOf":{"@id":"https:\/\/staging.varesenews.it\/#website"},"datePublished":"2016-01-13T10:06:10+00:00","dateModified":"2016-01-13T10:06:10+00:00","author":{"@id":"https:\/\/staging.varesenews.it\/#\/schema\/person\/f0b866bf1a4a7b2b1558574309a927fa"},"description":"Partir\u00e0 il 25 gennaio la distribuzione dei kit per la raccolta differenziata al centro multiraccolta di via Nobile. Ecco orari e modalit\u00e0 di ritiro","breadcrumb":{"@id":"https:\/\/staging.varesenews.it\/2016\/01\/raccolta-differenziata-pronta-la-distribuzione-dei-kit\/475884\/#breadcrumb"},"inLanguage":"it-IT","potentialAction":[{"@type":"ReadAction","target":["https:\/\/staging.varesenews.it\/2016\/01\/raccolta-differenziata-pronta-la-distribuzione-dei-kit\/475884\/"]}]},{"@type":"BreadcrumbList","@id":"https:\/\/staging.varesenews.it\/2016\/01\/raccolta-differenziata-pronta-la-distribuzione-dei-kit\/475884\/#breadcrumb","itemListElement":[{"@type":"ListItem","position":1,"name":"Home","item":"https:\/\/www.varesenews.it\/"},{"@type":"ListItem","position":2,"name":"Raccolta differenziata, pronta la distribuzione dei kit"}]},{"@type":"WebSite","@id":"https:\/\/staging.varesenews.it\/#website","url":"https:\/\/staging.varesenews.it\/","name":"VareseNews","description":"","potentialAction":[{"@type":"SearchAction","target":{"@type":"EntryPoint","urlTemplate":"https:\/\/staging.varesenews.it\/?s={search_term_string}"},"query-input":"required name=search_term_string"}],"inLanguage":"it-IT"},{"@type":"Person","@id":"https:\/\/staging.varesenews.it\/#\/schema\/person\/f0b866bf1a4a7b2b1558574309a927fa","name":"Marco Corso","image":{"@type":"ImageObject","inLanguage":"it-IT","@id":"https:\/\/staging.varesenews.it\/#\/schema\/person\/image\/","url":"https:\/\/staging.varesenews.it\/wp-content\/uploads\/2020\/12\/marco_corso_colori_500.jpg","contentUrl":"https:\/\/staging.varesenews.it\/wp-content\/uploads\/2020\/12\/marco_corso_colori_500.jpg","caption":"Marco Corso"},"description":"Classe 91, per diversi anni mi sono fregiato del titolo di pi&ugrave; giovane della redazione, ma adesso faccio il fratello maggiore alle nuove leve. Mi sono laureato nel 2013 in Scienze Sociali per la Globalizzazione alla Statale di Milano e nel 2015 mi sono diplomato in videogiornalismo alla Civica Scuola di Cinema di Milano. A VareseNews da 10 anni, ho seguito da sempre diversi progetti, partendo dalla mia Busto Arsizio per attraversare tutta la provincia. Adesso la \"sorvolo\" anche con il mio drone, regalando alle mie riprese sempre un punto di vista emozionale e narrativo sui luoghi e le vicende che racconto, ma rimanendo fedele alla cronaca. Quando non faccio il giornalista viaggio o mi arrampico sui monti, per guardare il mondo da altri punti di vista.","sameAs":["mar_corso"],"url":"https:\/\/staging.varesenews.it\/persona\/marco-corso1\/"}]}},"post_meta":{"_edit_lock":"1452681093:42","_edit_last":"42","_category_permalink":"","wdfb_og_title":"","wdfb_og_type":"","wdfb_og_description":"","wdfb_og_images":"a:1:{i:0;s:0:\"\";}","wdfb_og_custom_name":"a:1:{i:0;s:0:\"\";}","wdfb_og_custom_value":"a:1:{i:0;s:0:\"\";}","foto":"100148","firma_come_redazione":"1","argomento":"Fagnano Olona","_jd_twitter":"","_jd_tweet_this":"yes","ratings_users":"0","ratings_score":"0","ratings_average":"0","_wpt_short_url":"http:\/\/www.varesenews.it\/2016\/01\/raccolta-differenziata-pronta-la-distribuzione-dei-kit\/475884\/","_wp_jd_target":"http:\/\/www.varesenews.it\/2016\/01\/raccolta-differenziata-pronta-la-distribuzione-dei-kit\/475884\/","_jd_wp_twitter":"a:1:{i:0;s:160:\"Raccolta differenziata, pronta la distribuzione dei kit http:\/\/www.varesenews.it\/2016\/01\/raccolta-differenziata-pronta-la-distribuzione-dei-kit\/475884\/ #rifiuti\";}","_wpt_status_message":"Tweet inviato con successo."},"photos":[{"original":"https:\/\/staging.varesenews.it\/photogallery_new\/images\/2013\/12\/spazzatura-raccolta-differenziata-100148.jpg","full":"https:\/\/staging.varesenews.it\/photogallery_new\/images\/2013\/12\/spazzatura-raccolta-differenziata-100148.1024x768.jpg","large":"https:\/\/staging.varesenews.it\/photogallery_new\/images\/2013\/12\/spazzatura-raccolta-differenziata-100148.610x431.jpg"}],"_links":{"self":[{"href":"https:\/\/staging.varesenews.it\/swgapi\/v1\/wp\/v2\/posts\/475884"}],"collection":[{"href":"https:\/\/staging.varesenews.it\/swgapi\/v1\/wp\/v2\/posts"}],"about":[{"href":"https:\/\/staging.varesenews.it\/swgapi\/v1\/wp\/v2\/types\/post"}],"author":[{"embeddable":true,"href":"https:\/\/staging.varesenews.it\/swgapi\/v1\/wp\/v2\/users\/42"}],"replies":[{"embeddable":true,"href":"https:\/\/staging.varesenews.it\/swgapi\/v1\/wp\/v2\/comments?post=475884"}],"version-history":[{"count":0,"href":"https:\/\/staging.varesenews.it\/swgapi\/v1\/wp\/v2\/posts\/475884\/revisions"}],"wp:attachment":[{"href":"https:\/\/staging.varesenews.it\/swgapi\/v1\/wp\/v2\/media?parent=475884"}],"wp:term":[{"taxonomy":"category","embeddable":true,"href":"https:\/\/staging.varesenews.it\/swgapi\/v1\/wp\/v2\/categories?post=475884"},{"taxonomy":"post_tag","embeddable":true,"href":"https:\/\/staging.varesenews.it\/swgapi\/v1\/wp\/v2\/tags?post=475884"}],"curies":[{"name":"wp","href":"https:\/\/api.w.org\/{rel}","templated":true}]}}