{"id":475953,"date":"2016-01-13T14:42:26","date_gmt":"2016-01-13T13:42:26","guid":{"rendered":"http:\/\/www.varesenews.it\/?p=475953"},"modified":"2016-01-13T14:51:46","modified_gmt":"2016-01-13T13:51:46","slug":"rapina-e-lesioni-arrestato-rapinatore-15enne","status":"publish","type":"post","link":"https:\/\/staging.varesenews.it\/2016\/01\/rapina-e-lesioni-arrestato-rapinatore-15enne\/475953\/","title":{"rendered":"Rapina e lesioni per rubare borse, arrestato 15enne"},"content":{"rendered":"<p><strong>Ha 15 anni ed \u00e8 responsabile di una rapina aggravata, di un tentativo di rapina e di uno scippo<\/strong>, avvenuti tutti in questi mesi a Saronno. Su di lui anche l&#8217;accusa di\u00a0<strong>lesioni aggravate<\/strong>. A finire nei guai \u00e8 un giovane di origine tunisina, riconosciuto da diversi testimoni come responsabile dei fatti che hanno preso il via lo scorso 9 agosto, in centro citt\u00e0, vicino a viale Rimembranze.<\/p>\n<p>Quella mattina, alle 9,<strong> una donna di 63 anni<\/strong> si stava dirigendo verso via Monti quando il 15enne l&#8217;ha raggiunta in bicicletta: strattonandola ha cerato di prenderle la borsa, ma la donna \u00e8 caduta a terra. Alcuni passanti sono accorsi per aiutare la donna e <strong>il ragazzo \u00e8 scappato facendo perdere le proprie tracce.<\/strong> Non era per\u00f2 riuscito a prendere la borsa. Sul posto \u00e8 arrivata subito la Polizia Locale che ha raccolto le prime testimonianze, mentre la 63enne <strong>ha riportato la frattura del collo del femore<\/strong> ed \u00e8 \u00e8 stata curata all&#8217;ospedale cittadino.<\/p>\n<p>Questo \u00e8 stato solo il primo episodio. Poco pi\u00f9 tardi, intorno alle 9.40, \u00e8 arrivata infatti ai carabinieri e alla polizia locale<strong> un&#8217;altra segnalazione da via D&#8217;Annunzio.<\/strong> Stessa metodologia: un ragazzo, sempre in sella a mountain bike gialla, <strong>aveva raggiunto alle spalle una donna di 81 anni<\/strong> cercando di prenderle la borsa. L&#8217;anziana \u00e8 caduta a terra ed \u00e8 stata costretta a lasciare la borsa con dentro 150 euro, un telefonino e altre oggetti personali. Ricoverata al Pronto Soccorso <strong>ha riportato la frattura dell&#8217;omero sinistro.\u00a0<\/strong><\/p>\n<p>Subito sono partite le indagini dei carabinieri che hanno ricostruito l&#8217;identikit del ragazzo: <strong>pelle scura, capelli rasati ai lati con la cresta centrale di colore molto chiaro<\/strong>, indossava una<strong> maglietta rossa da calcio con un numero 11 sulla schiena<\/strong>. Grazie a questa ricostruzione il giovane \u00e8 stato riconosciuto, qualche giorno pi\u00f9 tardi, in stazione a Saronno. \u00c8 stato portato in caserma e fotosegnalato. Le vittime hanno poi confermato che si trattava del responsabile. <strong>Con s\u00e9 aveva anche\u00a04 grammi di hashish.<\/strong> \u00c8 quindi scattata la denuncia.<\/p>\n<p>Ma non \u00e8 finita. Non contento il 15enne ha agito ancora: <strong>il 25 settembre ha preso di mira una mamma con una carrozzina<\/strong>, che passeggiava in via Toti. Ha preso con la forza la borsa della donna che era appesa al passeggino ed \u00e8 fuggito,<strong> facendo cadere la mamma e anche il piccolo mezzo.<\/strong> Per fortuna sia la mamma che la bimba\u00a0sono rimaste illese.<\/p>\n<p>Lo scorso 30 novembre <strong>\u00e8 arrivata quindi l&#8217;ordinanza della custodia cautelare in carcere<\/strong> per i reati di rapina aggravata, tentata rapina, scippo e lesioni aggravate. Il ragazzo, per\u00f2, si \u00e8 reso irreperibile. Ma \u00e8 stato riconosciuto in stazione a Saronno proprio nella giornata di marted\u00ec 12 gennaio. <strong>\u00c8 stato arrestato e adesso si trova\u00a0\u00a0all&#8217;ex carcere minorile Cesare Beccaria.\u00a0<\/strong><\/p>\n","protected":false},"excerpt":{"rendered":"<p>Il ragazzo aveva rubato la borsa a tre donne in diversi episodi: due di loro si sono rotte femore e omero nel cercare di resistere<\/p>\n","protected":false},"author":51,"featured_media":0,"comment_status":"open","ping_status":"open","sticky":false,"template":"","format":"standard","meta":{"footnotes":""},"categories":[5],"tags":[841,1795],"acf":[],"yoast_head":"<!-- This site is optimized with the Yoast SEO plugin v20.1 - https:\/\/yoast.com\/wordpress\/plugins\/seo\/ -->\n<title>Rapina e lesioni per rubare borse, arrestato 15enne<\/title>\n<meta name=\"description\" content=\"Il ragazzo aveva rubato la borsa a tre donne in diversi episodi: due di loro si sono rotte femore e omero nel cercare di resistere\" \/>\n<meta name=\"robots\" content=\"noindex, follow, max-snippet:-1, max-image-preview:large, max-video-preview:-1\" \/>\n<meta property=\"og:locale\" content=\"it_IT\" \/>\n<meta property=\"og:type\" content=\"article\" \/>\n<meta property=\"og:title\" content=\"Rapina e lesioni per rubare borse, arrestato 15enne\" \/>\n<meta property=\"og:description\" content=\"Il ragazzo aveva rubato la borsa a tre donne in diversi episodi: due di loro si sono rotte femore e omero nel cercare di resistere\" \/>\n<meta property=\"og:url\" content=\"https:\/\/staging.varesenews.it\/2016\/01\/rapina-e-lesioni-arrestato-rapinatore-15enne\/475953\/\" \/>\n<meta property=\"og:site_name\" content=\"VareseNews\" \/>\n<meta property=\"article:publisher\" content=\"https:\/\/www.facebook.com\/varesenews\" \/>\n<meta property=\"article:author\" content=\"https:\/\/www.facebook.com\/manuel.sgarella\" \/>\n<meta property=\"article:published_time\" content=\"2016-01-13T13:42:26+00:00\" \/>\n<meta property=\"article:modified_time\" content=\"2016-01-13T13:51:46+00:00\" \/>\n<meta name=\"author\" content=\"Manuel Sgarella\" \/>\n<meta name=\"twitter:card\" content=\"summary_large_image\" \/>\n<meta name=\"twitter:creator\" content=\"@Sgarel\" \/>\n<meta name=\"twitter:site\" content=\"@varesenews\" \/>\n<meta name=\"twitter:label1\" content=\"Scritto da\" \/>\n\t<meta name=\"twitter:data1\" content=\"Manuel Sgarella\" \/>\n\t<meta name=\"twitter:label2\" content=\"Tempo di lettura stimato\" \/>\n\t<meta name=\"twitter:data2\" content=\"2 minuti\" \/>\n<script type=\"application\/ld+json\" class=\"yoast-schema-graph\">{\"@context\":\"https:\/\/schema.org\",\"@graph\":[{\"@type\":\"WebPage\",\"@id\":\"https:\/\/staging.varesenews.it\/2016\/01\/rapina-e-lesioni-arrestato-rapinatore-15enne\/475953\/\",\"url\":\"https:\/\/staging.varesenews.it\/2016\/01\/rapina-e-lesioni-arrestato-rapinatore-15enne\/475953\/\",\"name\":\"Rapina e lesioni per rubare borse, arrestato 15enne\",\"isPartOf\":{\"@id\":\"https:\/\/staging.varesenews.it\/#website\"},\"datePublished\":\"2016-01-13T13:42:26+00:00\",\"dateModified\":\"2016-01-13T13:51:46+00:00\",\"author\":{\"@id\":\"https:\/\/staging.varesenews.it\/#\/schema\/person\/1ec987bf360cbcf5fab38b0367dbc9d4\"},\"description\":\"Il ragazzo aveva rubato la borsa a tre donne in diversi episodi: due di loro si sono rotte femore e omero nel cercare di resistere\",\"breadcrumb\":{\"@id\":\"https:\/\/staging.varesenews.it\/2016\/01\/rapina-e-lesioni-arrestato-rapinatore-15enne\/475953\/#breadcrumb\"},\"inLanguage\":\"it-IT\",\"potentialAction\":[{\"@type\":\"ReadAction\",\"target\":[\"https:\/\/staging.varesenews.it\/2016\/01\/rapina-e-lesioni-arrestato-rapinatore-15enne\/475953\/\"]}]},{\"@type\":\"BreadcrumbList\",\"@id\":\"https:\/\/staging.varesenews.it\/2016\/01\/rapina-e-lesioni-arrestato-rapinatore-15enne\/475953\/#breadcrumb\",\"itemListElement\":[{\"@type\":\"ListItem\",\"position\":1,\"name\":\"Home\",\"item\":\"https:\/\/www.varesenews.it\/\"},{\"@type\":\"ListItem\",\"position\":2,\"name\":\"Rapina e lesioni per rubare borse, arrestato 15enne\"}]},{\"@type\":\"WebSite\",\"@id\":\"https:\/\/staging.varesenews.it\/#website\",\"url\":\"https:\/\/staging.varesenews.it\/\",\"name\":\"VareseNews\",\"description\":\"\",\"potentialAction\":[{\"@type\":\"SearchAction\",\"target\":{\"@type\":\"EntryPoint\",\"urlTemplate\":\"https:\/\/staging.varesenews.it\/?s={search_term_string}\"},\"query-input\":\"required name=search_term_string\"}],\"inLanguage\":\"it-IT\"},{\"@type\":\"Person\",\"@id\":\"https:\/\/staging.varesenews.it\/#\/schema\/person\/1ec987bf360cbcf5fab38b0367dbc9d4\",\"name\":\"Manuel Sgarella\",\"image\":{\"@type\":\"ImageObject\",\"inLanguage\":\"it-IT\",\"@id\":\"https:\/\/staging.varesenews.it\/#\/schema\/person\/image\/\",\"url\":\"https:\/\/staging.varesenews.it\/wp-content\/uploads\/2020\/12\/manuel_sgarella_colori_500.jpg\",\"contentUrl\":\"https:\/\/staging.varesenews.it\/wp-content\/uploads\/2020\/12\/manuel_sgarella_colori_500.jpg\",\"caption\":\"Manuel Sgarella\"},\"description\":\"A VareseNews dal 1999, da quando ho iniziato a collaborare per la pagina del cinema. Col tempo mi sono occupato della cronaca del territorio di Saronno-Tradate e dell'organizzazione di alcuni progetti speciali di VareseNews, tra cui la produzione del film Digitalife. Dal 2009 sono giornalista professionista. Diplomato alla Civica scuola del cinema di Milano, coltivo da sempre una passione per tutto quello che &egrave; narrazione, soprattutto per film e serie tv. Dal 2014 Pubblico romanzi come autore indipendente.&nbsp;\",\"sameAs\":[\"https:\/\/www.facebook.com\/manuel.sgarella\",\"Sgarel\",\"https:\/\/twitter.com\/Sgarel\"],\"url\":\"https:\/\/staging.varesenews.it\/persona\/manuel-sgarella1\/\"}]}<\/script>\n<!-- \/ Yoast SEO plugin. -->","yoast_head_json":{"title":"Rapina e lesioni per rubare borse, arrestato 15enne","description":"Il ragazzo aveva rubato la borsa a tre donne in diversi episodi: due di loro si sono rotte femore e omero nel cercare di resistere","robots":{"index":"noindex","follow":"follow","max-snippet":"max-snippet:-1","max-image-preview":"max-image-preview:large","max-video-preview":"max-video-preview:-1"},"og_locale":"it_IT","og_type":"article","og_title":"Rapina e lesioni per rubare borse, arrestato 15enne","og_description":"Il ragazzo aveva rubato la borsa a tre donne in diversi episodi: due di loro si sono rotte femore e omero nel cercare di resistere","og_url":"https:\/\/staging.varesenews.it\/2016\/01\/rapina-e-lesioni-arrestato-rapinatore-15enne\/475953\/","og_site_name":"VareseNews","article_publisher":"https:\/\/www.facebook.com\/varesenews","article_author":"https:\/\/www.facebook.com\/manuel.sgarella","article_published_time":"2016-01-13T13:42:26+00:00","article_modified_time":"2016-01-13T13:51:46+00:00","author":"Manuel Sgarella","twitter_card":"summary_large_image","twitter_creator":"@Sgarel","twitter_site":"@varesenews","twitter_misc":{"Scritto da":"Manuel Sgarella","Tempo di lettura stimato":"2 minuti"},"schema":{"@context":"https:\/\/schema.org","@graph":[{"@type":"WebPage","@id":"https:\/\/staging.varesenews.it\/2016\/01\/rapina-e-lesioni-arrestato-rapinatore-15enne\/475953\/","url":"https:\/\/staging.varesenews.it\/2016\/01\/rapina-e-lesioni-arrestato-rapinatore-15enne\/475953\/","name":"Rapina e lesioni per rubare borse, arrestato 15enne","isPartOf":{"@id":"https:\/\/staging.varesenews.it\/#website"},"datePublished":"2016-01-13T13:42:26+00:00","dateModified":"2016-01-13T13:51:46+00:00","author":{"@id":"https:\/\/staging.varesenews.it\/#\/schema\/person\/1ec987bf360cbcf5fab38b0367dbc9d4"},"description":"Il ragazzo aveva rubato la borsa a tre donne in diversi episodi: due di loro si sono rotte femore e omero nel cercare di resistere","breadcrumb":{"@id":"https:\/\/staging.varesenews.it\/2016\/01\/rapina-e-lesioni-arrestato-rapinatore-15enne\/475953\/#breadcrumb"},"inLanguage":"it-IT","potentialAction":[{"@type":"ReadAction","target":["https:\/\/staging.varesenews.it\/2016\/01\/rapina-e-lesioni-arrestato-rapinatore-15enne\/475953\/"]}]},{"@type":"BreadcrumbList","@id":"https:\/\/staging.varesenews.it\/2016\/01\/rapina-e-lesioni-arrestato-rapinatore-15enne\/475953\/#breadcrumb","itemListElement":[{"@type":"ListItem","position":1,"name":"Home","item":"https:\/\/www.varesenews.it\/"},{"@type":"ListItem","position":2,"name":"Rapina e lesioni per rubare borse, arrestato 15enne"}]},{"@type":"WebSite","@id":"https:\/\/staging.varesenews.it\/#website","url":"https:\/\/staging.varesenews.it\/","name":"VareseNews","description":"","potentialAction":[{"@type":"SearchAction","target":{"@type":"EntryPoint","urlTemplate":"https:\/\/staging.varesenews.it\/?s={search_term_string}"},"query-input":"required name=search_term_string"}],"inLanguage":"it-IT"},{"@type":"Person","@id":"https:\/\/staging.varesenews.it\/#\/schema\/person\/1ec987bf360cbcf5fab38b0367dbc9d4","name":"Manuel Sgarella","image":{"@type":"ImageObject","inLanguage":"it-IT","@id":"https:\/\/staging.varesenews.it\/#\/schema\/person\/image\/","url":"https:\/\/staging.varesenews.it\/wp-content\/uploads\/2020\/12\/manuel_sgarella_colori_500.jpg","contentUrl":"https:\/\/staging.varesenews.it\/wp-content\/uploads\/2020\/12\/manuel_sgarella_colori_500.jpg","caption":"Manuel Sgarella"},"description":"A VareseNews dal 1999, da quando ho iniziato a collaborare per la pagina del cinema. Col tempo mi sono occupato della cronaca del territorio di Saronno-Tradate e dell'organizzazione di alcuni progetti speciali di VareseNews, tra cui la produzione del film Digitalife. Dal 2009 sono giornalista professionista. Diplomato alla Civica scuola del cinema di Milano, coltivo da sempre una passione per tutto quello che &egrave; narrazione, soprattutto per film e serie tv. Dal 2014 Pubblico romanzi come autore indipendente.&nbsp;","sameAs":["https:\/\/www.facebook.com\/manuel.sgarella","Sgarel","https:\/\/twitter.com\/Sgarel"],"url":"https:\/\/staging.varesenews.it\/persona\/manuel-sgarella1\/"}]}},"post_meta":{"_edit_lock":"1452693180:51","_edit_last":"51","ratings_users":"0","ratings_score":"0","ratings_average":"0","_category_permalink":"","wdfb_og_title":"","wdfb_og_type":"","wdfb_og_description":"","wdfb_og_images":"a:1:{i:0;s:0:\"\";}","wdfb_og_custom_name":"a:1:{i:0;s:0:\"\";}","wdfb_og_custom_value":"a:1:{i:0;s:0:\"\";}","foto":"182207","argomento":"Saronno","_yoast_wpseo_focuskw":"rapina","_yoast_wpseo_metadesc":"Il ragazzo aveva rubato la borsa a tre donne in diversi episodi: due di loro si sono rotte femore e omero nel cercare di resistere","_jd_twitter":"","_jd_tweet_this":"yes","_wpt_short_url":"http:\/\/www.varesenews.it\/2016\/01\/rapina-e-lesioni-arrestato-rapinatore-15enne\/475953\/","_wp_jd_target":"http:\/\/www.varesenews.it\/2016\/01\/rapina-e-lesioni-arrestato-rapinatore-15enne\/475953\/","_jd_wp_twitter":"a:1:{i:0;s:150:\"Rapina e lesioni, arrestato rapinatore 15enne http:\/\/www.varesenews.it\/2016\/01\/rapina-e-lesioni-arrestato-rapinatore-15enne\/475953\/ #ccsaronno #rapina\";}","_wpt_status_message":"Tweet inviato con successo.","_yoast_wpseo_linkdex":"71"},"photos":[{"original":"https:\/\/staging.varesenews.it\/photogallery_new\/images\/2014\/08\/saronno-foto-carabinieri-182207.jpg","full":"https:\/\/staging.varesenews.it\/photogallery_new\/images\/2014\/08\/saronno-foto-carabinieri-182207.1024x768.jpg","large":"https:\/\/staging.varesenews.it\/photogallery_new\/images\/2014\/08\/saronno-foto-carabinieri-182207.610x431.jpg"}],"_links":{"self":[{"href":"https:\/\/staging.varesenews.it\/swgapi\/v1\/wp\/v2\/posts\/475953"}],"collection":[{"href":"https:\/\/staging.varesenews.it\/swgapi\/v1\/wp\/v2\/posts"}],"about":[{"href":"https:\/\/staging.varesenews.it\/swgapi\/v1\/wp\/v2\/types\/post"}],"author":[{"embeddable":true,"href":"https:\/\/staging.varesenews.it\/swgapi\/v1\/wp\/v2\/users\/51"}],"replies":[{"embeddable":true,"href":"https:\/\/staging.varesenews.it\/swgapi\/v1\/wp\/v2\/comments?post=475953"}],"version-history":[{"count":0,"href":"https:\/\/staging.varesenews.it\/swgapi\/v1\/wp\/v2\/posts\/475953\/revisions"}],"wp:attachment":[{"href":"https:\/\/staging.varesenews.it\/swgapi\/v1\/wp\/v2\/media?parent=475953"}],"wp:term":[{"taxonomy":"category","embeddable":true,"href":"https:\/\/staging.varesenews.it\/swgapi\/v1\/wp\/v2\/categories?post=475953"},{"taxonomy":"post_tag","embeddable":true,"href":"https:\/\/staging.varesenews.it\/swgapi\/v1\/wp\/v2\/tags?post=475953"}],"curies":[{"name":"wp","href":"https:\/\/api.w.org\/{rel}","templated":true}]}}