{"id":476000,"date":"2016-01-13T16:58:12","date_gmt":"2016-01-13T15:58:12","guid":{"rendered":"http:\/\/www.varesenews.it\/?p=476000"},"modified":"2016-01-13T16:58:12","modified_gmt":"2016-01-13T15:58:12","slug":"provoca-un-incidente-e-scappa-nei-boschi-a-piedi","status":"publish","type":"post","link":"https:\/\/staging.varesenews.it\/2016\/01\/provoca-un-incidente-e-scappa-nei-boschi-a-piedi\/476000\/","title":{"rendered":"Provoca un incidente e scappa nei boschi a piedi"},"content":{"rendered":"<p>Verso le 18\u00a0di\u00a0ieri, marted\u00ec 12\u00a0gennaio, sulla strada che dal centro di Varese\u00a0conduce alla frazione Rasa, si \u00e8 verificato un scontro frontale tra due autovetture. La sorte peggiore \u00e8 toccato alla conducente dell&#8217;auto che proveniva dalla citt\u00e0, che ha riportato fratture giudicate guaribili in 25 giorni.<\/p>\n<p>Nessuna lesione, invece, per chi guidava l&#8217;altra auto, che ha causato il frontale viaggiando contromano. Quest&#8217;ultimo per\u00f2, ventottenne residente a Varese, dopo aver causato l&#8217;incidente ha cercato di andarsene e, visto che l&#8217;auto era rimasta incastrata, <strong>si \u00e8 dileguato a piedi nei boschi circostanti.<\/strong><\/p>\n<p>La polizia locale \u00e8 intervenuta sul posto per i rilievi di rito e, con una seconda pattuglia per ricercare l&#8217;automobilista datosi alla fuga. Dopo qualche tempo, come se nulla fosse, facendo la parte di quello capitato per caso, <strong>il ventottenne \u00e8 stato intercettato dagli uomini della polizia locale<\/strong>, che da subito non hanno creduto alla sua versione dei fatti, secondo la quale sarebbe stato del tutto estraneo al sinistro.<\/p>\n<p>Accompagnato in comando,<strong> \u00e8 stato sottoposto agli accertamenti di rito, tra cui quello etilometrico,<\/strong> risultando positivo per una prima prova e rifiutandosi di sostenere la seconda. Nel frattempo il soggetto \u00e8 stato riconosciuto da alcuni testi e il proprietario dell&#8217;auto ha confermato di avergliela data in uso.<\/p>\n<p>&#8220;Casualmente &#8211;<strong> affermano dal comando dei vigili di Varese &#8211;<\/strong> l&#8217;autore del tutto non si pi\u00f9 fa trovare in casa, ma questo non \u00e8 un problema, perch\u00e9 il quadro degli elementi a suo carico \u00e8 adeguatamente esaustivo: per il ventottenne nessun rischio di arresto ma una denuncia a piede libero per guida in stato di ebbrezza, omissione di soccorso e fuga e, nel caso la controparte sporgesse querela, anche per lesioni colpose&#8221;.<\/p>\n<p>Il soggetto aveva riavuto la patente lo scorso mese di settembre che era stata sospesa per guida in stato di ebbrezza.<\/p>\n","protected":false},"excerpt":{"rendered":"<p>Protagonista un ventottenne varesino, che dopo aver causato un frontale, ha provato la fuga a piedi<\/p>\n","protected":false},"author":37,"featured_media":0,"comment_status":"open","ping_status":"open","sticky":false,"template":"","format":"standard","meta":{"footnotes":""},"categories":[2],"tags":[335,3001],"acf":[],"yoast_head":"<!-- This site is optimized with the Yoast SEO plugin v20.1 - https:\/\/yoast.com\/wordpress\/plugins\/seo\/ -->\n<title>Provoca un incidente e scappa nei boschi a piedi<\/title>\n<meta name=\"description\" content=\"Protagonista un ventottenne varesino, che dopo aver causato un frontale, ha provato la fuga a piedi\" \/>\n<meta name=\"robots\" content=\"noindex, follow, max-snippet:-1, max-image-preview:large, max-video-preview:-1\" \/>\n<meta property=\"og:locale\" content=\"it_IT\" \/>\n<meta property=\"og:type\" content=\"article\" \/>\n<meta property=\"og:title\" content=\"Provoca un incidente e scappa nei boschi a piedi\" \/>\n<meta property=\"og:description\" content=\"Protagonista un ventottenne varesino, che dopo aver causato un frontale, ha provato la fuga a piedi\" \/>\n<meta property=\"og:url\" content=\"https:\/\/staging.varesenews.it\/2016\/01\/provoca-un-incidente-e-scappa-nei-boschi-a-piedi\/476000\/\" \/>\n<meta property=\"og:site_name\" content=\"VareseNews\" \/>\n<meta property=\"article:publisher\" content=\"https:\/\/www.facebook.com\/varesenews\" \/>\n<meta property=\"article:published_time\" content=\"2016-01-13T15:58:12+00:00\" \/>\n<meta name=\"author\" content=\"Francesco Mazzoleni\" \/>\n<meta name=\"twitter:card\" content=\"summary_large_image\" \/>\n<meta name=\"twitter:creator\" content=\"@fmazzof\" \/>\n<meta name=\"twitter:site\" content=\"@varesenews\" \/>\n<meta name=\"twitter:label1\" content=\"Scritto da\" \/>\n\t<meta name=\"twitter:data1\" content=\"Francesco Mazzoleni\" \/>\n\t<meta name=\"twitter:label2\" content=\"Tempo di lettura stimato\" \/>\n\t<meta name=\"twitter:data2\" content=\"1 minuto\" \/>\n<script type=\"application\/ld+json\" class=\"yoast-schema-graph\">{\"@context\":\"https:\/\/schema.org\",\"@graph\":[{\"@type\":\"WebPage\",\"@id\":\"https:\/\/staging.varesenews.it\/2016\/01\/provoca-un-incidente-e-scappa-nei-boschi-a-piedi\/476000\/\",\"url\":\"https:\/\/staging.varesenews.it\/2016\/01\/provoca-un-incidente-e-scappa-nei-boschi-a-piedi\/476000\/\",\"name\":\"Provoca un incidente e scappa nei boschi a piedi\",\"isPartOf\":{\"@id\":\"https:\/\/staging.varesenews.it\/#website\"},\"datePublished\":\"2016-01-13T15:58:12+00:00\",\"dateModified\":\"2016-01-13T15:58:12+00:00\",\"author\":{\"@id\":\"https:\/\/staging.varesenews.it\/#\/schema\/person\/e82236e79160d30d4e1f942004ac3038\"},\"description\":\"Protagonista un ventottenne varesino, che dopo aver causato un frontale, ha provato la fuga a piedi\",\"breadcrumb\":{\"@id\":\"https:\/\/staging.varesenews.it\/2016\/01\/provoca-un-incidente-e-scappa-nei-boschi-a-piedi\/476000\/#breadcrumb\"},\"inLanguage\":\"it-IT\",\"potentialAction\":[{\"@type\":\"ReadAction\",\"target\":[\"https:\/\/staging.varesenews.it\/2016\/01\/provoca-un-incidente-e-scappa-nei-boschi-a-piedi\/476000\/\"]}]},{\"@type\":\"BreadcrumbList\",\"@id\":\"https:\/\/staging.varesenews.it\/2016\/01\/provoca-un-incidente-e-scappa-nei-boschi-a-piedi\/476000\/#breadcrumb\",\"itemListElement\":[{\"@type\":\"ListItem\",\"position\":1,\"name\":\"Home\",\"item\":\"https:\/\/www.varesenews.it\/\"},{\"@type\":\"ListItem\",\"position\":2,\"name\":\"Provoca un incidente e scappa nei boschi a piedi\"}]},{\"@type\":\"WebSite\",\"@id\":\"https:\/\/staging.varesenews.it\/#website\",\"url\":\"https:\/\/staging.varesenews.it\/\",\"name\":\"VareseNews\",\"description\":\"\",\"potentialAction\":[{\"@type\":\"SearchAction\",\"target\":{\"@type\":\"EntryPoint\",\"urlTemplate\":\"https:\/\/staging.varesenews.it\/?s={search_term_string}\"},\"query-input\":\"required name=search_term_string\"}],\"inLanguage\":\"it-IT\"},{\"@type\":\"Person\",\"@id\":\"https:\/\/staging.varesenews.it\/#\/schema\/person\/e82236e79160d30d4e1f942004ac3038\",\"name\":\"Francesco Mazzoleni\",\"image\":{\"@type\":\"ImageObject\",\"inLanguage\":\"it-IT\",\"@id\":\"https:\/\/staging.varesenews.it\/#\/schema\/person\/image\/\",\"url\":\"https:\/\/staging.varesenews.it\/wp-content\/uploads\/2020\/12\/francesco_mazzoleni_colori_500-1.jpg\",\"contentUrl\":\"https:\/\/staging.varesenews.it\/wp-content\/uploads\/2020\/12\/francesco_mazzoleni_colori_500-1.jpg\",\"caption\":\"Francesco Mazzoleni\"},\"description\":\"\\\"Uomo di campo\\\" della redazione sportiva. Nutro una vera passione per il calcio, che sia ad alti livelli, sui campi di provincia o in altri continenti. Sono nato a Varese nel 1984, vivo da sempre a Malnate e ho una laurea in Scienze Motorie. Ho mosso i primi passi a VareseNews da stagista nel 2002; nel 2008 ho iniziato a collaborare con maggiore continuit\u00e0 e dal 2018 sono giornalista professionista. Orgoglioso pap\u00e0 di Federico e Adelaide.\",\"sameAs\":[\"fmazzof\",\"it.linkedin.com\/in\/francescomazzolenif\",\"https:\/\/twitter.com\/fmazzof\"],\"url\":\"https:\/\/staging.varesenews.it\/persona\/francesco_mazzoleniferracini\/\"}]}<\/script>\n<!-- \/ Yoast SEO plugin. -->","yoast_head_json":{"title":"Provoca un incidente e scappa nei boschi a piedi","description":"Protagonista un ventottenne varesino, che dopo aver causato un frontale, ha provato la fuga a piedi","robots":{"index":"noindex","follow":"follow","max-snippet":"max-snippet:-1","max-image-preview":"max-image-preview:large","max-video-preview":"max-video-preview:-1"},"og_locale":"it_IT","og_type":"article","og_title":"Provoca un incidente e scappa nei boschi a piedi","og_description":"Protagonista un ventottenne varesino, che dopo aver causato un frontale, ha provato la fuga a piedi","og_url":"https:\/\/staging.varesenews.it\/2016\/01\/provoca-un-incidente-e-scappa-nei-boschi-a-piedi\/476000\/","og_site_name":"VareseNews","article_publisher":"https:\/\/www.facebook.com\/varesenews","article_published_time":"2016-01-13T15:58:12+00:00","author":"Francesco Mazzoleni","twitter_card":"summary_large_image","twitter_creator":"@fmazzof","twitter_site":"@varesenews","twitter_misc":{"Scritto da":"Francesco Mazzoleni","Tempo di lettura stimato":"1 minuto"},"schema":{"@context":"https:\/\/schema.org","@graph":[{"@type":"WebPage","@id":"https:\/\/staging.varesenews.it\/2016\/01\/provoca-un-incidente-e-scappa-nei-boschi-a-piedi\/476000\/","url":"https:\/\/staging.varesenews.it\/2016\/01\/provoca-un-incidente-e-scappa-nei-boschi-a-piedi\/476000\/","name":"Provoca un incidente e scappa nei boschi a piedi","isPartOf":{"@id":"https:\/\/staging.varesenews.it\/#website"},"datePublished":"2016-01-13T15:58:12+00:00","dateModified":"2016-01-13T15:58:12+00:00","author":{"@id":"https:\/\/staging.varesenews.it\/#\/schema\/person\/e82236e79160d30d4e1f942004ac3038"},"description":"Protagonista un ventottenne varesino, che dopo aver causato un frontale, ha provato la fuga a piedi","breadcrumb":{"@id":"https:\/\/staging.varesenews.it\/2016\/01\/provoca-un-incidente-e-scappa-nei-boschi-a-piedi\/476000\/#breadcrumb"},"inLanguage":"it-IT","potentialAction":[{"@type":"ReadAction","target":["https:\/\/staging.varesenews.it\/2016\/01\/provoca-un-incidente-e-scappa-nei-boschi-a-piedi\/476000\/"]}]},{"@type":"BreadcrumbList","@id":"https:\/\/staging.varesenews.it\/2016\/01\/provoca-un-incidente-e-scappa-nei-boschi-a-piedi\/476000\/#breadcrumb","itemListElement":[{"@type":"ListItem","position":1,"name":"Home","item":"https:\/\/www.varesenews.it\/"},{"@type":"ListItem","position":2,"name":"Provoca un incidente e scappa nei boschi a piedi"}]},{"@type":"WebSite","@id":"https:\/\/staging.varesenews.it\/#website","url":"https:\/\/staging.varesenews.it\/","name":"VareseNews","description":"","potentialAction":[{"@type":"SearchAction","target":{"@type":"EntryPoint","urlTemplate":"https:\/\/staging.varesenews.it\/?s={search_term_string}"},"query-input":"required name=search_term_string"}],"inLanguage":"it-IT"},{"@type":"Person","@id":"https:\/\/staging.varesenews.it\/#\/schema\/person\/e82236e79160d30d4e1f942004ac3038","name":"Francesco Mazzoleni","image":{"@type":"ImageObject","inLanguage":"it-IT","@id":"https:\/\/staging.varesenews.it\/#\/schema\/person\/image\/","url":"https:\/\/staging.varesenews.it\/wp-content\/uploads\/2020\/12\/francesco_mazzoleni_colori_500-1.jpg","contentUrl":"https:\/\/staging.varesenews.it\/wp-content\/uploads\/2020\/12\/francesco_mazzoleni_colori_500-1.jpg","caption":"Francesco Mazzoleni"},"description":"\"Uomo di campo\" della redazione sportiva. Nutro una vera passione per il calcio, che sia ad alti livelli, sui campi di provincia o in altri continenti. Sono nato a Varese nel 1984, vivo da sempre a Malnate e ho una laurea in Scienze Motorie. Ho mosso i primi passi a VareseNews da stagista nel 2002; nel 2008 ho iniziato a collaborare con maggiore continuit\u00e0 e dal 2018 sono giornalista professionista. Orgoglioso pap\u00e0 di Federico e Adelaide.","sameAs":["fmazzof","it.linkedin.com\/in\/francescomazzolenif","https:\/\/twitter.com\/fmazzof"],"url":"https:\/\/staging.varesenews.it\/persona\/francesco_mazzoleniferracini\/"}]}},"post_meta":{"_edit_lock":"1452701109:37","_edit_last":"37","_category_permalink":"2","wdfb_og_title":"","wdfb_og_type":"","wdfb_og_description":"","wdfb_og_images":"a:1:{i:0;s:0:\"\";}","wdfb_og_custom_name":"a:1:{i:0;s:0:\"\";}","wdfb_og_custom_value":"a:1:{i:0;s:0:\"\";}","foto":"111887","argomento":"Varese","_yoast_wpseo_focuskw":"incidente","_jd_twitter":"","_jd_tweet_this":"yes","ratings_users":"0","ratings_score":"0","ratings_average":"0","firma_come_redazione":"1","_wpt_short_url":"http:\/\/www.varesenews.it\/2016\/01\/provoca-un-incidente-e-scappa-nei-boschi-a-piedi\/476000\/","_wp_jd_target":"http:\/\/www.varesenews.it\/2016\/01\/provoca-un-incidente-e-scappa-nei-boschi-a-piedi\/476000\/","_jd_wp_twitter":"a:1:{i:0;s:155:\"Provoca un incidente e scappa nei boschi a piedi http:\/\/www.varesenews.it\/2016\/01\/provoca-un-incidente-e-scappa-nei-boschi-a-piedi\/476000\/ #incidente #rasa\";}","_wpt_status_message":"Tweet inviato con successo.","_yoast_wpseo_linkdex":"64"},"photos":[{"original":"https:\/\/staging.varesenews.it\/photogallery_new\/images\/2012\/01\/polizia-locale-varese-111887.jpg","full":"https:\/\/staging.varesenews.it\/photogallery_new\/images\/2012\/01\/polizia-locale-varese-111887.1024x768.jpg","large":"https:\/\/staging.varesenews.it\/photogallery_new\/images\/2012\/01\/polizia-locale-varese-111887.610x431.jpg"}],"_links":{"self":[{"href":"https:\/\/staging.varesenews.it\/swgapi\/v1\/wp\/v2\/posts\/476000"}],"collection":[{"href":"https:\/\/staging.varesenews.it\/swgapi\/v1\/wp\/v2\/posts"}],"about":[{"href":"https:\/\/staging.varesenews.it\/swgapi\/v1\/wp\/v2\/types\/post"}],"author":[{"embeddable":true,"href":"https:\/\/staging.varesenews.it\/swgapi\/v1\/wp\/v2\/users\/37"}],"replies":[{"embeddable":true,"href":"https:\/\/staging.varesenews.it\/swgapi\/v1\/wp\/v2\/comments?post=476000"}],"version-history":[{"count":0,"href":"https:\/\/staging.varesenews.it\/swgapi\/v1\/wp\/v2\/posts\/476000\/revisions"}],"wp:attachment":[{"href":"https:\/\/staging.varesenews.it\/swgapi\/v1\/wp\/v2\/media?parent=476000"}],"wp:term":[{"taxonomy":"category","embeddable":true,"href":"https:\/\/staging.varesenews.it\/swgapi\/v1\/wp\/v2\/categories?post=476000"},{"taxonomy":"post_tag","embeddable":true,"href":"https:\/\/staging.varesenews.it\/swgapi\/v1\/wp\/v2\/tags?post=476000"}],"curies":[{"name":"wp","href":"https:\/\/api.w.org\/{rel}","templated":true}]}}