{"id":477661,"date":"2016-01-19T16:08:05","date_gmt":"2016-01-19T15:08:05","guid":{"rendered":"http:\/\/www.varesenews.it\/?p=477661"},"modified":"2016-01-19T16:08:05","modified_gmt":"2016-01-19T15:08:05","slug":"cometa-in-vista-arriva-catalina","status":"publish","type":"post","link":"https:\/\/staging.varesenews.it\/2016\/01\/cometa-in-vista-arriva-catalina\/477661\/","title":{"rendered":"Cometa in vista, arriva Catalina"},"content":{"rendered":"<p><strong>La cometa C\/2013 US10 Catalina,<\/strong> ripresa dagli strumenti dell&#8217;Osservatorio\u00a0Astronomico comunale &#8220;G.V. Schiaparelli&#8221; di Campo dei Fiori la mattina di\u00a0domenica 17 gennaio, poco prima dell&#8217;alba, nel momento di massimo avvicinamento\u00a0alla Terra. La cometa \u00e8 stata scoperta nell&#8217;ottobre 2013 dalla ricognizione\u00a0automatica del Catalina Observatory quando ancora era debolissima; \u00e8 stata\u00a0visibile a partire da novembre dello scorso anno nel cielo australe e, dopo\u00a0essere passata nel punto di massimo avvicinamento al sole il 15 novembre 2015,\u00a0sta ora transitando nel nostro cielo.<\/p>\n<p><strong>L&#8217;immagine<\/strong> mostra la cometa\u00a0prospetticamente vicina alla galassia M101 nella costellazione dell&#8217;Orsa\u00a0maggiore, di cui sembra pi\u00f9 grande e luminosa. In realt\u00e0 la cometa \u00e8 miliardi di\u00a0volte pi\u00f9 vicina a noi ed immensamente pi\u00f9 piccola della galassia, che contiene\u00a0miliardi di stelle simili al nostro Sole.<\/p>\n<p><strong>Il nucleo<\/strong> della cometa ha un diametro di pochi chilometri ma l&#8217;attivit\u00e0 solare riesce a sviluppare una chioma luminosa che ha un diametro reale di oltre 600.000km, pari alla met\u00e0 del Sole.<\/p>\n<p><strong>\u00a0La cometa,<\/strong> visibile con telescopi e binocoli specialmente da luoghi bui, ha anche<br \/>\nuna tenue coda e continuer\u00e0 ad essere osservabile nelle prossime settimane,\u00a0perdendo rapidamente luminosit\u00e0 mentre si allontana dalla Terra e dal Sole. La\u00a0cartina allegata ne traccia il percorso dei prossimi giorni tra le stelle vicine\u00a0al polo nord celeste.<\/p>\n<p><strong>Silente messaggera<\/strong> della storia antica del nostro sistema planetario essa \u00e8\u00a0destinata a non transitare pi\u00f9 in prossimit\u00e0 della terra e dunque noi siamo gli\u00a0unici testimoni della sua esistenza: si potrebbe quasi dire che ha accompagnato\u00a0in questo periodo natalizio il tradizionale cammino dei Magi ed ora, finito il\u00a0suo compito, se ne torna nell&#8217;oblio celeste. A noi non resta che contemplarne il\u00a0fulgore.<\/p>\n<p>Vanni Belli<\/p>\n","protected":false},"excerpt":{"rendered":"<p>Vanni Belli ci spiega l&#8217;importanza della nuova stella arrivata vicino alla terra <\/p>\n","protected":false},"author":50,"featured_media":0,"comment_status":"open","ping_status":"open","sticky":false,"template":"","format":"standard","meta":{"footnotes":""},"categories":[2],"tags":[4158],"acf":[],"yoast_head":"<!-- This site is optimized with the Yoast SEO plugin v20.1 - https:\/\/yoast.com\/wordpress\/plugins\/seo\/ -->\n<title>Cometa in vista, arriva Catalina<\/title>\n<meta name=\"description\" content=\"Vanni Belli ci spiega l&#039;importanza della nuova stella arrivata vicino alla terra\" \/>\n<meta name=\"robots\" content=\"noindex, follow, max-snippet:-1, max-image-preview:large, max-video-preview:-1\" \/>\n<meta property=\"og:locale\" content=\"it_IT\" \/>\n<meta property=\"og:type\" content=\"article\" \/>\n<meta property=\"og:title\" content=\"Cometa in vista, arriva Catalina\" \/>\n<meta property=\"og:description\" content=\"Vanni Belli ci spiega l&#039;importanza della nuova stella arrivata vicino alla terra\" \/>\n<meta property=\"og:url\" content=\"https:\/\/staging.varesenews.it\/2016\/01\/cometa-in-vista-arriva-catalina\/477661\/\" \/>\n<meta property=\"og:site_name\" content=\"VareseNews\" \/>\n<meta property=\"article:publisher\" content=\"https:\/\/www.facebook.com\/varesenews\" \/>\n<meta property=\"article:published_time\" content=\"2016-01-19T15:08:05+00:00\" \/>\n<meta name=\"author\" content=\"Roberto Rotondo\" \/>\n<meta name=\"twitter:card\" content=\"summary_large_image\" \/>\n<meta name=\"twitter:creator\" content=\"@robertorotondo\" \/>\n<meta name=\"twitter:site\" content=\"@varesenews\" \/>\n<meta name=\"twitter:label1\" content=\"Scritto da\" \/>\n\t<meta name=\"twitter:data1\" content=\"Roberto Rotondo\" \/>\n\t<meta name=\"twitter:label2\" content=\"Tempo di lettura stimato\" \/>\n\t<meta name=\"twitter:data2\" content=\"1 minuto\" \/>\n<script type=\"application\/ld+json\" class=\"yoast-schema-graph\">{\"@context\":\"https:\/\/schema.org\",\"@graph\":[{\"@type\":\"WebPage\",\"@id\":\"https:\/\/staging.varesenews.it\/2016\/01\/cometa-in-vista-arriva-catalina\/477661\/\",\"url\":\"https:\/\/staging.varesenews.it\/2016\/01\/cometa-in-vista-arriva-catalina\/477661\/\",\"name\":\"Cometa in vista, arriva Catalina\",\"isPartOf\":{\"@id\":\"https:\/\/staging.varesenews.it\/#website\"},\"datePublished\":\"2016-01-19T15:08:05+00:00\",\"dateModified\":\"2016-01-19T15:08:05+00:00\",\"author\":{\"@id\":\"https:\/\/staging.varesenews.it\/#\/schema\/person\/bace96b9ce1b4905df659e51a83c17fe\"},\"description\":\"Vanni Belli ci spiega l'importanza della nuova stella arrivata vicino alla terra\",\"breadcrumb\":{\"@id\":\"https:\/\/staging.varesenews.it\/2016\/01\/cometa-in-vista-arriva-catalina\/477661\/#breadcrumb\"},\"inLanguage\":\"it-IT\",\"potentialAction\":[{\"@type\":\"ReadAction\",\"target\":[\"https:\/\/staging.varesenews.it\/2016\/01\/cometa-in-vista-arriva-catalina\/477661\/\"]}]},{\"@type\":\"BreadcrumbList\",\"@id\":\"https:\/\/staging.varesenews.it\/2016\/01\/cometa-in-vista-arriva-catalina\/477661\/#breadcrumb\",\"itemListElement\":[{\"@type\":\"ListItem\",\"position\":1,\"name\":\"Home\",\"item\":\"https:\/\/www.varesenews.it\/\"},{\"@type\":\"ListItem\",\"position\":2,\"name\":\"Cometa in vista, arriva Catalina\"}]},{\"@type\":\"WebSite\",\"@id\":\"https:\/\/staging.varesenews.it\/#website\",\"url\":\"https:\/\/staging.varesenews.it\/\",\"name\":\"VareseNews\",\"description\":\"\",\"potentialAction\":[{\"@type\":\"SearchAction\",\"target\":{\"@type\":\"EntryPoint\",\"urlTemplate\":\"https:\/\/staging.varesenews.it\/?s={search_term_string}\"},\"query-input\":\"required name=search_term_string\"}],\"inLanguage\":\"it-IT\"},{\"@type\":\"Person\",\"@id\":\"https:\/\/staging.varesenews.it\/#\/schema\/person\/bace96b9ce1b4905df659e51a83c17fe\",\"name\":\"Roberto Rotondo\",\"image\":{\"@type\":\"ImageObject\",\"inLanguage\":\"it-IT\",\"@id\":\"https:\/\/staging.varesenews.it\/#\/schema\/person\/image\/\",\"url\":\"https:\/\/staging.varesenews.it\/wp-content\/uploads\/2015\/03\/10888676_10204734543537926_609787919772941341_n.jpg\",\"contentUrl\":\"https:\/\/staging.varesenews.it\/wp-content\/uploads\/2015\/03\/10888676_10204734543537926_609787919772941341_n.jpg\",\"caption\":\"Roberto Rotondo\"},\"description\":\"Nato a Varese nel 1972. Laureato in Storia alla Statale di Milano. A Varese News dal 1998. Ho iniziato a scrivere su riviste locali, poi sono entrato nel progetto di Varese News quando ancora era agli inizi. Nel frattempo mi sono occupato di ricerca storica e ho collaborato con un settimanale e un quotidiano della Svizzera italiana scrivendo di cronaca e politica. Mi sono preso una pausa da Varese nel 2004. Ho lavorato per alcuni anni a Milano all'agenzia di stampa Adnkronos, con qualche stage a Roma nei palazzi della politica. Lanci di agenzia e servizi tv multimediali erano tra i miei compiti. In quegli anni ho lavorato per alcune radio anche nazionali, Radio Capital su tutte, come corrispondente locale. Ho scritto anche per un settimanale di gossip, ma sempre cronaca nera. Ed eccomi qui. Dal 2007 lavoro anche per il Corriere della sera, di cui sono corrispondente. A Varesenews sono ormai uno dei senatori. Mi occupo di cronaca nera, giudiziaria e di politica e della cronaca cittadina di Varese.\",\"sameAs\":[\"robertorotondo\",\"https:\/\/twitter.com\/robertorotondo\"],\"url\":\"https:\/\/staging.varesenews.it\/persona\/roberto-rotondo\/\"}]}<\/script>\n<!-- \/ Yoast SEO plugin. -->","yoast_head_json":{"title":"Cometa in vista, arriva Catalina","description":"Vanni Belli ci spiega l'importanza della nuova stella arrivata vicino alla terra","robots":{"index":"noindex","follow":"follow","max-snippet":"max-snippet:-1","max-image-preview":"max-image-preview:large","max-video-preview":"max-video-preview:-1"},"og_locale":"it_IT","og_type":"article","og_title":"Cometa in vista, arriva Catalina","og_description":"Vanni Belli ci spiega l'importanza della nuova stella arrivata vicino alla terra","og_url":"https:\/\/staging.varesenews.it\/2016\/01\/cometa-in-vista-arriva-catalina\/477661\/","og_site_name":"VareseNews","article_publisher":"https:\/\/www.facebook.com\/varesenews","article_published_time":"2016-01-19T15:08:05+00:00","author":"Roberto Rotondo","twitter_card":"summary_large_image","twitter_creator":"@robertorotondo","twitter_site":"@varesenews","twitter_misc":{"Scritto da":"Roberto Rotondo","Tempo di lettura stimato":"1 minuto"},"schema":{"@context":"https:\/\/schema.org","@graph":[{"@type":"WebPage","@id":"https:\/\/staging.varesenews.it\/2016\/01\/cometa-in-vista-arriva-catalina\/477661\/","url":"https:\/\/staging.varesenews.it\/2016\/01\/cometa-in-vista-arriva-catalina\/477661\/","name":"Cometa in vista, arriva Catalina","isPartOf":{"@id":"https:\/\/staging.varesenews.it\/#website"},"datePublished":"2016-01-19T15:08:05+00:00","dateModified":"2016-01-19T15:08:05+00:00","author":{"@id":"https:\/\/staging.varesenews.it\/#\/schema\/person\/bace96b9ce1b4905df659e51a83c17fe"},"description":"Vanni Belli ci spiega l'importanza della nuova stella arrivata vicino alla terra","breadcrumb":{"@id":"https:\/\/staging.varesenews.it\/2016\/01\/cometa-in-vista-arriva-catalina\/477661\/#breadcrumb"},"inLanguage":"it-IT","potentialAction":[{"@type":"ReadAction","target":["https:\/\/staging.varesenews.it\/2016\/01\/cometa-in-vista-arriva-catalina\/477661\/"]}]},{"@type":"BreadcrumbList","@id":"https:\/\/staging.varesenews.it\/2016\/01\/cometa-in-vista-arriva-catalina\/477661\/#breadcrumb","itemListElement":[{"@type":"ListItem","position":1,"name":"Home","item":"https:\/\/www.varesenews.it\/"},{"@type":"ListItem","position":2,"name":"Cometa in vista, arriva Catalina"}]},{"@type":"WebSite","@id":"https:\/\/staging.varesenews.it\/#website","url":"https:\/\/staging.varesenews.it\/","name":"VareseNews","description":"","potentialAction":[{"@type":"SearchAction","target":{"@type":"EntryPoint","urlTemplate":"https:\/\/staging.varesenews.it\/?s={search_term_string}"},"query-input":"required name=search_term_string"}],"inLanguage":"it-IT"},{"@type":"Person","@id":"https:\/\/staging.varesenews.it\/#\/schema\/person\/bace96b9ce1b4905df659e51a83c17fe","name":"Roberto Rotondo","image":{"@type":"ImageObject","inLanguage":"it-IT","@id":"https:\/\/staging.varesenews.it\/#\/schema\/person\/image\/","url":"https:\/\/staging.varesenews.it\/wp-content\/uploads\/2015\/03\/10888676_10204734543537926_609787919772941341_n.jpg","contentUrl":"https:\/\/staging.varesenews.it\/wp-content\/uploads\/2015\/03\/10888676_10204734543537926_609787919772941341_n.jpg","caption":"Roberto Rotondo"},"description":"Nato a Varese nel 1972. Laureato in Storia alla Statale di Milano. A Varese News dal 1998. Ho iniziato a scrivere su riviste locali, poi sono entrato nel progetto di Varese News quando ancora era agli inizi. Nel frattempo mi sono occupato di ricerca storica e ho collaborato con un settimanale e un quotidiano della Svizzera italiana scrivendo di cronaca e politica. Mi sono preso una pausa da Varese nel 2004. Ho lavorato per alcuni anni a Milano all'agenzia di stampa Adnkronos, con qualche stage a Roma nei palazzi della politica. Lanci di agenzia e servizi tv multimediali erano tra i miei compiti. In quegli anni ho lavorato per alcune radio anche nazionali, Radio Capital su tutte, come corrispondente locale. Ho scritto anche per un settimanale di gossip, ma sempre cronaca nera. Ed eccomi qui. Dal 2007 lavoro anche per il Corriere della sera, di cui sono corrispondente. A Varesenews sono ormai uno dei senatori. Mi occupo di cronaca nera, giudiziaria e di politica e della cronaca cittadina di Varese.","sameAs":["robertorotondo","https:\/\/twitter.com\/robertorotondo"],"url":"https:\/\/staging.varesenews.it\/persona\/roberto-rotondo\/"}]}},"post_meta":{"_edit_lock":"1453216054:50","_edit_last":"50","ratings_users":"0","ratings_score":"0","ratings_average":"0","_category_permalink":"","wdfb_og_title":"","wdfb_og_type":"","wdfb_og_description":"","wdfb_og_images":"a:1:{i:0;s:0:\"\";}","wdfb_og_custom_name":"a:1:{i:0;s:0:\"\";}","wdfb_og_custom_value":"a:1:{i:0;s:0:\"\";}","foto":"507564","firma_come_lettorevn":"1","argomento":"Varese","_yoast_wpseo_focuskw":"cometa","_yoast_wpseo_metadesc":"Vanni Belli ci spiega l'importanza della nuova stella arrivata vicino alla terra","_jd_twitter":"","_jd_tweet_this":"yes","_wpt_short_url":"http:\/\/www.varesenews.it\/2016\/01\/cometa-in-vista-arriva-catalina\/477661\/","_wp_jd_target":"http:\/\/www.varesenews.it\/2016\/01\/cometa-in-vista-arriva-catalina\/477661\/","_jd_wp_twitter":"a:1:{i:0;s:106:\"Cometa in vista, arriva Catalina http:\/\/www.varesenews.it\/2016\/01\/cometa-in-vista-arriva-catalina\/477661\/ \";}","_wpt_status_message":"Tweet inviato con successo.","_yoast_wpseo_linkdex":"80"},"photos":[{"original":"https:\/\/staging.varesenews.it\/photogallery_new\/images\/2016\/01\/campo-dei-fiori-osservatorio-507564.jpg","full":"https:\/\/staging.varesenews.it\/photogallery_new\/images\/2016\/01\/campo-dei-fiori-osservatorio-507564.1024x768.jpg","large":"https:\/\/staging.varesenews.it\/photogallery_new\/images\/2016\/01\/campo-dei-fiori-osservatorio-507564.610x431.jpg"}],"_links":{"self":[{"href":"https:\/\/staging.varesenews.it\/swgapi\/v1\/wp\/v2\/posts\/477661"}],"collection":[{"href":"https:\/\/staging.varesenews.it\/swgapi\/v1\/wp\/v2\/posts"}],"about":[{"href":"https:\/\/staging.varesenews.it\/swgapi\/v1\/wp\/v2\/types\/post"}],"author":[{"embeddable":true,"href":"https:\/\/staging.varesenews.it\/swgapi\/v1\/wp\/v2\/users\/50"}],"replies":[{"embeddable":true,"href":"https:\/\/staging.varesenews.it\/swgapi\/v1\/wp\/v2\/comments?post=477661"}],"version-history":[{"count":0,"href":"https:\/\/staging.varesenews.it\/swgapi\/v1\/wp\/v2\/posts\/477661\/revisions"}],"wp:attachment":[{"href":"https:\/\/staging.varesenews.it\/swgapi\/v1\/wp\/v2\/media?parent=477661"}],"wp:term":[{"taxonomy":"category","embeddable":true,"href":"https:\/\/staging.varesenews.it\/swgapi\/v1\/wp\/v2\/categories?post=477661"},{"taxonomy":"post_tag","embeddable":true,"href":"https:\/\/staging.varesenews.it\/swgapi\/v1\/wp\/v2\/tags?post=477661"}],"curies":[{"name":"wp","href":"https:\/\/api.w.org\/{rel}","templated":true}]}}