{"id":477879,"date":"2016-01-20T11:06:42","date_gmt":"2016-01-20T10:06:42","guid":{"rendered":"http:\/\/www.varesenews.it\/?p=477879"},"modified":"2016-01-20T11:06:57","modified_gmt":"2016-01-20T10:06:57","slug":"netword-marketing-alla-liuc-parte-un-il-primo-corso","status":"publish","type":"post","link":"https:\/\/staging.varesenews.it\/2016\/01\/netword-marketing-alla-liuc-parte-un-il-primo-corso\/477879\/","title":{"rendered":"Netword marketing, alla Liuc parte il primo corso"},"content":{"rendered":"<p>Il network marketing \u00e8 <b>una forma di<\/b> <b>vendita diretta<\/b>, in cui i beni e i servizi vengono distribuiti direttamente ai clienti attraverso una rete di distribuzione creata da distributori indipendenti. Questi ultimi sono incentivati a costruire la rete distributiva, in quanto vengono <b>remunerati attraverso un meccanismo premiante, basato su un sistema di provvigioni<\/b>, calcolate non solo sul loro fatturato personale,\u00a0 ma anche su quello generato dalla rete di distributori da loro personalmente creata. Un tema al quale la Liuc\u00a0ha scelto di dedicare un corso ad hoc, in particolare un Executive Master.<\/p>\n<p>\u00abLa nostra proposta &#8211; spiega <b>Carolina Guerini<\/b>, Professore Associato della Scuola di Economia e Management della Liuc\u00a0e Direttore Scientifico del percorso &#8211; rappresenta <b>la prima iniziativa di formazione accademica <\/b>in quest\u2019ambito e coinvolge, a fianco di docenti Liuc, operatori di settore che porteranno in aula le esperienze dei network nazionali ed internazionali pi\u00f9 rilevanti\u00bb.<\/p>\n<p>Il programma di formazione si rivolge a networker ai vari livelli della carriera, ai dipendenti delle unit\u00e0 centrali, alle imprese collegate ai network a vario titolo (fornitori di beni e servizi) e a tutte le imprese manifatturiere e di servizi tradizionali interessate alla specifica modalit\u00e0 distributiva. Le competenze e le abilit\u00e0 che saranno sviluppate tramite il percorso riguardano tutte le attivit\u00e0 del networker (dal prospecting, vendita, promozione, comunicazione di marca,\u00a0 alla gestione delle downline, relazioni verticali, personal branding) secondo un\u2019ottica manageriale.<\/p>\n<p>L\u2019Executive Master si articola in <b>10 moduli di formazione da febbraio a ottobre 2016,<\/b> a cui far\u00e0 seguito un project work. Le lezioni si terranno il venerd\u00ec tutto il giorno e il sabato mattina, con un impegno di circa 2 giorni al mese. La frequenza all\u2019Executive Master \u00e8 obbligatoria. Alle lezioni, esercitazioni e casi saranno affiancate <b>testimonianze di operatori e di esperti internazionali di network marketing, role playing <\/b>e<b> progetti sul campo<\/b>.<\/p>\n<p>Per gli interessati al tema e a questo nuovo percorso, \u00e8 previsto un incontro <b>venerd\u00ec 22 gennaio<\/b> alla LIUC dalle ore 10.00. Ne discuteranno: <b>Antonello Badanesi<\/b> (Amministratore Delegato LR Health &amp; Beauty), <b>Antonio Belsole<\/b> (Fondatore e Amministratore Delegato PEF), <b>Marzio Coppi<\/b> (Studio Consult), <b>Mario Del Corso<\/b> (Imprenditore e Fondatore di V+), <b>Edoardo Moretti<\/b> (Amministratore Delegato Lyoness Italia), <b>Raffaella Orlandi<\/b> (General Manager Italy and Spain Synergy Worldwide), <b>Giuliano Sciortino<\/b> (Segretario Generale AVEDISCO, membro Board of Directors WFDSA e SELDIA).<\/p>\n","protected":false},"excerpt":{"rendered":"<p>Alla Liuc partir\u00e0 presto il primo corso accademico dedicato al settore del &#8220;network marketing&#8221;. Previsto un incontro informativo il 22 gennaio<\/p>\n","protected":false},"author":42,"featured_media":0,"comment_status":"open","ping_status":"open","sticky":false,"template":"","format":"standard","meta":{"footnotes":""},"categories":[4,15,22],"tags":[176,432],"acf":[],"yoast_head":"<!-- This site is optimized with the Yoast SEO plugin v20.1 - https:\/\/yoast.com\/wordpress\/plugins\/seo\/ -->\n<title>Netword marketing, alla Liuc parte il primo corso<\/title>\n<meta name=\"description\" content=\"Alla Liuc partir\u00e0 presto il primo corso accademico dedicato al settore del &quot;network marketing&quot;. Previsto un incontro informativo il 22 gennaio\" \/>\n<meta name=\"robots\" content=\"noindex, follow, max-snippet:-1, max-image-preview:large, max-video-preview:-1\" \/>\n<meta property=\"og:locale\" content=\"it_IT\" \/>\n<meta property=\"og:type\" content=\"article\" \/>\n<meta property=\"og:title\" content=\"Netword marketing, alla Liuc parte il primo corso\" \/>\n<meta property=\"og:description\" content=\"Alla Liuc partir\u00e0 presto il primo corso accademico dedicato al settore del &quot;network marketing&quot;. Previsto un incontro informativo il 22 gennaio\" \/>\n<meta property=\"og:url\" content=\"https:\/\/staging.varesenews.it\/2016\/01\/netword-marketing-alla-liuc-parte-un-il-primo-corso\/477879\/\" \/>\n<meta property=\"og:site_name\" content=\"VareseNews\" \/>\n<meta property=\"article:publisher\" content=\"https:\/\/www.facebook.com\/varesenews\" \/>\n<meta property=\"article:published_time\" content=\"2016-01-20T10:06:42+00:00\" \/>\n<meta property=\"article:modified_time\" content=\"2016-01-20T10:06:57+00:00\" \/>\n<meta name=\"author\" content=\"Marco Corso\" \/>\n<meta name=\"twitter:card\" content=\"summary_large_image\" \/>\n<meta name=\"twitter:creator\" content=\"@varesenews\" \/>\n<meta name=\"twitter:site\" content=\"@varesenews\" \/>\n<meta name=\"twitter:label1\" content=\"Scritto da\" \/>\n\t<meta name=\"twitter:data1\" content=\"Marco Corso\" \/>\n\t<meta name=\"twitter:label2\" content=\"Tempo di lettura stimato\" \/>\n\t<meta name=\"twitter:data2\" content=\"2 minuti\" \/>\n<script type=\"application\/ld+json\" class=\"yoast-schema-graph\">{\"@context\":\"https:\/\/schema.org\",\"@graph\":[{\"@type\":\"WebPage\",\"@id\":\"https:\/\/staging.varesenews.it\/2016\/01\/netword-marketing-alla-liuc-parte-un-il-primo-corso\/477879\/\",\"url\":\"https:\/\/staging.varesenews.it\/2016\/01\/netword-marketing-alla-liuc-parte-un-il-primo-corso\/477879\/\",\"name\":\"Netword marketing, alla Liuc parte il primo corso\",\"isPartOf\":{\"@id\":\"https:\/\/staging.varesenews.it\/#website\"},\"datePublished\":\"2016-01-20T10:06:42+00:00\",\"dateModified\":\"2016-01-20T10:06:57+00:00\",\"author\":{\"@id\":\"https:\/\/staging.varesenews.it\/#\/schema\/person\/f0b866bf1a4a7b2b1558574309a927fa\"},\"description\":\"Alla Liuc partir\u00e0 presto il primo corso accademico dedicato al settore del \\\"network marketing\\\". Previsto un incontro informativo il 22 gennaio\",\"breadcrumb\":{\"@id\":\"https:\/\/staging.varesenews.it\/2016\/01\/netword-marketing-alla-liuc-parte-un-il-primo-corso\/477879\/#breadcrumb\"},\"inLanguage\":\"it-IT\",\"potentialAction\":[{\"@type\":\"ReadAction\",\"target\":[\"https:\/\/staging.varesenews.it\/2016\/01\/netword-marketing-alla-liuc-parte-un-il-primo-corso\/477879\/\"]}]},{\"@type\":\"BreadcrumbList\",\"@id\":\"https:\/\/staging.varesenews.it\/2016\/01\/netword-marketing-alla-liuc-parte-un-il-primo-corso\/477879\/#breadcrumb\",\"itemListElement\":[{\"@type\":\"ListItem\",\"position\":1,\"name\":\"Home\",\"item\":\"https:\/\/www.varesenews.it\/\"},{\"@type\":\"ListItem\",\"position\":2,\"name\":\"Netword marketing, alla Liuc parte il primo corso\"}]},{\"@type\":\"WebSite\",\"@id\":\"https:\/\/staging.varesenews.it\/#website\",\"url\":\"https:\/\/staging.varesenews.it\/\",\"name\":\"VareseNews\",\"description\":\"\",\"potentialAction\":[{\"@type\":\"SearchAction\",\"target\":{\"@type\":\"EntryPoint\",\"urlTemplate\":\"https:\/\/staging.varesenews.it\/?s={search_term_string}\"},\"query-input\":\"required name=search_term_string\"}],\"inLanguage\":\"it-IT\"},{\"@type\":\"Person\",\"@id\":\"https:\/\/staging.varesenews.it\/#\/schema\/person\/f0b866bf1a4a7b2b1558574309a927fa\",\"name\":\"Marco Corso\",\"image\":{\"@type\":\"ImageObject\",\"inLanguage\":\"it-IT\",\"@id\":\"https:\/\/staging.varesenews.it\/#\/schema\/person\/image\/\",\"url\":\"https:\/\/staging.varesenews.it\/wp-content\/uploads\/2020\/12\/marco_corso_colori_500.jpg\",\"contentUrl\":\"https:\/\/staging.varesenews.it\/wp-content\/uploads\/2020\/12\/marco_corso_colori_500.jpg\",\"caption\":\"Marco Corso\"},\"description\":\"Classe 91, per diversi anni mi sono fregiato del titolo di pi&ugrave; giovane della redazione, ma adesso faccio il fratello maggiore alle nuove leve. Mi sono laureato nel 2013 in Scienze Sociali per la Globalizzazione alla Statale di Milano e nel 2015 mi sono diplomato in videogiornalismo alla Civica Scuola di Cinema di Milano. A VareseNews da 10 anni, ho seguito da sempre diversi progetti, partendo dalla mia Busto Arsizio per attraversare tutta la provincia. Adesso la \\\"sorvolo\\\" anche con il mio drone, regalando alle mie riprese sempre un punto di vista emozionale e narrativo sui luoghi e le vicende che racconto, ma rimanendo fedele alla cronaca. Quando non faccio il giornalista viaggio o mi arrampico sui monti, per guardare il mondo da altri punti di vista.\",\"sameAs\":[\"mar_corso\"],\"url\":\"https:\/\/staging.varesenews.it\/persona\/marco-corso1\/\"}]}<\/script>\n<!-- \/ Yoast SEO plugin. -->","yoast_head_json":{"title":"Netword marketing, alla Liuc parte il primo corso","description":"Alla Liuc partir\u00e0 presto il primo corso accademico dedicato al settore del \"network marketing\". Previsto un incontro informativo il 22 gennaio","robots":{"index":"noindex","follow":"follow","max-snippet":"max-snippet:-1","max-image-preview":"max-image-preview:large","max-video-preview":"max-video-preview:-1"},"og_locale":"it_IT","og_type":"article","og_title":"Netword marketing, alla Liuc parte il primo corso","og_description":"Alla Liuc partir\u00e0 presto il primo corso accademico dedicato al settore del \"network marketing\". Previsto un incontro informativo il 22 gennaio","og_url":"https:\/\/staging.varesenews.it\/2016\/01\/netword-marketing-alla-liuc-parte-un-il-primo-corso\/477879\/","og_site_name":"VareseNews","article_publisher":"https:\/\/www.facebook.com\/varesenews","article_published_time":"2016-01-20T10:06:42+00:00","article_modified_time":"2016-01-20T10:06:57+00:00","author":"Marco Corso","twitter_card":"summary_large_image","twitter_creator":"@varesenews","twitter_site":"@varesenews","twitter_misc":{"Scritto da":"Marco Corso","Tempo di lettura stimato":"2 minuti"},"schema":{"@context":"https:\/\/schema.org","@graph":[{"@type":"WebPage","@id":"https:\/\/staging.varesenews.it\/2016\/01\/netword-marketing-alla-liuc-parte-un-il-primo-corso\/477879\/","url":"https:\/\/staging.varesenews.it\/2016\/01\/netword-marketing-alla-liuc-parte-un-il-primo-corso\/477879\/","name":"Netword marketing, alla Liuc parte il primo corso","isPartOf":{"@id":"https:\/\/staging.varesenews.it\/#website"},"datePublished":"2016-01-20T10:06:42+00:00","dateModified":"2016-01-20T10:06:57+00:00","author":{"@id":"https:\/\/staging.varesenews.it\/#\/schema\/person\/f0b866bf1a4a7b2b1558574309a927fa"},"description":"Alla Liuc partir\u00e0 presto il primo corso accademico dedicato al settore del \"network marketing\". Previsto un incontro informativo il 22 gennaio","breadcrumb":{"@id":"https:\/\/staging.varesenews.it\/2016\/01\/netword-marketing-alla-liuc-parte-un-il-primo-corso\/477879\/#breadcrumb"},"inLanguage":"it-IT","potentialAction":[{"@type":"ReadAction","target":["https:\/\/staging.varesenews.it\/2016\/01\/netword-marketing-alla-liuc-parte-un-il-primo-corso\/477879\/"]}]},{"@type":"BreadcrumbList","@id":"https:\/\/staging.varesenews.it\/2016\/01\/netword-marketing-alla-liuc-parte-un-il-primo-corso\/477879\/#breadcrumb","itemListElement":[{"@type":"ListItem","position":1,"name":"Home","item":"https:\/\/www.varesenews.it\/"},{"@type":"ListItem","position":2,"name":"Netword marketing, alla Liuc parte il primo corso"}]},{"@type":"WebSite","@id":"https:\/\/staging.varesenews.it\/#website","url":"https:\/\/staging.varesenews.it\/","name":"VareseNews","description":"","potentialAction":[{"@type":"SearchAction","target":{"@type":"EntryPoint","urlTemplate":"https:\/\/staging.varesenews.it\/?s={search_term_string}"},"query-input":"required name=search_term_string"}],"inLanguage":"it-IT"},{"@type":"Person","@id":"https:\/\/staging.varesenews.it\/#\/schema\/person\/f0b866bf1a4a7b2b1558574309a927fa","name":"Marco Corso","image":{"@type":"ImageObject","inLanguage":"it-IT","@id":"https:\/\/staging.varesenews.it\/#\/schema\/person\/image\/","url":"https:\/\/staging.varesenews.it\/wp-content\/uploads\/2020\/12\/marco_corso_colori_500.jpg","contentUrl":"https:\/\/staging.varesenews.it\/wp-content\/uploads\/2020\/12\/marco_corso_colori_500.jpg","caption":"Marco Corso"},"description":"Classe 91, per diversi anni mi sono fregiato del titolo di pi&ugrave; giovane della redazione, ma adesso faccio il fratello maggiore alle nuove leve. Mi sono laureato nel 2013 in Scienze Sociali per la Globalizzazione alla Statale di Milano e nel 2015 mi sono diplomato in videogiornalismo alla Civica Scuola di Cinema di Milano. A VareseNews da 10 anni, ho seguito da sempre diversi progetti, partendo dalla mia Busto Arsizio per attraversare tutta la provincia. Adesso la \"sorvolo\" anche con il mio drone, regalando alle mie riprese sempre un punto di vista emozionale e narrativo sui luoghi e le vicende che racconto, ma rimanendo fedele alla cronaca. Quando non faccio il giornalista viaggio o mi arrampico sui monti, per guardare il mondo da altri punti di vista.","sameAs":["mar_corso"],"url":"https:\/\/staging.varesenews.it\/persona\/marco-corso1\/"}]}},"post_meta":{"_edit_lock":"1453284540:42","_edit_last":"42","_category_permalink":"","wdfb_og_title":"","wdfb_og_type":"","wdfb_og_description":"","wdfb_og_images":"a:1:{i:0;s:0:\"\";}","wdfb_og_custom_name":"a:1:{i:0;s:0:\"\";}","wdfb_og_custom_value":"a:1:{i:0;s:0:\"\";}","foto":"491378","firma_come_redazione":"1","argomento":"Universit\u00e0","_jd_twitter":"","_jd_tweet_this":"yes","ratings_users":"0","ratings_score":"0","ratings_average":"0","_wpt_short_url":"http:\/\/www.varesenews.it\/2016\/01\/netword-marketing-alla-liuc-parte-un-il-primo-corso\/477879\/","_wp_jd_target":"http:\/\/www.varesenews.it\/2016\/01\/netword-marketing-alla-liuc-parte-un-il-primo-corso\/477879\/","_jd_wp_twitter":"a:1:{i:0;s:164:\"Netword marketing, alla Liuc parte un il primo corso http:\/\/www.varesenews.it\/2016\/01\/netword-marketing-alla-liuc-parte-un-il-primo-corso\/477879\/ #Liuc #universit\u00e0\";}","_wpt_status_message":"Tweet inviato con successo."},"photos":[{"original":"https:\/\/staging.varesenews.it\/photogallery_new\/images\/2015\/10\/l-open-day-della-liuc-491378.jpg","full":"https:\/\/staging.varesenews.it\/photogallery_new\/images\/2015\/10\/l-open-day-della-liuc-491378.1024x768.jpg","large":"https:\/\/staging.varesenews.it\/photogallery_new\/images\/2015\/10\/l-open-day-della-liuc-491378.610x431.jpg"}],"_links":{"self":[{"href":"https:\/\/staging.varesenews.it\/swgapi\/v1\/wp\/v2\/posts\/477879"}],"collection":[{"href":"https:\/\/staging.varesenews.it\/swgapi\/v1\/wp\/v2\/posts"}],"about":[{"href":"https:\/\/staging.varesenews.it\/swgapi\/v1\/wp\/v2\/types\/post"}],"author":[{"embeddable":true,"href":"https:\/\/staging.varesenews.it\/swgapi\/v1\/wp\/v2\/users\/42"}],"replies":[{"embeddable":true,"href":"https:\/\/staging.varesenews.it\/swgapi\/v1\/wp\/v2\/comments?post=477879"}],"version-history":[{"count":0,"href":"https:\/\/staging.varesenews.it\/swgapi\/v1\/wp\/v2\/posts\/477879\/revisions"}],"wp:attachment":[{"href":"https:\/\/staging.varesenews.it\/swgapi\/v1\/wp\/v2\/media?parent=477879"}],"wp:term":[{"taxonomy":"category","embeddable":true,"href":"https:\/\/staging.varesenews.it\/swgapi\/v1\/wp\/v2\/categories?post=477879"},{"taxonomy":"post_tag","embeddable":true,"href":"https:\/\/staging.varesenews.it\/swgapi\/v1\/wp\/v2\/tags?post=477879"}],"curies":[{"name":"wp","href":"https:\/\/api.w.org\/{rel}","templated":true}]}}