{"id":477899,"date":"2016-01-20T15:35:58","date_gmt":"2016-01-20T14:35:58","guid":{"rendered":"http:\/\/www.varesenews.it\/?p=477899"},"modified":"2016-01-20T15:35:58","modified_gmt":"2016-01-20T14:35:58","slug":"ritorna-la-tradizione-della-gioeubia-risottata-in-piazza","status":"publish","type":"post","link":"https:\/\/staging.varesenews.it\/2016\/01\/ritorna-la-tradizione-della-gioeubia-risottata-in-piazza\/477899\/","title":{"rendered":"Ritorna la tradizione della Gioeubia, risottata in piazza"},"content":{"rendered":"<p>Gioved\u00ec 28 gennaio si rinnova la secolare tradizione della <strong>Gi\u00f6bia<\/strong>: nei cortili e nelle piazze della citt\u00e0 si dar\u00e0 fuoco al fantoccio che con il passare del tempo ha assunto le fattezze dei protagonisti degli eventi pi\u00f9 significativi dell\u2019anno appena concluso.<br \/>\nCome i bustocchi ben sanno, il rogo <strong>ha la funzione di liberare la citt\u00e0 dai guai del passato, oltre a quella di bruciare l\u2019inverno e di allontanare il buio<\/strong>, come nei pi\u00f9 antichi riti popolari che propiziavano la rinascita della natura.<\/p>\n<p>In genere le famiglie erano solite sottolineare la festa del \u201cd\u00ec scen\u00e8n\u201d con una robusta cena a base di uno dei piatti tradizionali della cucina bustocca, il <strong>risotu cunt\u2019 a l\u00fcganiga<\/strong>. La leggenda dice infatti che le donne che temevano il giudizio della Gi\u00f6bia e volevano ingraziarsela, la prendevano per la gola preparando il risotto di cui era ghiottissima. Cos\u00ec Anteo (il professor Bruno Grampa) ne \u201cIl Mistero della Gi\u00f6bia\u201d: \u201cCol risotto la Gi\u00f6bia assaggia, controlla, si calma e passa via; ma se il camino non fuma e il profumo non si sente, succedono i guai. A chi tocca purtroppo \u00e8 un bello spavento. Le donne lo sanno e, verso mezzanotte, son pronte con tutti gli ingredienti\u201d.<\/p>\n<p>Nel rispetto dell\u2019antico rito, come indicato anche dalle associazioni che si occupano di salvaguardare e valorizzare le tradizioni cittadine (Famiglia Bustocca, Famiglia Sinaghina e Magistero dei Bruscitti), l\u2019Amministrazione Comunale e il Distretto del Commercio, in collaborazione con la gastronomia Crespi e il Panificio Colombo, inviteranno i bustocchi a gustare un fumante piatto di risotto con la luganiga in piazza San Giovanni. Il piatto sar\u00e0 accompagnato da un bicchiere di vino rosso e dalle chiacchiere: l\u2019appuntamento per la degustazione (per ogni porzione verr\u00e0 chiesto il pagamento di almeno due Euro) \u00e8 fissato verso le ore 19.30, subito dopo il fal\u00f2 delle varie Gi\u00f6bie in programma nel parcheggio di via Einaudi alle ore 19.00.<\/p>\n<p><strong>Novit\u00e0 del 2016<\/strong> sar\u00e0 la possibilit\u00e0 di<strong> cenare con servizio al tavolo nell\u2019Hub<\/strong>, probabilmente una delle ultime occasioni per ritrovarsi a tavola sotto le stelle in piazza san Giovanni nella location realizzata per l\u2019Expo, che sar\u00e0 naturalmente riscaldata.<\/p>\n<p>Nel menu il risotto con la luganiga, accompagnato da altre specialit\u00e0 a km. zero, come i salumi tipici bustocchi dal marchio De.CO, il pan tramvai con formaggella, i vol-au-vent caldi con fonduta e noci, la bruschetta al lardo e miele. Un tris di formaggi e le chiacchiere chiudono il menu, che comprende vini bianchi e rossi DOC, acqua minerale, spumante dolce e secco. <strong>Il costo \u00e8 di 25 Euro a persona: il ricavato sar\u00e0 devoluto in parte in beneficenza per sostenere i progetti di inclusione sociale<\/strong> rivolti alle persone in difficolt\u00e0 lavorativa.<\/p>\n<p>Gli uffici stampa e grandi eventi sono a disposizione per informazioni e per prenotazioni (obbligatorie, entro il 27 gennaio) ai numeri <strong>0331 390266 &#8211; 0331 390310.<\/strong><\/p>\n","protected":false},"excerpt":{"rendered":"<p>Si rinnova il rito ancestrale che scaccia i guai e l&#8217;inverno, diffusa in tutto il Basso Varesotto e particolarmente sentita a Busto. Oltre al rogo dei fantocci ci sar\u00e0 la risottata in piazza<\/p>\n","protected":false},"author":47,"featured_media":0,"comment_status":"open","ping_status":"open","sticky":false,"template":"","format":"standard","meta":{"footnotes":""},"categories":[4],"tags":[56059],"acf":[],"yoast_head":"<!-- This site is optimized with the Yoast SEO plugin v20.1 - https:\/\/yoast.com\/wordpress\/plugins\/seo\/ -->\n<title>Ritorna la tradizione della Gioeubia, risottata in piazza<\/title>\n<meta name=\"description\" content=\"Si rinnova il rito ancestrale che scaccia i guai e l&#039;inverno, diffusa in tutto il Basso Varesotto e particolarmente sentita a Busto. Oltre al rogo dei fantocci ci sar\u00e0 la risottata in piazza\" \/>\n<meta name=\"robots\" content=\"noindex, follow, max-snippet:-1, max-image-preview:large, max-video-preview:-1\" \/>\n<meta property=\"og:locale\" content=\"it_IT\" \/>\n<meta property=\"og:type\" content=\"article\" \/>\n<meta property=\"og:title\" content=\"Ritorna la tradizione della Gioeubia, risottata in piazza\" \/>\n<meta property=\"og:description\" content=\"Si rinnova il rito ancestrale che scaccia i guai e l&#039;inverno, diffusa in tutto il Basso Varesotto e particolarmente sentita a Busto. Oltre al rogo dei fantocci ci sar\u00e0 la risottata in piazza\" \/>\n<meta property=\"og:url\" content=\"https:\/\/staging.varesenews.it\/2016\/01\/ritorna-la-tradizione-della-gioeubia-risottata-in-piazza\/477899\/\" \/>\n<meta property=\"og:site_name\" content=\"VareseNews\" \/>\n<meta property=\"article:publisher\" content=\"https:\/\/www.facebook.com\/varesenews\" \/>\n<meta property=\"article:published_time\" content=\"2016-01-20T14:35:58+00:00\" \/>\n<meta name=\"author\" content=\"Orlando Mastrillo\" \/>\n<meta name=\"twitter:card\" content=\"summary_large_image\" \/>\n<meta name=\"twitter:creator\" content=\"@nando_mastrillo\" \/>\n<meta name=\"twitter:site\" content=\"@varesenews\" \/>\n<meta name=\"twitter:label1\" content=\"Scritto da\" \/>\n\t<meta name=\"twitter:data1\" content=\"Orlando Mastrillo\" \/>\n\t<meta name=\"twitter:label2\" content=\"Tempo di lettura stimato\" \/>\n\t<meta name=\"twitter:data2\" content=\"2 minuti\" \/>\n<script type=\"application\/ld+json\" class=\"yoast-schema-graph\">{\"@context\":\"https:\/\/schema.org\",\"@graph\":[{\"@type\":\"WebPage\",\"@id\":\"https:\/\/staging.varesenews.it\/2016\/01\/ritorna-la-tradizione-della-gioeubia-risottata-in-piazza\/477899\/\",\"url\":\"https:\/\/staging.varesenews.it\/2016\/01\/ritorna-la-tradizione-della-gioeubia-risottata-in-piazza\/477899\/\",\"name\":\"Ritorna la tradizione della Gioeubia, risottata in piazza\",\"isPartOf\":{\"@id\":\"https:\/\/staging.varesenews.it\/#website\"},\"datePublished\":\"2016-01-20T14:35:58+00:00\",\"dateModified\":\"2016-01-20T14:35:58+00:00\",\"author\":{\"@id\":\"https:\/\/staging.varesenews.it\/#\/schema\/person\/14c47ccce537a9058dddce296f10b296\"},\"description\":\"Si rinnova il rito ancestrale che scaccia i guai e l'inverno, diffusa in tutto il Basso Varesotto e particolarmente sentita a Busto. Oltre al rogo dei fantocci ci sar\u00e0 la risottata in piazza\",\"breadcrumb\":{\"@id\":\"https:\/\/staging.varesenews.it\/2016\/01\/ritorna-la-tradizione-della-gioeubia-risottata-in-piazza\/477899\/#breadcrumb\"},\"inLanguage\":\"it-IT\",\"potentialAction\":[{\"@type\":\"ReadAction\",\"target\":[\"https:\/\/staging.varesenews.it\/2016\/01\/ritorna-la-tradizione-della-gioeubia-risottata-in-piazza\/477899\/\"]}]},{\"@type\":\"BreadcrumbList\",\"@id\":\"https:\/\/staging.varesenews.it\/2016\/01\/ritorna-la-tradizione-della-gioeubia-risottata-in-piazza\/477899\/#breadcrumb\",\"itemListElement\":[{\"@type\":\"ListItem\",\"position\":1,\"name\":\"Home\",\"item\":\"https:\/\/www.varesenews.it\/\"},{\"@type\":\"ListItem\",\"position\":2,\"name\":\"Ritorna la tradizione della Gioeubia, risottata in piazza\"}]},{\"@type\":\"WebSite\",\"@id\":\"https:\/\/staging.varesenews.it\/#website\",\"url\":\"https:\/\/staging.varesenews.it\/\",\"name\":\"VareseNews\",\"description\":\"\",\"potentialAction\":[{\"@type\":\"SearchAction\",\"target\":{\"@type\":\"EntryPoint\",\"urlTemplate\":\"https:\/\/staging.varesenews.it\/?s={search_term_string}\"},\"query-input\":\"required name=search_term_string\"}],\"inLanguage\":\"it-IT\"},{\"@type\":\"Person\",\"@id\":\"https:\/\/staging.varesenews.it\/#\/schema\/person\/14c47ccce537a9058dddce296f10b296\",\"name\":\"Orlando Mastrillo\",\"image\":{\"@type\":\"ImageObject\",\"inLanguage\":\"it-IT\",\"@id\":\"https:\/\/staging.varesenews.it\/#\/schema\/person\/image\/\",\"url\":\"https:\/\/staging.varesenews.it\/wp-content\/uploads\/2020\/12\/orlando_mastrillo_colori_500.jpg\",\"contentUrl\":\"https:\/\/staging.varesenews.it\/wp-content\/uploads\/2020\/12\/orlando_mastrillo_colori_500.jpg\",\"caption\":\"Orlando Mastrillo\"},\"description\":\"Nasco a Luino nel 1981, ho iniziato questo lavoro nell'estate del 2003 nella redazione de Il Giorno di Varese e dall'anno successivo ho intrapreso la collaborazione con VareseNews. Dopo anni nell'Alto Varesotto mi sono trasferito a Busto Arsizio nel 2007, territorio che ho iniziato a seguire e che seguo tutt'oggi. Nel 2013 sono diventato giornalista professionista. Mi occupo di cronaca politica, giudiziaria e nera in una vasta area che comprende anche parte della Valle Olona e il Legnanese. Sono sposato con Valeria Arini e ho due splendide figlie.\",\"sameAs\":[\"or_ma\",\"https:\/\/twitter.com\/nando_mastrillo\"],\"url\":\"https:\/\/staging.varesenews.it\/persona\/orlando-mastrillo1\/\"}]}<\/script>\n<!-- \/ Yoast SEO plugin. -->","yoast_head_json":{"title":"Ritorna la tradizione della Gioeubia, risottata in piazza","description":"Si rinnova il rito ancestrale che scaccia i guai e l'inverno, diffusa in tutto il Basso Varesotto e particolarmente sentita a Busto. Oltre al rogo dei fantocci ci sar\u00e0 la risottata in piazza","robots":{"index":"noindex","follow":"follow","max-snippet":"max-snippet:-1","max-image-preview":"max-image-preview:large","max-video-preview":"max-video-preview:-1"},"og_locale":"it_IT","og_type":"article","og_title":"Ritorna la tradizione della Gioeubia, risottata in piazza","og_description":"Si rinnova il rito ancestrale che scaccia i guai e l'inverno, diffusa in tutto il Basso Varesotto e particolarmente sentita a Busto. Oltre al rogo dei fantocci ci sar\u00e0 la risottata in piazza","og_url":"https:\/\/staging.varesenews.it\/2016\/01\/ritorna-la-tradizione-della-gioeubia-risottata-in-piazza\/477899\/","og_site_name":"VareseNews","article_publisher":"https:\/\/www.facebook.com\/varesenews","article_published_time":"2016-01-20T14:35:58+00:00","author":"Orlando Mastrillo","twitter_card":"summary_large_image","twitter_creator":"@nando_mastrillo","twitter_site":"@varesenews","twitter_misc":{"Scritto da":"Orlando Mastrillo","Tempo di lettura stimato":"2 minuti"},"schema":{"@context":"https:\/\/schema.org","@graph":[{"@type":"WebPage","@id":"https:\/\/staging.varesenews.it\/2016\/01\/ritorna-la-tradizione-della-gioeubia-risottata-in-piazza\/477899\/","url":"https:\/\/staging.varesenews.it\/2016\/01\/ritorna-la-tradizione-della-gioeubia-risottata-in-piazza\/477899\/","name":"Ritorna la tradizione della Gioeubia, risottata in piazza","isPartOf":{"@id":"https:\/\/staging.varesenews.it\/#website"},"datePublished":"2016-01-20T14:35:58+00:00","dateModified":"2016-01-20T14:35:58+00:00","author":{"@id":"https:\/\/staging.varesenews.it\/#\/schema\/person\/14c47ccce537a9058dddce296f10b296"},"description":"Si rinnova il rito ancestrale che scaccia i guai e l'inverno, diffusa in tutto il Basso Varesotto e particolarmente sentita a Busto. Oltre al rogo dei fantocci ci sar\u00e0 la risottata in piazza","breadcrumb":{"@id":"https:\/\/staging.varesenews.it\/2016\/01\/ritorna-la-tradizione-della-gioeubia-risottata-in-piazza\/477899\/#breadcrumb"},"inLanguage":"it-IT","potentialAction":[{"@type":"ReadAction","target":["https:\/\/staging.varesenews.it\/2016\/01\/ritorna-la-tradizione-della-gioeubia-risottata-in-piazza\/477899\/"]}]},{"@type":"BreadcrumbList","@id":"https:\/\/staging.varesenews.it\/2016\/01\/ritorna-la-tradizione-della-gioeubia-risottata-in-piazza\/477899\/#breadcrumb","itemListElement":[{"@type":"ListItem","position":1,"name":"Home","item":"https:\/\/www.varesenews.it\/"},{"@type":"ListItem","position":2,"name":"Ritorna la tradizione della Gioeubia, risottata in piazza"}]},{"@type":"WebSite","@id":"https:\/\/staging.varesenews.it\/#website","url":"https:\/\/staging.varesenews.it\/","name":"VareseNews","description":"","potentialAction":[{"@type":"SearchAction","target":{"@type":"EntryPoint","urlTemplate":"https:\/\/staging.varesenews.it\/?s={search_term_string}"},"query-input":"required name=search_term_string"}],"inLanguage":"it-IT"},{"@type":"Person","@id":"https:\/\/staging.varesenews.it\/#\/schema\/person\/14c47ccce537a9058dddce296f10b296","name":"Orlando Mastrillo","image":{"@type":"ImageObject","inLanguage":"it-IT","@id":"https:\/\/staging.varesenews.it\/#\/schema\/person\/image\/","url":"https:\/\/staging.varesenews.it\/wp-content\/uploads\/2020\/12\/orlando_mastrillo_colori_500.jpg","contentUrl":"https:\/\/staging.varesenews.it\/wp-content\/uploads\/2020\/12\/orlando_mastrillo_colori_500.jpg","caption":"Orlando Mastrillo"},"description":"Nasco a Luino nel 1981, ho iniziato questo lavoro nell'estate del 2003 nella redazione de Il Giorno di Varese e dall'anno successivo ho intrapreso la collaborazione con VareseNews. Dopo anni nell'Alto Varesotto mi sono trasferito a Busto Arsizio nel 2007, territorio che ho iniziato a seguire e che seguo tutt'oggi. Nel 2013 sono diventato giornalista professionista. Mi occupo di cronaca politica, giudiziaria e nera in una vasta area che comprende anche parte della Valle Olona e il Legnanese. Sono sposato con Valeria Arini e ho due splendide figlie.","sameAs":["or_ma","https:\/\/twitter.com\/nando_mastrillo"],"url":"https:\/\/staging.varesenews.it\/persona\/orlando-mastrillo1\/"}]}},"post_meta":{"_edit_lock":"1453300470:47","_edit_last":"47","_category_permalink":"","wdfb_og_title":"","wdfb_og_type":"","wdfb_og_description":"","wdfb_og_images":"a:1:{i:0;s:0:\"\";}","wdfb_og_custom_name":"a:1:{i:0;s:0:\"\";}","wdfb_og_custom_value":"a:1:{i:0;s:0:\"\";}","_jd_twitter":"","_jd_tweet_this":"yes","ratings_users":"0","ratings_score":"0","ratings_average":"0","foto":"31172","argomento":"Busto Arsizio","_yoast_wpseo_focuskw":"gioeubia","_wpt_short_url":"http:\/\/www.varesenews.it\/2016\/01\/ritorna-la-tradizione-della-gioeubia-risottata-in-piazza\/477899\/","_wp_jd_target":"http:\/\/www.varesenews.it\/2016\/01\/ritorna-la-tradizione-della-gioeubia-risottata-in-piazza\/477899\/","_jd_wp_twitter":"a:1:{i:0;s:169:\"Ritorna la tradizione della Gioeubia, risottata in piazza http:\/\/www.varesenews.it\/2016\/01\/ritorna-la-tradizione-della-gioeubia-risottata-in-piazza\/477899\/ #gioeubia2016\";}","_wpt_status_message":"Tweet inviato con successo.","_yoast_wpseo_linkdex":"65"},"photos":[{"original":"https:\/\/staging.varesenews.it\/photogallery_new\/images\/2013\/01\/il-rogo-della-gioeubia-a-busto-inserita-in-galleria-31172.jpg","full":"https:\/\/staging.varesenews.it\/photogallery_new\/images\/2013\/01\/il-rogo-della-gioeubia-a-busto-inserita-in-galleria-31172.1024x768.jpg","large":"https:\/\/staging.varesenews.it\/photogallery_new\/images\/2013\/01\/il-rogo-della-gioeubia-a-busto-inserita-in-galleria-31172.610x431.jpg"}],"_links":{"self":[{"href":"https:\/\/staging.varesenews.it\/swgapi\/v1\/wp\/v2\/posts\/477899"}],"collection":[{"href":"https:\/\/staging.varesenews.it\/swgapi\/v1\/wp\/v2\/posts"}],"about":[{"href":"https:\/\/staging.varesenews.it\/swgapi\/v1\/wp\/v2\/types\/post"}],"author":[{"embeddable":true,"href":"https:\/\/staging.varesenews.it\/swgapi\/v1\/wp\/v2\/users\/47"}],"replies":[{"embeddable":true,"href":"https:\/\/staging.varesenews.it\/swgapi\/v1\/wp\/v2\/comments?post=477899"}],"version-history":[{"count":0,"href":"https:\/\/staging.varesenews.it\/swgapi\/v1\/wp\/v2\/posts\/477899\/revisions"}],"wp:attachment":[{"href":"https:\/\/staging.varesenews.it\/swgapi\/v1\/wp\/v2\/media?parent=477899"}],"wp:term":[{"taxonomy":"category","embeddable":true,"href":"https:\/\/staging.varesenews.it\/swgapi\/v1\/wp\/v2\/categories?post=477899"},{"taxonomy":"post_tag","embeddable":true,"href":"https:\/\/staging.varesenews.it\/swgapi\/v1\/wp\/v2\/tags?post=477899"}],"curies":[{"name":"wp","href":"https:\/\/api.w.org\/{rel}","templated":true}]}}