{"id":478468,"date":"2016-01-22T10:05:07","date_gmt":"2016-01-22T09:05:07","guid":{"rendered":"http:\/\/www.varesenews.it\/?p=478468"},"modified":"2016-01-22T10:25:28","modified_gmt":"2016-01-22T09:25:28","slug":"le-storie-piu-popolari-del-web-nel-2015","status":"publish","type":"post","link":"https:\/\/staging.varesenews.it\/2016\/01\/le-storie-piu-popolari-del-web-nel-2015\/478468\/","title":{"rendered":"Le storie pi\u00f9 popolari del web nel 2015"},"content":{"rendered":"<div class=\"gmail_default\"><\/div>\n<div class=\"gmail_default\">\n<p dir=\"ltr\">Il nostro modo di vivere \u00e8 cambiato radicalmente in questi ultimi anni. E per rendercene conto possiamo anche guardare a quello che che costituisce la storia del 2015. <strong>Non la Storia degli storici ma quella popolare fatta dai nostri interessi e umori<\/strong> e in parte anche creata da noi stessi, forse in un modo pi\u00f9 democratico di un tempo, con le nostre storie.<\/p>\n<p dir=\"ltr\">Per conoscere le storie pi\u00f9 popolari del 2015 possiamo usare le analisi fatte dal motore di ricerca pi\u00f9 usato del mondo. <strong>Nel 2015 Google ha avuto circa \u00a0il 70% del mercato globale delle ricerche su internet.<\/strong> E non ha una quota maggiore perch\u00e8 ci sono alcune alternative come Yahoo e Bing (15% insieme) e soprattutto perch\u00e8 Google \u00e8 poco usato &#8211; e molto ostacolato &#8211; in Cina, dove <a href=\"http:\/\/www.go-globe.com\/blog\/baidu-statistics\/\" target=\"_blank\">Baidu<\/a>, che rispetta le regole della censura, ha una quota di mercato dell\u201980%, essendo focalizzato sulle ricerche in lingua cinese.<\/p>\n<p dir=\"ltr\"><img decoding=\"async\" class=\"CToWUd a6T\" tabindex=\"0\" src=\"https:\/\/lh5.googleusercontent.com\/3hPGi3rgL45E7jatBO_cAmLlov8bALZVvvs6jqEsMq6qQk8LfpnW79XVssfBmLck-IYxsEkgMS9V3FsbbS5rjZg1KrstCOE7K03iY1qhqzz0AdhHjuE7mI6T3eIqkYDPj0BPUu1u\" alt=\"Screen Shot 2015-12-27 at 08.10.17.png\" width=\"624px;\" height=\"237px;\" \/><\/p>\n<p dir=\"ltr\">Fonte: <a href=\"http:\/\/netmarketshare.com\/\" target=\"_blank\">netmarketshare.com<\/a><\/p>\n<p dir=\"ltr\">Per dare un contesto ai numeri seguenti, ricordiamo che attualmente Google registra 40.000 ricerche al secondo, equivalenti a 3 miliardi e mezzo di ricerche al giorno: un tipico esempio di analisi di \u201cbig data\u201d.<\/p>\n<p dir=\"ltr\">Ecco gli argomenti pi\u00f9 ricercati nel 2015 secondo Google a livello globale (per il nostro paese esiste una lista di parole emergenti ma non uno studio con dati dal <a href=\"http:\/\/googleitalia.blogspot.it\/2015\/12\/un-anno-di-ricerche-su-google-i-trend.html\" target=\"_blank\">blog di Google Italia<\/a>).<\/p>\n<ol>\n<li dir=\"ltr\">\n<p dir=\"ltr\"><a href=\"http:\/\/www.repubblica.it\/esteri\/2015\/11\/13\/news\/parigi_attacco_ristorante-127306369\/\" target=\"_blank\">Parigi sotto attacco<\/a>. Venerd\u00ec 13 novembre, i terroristi attaccano un teatro, lo stadio, un ristorante e un bar: gli attacchi pi\u00f9 mortali sul suolo francese dalla Seconda Guerra Mondiale (897 milioni di ricerche).<\/p>\n<\/li>\n<li dir=\"ltr\">\n<p dir=\"ltr\"><a href=\"http:\/\/www.ilpost.it\/2015\/02\/23\/live-vincitori-oscar-2015\/\" target=\"_blank\">Birdman<\/a> vince l\u2019oscar come miglior film e <a href=\"http:\/\/www.ilpost.it\/2015\/02\/23\/milena-canonero-oscar-costumi\/\" target=\"_blank\">Milena Canonero<\/a> vince il suo quarto oscar per i migliori costumi per il film The Grand Budapest Hotel (406 milioni di ricerche).<\/p>\n<\/li>\n<li dir=\"ltr\">\n<p dir=\"ltr\">La<a href=\"https:\/\/it.wikipedia.org\/wiki\/Coppa_del_Mondo_di_cricket_2015\" target=\"_blank\"> Coppa del Mondo di cricket 2015<\/a> organizzata congiuntamente da Australia (la vincitrice) e Nuova Zelanda si tiene dal 14 febbraio al 29 marzo e diviene uno degli sport pi\u00f9 ricercati su internet (323 milioni di ricerche).<\/p>\n<\/li>\n<li dir=\"ltr\">\n<p dir=\"ltr\">Il 18 settembre inizia in Inghilterra la <a href=\"https:\/\/it.wikipedia.org\/wiki\/Coppa_del_Mondo_di_rugby_2015\" target=\"_blank\">coppa del mondo di rugby<\/a>, con i 20 migliori team Vince la Nuova Zelanda (247 milioni di ricerche).<\/p>\n<\/li>\n<li dir=\"ltr\">\n<p dir=\"ltr\"><a href=\"http:\/\/www.repubblica.it\/spettacoli\/cinema\/2015\/12\/27\/foto\/_star_wars_verso_il_record_e_il_film_che_piu_velocemente_potrebbe_raggiungere_il_miliardo_d_incasso-130232644\/1\/#1\" target=\"_blank\">Star Wars, Il risveglio della forza<\/a> esce nelle sale Il 16 dicembre ed \u00e8 il film pi\u00f9 veloce della storia a raggiungere il miliardo di incassi in soli 12 giorni (155 milioni di ricerche).<\/p>\n<\/li>\n<li dir=\"ltr\">\n<p dir=\"ltr\">Inizia in Canada il 6 luglio, il <a href=\"https:\/\/it.wikipedia.org\/wiki\/Campionato_mondiale_di_calcio_femminile_2015\" target=\"_blank\">campionato del mondo di calcio femminile<\/a>, vinto dagli Stati Uniti, su erba artificiale (113 milioni di ricerche).<\/p>\n<\/li>\n<li dir=\"ltr\">\n<p dir=\"ltr\">Il 9 settembre, a 89 anni, la regina Elisabetta II di Windsor, incoronata il 2 giugno 1953, diventa la regnante <a href=\"http:\/\/www.oggi.it\/people\/famiglie-reali\/2015\/09\/09\/elisabetta-la-regina-piu-longeva-della-storia-tutto-quello-che-forse-non-sapete-su-di-lei\/?refresh_ce-cp\" target=\"_blank\">pi\u00f9 longeva d\u2019Inghilterra<\/a>, superando in durata quello della regina Vittoria, rimasta sul trono 63 anni e 216 giorni (100 milioni di ricerche).<\/p>\n<\/li>\n<li dir=\"ltr\">\n<p dir=\"ltr\">Il 25 aprile in <a href=\"https:\/\/it.wikipedia.org\/wiki\/Terremoto_del_Nepal_del_25_aprile_2015\" target=\"_blank\">Nepal un terremoto<\/a> di magnitudo 7.8 causa circa 9000 vittime e gravissimi danni nella maggior parte del paese. Una delle foto che vengono condivise maggiormente in questa occasione, si rivela una delle pi\u00f9 grandi <a href=\"http:\/\/www.ilsole24ore.com\/art\/mondo\/2015-12-27\/bufale-internet-bambini-e-terremoto-nepal-152200.shtml?uuid=ACEjiS0B\" target=\"_blank\">bufale dell\u2019anno.<\/a> (85 milioni di ricerche).<\/p>\n<\/li>\n<li dir=\"ltr\">\n<p dir=\"ltr\">Il 26 febbraio, una domanda pubblicata insieme a una foto di un vestito su Tumblr diventa virale: \u201cRagazzi per favore aiutatemi: <a href=\"http:\/\/www.ilpost.it\/2015\/02\/27\/colore-vestito-nero-blu-bianco-oro\/\" target=\"_blank\">questo vestito \u00e8 bianco e oro o blu e nero<\/a>? Io e i miei amici non riusciamo a metterci d\u2019accordo e stiamo impazzendo\u201d (73 milioni di ricerche).<\/p>\n<\/li>\n<li dir=\"ltr\">\n<p dir=\"ltr\">Il 26 maggio, <a href=\"http:\/\/www.corriere.it\/sport\/15_maggio_27\/calcio-usa-scatta-accusa-corruzione-vertici-fifa-f1975a36-042d-11e5-8b0b-0cc2990e0043.shtml\" target=\"_blank\">sei alti dirigenti della FIFA<\/a>, l\u2019organo di governo del calcio a livello mondiale, vengono arrestati a Zurigo, su richiesta del dipartimento di giustizia statunitense, che ha formulato 47 capi d\u2019accusa, che vanno dalla corruzione alla frode, al riciclaggio di denaro fino all\u2019associazione per delinquere e alle frodi telematiche: reati commessi nell\u2019arco degli ultimi vent\u2019anni (42 milioni di ricerche).<\/p>\n<\/li>\n<li dir=\"ltr\">\n<p dir=\"ltr\">Il 1 Luglio, per la prima volta <a href=\"http:\/\/www.ilpost.it\/2015\/07\/01\/situazione-grecia\/\" target=\"_blank\">un paese sviluppato, la Grecia, non paga<\/a> una rata di restituzione di un prestito al Fondo Monetario Internazionale (35 milioni di ricerche).<\/p>\n<\/li>\n<li dir=\"ltr\">\n<p dir=\"ltr\">Il 1 luglio, viene <a href=\"http:\/\/www.ilpost.it\/2015\/08\/06\/cosa-pensano-in-zimbabwe-del-leone-cecil\/\" target=\"_blank\">ucciso Cecil, il leone<\/a>. portandolo all\u2019attenzione delle cronache mondiali in Europa e negli Stati Uniti, ma non nello Zimbabwe, dove ci sono altre priorit\u00e0 (32 milioni di ricerche).<\/p>\n<\/li>\n<li dir=\"ltr\">\n<p dir=\"ltr\">La crisi dei migranti divampa durante tutto l\u2019anno con uno degli apici il 18 aprile quando si ribalta un <a href=\"http:\/\/www.lastampa.it\/2015\/08\/26\/italia\/cronache\/oltre-migranti-morti-in-mare-nel-le-stragi-4j5eLsVjaU8LVPN2X0lKXI\/pagina.html\" target=\"_blank\">barcone eritreo nel canale di Sicilia<\/a>, causando la morte presunta di centinaia di persone (23 milioni di ricerche durante l\u2019anno).<\/p>\n<\/li>\n<\/ol>\n<p dir=\"ltr\">Questa lista genera domande ed emozioni, anche molto diverse tra di loro. Ad esempio <strong>come \u00e8 possibile che siano diventate virali proprio le storie di quel vestito e di quel leone?<\/strong><\/p>\n<p dir=\"ltr\">La storia del vestito e del leone sarebbero rimaste molto limitate e locali 30, 20 e anche 10 anni fa. Ma l\u2019informazione viaggia e le persone si comportano in modo molto diverso nel contesto del web sociale del 2015. Il web sociale premia immagini estreme e scandali. Mette nelle mani di tutti gli strumenti per farsi giustizia da soli: basta creare una folla eccitata on line per trasformare le storie in celebrit\u00e0. E, a guardar bene, sono proprio le celebrit\u00e0 che hanno contribuito alla viralizzazione della storia del vestito e del leone. Nel primo caso l\u2019immagine \u00e8 stata postata su una pagina di fan di una talent <a href=\"http:\/\/uk.businessinsider.com\/origin-of-white-gold-or-black-blue-dress-2015-2?r=US&amp;IR=T\" target=\"_blank\">manager di celebrit\u00e0<\/a> youtube, come Hahhan Hart e da l\u00ec si \u00e8 propagata. Anche nel caso del leone, l<a href=\"http:\/\/www.msnbc.com\/msnbc\/cecil-the-lion-25-celebrity-reactions\" target=\"_blank\">e celebrit\u00e0<\/a> hanno giocato un ruolo fondamentale. Del resto non \u00e8 un segreto che in cima alla lista delle pagine Facebook con maggiori seguaci ci siano proprio le star dello sport e dell\u2019intrattenimento: Cristiano Ronaldo con 148 milioni tra FB e Twitter, Justin Bieber 147, Shakira 140, Rihanna 136.<\/p>\n<p>Questa ed altre domande sono importanti per orientarci e imparare a crescere la nostra consapevolezza su cosa sia oggi internet, i media sociali, la nostra civilt\u00e0 e in ultima analisi sull\u2019impatto dei nostri comportamenti online. Quello che sembra emergere \u00e8 un cambiamento davvero radicale di cosa, chi sono e come funzionano i media oggi. Internet d\u00e0 a tutti un megafono, affievolendo il potere dei controllori di quello che diventa centro di attenzione. Questo, nel bene e nel male che ne consegue, sembra l\u2019opportunit\u00e0 per \u00a0un aumento di democrazia. Ma sembra anche che non sia ancora un discorso pubblico ragionato e informato, che \u00e8 l\u2019ideale della vera democrazia.<\/p>\n<\/div>\n<div class=\"gmail_default\"><\/div>\n<div class=\"gmail_default\"><strong>Giuseppe Geneletti<\/strong><\/div>\n","protected":false},"excerpt":{"rendered":"<p>L&#8217;analisi di Giuseppe Geneletti sui cambiamenti intervenuti nell&#8217;informazione. &#8220;Internet d\u00e0 a tutti un megafono, affievolendo il potere dei controllori di quello che diventa centro di attenzione&#8221;<\/p>\n","protected":false},"author":54,"featured_media":0,"comment_status":"open","ping_status":"open","sticky":false,"template":"","format":"standard","meta":{"footnotes":""},"categories":[25],"tags":[1889],"acf":[],"yoast_head":"<!-- This site is optimized with the Yoast SEO plugin v20.1 - https:\/\/yoast.com\/wordpress\/plugins\/seo\/ -->\n<title>Le storie pi\u00f9 popolari del web nel 2015<\/title>\n<meta name=\"description\" content=\"L&#039;analisi di Giuseppe Geneletti sui cambiamenti intervenuti nell&#039;informazione. &quot;Internet d\u00e0 a tutti un megafono, affievolendo il potere dei controllori di quello che diventa centro di attenzione&quot;\" \/>\n<meta name=\"robots\" content=\"noindex, follow, max-snippet:-1, max-image-preview:large, max-video-preview:-1\" \/>\n<meta property=\"og:locale\" content=\"it_IT\" \/>\n<meta property=\"og:type\" content=\"article\" \/>\n<meta property=\"og:title\" content=\"Le storie pi\u00f9 popolari del web nel 2015\" \/>\n<meta property=\"og:description\" content=\"L&#039;analisi di Giuseppe Geneletti sui cambiamenti intervenuti nell&#039;informazione. &quot;Internet d\u00e0 a tutti un megafono, affievolendo il potere dei controllori di quello che diventa centro di attenzione&quot;\" \/>\n<meta property=\"og:url\" content=\"https:\/\/staging.varesenews.it\/2016\/01\/le-storie-piu-popolari-del-web-nel-2015\/478468\/\" \/>\n<meta property=\"og:site_name\" content=\"VareseNews\" \/>\n<meta property=\"article:publisher\" content=\"https:\/\/www.facebook.com\/varesenews\" \/>\n<meta property=\"article:author\" content=\"https:\/\/www.facebook.com\/giovannelli.marco?fref=ts\" \/>\n<meta property=\"article:published_time\" content=\"2016-01-22T09:05:07+00:00\" \/>\n<meta property=\"article:modified_time\" content=\"2016-01-22T09:25:28+00:00\" \/>\n<meta property=\"og:image\" content=\"https:\/\/lh5.googleusercontent.com\/3hPGi3rgL45E7jatBO_cAmLlov8bALZVvvs6jqEsMq6qQk8LfpnW79XVssfBmLck-IYxsEkgMS9V3FsbbS5rjZg1KrstCOE7K03iY1qhqzz0AdhHjuE7mI6T3eIqkYDPj0BPUu1u\" \/>\n<meta name=\"author\" content=\"Marco Giovannelli\" \/>\n<meta name=\"twitter:card\" content=\"summary_large_image\" \/>\n<meta name=\"twitter:creator\" content=\"@marcogio59\" \/>\n<meta name=\"twitter:site\" content=\"@varesenews\" \/>\n<meta name=\"twitter:label1\" content=\"Scritto da\" \/>\n\t<meta name=\"twitter:data1\" content=\"Marco Giovannelli\" \/>\n\t<meta name=\"twitter:label2\" content=\"Tempo di lettura stimato\" \/>\n\t<meta name=\"twitter:data2\" content=\"5 minuti\" \/>\n<script type=\"application\/ld+json\" class=\"yoast-schema-graph\">{\"@context\":\"https:\/\/schema.org\",\"@graph\":[{\"@type\":\"WebPage\",\"@id\":\"https:\/\/staging.varesenews.it\/2016\/01\/le-storie-piu-popolari-del-web-nel-2015\/478468\/\",\"url\":\"https:\/\/staging.varesenews.it\/2016\/01\/le-storie-piu-popolari-del-web-nel-2015\/478468\/\",\"name\":\"Le storie pi\u00f9 popolari del web nel 2015\",\"isPartOf\":{\"@id\":\"https:\/\/staging.varesenews.it\/#website\"},\"datePublished\":\"2016-01-22T09:05:07+00:00\",\"dateModified\":\"2016-01-22T09:25:28+00:00\",\"author\":{\"@id\":\"https:\/\/staging.varesenews.it\/#\/schema\/person\/b32b6f44664f8274f79469e452856024\"},\"description\":\"L'analisi di Giuseppe Geneletti sui cambiamenti intervenuti nell'informazione. \\\"Internet d\u00e0 a tutti un megafono, affievolendo il potere dei controllori di quello che diventa centro di attenzione\\\"\",\"breadcrumb\":{\"@id\":\"https:\/\/staging.varesenews.it\/2016\/01\/le-storie-piu-popolari-del-web-nel-2015\/478468\/#breadcrumb\"},\"inLanguage\":\"it-IT\",\"potentialAction\":[{\"@type\":\"ReadAction\",\"target\":[\"https:\/\/staging.varesenews.it\/2016\/01\/le-storie-piu-popolari-del-web-nel-2015\/478468\/\"]}]},{\"@type\":\"BreadcrumbList\",\"@id\":\"https:\/\/staging.varesenews.it\/2016\/01\/le-storie-piu-popolari-del-web-nel-2015\/478468\/#breadcrumb\",\"itemListElement\":[{\"@type\":\"ListItem\",\"position\":1,\"name\":\"Home\",\"item\":\"https:\/\/www.varesenews.it\/\"},{\"@type\":\"ListItem\",\"position\":2,\"name\":\"Le storie pi\u00f9 popolari del web nel 2015\"}]},{\"@type\":\"WebSite\",\"@id\":\"https:\/\/staging.varesenews.it\/#website\",\"url\":\"https:\/\/staging.varesenews.it\/\",\"name\":\"VareseNews\",\"description\":\"\",\"potentialAction\":[{\"@type\":\"SearchAction\",\"target\":{\"@type\":\"EntryPoint\",\"urlTemplate\":\"https:\/\/staging.varesenews.it\/?s={search_term_string}\"},\"query-input\":\"required name=search_term_string\"}],\"inLanguage\":\"it-IT\"},{\"@type\":\"Person\",\"@id\":\"https:\/\/staging.varesenews.it\/#\/schema\/person\/b32b6f44664f8274f79469e452856024\",\"name\":\"Marco Giovannelli\",\"image\":{\"@type\":\"ImageObject\",\"inLanguage\":\"it-IT\",\"@id\":\"https:\/\/staging.varesenews.it\/#\/schema\/person\/image\/\",\"url\":\"https:\/\/staging.varesenews.it\/wp-content\/uploads\/2020\/12\/marco_giovannelli_colori_500.jpg\",\"contentUrl\":\"https:\/\/staging.varesenews.it\/wp-content\/uploads\/2020\/12\/marco_giovannelli_colori_500.jpg\",\"caption\":\"Marco Giovannelli\"},\"description\":\"Viterbese di origine vivo a Varese dal 1978. Due figli grandi, due lauree in scienze &ldquo;inutili&rdquo; quanto affascinanti che mi portano a mettere lo studio ancora al primo posto. Dopo aver lavorato per il sindacato, fondato e lavorato al centro Gulliver, in una cooperativa che gestiva il Circolino a Varese, con un altro viterbese e un lucano ho fondato VareseNews quando nessuno o quasi sapeva cosa fosse Internet. Ho alcune grandi passioni, la prima &egrave; il cammino che cerco di vivere quotidianamente. Averne percorsi alcuni storici con Santiago e la Francigena mi ha poi portato a far diventare anche lavoro la loro valorizzazione e in particolare la Via Francisca del Lucomagno. Amo leggere, andare al cinema, viaggiare. Mi piace conoscere. La mia migliore attitudine &egrave; connettere mondi e per questo mi affascina la contemporaneit&agrave; e il digitale. Ho insegnato diritto ed economia per un decennio nelle scuole superiori. Ho tenuto diverse lezioni e laboratori allo Iulm e ora all&rsquo;Universit&agrave; dell&rsquo;Insubria con un corso di Giornalismo digitale alla specialistica. Ho fondato diversi progetti editoriali.&nbsp;\",\"sameAs\":[\"https:\/\/www.facebook.com\/giovannelli.marco?fref=ts\",\"marcogio59\",\"https:\/\/it.linkedin.com\/in\/giovannellimarco\",\"https:\/\/twitter.com\/marcogio59\"],\"url\":\"https:\/\/staging.varesenews.it\/persona\/marco_giovannelli-2\/\"}]}<\/script>\n<!-- \/ Yoast SEO plugin. -->","yoast_head_json":{"title":"Le storie pi\u00f9 popolari del web nel 2015","description":"L'analisi di Giuseppe Geneletti sui cambiamenti intervenuti nell'informazione. \"Internet d\u00e0 a tutti un megafono, affievolendo il potere dei controllori di quello che diventa centro di attenzione\"","robots":{"index":"noindex","follow":"follow","max-snippet":"max-snippet:-1","max-image-preview":"max-image-preview:large","max-video-preview":"max-video-preview:-1"},"og_locale":"it_IT","og_type":"article","og_title":"Le storie pi\u00f9 popolari del web nel 2015","og_description":"L'analisi di Giuseppe Geneletti sui cambiamenti intervenuti nell'informazione. \"Internet d\u00e0 a tutti un megafono, affievolendo il potere dei controllori di quello che diventa centro di attenzione\"","og_url":"https:\/\/staging.varesenews.it\/2016\/01\/le-storie-piu-popolari-del-web-nel-2015\/478468\/","og_site_name":"VareseNews","article_publisher":"https:\/\/www.facebook.com\/varesenews","article_author":"https:\/\/www.facebook.com\/giovannelli.marco?fref=ts","article_published_time":"2016-01-22T09:05:07+00:00","article_modified_time":"2016-01-22T09:25:28+00:00","og_image":[{"url":"https:\/\/lh5.googleusercontent.com\/3hPGi3rgL45E7jatBO_cAmLlov8bALZVvvs6jqEsMq6qQk8LfpnW79XVssfBmLck-IYxsEkgMS9V3FsbbS5rjZg1KrstCOE7K03iY1qhqzz0AdhHjuE7mI6T3eIqkYDPj0BPUu1u"}],"author":"Marco Giovannelli","twitter_card":"summary_large_image","twitter_creator":"@marcogio59","twitter_site":"@varesenews","twitter_misc":{"Scritto da":"Marco Giovannelli","Tempo di lettura stimato":"5 minuti"},"schema":{"@context":"https:\/\/schema.org","@graph":[{"@type":"WebPage","@id":"https:\/\/staging.varesenews.it\/2016\/01\/le-storie-piu-popolari-del-web-nel-2015\/478468\/","url":"https:\/\/staging.varesenews.it\/2016\/01\/le-storie-piu-popolari-del-web-nel-2015\/478468\/","name":"Le storie pi\u00f9 popolari del web nel 2015","isPartOf":{"@id":"https:\/\/staging.varesenews.it\/#website"},"datePublished":"2016-01-22T09:05:07+00:00","dateModified":"2016-01-22T09:25:28+00:00","author":{"@id":"https:\/\/staging.varesenews.it\/#\/schema\/person\/b32b6f44664f8274f79469e452856024"},"description":"L'analisi di Giuseppe Geneletti sui cambiamenti intervenuti nell'informazione. \"Internet d\u00e0 a tutti un megafono, affievolendo il potere dei controllori di quello che diventa centro di attenzione\"","breadcrumb":{"@id":"https:\/\/staging.varesenews.it\/2016\/01\/le-storie-piu-popolari-del-web-nel-2015\/478468\/#breadcrumb"},"inLanguage":"it-IT","potentialAction":[{"@type":"ReadAction","target":["https:\/\/staging.varesenews.it\/2016\/01\/le-storie-piu-popolari-del-web-nel-2015\/478468\/"]}]},{"@type":"BreadcrumbList","@id":"https:\/\/staging.varesenews.it\/2016\/01\/le-storie-piu-popolari-del-web-nel-2015\/478468\/#breadcrumb","itemListElement":[{"@type":"ListItem","position":1,"name":"Home","item":"https:\/\/www.varesenews.it\/"},{"@type":"ListItem","position":2,"name":"Le storie pi\u00f9 popolari del web nel 2015"}]},{"@type":"WebSite","@id":"https:\/\/staging.varesenews.it\/#website","url":"https:\/\/staging.varesenews.it\/","name":"VareseNews","description":"","potentialAction":[{"@type":"SearchAction","target":{"@type":"EntryPoint","urlTemplate":"https:\/\/staging.varesenews.it\/?s={search_term_string}"},"query-input":"required name=search_term_string"}],"inLanguage":"it-IT"},{"@type":"Person","@id":"https:\/\/staging.varesenews.it\/#\/schema\/person\/b32b6f44664f8274f79469e452856024","name":"Marco Giovannelli","image":{"@type":"ImageObject","inLanguage":"it-IT","@id":"https:\/\/staging.varesenews.it\/#\/schema\/person\/image\/","url":"https:\/\/staging.varesenews.it\/wp-content\/uploads\/2020\/12\/marco_giovannelli_colori_500.jpg","contentUrl":"https:\/\/staging.varesenews.it\/wp-content\/uploads\/2020\/12\/marco_giovannelli_colori_500.jpg","caption":"Marco Giovannelli"},"description":"Viterbese di origine vivo a Varese dal 1978. Due figli grandi, due lauree in scienze &ldquo;inutili&rdquo; quanto affascinanti che mi portano a mettere lo studio ancora al primo posto. Dopo aver lavorato per il sindacato, fondato e lavorato al centro Gulliver, in una cooperativa che gestiva il Circolino a Varese, con un altro viterbese e un lucano ho fondato VareseNews quando nessuno o quasi sapeva cosa fosse Internet. Ho alcune grandi passioni, la prima &egrave; il cammino che cerco di vivere quotidianamente. Averne percorsi alcuni storici con Santiago e la Francigena mi ha poi portato a far diventare anche lavoro la loro valorizzazione e in particolare la Via Francisca del Lucomagno. Amo leggere, andare al cinema, viaggiare. Mi piace conoscere. La mia migliore attitudine &egrave; connettere mondi e per questo mi affascina la contemporaneit&agrave; e il digitale. Ho insegnato diritto ed economia per un decennio nelle scuole superiori. Ho tenuto diverse lezioni e laboratori allo Iulm e ora all&rsquo;Universit&agrave; dell&rsquo;Insubria con un corso di Giornalismo digitale alla specialistica. Ho fondato diversi progetti editoriali.&nbsp;","sameAs":["https:\/\/www.facebook.com\/giovannelli.marco?fref=ts","marcogio59","https:\/\/it.linkedin.com\/in\/giovannellimarco","https:\/\/twitter.com\/marcogio59"],"url":"https:\/\/staging.varesenews.it\/persona\/marco_giovannelli-2\/"}]}},"post_meta":{"_edit_lock":"1453457419:34","_edit_last":"34","_category_permalink":"","wdfb_og_title":"","wdfb_og_type":"","wdfb_og_description":"","wdfb_og_images":"a:1:{i:0;s:0:\"\";}","wdfb_og_custom_name":"a:1:{i:0;s:0:\"\";}","wdfb_og_custom_value":"a:1:{i:0;s:0:\"\";}","argomento":"Comunit\u00e0","_jd_twitter":"","_jd_tweet_this":"yes","foto":"108322","firma_come_redazione":"1","ratings_users":"0","ratings_score":"0","ratings_average":"0","_wpt_short_url":"http:\/\/www.varesenews.it\/2016\/01\/le-storie-piu-popolari-del-web-nel-2015\/478468\/","_wp_jd_target":"http:\/\/www.varesenews.it\/2016\/01\/le-storie-piu-popolari-del-web-nel-2015\/478468\/","_jd_wp_twitter":"a:1:{i:0;s:131:\"Le storie pi\u00f9 popolari del web nel 2015 http:\/\/www.varesenews.it\/2016\/01\/le-storie-piu-popolari-del-web-nel-2015\/478468\/ #Internet\";}","_wpt_status_message":"Tweet inviato con successo."},"photos":[{"original":"https:\/\/staging.varesenews.it\/photogallery_new\/images\/2014\/06\/doodle-google-mondiale-108322.jpg","full":"https:\/\/staging.varesenews.it\/photogallery_new\/images\/2014\/06\/doodle-google-mondiale-108322.1024x768.jpg","large":"https:\/\/staging.varesenews.it\/photogallery_new\/images\/2014\/06\/doodle-google-mondiale-108322.610x431.jpg"}],"_links":{"self":[{"href":"https:\/\/staging.varesenews.it\/swgapi\/v1\/wp\/v2\/posts\/478468"}],"collection":[{"href":"https:\/\/staging.varesenews.it\/swgapi\/v1\/wp\/v2\/posts"}],"about":[{"href":"https:\/\/staging.varesenews.it\/swgapi\/v1\/wp\/v2\/types\/post"}],"author":[{"embeddable":true,"href":"https:\/\/staging.varesenews.it\/swgapi\/v1\/wp\/v2\/users\/54"}],"replies":[{"embeddable":true,"href":"https:\/\/staging.varesenews.it\/swgapi\/v1\/wp\/v2\/comments?post=478468"}],"version-history":[{"count":0,"href":"https:\/\/staging.varesenews.it\/swgapi\/v1\/wp\/v2\/posts\/478468\/revisions"}],"wp:attachment":[{"href":"https:\/\/staging.varesenews.it\/swgapi\/v1\/wp\/v2\/media?parent=478468"}],"wp:term":[{"taxonomy":"category","embeddable":true,"href":"https:\/\/staging.varesenews.it\/swgapi\/v1\/wp\/v2\/categories?post=478468"},{"taxonomy":"post_tag","embeddable":true,"href":"https:\/\/staging.varesenews.it\/swgapi\/v1\/wp\/v2\/tags?post=478468"}],"curies":[{"name":"wp","href":"https:\/\/api.w.org\/{rel}","templated":true}]}}