{"id":479740,"date":"2016-01-27T10:56:35","date_gmt":"2016-01-27T09:56:35","guid":{"rendered":"http:\/\/www.varesenews.it\/?p=479740"},"modified":"2016-01-27T12:13:38","modified_gmt":"2016-01-27T11:13:38","slug":"i-comuni-corrono-ai-ripari-contro-linquinamento","status":"publish","type":"post","link":"https:\/\/staging.varesenews.it\/2016\/01\/i-comuni-corrono-ai-ripari-contro-linquinamento\/479740\/","title":{"rendered":"I comuni corrono ai ripari contro l&#8217;inquinamento"},"content":{"rendered":"<p><strong>I comuni corrono ai ripari<\/strong> contro i livelli di <strong>inquinamento<\/strong> che in ogni angolo della provincia sono schizzati <strong>oltre le soglie di legge da diversi giorni<\/strong>.<div class=\"related-posts related-01\"><h4>Leggi anche<\/h4><ul><li><a title=\"Inquinamento, una settimana oltre i limiti ovunque\" target=\"_blank\" href=\"https:\/\/staging.varesenews.it\/2016\/01\/inquinamento-una-settimana-oltre-i-limiti-ovunque\/479345\/\"><strong>Provincia <\/strong> - Inquinamento, una settimana oltre i limiti ovunque<\/a><\/li><\/ul><\/div><\/p>\n<p>Le rilevazioni pi\u00f9 preoccupanti riguardano<strong> i livelli dei PM10<\/strong>, quotidianamente monitorati dalle 5 centraline di <strong>ARPA Lombardia<\/strong> dislocate a Saronno, Varese, Gallarate, Busto Arsizio e Ferno.<\/p>\n<p>Contro l\u2019inquinamento <strong>cominciano ora a fioccare le prime ordinanze<\/strong>, per ora non eccessivamente limitanti, che riguardano in particolare la circolazione di alcuni tipi di auto e i riscaldamenti.<\/p>\n<p>Il <strong>Comune di Gallarate<\/strong> ha esteso il blocco gi\u00e0 in vigore contro i veicoli inquinanti fino al 29 febbraio che prevede il divieto alla circolazione nei giorni feriali, dei veicoli a benzina Euro 0 e dei diesel Euro 0, 1 e 2 e Euro 3 e l\u2019obbligo di spegnere i motori durante le fasi di carico e scarico nell\u2019ambito del trasporto merci. Inoltre si limita la temperatura dei riscaldamenti a 19 gradi nelle case. (<a href=\"http:\/\/www.varesenews.it\/2016\/01\/nuovo-blocco-per-i-veicoli-inquinanti\/479694\/\" target=\"_blank\"><strong>Leggi il provvedimento nel dettaglio<\/strong><\/a>).<\/p>\n<p>Anche la citt\u00e0 di <strong><a href=\"http:\/\/www.varesenews.it\/2016\/01\/riscaldamenti-piu-bassi-e-traffico-limitato-il-comune-pronto-allordinanza-anti-smog\/479660\/\">Varese sta ragionando su un provvedimento molto simile<\/a><\/strong>, che era previsto per le prime ore di questa mattina, mercoled\u00ec 27 gennaio. La Giunta ha per\u00f2\u00a0deciso di fare prima ulteriori verifiche con il Centro geofisico prealpino, vista la possibilit\u00e0 di un cambio delle condizioni meteo nelle prossime ore. Se il provvedimento sar\u00e0 firmato entrer\u00e0 comunque in vigore da domani.<\/p>\n<p>&nbsp;<\/p>\n<p style=\"text-align: center;\"><strong>I RILEVAMENTI IN PROVINCIA<\/strong><\/p>\n<p><img decoding=\"async\" src=\"http:\/\/www.varesenews.it\/photogallery_new\/images\/2016\/01\/rilevamenti-pm10-al-26-gennaio-provincia-di-varese-509521.jpg\" alt=\"\" width=\"100%px\" \/><\/p>\n<p><strong>Come specifica il sito di Arpa Lombardia<\/strong> &#8220;il particolato atmosferico ha un rilevante impatto ambientale: sul clima, sulla visibilit\u00e0, sulla contaminazione di acqua e suolo, sugli edifici e sulla salute di tutti gli esseri viventi. Soprattutto gli effetti che pu\u00f2 avere sull\u2019uomo destano maggiore preoccupazione e interesse, per questo \u00e8 fondamentale conoscere in che modo interagisce con l\u2019organismo umano alterandone il normale equilibrio. In particolare, le particelle pi\u00f9 piccole riescono a penetrare pi\u00f9 a fondo nell\u2019apparato respiratorio. Quindi, \u00e8 importante capire quali e quante particelle sono in grado di penetrare nel corpo umano, a che profondit\u00e0 riescono ad arrivare e che tipo di sostanze possono trasportare&#8221;.<\/p>\n<p>Per questo <strong>la legge prevede una soglia<\/strong> oltre la quale il rilevamento dei PM10 non deve andare, essa \u00e8 <strong>fissata a50 \u00b5g\/m\u00b3<\/strong> da non superarsi per pi\u00f9 di 35 giorni all\u2019anno.<\/p>\n","protected":false},"excerpt":{"rendered":"<p>Gallarate emette la prima ordinanza per limitare i livelli di Pm10. Restrizioni per ora solo per alcune auto e riscaldamenti bloccati a 19 gradi. Varese decider\u00e0 nelle prossime ore<\/p>\n","protected":false},"author":52,"featured_media":0,"comment_status":"open","ping_status":"open","sticky":false,"template":"","format":"standard","meta":{"footnotes":""},"categories":[4,3,5,2],"tags":[1627,613,8897],"acf":[],"yoast_head":"<!-- This site is optimized with the Yoast SEO plugin v20.1 - https:\/\/yoast.com\/wordpress\/plugins\/seo\/ -->\n<title>I comuni corrono ai ripari contro l&#039;inquinamento<\/title>\n<meta name=\"description\" content=\"Gallarate emette la prima ordinanza per limitare i livelli di Pm10. Varese decider\u00e0 nelle prossime ore\" \/>\n<meta name=\"robots\" content=\"noindex, follow, max-snippet:-1, max-image-preview:large, max-video-preview:-1\" \/>\n<meta property=\"og:locale\" content=\"it_IT\" \/>\n<meta property=\"og:type\" content=\"article\" \/>\n<meta property=\"og:title\" content=\"I comuni corrono ai ripari contro l&#039;inquinamento\" \/>\n<meta property=\"og:description\" content=\"Gallarate emette la prima ordinanza per limitare i livelli di Pm10. Varese decider\u00e0 nelle prossime ore\" \/>\n<meta property=\"og:url\" content=\"https:\/\/staging.varesenews.it\/2016\/01\/i-comuni-corrono-ai-ripari-contro-linquinamento\/479740\/\" \/>\n<meta property=\"og:site_name\" content=\"VareseNews\" \/>\n<meta property=\"article:publisher\" content=\"https:\/\/www.facebook.com\/varesenews\" \/>\n<meta property=\"article:published_time\" content=\"2016-01-27T09:56:35+00:00\" \/>\n<meta property=\"article:modified_time\" content=\"2016-01-27T11:13:38+00:00\" \/>\n<meta property=\"og:image\" content=\"http:\/\/www.varesenews.it\/photogallery_new\/images\/2016\/01\/rilevamenti-pm10-al-26-gennaio-provincia-di-varese-509521.jpg\" \/>\n<meta name=\"author\" content=\"Tomaso Bassani\" \/>\n<meta name=\"twitter:card\" content=\"summary_large_image\" \/>\n<meta name=\"twitter:creator\" content=\"@varesenews\" \/>\n<meta name=\"twitter:site\" content=\"@varesenews\" \/>\n<meta name=\"twitter:label1\" content=\"Scritto da\" \/>\n\t<meta name=\"twitter:data1\" content=\"Tomaso Bassani\" \/>\n\t<meta name=\"twitter:label2\" content=\"Tempo di lettura stimato\" \/>\n\t<meta name=\"twitter:data2\" content=\"2 minuti\" \/>\n<script type=\"application\/ld+json\" class=\"yoast-schema-graph\">{\"@context\":\"https:\/\/schema.org\",\"@graph\":[{\"@type\":\"WebPage\",\"@id\":\"https:\/\/staging.varesenews.it\/2016\/01\/i-comuni-corrono-ai-ripari-contro-linquinamento\/479740\/\",\"url\":\"https:\/\/staging.varesenews.it\/2016\/01\/i-comuni-corrono-ai-ripari-contro-linquinamento\/479740\/\",\"name\":\"I comuni corrono ai ripari contro l'inquinamento\",\"isPartOf\":{\"@id\":\"https:\/\/staging.varesenews.it\/#website\"},\"datePublished\":\"2016-01-27T09:56:35+00:00\",\"dateModified\":\"2016-01-27T11:13:38+00:00\",\"author\":{\"@id\":\"https:\/\/staging.varesenews.it\/#\/schema\/person\/f8cc543029c96c954a35c042e01892bb\"},\"description\":\"Gallarate emette la prima ordinanza per limitare i livelli di Pm10. Varese decider\u00e0 nelle prossime ore\",\"breadcrumb\":{\"@id\":\"https:\/\/staging.varesenews.it\/2016\/01\/i-comuni-corrono-ai-ripari-contro-linquinamento\/479740\/#breadcrumb\"},\"inLanguage\":\"it-IT\",\"potentialAction\":[{\"@type\":\"ReadAction\",\"target\":[\"https:\/\/staging.varesenews.it\/2016\/01\/i-comuni-corrono-ai-ripari-contro-linquinamento\/479740\/\"]}]},{\"@type\":\"BreadcrumbList\",\"@id\":\"https:\/\/staging.varesenews.it\/2016\/01\/i-comuni-corrono-ai-ripari-contro-linquinamento\/479740\/#breadcrumb\",\"itemListElement\":[{\"@type\":\"ListItem\",\"position\":1,\"name\":\"Home\",\"item\":\"https:\/\/www.varesenews.it\/\"},{\"@type\":\"ListItem\",\"position\":2,\"name\":\"I comuni corrono ai ripari contro l&#8217;inquinamento\"}]},{\"@type\":\"WebSite\",\"@id\":\"https:\/\/staging.varesenews.it\/#website\",\"url\":\"https:\/\/staging.varesenews.it\/\",\"name\":\"VareseNews\",\"description\":\"\",\"potentialAction\":[{\"@type\":\"SearchAction\",\"target\":{\"@type\":\"EntryPoint\",\"urlTemplate\":\"https:\/\/staging.varesenews.it\/?s={search_term_string}\"},\"query-input\":\"required name=search_term_string\"}],\"inLanguage\":\"it-IT\"},{\"@type\":\"Person\",\"@id\":\"https:\/\/staging.varesenews.it\/#\/schema\/person\/f8cc543029c96c954a35c042e01892bb\",\"name\":\"Tomaso Bassani\",\"image\":{\"@type\":\"ImageObject\",\"inLanguage\":\"it-IT\",\"@id\":\"https:\/\/staging.varesenews.it\/#\/schema\/person\/image\/\",\"url\":\"https:\/\/staging.varesenews.it\/wp-content\/uploads\/2020\/12\/tomaso_bassani_colori_500.jpg\",\"contentUrl\":\"https:\/\/staging.varesenews.it\/wp-content\/uploads\/2020\/12\/tomaso_bassani_colori_500.jpg\",\"caption\":\"Tomaso Bassani\"},\"description\":\"Sono nato nel 1988 e questo ha fatto s&igrave; che la mia vita sia coincisa con l'epoca di pi&ugrave; grande e veloce cambiamento della storia. Sono giornalista e caporedattore di Varesenews. Ho un master in data analysis, una laurea in storia e una formazione superiore commerciale. Sono cresciuto tra scout, tavola a rotelle, impegno associativo (in quella grande esperienza giovanile che &egrave; stato l&rsquo;Albizzate Valley Festival) e cooperativo (Circolo The Family di Albizzate). Per passione mi occupo di dati, videomaking, fotografia, scrittura e web. Per lavoro anche.&nbsp;\",\"sameAs\":[\"tomasobassani\",\"https:\/\/www.linkedin.com\/profile\/view?id=102759293&trk=nav_responsive_tab_profile\"],\"url\":\"https:\/\/staging.varesenews.it\/persona\/tomaso-bassani\/\"}]}<\/script>\n<!-- \/ Yoast SEO plugin. -->","yoast_head_json":{"title":"I comuni corrono ai ripari contro l'inquinamento","description":"Gallarate emette la prima ordinanza per limitare i livelli di Pm10. Varese decider\u00e0 nelle prossime ore","robots":{"index":"noindex","follow":"follow","max-snippet":"max-snippet:-1","max-image-preview":"max-image-preview:large","max-video-preview":"max-video-preview:-1"},"og_locale":"it_IT","og_type":"article","og_title":"I comuni corrono ai ripari contro l'inquinamento","og_description":"Gallarate emette la prima ordinanza per limitare i livelli di Pm10. Varese decider\u00e0 nelle prossime ore","og_url":"https:\/\/staging.varesenews.it\/2016\/01\/i-comuni-corrono-ai-ripari-contro-linquinamento\/479740\/","og_site_name":"VareseNews","article_publisher":"https:\/\/www.facebook.com\/varesenews","article_published_time":"2016-01-27T09:56:35+00:00","article_modified_time":"2016-01-27T11:13:38+00:00","og_image":[{"url":"http:\/\/www.varesenews.it\/photogallery_new\/images\/2016\/01\/rilevamenti-pm10-al-26-gennaio-provincia-di-varese-509521.jpg"}],"author":"Tomaso Bassani","twitter_card":"summary_large_image","twitter_creator":"@varesenews","twitter_site":"@varesenews","twitter_misc":{"Scritto da":"Tomaso Bassani","Tempo di lettura stimato":"2 minuti"},"schema":{"@context":"https:\/\/schema.org","@graph":[{"@type":"WebPage","@id":"https:\/\/staging.varesenews.it\/2016\/01\/i-comuni-corrono-ai-ripari-contro-linquinamento\/479740\/","url":"https:\/\/staging.varesenews.it\/2016\/01\/i-comuni-corrono-ai-ripari-contro-linquinamento\/479740\/","name":"I comuni corrono ai ripari contro l'inquinamento","isPartOf":{"@id":"https:\/\/staging.varesenews.it\/#website"},"datePublished":"2016-01-27T09:56:35+00:00","dateModified":"2016-01-27T11:13:38+00:00","author":{"@id":"https:\/\/staging.varesenews.it\/#\/schema\/person\/f8cc543029c96c954a35c042e01892bb"},"description":"Gallarate emette la prima ordinanza per limitare i livelli di Pm10. Varese decider\u00e0 nelle prossime ore","breadcrumb":{"@id":"https:\/\/staging.varesenews.it\/2016\/01\/i-comuni-corrono-ai-ripari-contro-linquinamento\/479740\/#breadcrumb"},"inLanguage":"it-IT","potentialAction":[{"@type":"ReadAction","target":["https:\/\/staging.varesenews.it\/2016\/01\/i-comuni-corrono-ai-ripari-contro-linquinamento\/479740\/"]}]},{"@type":"BreadcrumbList","@id":"https:\/\/staging.varesenews.it\/2016\/01\/i-comuni-corrono-ai-ripari-contro-linquinamento\/479740\/#breadcrumb","itemListElement":[{"@type":"ListItem","position":1,"name":"Home","item":"https:\/\/www.varesenews.it\/"},{"@type":"ListItem","position":2,"name":"I comuni corrono ai ripari contro l&#8217;inquinamento"}]},{"@type":"WebSite","@id":"https:\/\/staging.varesenews.it\/#website","url":"https:\/\/staging.varesenews.it\/","name":"VareseNews","description":"","potentialAction":[{"@type":"SearchAction","target":{"@type":"EntryPoint","urlTemplate":"https:\/\/staging.varesenews.it\/?s={search_term_string}"},"query-input":"required name=search_term_string"}],"inLanguage":"it-IT"},{"@type":"Person","@id":"https:\/\/staging.varesenews.it\/#\/schema\/person\/f8cc543029c96c954a35c042e01892bb","name":"Tomaso Bassani","image":{"@type":"ImageObject","inLanguage":"it-IT","@id":"https:\/\/staging.varesenews.it\/#\/schema\/person\/image\/","url":"https:\/\/staging.varesenews.it\/wp-content\/uploads\/2020\/12\/tomaso_bassani_colori_500.jpg","contentUrl":"https:\/\/staging.varesenews.it\/wp-content\/uploads\/2020\/12\/tomaso_bassani_colori_500.jpg","caption":"Tomaso Bassani"},"description":"Sono nato nel 1988 e questo ha fatto s&igrave; che la mia vita sia coincisa con l'epoca di pi&ugrave; grande e veloce cambiamento della storia. Sono giornalista e caporedattore di Varesenews. Ho un master in data analysis, una laurea in storia e una formazione superiore commerciale. Sono cresciuto tra scout, tavola a rotelle, impegno associativo (in quella grande esperienza giovanile che &egrave; stato l&rsquo;Albizzate Valley Festival) e cooperativo (Circolo The Family di Albizzate). Per passione mi occupo di dati, videomaking, fotografia, scrittura e web. Per lavoro anche.&nbsp;","sameAs":["tomasobassani","https:\/\/www.linkedin.com\/profile\/view?id=102759293&trk=nav_responsive_tab_profile"],"url":"https:\/\/staging.varesenews.it\/persona\/tomaso-bassani\/"}]}},"post_meta":{"_edit_lock":"1453894897:52","_edit_last":"52","_category_permalink":"","wdfb_og_title":"","wdfb_og_type":"","wdfb_og_description":"","wdfb_og_images":"a:1:{i:0;s:0:\"\";}","wdfb_og_custom_name":"a:1:{i:0;s:0:\"\";}","wdfb_og_custom_value":"a:1:{i:0;s:0:\"\";}","id_leggi_anche":"479345","foto":"472306","_jd_twitter":"","_jd_tweet_this":"yes","argomento":"Varese - Gallarate","_yoast_wpseo_focuskw":"inquinamento","_yoast_wpseo_metadesc":"Gallarate emette la prima ordinanza per limitare i livelli di Pm10. Varese decider\u00e0 nelle prossime ore","_yoast_wpseo_linkdex":"68","ratings_users":"0","ratings_score":"0","ratings_average":"0","_wpt_short_url":"http:\/\/www.varesenews.it\/2016\/01\/i-comuni-corrono-ai-ripari-contro-linquinamento\/479740\/","_wp_jd_target":"http:\/\/www.varesenews.it\/2016\/01\/i-comuni-corrono-ai-ripari-contro-linquinamento\/479740\/","_jd_wp_twitter":"a:1:{i:0;s:163:\"I comuni corrono ai ripari contro l'inquinamento http:\/\/www.varesenews.it\/2016\/01\/i-comuni-corrono-ai-ripari-contro-linquinamento\/479740\/ #arpa #inquinamento #Pm10\";}","_wpt_status_message":"Tweet inviato con successo."},"photos":[{"original":"https:\/\/staging.varesenews.it\/photogallery_new\/images\/2015\/07\/varie-472306.jpg","full":"https:\/\/staging.varesenews.it\/photogallery_new\/images\/2015\/07\/varie-472306.1024x768.jpg","large":"https:\/\/staging.varesenews.it\/photogallery_new\/images\/2015\/07\/varie-472306.610x431.jpg"}],"_links":{"self":[{"href":"https:\/\/staging.varesenews.it\/swgapi\/v1\/wp\/v2\/posts\/479740"}],"collection":[{"href":"https:\/\/staging.varesenews.it\/swgapi\/v1\/wp\/v2\/posts"}],"about":[{"href":"https:\/\/staging.varesenews.it\/swgapi\/v1\/wp\/v2\/types\/post"}],"author":[{"embeddable":true,"href":"https:\/\/staging.varesenews.it\/swgapi\/v1\/wp\/v2\/users\/52"}],"replies":[{"embeddable":true,"href":"https:\/\/staging.varesenews.it\/swgapi\/v1\/wp\/v2\/comments?post=479740"}],"version-history":[{"count":0,"href":"https:\/\/staging.varesenews.it\/swgapi\/v1\/wp\/v2\/posts\/479740\/revisions"}],"wp:attachment":[{"href":"https:\/\/staging.varesenews.it\/swgapi\/v1\/wp\/v2\/media?parent=479740"}],"wp:term":[{"taxonomy":"category","embeddable":true,"href":"https:\/\/staging.varesenews.it\/swgapi\/v1\/wp\/v2\/categories?post=479740"},{"taxonomy":"post_tag","embeddable":true,"href":"https:\/\/staging.varesenews.it\/swgapi\/v1\/wp\/v2\/tags?post=479740"}],"curies":[{"name":"wp","href":"https:\/\/api.w.org\/{rel}","templated":true}]}}