{"id":480283,"date":"2016-01-28T18:04:09","date_gmt":"2016-01-28T17:04:09","guid":{"rendered":"http:\/\/www.varesenews.it\/?p=480283"},"modified":"2016-01-28T18:06:53","modified_gmt":"2016-01-28T17:06:53","slug":"badoglio-sta-per-presentare-varese-civica","status":"publish","type":"post","link":"https:\/\/staging.varesenews.it\/2016\/01\/badoglio-sta-per-presentare-varese-civica\/480283\/","title":{"rendered":"Badoglio sta per presentare &#8220;Varese Civica&#8221;"},"content":{"rendered":"<p dir=\"ltr\"><strong>Tutto pronto<\/strong> per la\u00a0Lista Varese Civica. Tra pochi giorni sar\u00e0 convocata una conferenza stampa durante la quale verranno presentati alcuni punti programmatici in vista delle elezioni comunali di giugno e alcuni membri della squadra che si candider\u00e0 in lista.<\/p>\n<p dir=\"ltr\">\u201cVedo in questi giorni che c\u2019\u00e8 la corsa da parte di molti politici varesini a definirsi civici\u201d dichiara <strong>il candidato sindaco della Lista Varese Civica, Andrea Badoglio<\/strong>.<\/p>\n<p dir=\"ltr\">\u201cFa sorridere l\u2019ostentazione di civismo da parte di persone che hanno occupato e occupano tutt\u2019ora posti di potere sia nelle istituzioni comunali che nelle societ\u00e0 partecipate o in enti pubblici. Quindi da oggi, per rispondere a questa manifestazione di pubblica ipocrisia, <strong>citer\u00f2 De Gaulle<\/strong>, quando disse che \u2018la politica \u00e8 una cosa troppo seria per lasciarla in mano ai politici\u2019 aggiungendo che non si pu\u00f2 lasciarla nemmeno in mano ai partiti travestiti da liste civiche, ovvero dai lupi travestiti da agnelli.<\/p>\n<p dir=\"ltr\"><strong>Quindi lasciamo<\/strong> pure che i politici di professione si definiscano civici. Chi, come me, \u00e8 un vero civico, si impegner\u00e0 a diventare un buon politico per servire la comunit\u00e0, senza farne una professione\u201d.<\/p>\n","protected":false},"excerpt":{"rendered":"<p>Una lista per le comunali, la guider\u00e0 un giovane candidato che si \u00e8 distinto nell&#8217;associazionismo <\/p>\n","protected":false},"author":50,"featured_media":0,"comment_status":"open","ping_status":"open","sticky":false,"template":"","format":"standard","meta":{"footnotes":""},"categories":[16,2],"tags":[53522],"acf":[],"yoast_head":"<!-- This site is optimized with the Yoast SEO plugin v20.1 - https:\/\/yoast.com\/wordpress\/plugins\/seo\/ -->\n<title>Badoglio sta per presentare &quot;Varese Civica&quot;<\/title>\n<meta name=\"description\" content=\"Badoglio in lista\" \/>\n<meta name=\"robots\" content=\"noindex, follow, max-snippet:-1, max-image-preview:large, max-video-preview:-1\" \/>\n<meta property=\"og:locale\" content=\"it_IT\" \/>\n<meta property=\"og:type\" content=\"article\" \/>\n<meta property=\"og:title\" content=\"Badoglio sta per presentare &quot;Varese Civica&quot;\" \/>\n<meta property=\"og:description\" content=\"Badoglio in lista\" \/>\n<meta property=\"og:url\" content=\"https:\/\/staging.varesenews.it\/2016\/01\/badoglio-sta-per-presentare-varese-civica\/480283\/\" \/>\n<meta property=\"og:site_name\" content=\"VareseNews\" \/>\n<meta property=\"article:publisher\" content=\"https:\/\/www.facebook.com\/varesenews\" \/>\n<meta property=\"article:published_time\" content=\"2016-01-28T17:04:09+00:00\" \/>\n<meta property=\"article:modified_time\" content=\"2016-01-28T17:06:53+00:00\" \/>\n<meta name=\"author\" content=\"Roberto Rotondo\" \/>\n<meta name=\"twitter:card\" content=\"summary_large_image\" \/>\n<meta name=\"twitter:creator\" content=\"@robertorotondo\" \/>\n<meta name=\"twitter:site\" content=\"@varesenews\" \/>\n<meta name=\"twitter:label1\" content=\"Scritto da\" \/>\n\t<meta name=\"twitter:data1\" content=\"Roberto Rotondo\" \/>\n\t<meta name=\"twitter:label2\" content=\"Tempo di lettura stimato\" \/>\n\t<meta name=\"twitter:data2\" content=\"1 minuto\" \/>\n<script type=\"application\/ld+json\" class=\"yoast-schema-graph\">{\"@context\":\"https:\/\/schema.org\",\"@graph\":[{\"@type\":\"WebPage\",\"@id\":\"https:\/\/staging.varesenews.it\/2016\/01\/badoglio-sta-per-presentare-varese-civica\/480283\/\",\"url\":\"https:\/\/staging.varesenews.it\/2016\/01\/badoglio-sta-per-presentare-varese-civica\/480283\/\",\"name\":\"Badoglio sta per presentare \\\"Varese Civica\\\"\",\"isPartOf\":{\"@id\":\"https:\/\/staging.varesenews.it\/#website\"},\"datePublished\":\"2016-01-28T17:04:09+00:00\",\"dateModified\":\"2016-01-28T17:06:53+00:00\",\"author\":{\"@id\":\"https:\/\/staging.varesenews.it\/#\/schema\/person\/bace96b9ce1b4905df659e51a83c17fe\"},\"description\":\"Badoglio in lista\",\"breadcrumb\":{\"@id\":\"https:\/\/staging.varesenews.it\/2016\/01\/badoglio-sta-per-presentare-varese-civica\/480283\/#breadcrumb\"},\"inLanguage\":\"it-IT\",\"potentialAction\":[{\"@type\":\"ReadAction\",\"target\":[\"https:\/\/staging.varesenews.it\/2016\/01\/badoglio-sta-per-presentare-varese-civica\/480283\/\"]}]},{\"@type\":\"BreadcrumbList\",\"@id\":\"https:\/\/staging.varesenews.it\/2016\/01\/badoglio-sta-per-presentare-varese-civica\/480283\/#breadcrumb\",\"itemListElement\":[{\"@type\":\"ListItem\",\"position\":1,\"name\":\"Home\",\"item\":\"https:\/\/www.varesenews.it\/\"},{\"@type\":\"ListItem\",\"position\":2,\"name\":\"Badoglio sta per presentare &#8220;Varese Civica&#8221;\"}]},{\"@type\":\"WebSite\",\"@id\":\"https:\/\/staging.varesenews.it\/#website\",\"url\":\"https:\/\/staging.varesenews.it\/\",\"name\":\"VareseNews\",\"description\":\"\",\"potentialAction\":[{\"@type\":\"SearchAction\",\"target\":{\"@type\":\"EntryPoint\",\"urlTemplate\":\"https:\/\/staging.varesenews.it\/?s={search_term_string}\"},\"query-input\":\"required name=search_term_string\"}],\"inLanguage\":\"it-IT\"},{\"@type\":\"Person\",\"@id\":\"https:\/\/staging.varesenews.it\/#\/schema\/person\/bace96b9ce1b4905df659e51a83c17fe\",\"name\":\"Roberto Rotondo\",\"image\":{\"@type\":\"ImageObject\",\"inLanguage\":\"it-IT\",\"@id\":\"https:\/\/staging.varesenews.it\/#\/schema\/person\/image\/\",\"url\":\"https:\/\/staging.varesenews.it\/wp-content\/uploads\/2015\/03\/10888676_10204734543537926_609787919772941341_n.jpg\",\"contentUrl\":\"https:\/\/staging.varesenews.it\/wp-content\/uploads\/2015\/03\/10888676_10204734543537926_609787919772941341_n.jpg\",\"caption\":\"Roberto Rotondo\"},\"description\":\"Nato a Varese nel 1972. Laureato in Storia alla Statale di Milano. A Varese News dal 1998. Ho iniziato a scrivere su riviste locali, poi sono entrato nel progetto di Varese News quando ancora era agli inizi. Nel frattempo mi sono occupato di ricerca storica e ho collaborato con un settimanale e un quotidiano della Svizzera italiana scrivendo di cronaca e politica. Mi sono preso una pausa da Varese nel 2004. Ho lavorato per alcuni anni a Milano all'agenzia di stampa Adnkronos, con qualche stage a Roma nei palazzi della politica. Lanci di agenzia e servizi tv multimediali erano tra i miei compiti. In quegli anni ho lavorato per alcune radio anche nazionali, Radio Capital su tutte, come corrispondente locale. Ho scritto anche per un settimanale di gossip, ma sempre cronaca nera. Ed eccomi qui. Dal 2007 lavoro anche per il Corriere della sera, di cui sono corrispondente. A Varesenews sono ormai uno dei senatori. Mi occupo di cronaca nera, giudiziaria e di politica e della cronaca cittadina di Varese.\",\"sameAs\":[\"robertorotondo\",\"https:\/\/twitter.com\/robertorotondo\"],\"url\":\"https:\/\/staging.varesenews.it\/persona\/roberto-rotondo\/\"}]}<\/script>\n<!-- \/ Yoast SEO plugin. -->","yoast_head_json":{"title":"Badoglio sta per presentare \"Varese Civica\"","description":"Badoglio in lista","robots":{"index":"noindex","follow":"follow","max-snippet":"max-snippet:-1","max-image-preview":"max-image-preview:large","max-video-preview":"max-video-preview:-1"},"og_locale":"it_IT","og_type":"article","og_title":"Badoglio sta per presentare \"Varese Civica\"","og_description":"Badoglio in lista","og_url":"https:\/\/staging.varesenews.it\/2016\/01\/badoglio-sta-per-presentare-varese-civica\/480283\/","og_site_name":"VareseNews","article_publisher":"https:\/\/www.facebook.com\/varesenews","article_published_time":"2016-01-28T17:04:09+00:00","article_modified_time":"2016-01-28T17:06:53+00:00","author":"Roberto Rotondo","twitter_card":"summary_large_image","twitter_creator":"@robertorotondo","twitter_site":"@varesenews","twitter_misc":{"Scritto da":"Roberto Rotondo","Tempo di lettura stimato":"1 minuto"},"schema":{"@context":"https:\/\/schema.org","@graph":[{"@type":"WebPage","@id":"https:\/\/staging.varesenews.it\/2016\/01\/badoglio-sta-per-presentare-varese-civica\/480283\/","url":"https:\/\/staging.varesenews.it\/2016\/01\/badoglio-sta-per-presentare-varese-civica\/480283\/","name":"Badoglio sta per presentare \"Varese Civica\"","isPartOf":{"@id":"https:\/\/staging.varesenews.it\/#website"},"datePublished":"2016-01-28T17:04:09+00:00","dateModified":"2016-01-28T17:06:53+00:00","author":{"@id":"https:\/\/staging.varesenews.it\/#\/schema\/person\/bace96b9ce1b4905df659e51a83c17fe"},"description":"Badoglio in lista","breadcrumb":{"@id":"https:\/\/staging.varesenews.it\/2016\/01\/badoglio-sta-per-presentare-varese-civica\/480283\/#breadcrumb"},"inLanguage":"it-IT","potentialAction":[{"@type":"ReadAction","target":["https:\/\/staging.varesenews.it\/2016\/01\/badoglio-sta-per-presentare-varese-civica\/480283\/"]}]},{"@type":"BreadcrumbList","@id":"https:\/\/staging.varesenews.it\/2016\/01\/badoglio-sta-per-presentare-varese-civica\/480283\/#breadcrumb","itemListElement":[{"@type":"ListItem","position":1,"name":"Home","item":"https:\/\/www.varesenews.it\/"},{"@type":"ListItem","position":2,"name":"Badoglio sta per presentare &#8220;Varese Civica&#8221;"}]},{"@type":"WebSite","@id":"https:\/\/staging.varesenews.it\/#website","url":"https:\/\/staging.varesenews.it\/","name":"VareseNews","description":"","potentialAction":[{"@type":"SearchAction","target":{"@type":"EntryPoint","urlTemplate":"https:\/\/staging.varesenews.it\/?s={search_term_string}"},"query-input":"required name=search_term_string"}],"inLanguage":"it-IT"},{"@type":"Person","@id":"https:\/\/staging.varesenews.it\/#\/schema\/person\/bace96b9ce1b4905df659e51a83c17fe","name":"Roberto Rotondo","image":{"@type":"ImageObject","inLanguage":"it-IT","@id":"https:\/\/staging.varesenews.it\/#\/schema\/person\/image\/","url":"https:\/\/staging.varesenews.it\/wp-content\/uploads\/2015\/03\/10888676_10204734543537926_609787919772941341_n.jpg","contentUrl":"https:\/\/staging.varesenews.it\/wp-content\/uploads\/2015\/03\/10888676_10204734543537926_609787919772941341_n.jpg","caption":"Roberto Rotondo"},"description":"Nato a Varese nel 1972. Laureato in Storia alla Statale di Milano. A Varese News dal 1998. Ho iniziato a scrivere su riviste locali, poi sono entrato nel progetto di Varese News quando ancora era agli inizi. Nel frattempo mi sono occupato di ricerca storica e ho collaborato con un settimanale e un quotidiano della Svizzera italiana scrivendo di cronaca e politica. Mi sono preso una pausa da Varese nel 2004. Ho lavorato per alcuni anni a Milano all'agenzia di stampa Adnkronos, con qualche stage a Roma nei palazzi della politica. Lanci di agenzia e servizi tv multimediali erano tra i miei compiti. In quegli anni ho lavorato per alcune radio anche nazionali, Radio Capital su tutte, come corrispondente locale. Ho scritto anche per un settimanale di gossip, ma sempre cronaca nera. Ed eccomi qui. Dal 2007 lavoro anche per il Corriere della sera, di cui sono corrispondente. A Varesenews sono ormai uno dei senatori. Mi occupo di cronaca nera, giudiziaria e di politica e della cronaca cittadina di Varese.","sameAs":["robertorotondo","https:\/\/twitter.com\/robertorotondo"],"url":"https:\/\/staging.varesenews.it\/persona\/roberto-rotondo\/"}]}},"post_meta":{"_edit_lock":"1454001372:50","_edit_last":"50","ratings_users":"0","ratings_score":"0","ratings_average":"0","_category_permalink":"","wdfb_og_title":"","wdfb_og_type":"","wdfb_og_description":"","wdfb_og_images":"a:1:{i:0;s:0:\"\";}","wdfb_og_custom_name":"a:1:{i:0;s:0:\"\";}","wdfb_og_custom_value":"a:1:{i:0;s:0:\"\";}","foto":"509885","argomento":"Varese","_yoast_wpseo_focuskw":"badoglio","_yoast_wpseo_metadesc":"Badoglio in lista","_jd_twitter":"","_jd_tweet_this":"yes","_wpt_short_url":"http:\/\/www.varesenews.it\/2016\/01\/badoglio-sta-per-presentare-varese-civica\/480283\/","_wp_jd_target":"http:\/\/www.varesenews.it\/2016\/01\/badoglio-sta-per-presentare-varese-civica\/480283\/","_jd_wp_twitter":"a:1:{i:0;s:127:\"Badoglio sta per presentare \"Varese Civica\" http:\/\/www.varesenews.it\/2016\/01\/badoglio-sta-per-presentare-varese-civica\/480283\/ \";}","_wpt_status_message":"Tweet inviato con successo.","_yoast_wpseo_linkdex":"59"},"photos":[{"original":"https:\/\/staging.varesenews.it\/photogallery_new\/images\/2016\/01\/badoglio-509885.jpg","full":"https:\/\/staging.varesenews.it\/photogallery_new\/images\/2016\/01\/badoglio-509885.1024x768.jpg","large":"https:\/\/staging.varesenews.it\/photogallery_new\/images\/2016\/01\/badoglio-509885.610x431.jpg"}],"_links":{"self":[{"href":"https:\/\/staging.varesenews.it\/swgapi\/v1\/wp\/v2\/posts\/480283"}],"collection":[{"href":"https:\/\/staging.varesenews.it\/swgapi\/v1\/wp\/v2\/posts"}],"about":[{"href":"https:\/\/staging.varesenews.it\/swgapi\/v1\/wp\/v2\/types\/post"}],"author":[{"embeddable":true,"href":"https:\/\/staging.varesenews.it\/swgapi\/v1\/wp\/v2\/users\/50"}],"replies":[{"embeddable":true,"href":"https:\/\/staging.varesenews.it\/swgapi\/v1\/wp\/v2\/comments?post=480283"}],"version-history":[{"count":0,"href":"https:\/\/staging.varesenews.it\/swgapi\/v1\/wp\/v2\/posts\/480283\/revisions"}],"wp:attachment":[{"href":"https:\/\/staging.varesenews.it\/swgapi\/v1\/wp\/v2\/media?parent=480283"}],"wp:term":[{"taxonomy":"category","embeddable":true,"href":"https:\/\/staging.varesenews.it\/swgapi\/v1\/wp\/v2\/categories?post=480283"},{"taxonomy":"post_tag","embeddable":true,"href":"https:\/\/staging.varesenews.it\/swgapi\/v1\/wp\/v2\/tags?post=480283"}],"curies":[{"name":"wp","href":"https:\/\/api.w.org\/{rel}","templated":true}]}}