{"id":481066,"date":"2016-02-01T15:03:43","date_gmt":"2016-02-01T14:03:43","guid":{"rendered":"http:\/\/www.varesenews.it\/?p=481066"},"modified":"2016-02-01T16:29:31","modified_gmt":"2016-02-01T15:29:31","slug":"fatta-la-piazza-ora-facciamola-vivere","status":"publish","type":"post","link":"https:\/\/staging.varesenews.it\/2016\/02\/fatta-la-piazza-ora-facciamola-vivere\/481066\/","title":{"rendered":"Fatta la piazza, ora facciamola vivere"},"content":{"rendered":"<p><strong>E ora che dopo anni la piazza \u00e8 finita, facciamola vivere<\/strong>. \u00c8 pi\u00f9 o meno il messaggio lanciato da un gruppetto di cedratesi: appena completato l&#8217;intervento di realizzazione della piazza, durato anni tra mille problemi burocratici e legati alla crisi economica, <strong>gi\u00e0 domenica sera si \u00e8 tenuto un mini-evento, convocato in modo spontaneo<\/strong>. Chitarre e canzoni nel piccolo spazio pedonale creato a fianco della chiesa, per animare un po&#8217; la fine della domenica.<br \/>\n<div class=\"related-posts related-01\"><h4>Leggi anche<\/h4><ul><li><a title=\"Il rione di Cedrate ha finalmente la sua piazza. Completati i lavori a piazza San Giorgio\" target=\"_blank\" href=\"https:\/\/staging.varesenews.it\/2016\/01\/il-rione-di-cedrate-ha-finalmente-la-sua-piazza-completati-i-lavori-a-piazza-san-giorgio\/480449\/\"><strong>Gallarate <\/strong> - Il rione di Cedrate ha finalmente la sua piazza. Completati i lavori a piazza San Giorgio<\/a><\/li><li><a title=\"Viabilit\u00e0 e parcheggi, assemblea del comitato Insieme per Cedrate\" target=\"_blank\" href=\"https:\/\/staging.varesenews.it\/2015\/09\/viabilita-e-parcheggi-assemblea-del-comitato-insieme-per-cedrate\/405109\/\"><strong>Gallarate <\/strong> - Viabilit\u00e0 e parcheggi, assemblea del comitato Insieme per Cedrate<\/a><\/li><\/ul><\/div><\/p>\n<p>&#8220;Per tornare alla normalit\u00e0 il cittadino si deve rimpossessare positivamente della citt\u00e0, uscendo da casa&#8221; spiega uno dei promotori del piccolo appuntamento. &#8220;Occorre trasmettere agli altri positivit\u00e0 e <strong>sono certo che si creer\u00e0 un contagio vincente&#8221;<\/strong>. <strong>Mercatini, esposizioni curate dalle scuole del quartiere<\/strong>, giocolieri, magari persino<strong> una partita a scacchi sulla scacchiera &#8220;gigante&#8221;<\/strong> creata sulla piazzetta: sono alcune delle proposte avanzate per far vivere il piccolo spazio.E poi c&#8217;\u00e8 un altro punto che muove i residenti della zona: evitare che il piccolo spazio possa diventare vittima di incuria e degrado, come altre zone spesso segnalate (ne <a title=\"Le \u201czone del degrado\u201d a Gallarate\" href=\"http:\/\/www.varesenews.it\/2015\/10\/le-zone-del-degrado-a-gallarate\/410226\/\">avevamo parlato qui<\/a>). In questo senso, si vuole qui anticipare un po&#8217; il percorso che il Comune sta invece progettando per Piazza Risorgimento, dove \u00e8 previsto un intervento per tentare di risolvere i problemi esistenti (vedi <a title=\"Il progetto di sistemazione per Piazza Risorgimento\" href=\"http:\/\/www.varesenews.it\/2015\/10\/il-progetto-di-sistemazione-per-piazza-risorgimento\/414138\/\">qui<\/a> e <a title=\"Piazza Risorgimento, dall\u2019assemblea nuove proposte. \u201cBene il progetto\u201d\" href=\"http:\/\/www.varesenews.it\/2015\/10\/piazza-risorgimento-dallassemblea-nuove-proposte-bene-il-progetto\/414098\/\">qui<\/a>).<\/p>\n<p>Cedrate \u00e8 anche un bell&#8217;esempio di partecipazione: la realizzazione dello spazio &#8211; che \u00e8 durata anni e ha visto numerose polemiche &#8211; \u00e8 stata nell&#8217;ultima fase accompagnata da una fase di consultazione con il comitato Cedrate Insieme (anche se alcuni suggerimenti arrivano dai cittadini ancora in questi giorni, a cantiere concluso).<\/p>\n","protected":false},"excerpt":{"rendered":"<p>Il progetto del piccolo spazio a Cedrate ha richiesto anni. Ora dai cedratesi parte l&#8217;idea di valorizzarla riscoprendola come centro del quartiere<\/p>\n","protected":false},"author":46,"featured_media":0,"comment_status":"open","ping_status":"open","sticky":false,"template":"","format":"standard","meta":{"footnotes":""},"categories":[3,1],"tags":[1863,41324],"acf":[],"yoast_head":"<!-- This site is optimized with the Yoast SEO plugin v20.1 - https:\/\/yoast.com\/wordpress\/plugins\/seo\/ -->\n<title>Fatta la piazza, ora facciamola vivere<\/title>\n<meta name=\"description\" content=\"Il progetto del piccolo spazio a Cedrate ha richiesto anni. Ora dai cedratesi parte l&#039;idea di valorizzarla riscoprendola come centro del quartiere\" \/>\n<meta name=\"robots\" content=\"noindex, follow, max-snippet:-1, max-image-preview:large, max-video-preview:-1\" \/>\n<meta property=\"og:locale\" content=\"it_IT\" \/>\n<meta property=\"og:type\" content=\"article\" \/>\n<meta property=\"og:title\" content=\"Fatta la piazza, ora facciamola vivere\" \/>\n<meta property=\"og:description\" content=\"Il progetto del piccolo spazio a Cedrate ha richiesto anni. Ora dai cedratesi parte l&#039;idea di valorizzarla riscoprendola come centro del quartiere\" \/>\n<meta property=\"og:url\" content=\"https:\/\/staging.varesenews.it\/2016\/02\/fatta-la-piazza-ora-facciamola-vivere\/481066\/\" \/>\n<meta property=\"og:site_name\" content=\"VareseNews\" \/>\n<meta property=\"article:publisher\" content=\"https:\/\/www.facebook.com\/varesenews\" \/>\n<meta property=\"article:published_time\" content=\"2016-02-01T14:03:43+00:00\" \/>\n<meta property=\"article:modified_time\" content=\"2016-02-01T15:29:31+00:00\" \/>\n<meta name=\"author\" content=\"Roberto Morandi\" \/>\n<meta name=\"twitter:card\" content=\"summary_large_image\" \/>\n<meta name=\"twitter:creator\" content=\"@ilmorands\" \/>\n<meta name=\"twitter:site\" content=\"@varesenews\" \/>\n<meta name=\"twitter:label1\" content=\"Scritto da\" \/>\n\t<meta name=\"twitter:data1\" content=\"Roberto Morandi\" \/>\n\t<meta name=\"twitter:label2\" content=\"Tempo di lettura stimato\" \/>\n\t<meta name=\"twitter:data2\" content=\"1 minuto\" \/>\n<script type=\"application\/ld+json\" class=\"yoast-schema-graph\">{\"@context\":\"https:\/\/schema.org\",\"@graph\":[{\"@type\":\"WebPage\",\"@id\":\"https:\/\/staging.varesenews.it\/2016\/02\/fatta-la-piazza-ora-facciamola-vivere\/481066\/\",\"url\":\"https:\/\/staging.varesenews.it\/2016\/02\/fatta-la-piazza-ora-facciamola-vivere\/481066\/\",\"name\":\"Fatta la piazza, ora facciamola vivere\",\"isPartOf\":{\"@id\":\"https:\/\/staging.varesenews.it\/#website\"},\"datePublished\":\"2016-02-01T14:03:43+00:00\",\"dateModified\":\"2016-02-01T15:29:31+00:00\",\"author\":{\"@id\":\"https:\/\/staging.varesenews.it\/#\/schema\/person\/efe592ae4c76536b551f89d8b6674bc3\"},\"description\":\"Il progetto del piccolo spazio a Cedrate ha richiesto anni. Ora dai cedratesi parte l'idea di valorizzarla riscoprendola come centro del quartiere\",\"breadcrumb\":{\"@id\":\"https:\/\/staging.varesenews.it\/2016\/02\/fatta-la-piazza-ora-facciamola-vivere\/481066\/#breadcrumb\"},\"inLanguage\":\"it-IT\",\"potentialAction\":[{\"@type\":\"ReadAction\",\"target\":[\"https:\/\/staging.varesenews.it\/2016\/02\/fatta-la-piazza-ora-facciamola-vivere\/481066\/\"]}]},{\"@type\":\"BreadcrumbList\",\"@id\":\"https:\/\/staging.varesenews.it\/2016\/02\/fatta-la-piazza-ora-facciamola-vivere\/481066\/#breadcrumb\",\"itemListElement\":[{\"@type\":\"ListItem\",\"position\":1,\"name\":\"Home\",\"item\":\"https:\/\/www.varesenews.it\/\"},{\"@type\":\"ListItem\",\"position\":2,\"name\":\"Fatta la piazza, ora facciamola vivere\"}]},{\"@type\":\"WebSite\",\"@id\":\"https:\/\/staging.varesenews.it\/#website\",\"url\":\"https:\/\/staging.varesenews.it\/\",\"name\":\"VareseNews\",\"description\":\"\",\"potentialAction\":[{\"@type\":\"SearchAction\",\"target\":{\"@type\":\"EntryPoint\",\"urlTemplate\":\"https:\/\/staging.varesenews.it\/?s={search_term_string}\"},\"query-input\":\"required name=search_term_string\"}],\"inLanguage\":\"it-IT\"},{\"@type\":\"Person\",\"@id\":\"https:\/\/staging.varesenews.it\/#\/schema\/person\/efe592ae4c76536b551f89d8b6674bc3\",\"name\":\"Roberto Morandi\",\"image\":{\"@type\":\"ImageObject\",\"inLanguage\":\"it-IT\",\"@id\":\"https:\/\/staging.varesenews.it\/#\/schema\/person\/image\/\",\"url\":\"https:\/\/staging.varesenews.it\/wp-content\/uploads\/2020\/12\/roberto_morandi_colori_500.jpg\",\"contentUrl\":\"https:\/\/staging.varesenews.it\/wp-content\/uploads\/2020\/12\/roberto_morandi_colori_500.jpg\",\"caption\":\"Roberto Morandi\"},\"description\":\"Classe 1980, laureato in storia, mi occupo dell&rsquo;area di Gallarate e di Malpensa, di trasporti e mobilit&agrave;. Amo molto la dimensione della citt&agrave;, come luogo d&rsquo;incontro di persone diverse e come organismo che si trasforma costantemente. Mi piace anche raccontare le piccole e grandi vicende, anche locali, che compongono la Storia con la S maiuscola. Appassionato di bicicletta: la macchina perfetta per muoversi in citt&agrave; e per viaggiare.\",\"sameAs\":[\"https:\/\/twitter.com\/ilmorands\"],\"url\":\"https:\/\/staging.varesenews.it\/persona\/roberto-morandi1\/\"}]}<\/script>\n<!-- \/ Yoast SEO plugin. -->","yoast_head_json":{"title":"Fatta la piazza, ora facciamola vivere","description":"Il progetto del piccolo spazio a Cedrate ha richiesto anni. Ora dai cedratesi parte l'idea di valorizzarla riscoprendola come centro del quartiere","robots":{"index":"noindex","follow":"follow","max-snippet":"max-snippet:-1","max-image-preview":"max-image-preview:large","max-video-preview":"max-video-preview:-1"},"og_locale":"it_IT","og_type":"article","og_title":"Fatta la piazza, ora facciamola vivere","og_description":"Il progetto del piccolo spazio a Cedrate ha richiesto anni. Ora dai cedratesi parte l'idea di valorizzarla riscoprendola come centro del quartiere","og_url":"https:\/\/staging.varesenews.it\/2016\/02\/fatta-la-piazza-ora-facciamola-vivere\/481066\/","og_site_name":"VareseNews","article_publisher":"https:\/\/www.facebook.com\/varesenews","article_published_time":"2016-02-01T14:03:43+00:00","article_modified_time":"2016-02-01T15:29:31+00:00","author":"Roberto Morandi","twitter_card":"summary_large_image","twitter_creator":"@ilmorands","twitter_site":"@varesenews","twitter_misc":{"Scritto da":"Roberto Morandi","Tempo di lettura stimato":"1 minuto"},"schema":{"@context":"https:\/\/schema.org","@graph":[{"@type":"WebPage","@id":"https:\/\/staging.varesenews.it\/2016\/02\/fatta-la-piazza-ora-facciamola-vivere\/481066\/","url":"https:\/\/staging.varesenews.it\/2016\/02\/fatta-la-piazza-ora-facciamola-vivere\/481066\/","name":"Fatta la piazza, ora facciamola vivere","isPartOf":{"@id":"https:\/\/staging.varesenews.it\/#website"},"datePublished":"2016-02-01T14:03:43+00:00","dateModified":"2016-02-01T15:29:31+00:00","author":{"@id":"https:\/\/staging.varesenews.it\/#\/schema\/person\/efe592ae4c76536b551f89d8b6674bc3"},"description":"Il progetto del piccolo spazio a Cedrate ha richiesto anni. Ora dai cedratesi parte l'idea di valorizzarla riscoprendola come centro del quartiere","breadcrumb":{"@id":"https:\/\/staging.varesenews.it\/2016\/02\/fatta-la-piazza-ora-facciamola-vivere\/481066\/#breadcrumb"},"inLanguage":"it-IT","potentialAction":[{"@type":"ReadAction","target":["https:\/\/staging.varesenews.it\/2016\/02\/fatta-la-piazza-ora-facciamola-vivere\/481066\/"]}]},{"@type":"BreadcrumbList","@id":"https:\/\/staging.varesenews.it\/2016\/02\/fatta-la-piazza-ora-facciamola-vivere\/481066\/#breadcrumb","itemListElement":[{"@type":"ListItem","position":1,"name":"Home","item":"https:\/\/www.varesenews.it\/"},{"@type":"ListItem","position":2,"name":"Fatta la piazza, ora facciamola vivere"}]},{"@type":"WebSite","@id":"https:\/\/staging.varesenews.it\/#website","url":"https:\/\/staging.varesenews.it\/","name":"VareseNews","description":"","potentialAction":[{"@type":"SearchAction","target":{"@type":"EntryPoint","urlTemplate":"https:\/\/staging.varesenews.it\/?s={search_term_string}"},"query-input":"required name=search_term_string"}],"inLanguage":"it-IT"},{"@type":"Person","@id":"https:\/\/staging.varesenews.it\/#\/schema\/person\/efe592ae4c76536b551f89d8b6674bc3","name":"Roberto Morandi","image":{"@type":"ImageObject","inLanguage":"it-IT","@id":"https:\/\/staging.varesenews.it\/#\/schema\/person\/image\/","url":"https:\/\/staging.varesenews.it\/wp-content\/uploads\/2020\/12\/roberto_morandi_colori_500.jpg","contentUrl":"https:\/\/staging.varesenews.it\/wp-content\/uploads\/2020\/12\/roberto_morandi_colori_500.jpg","caption":"Roberto Morandi"},"description":"Classe 1980, laureato in storia, mi occupo dell&rsquo;area di Gallarate e di Malpensa, di trasporti e mobilit&agrave;. Amo molto la dimensione della citt&agrave;, come luogo d&rsquo;incontro di persone diverse e come organismo che si trasforma costantemente. Mi piace anche raccontare le piccole e grandi vicende, anche locali, che compongono la Storia con la S maiuscola. Appassionato di bicicletta: la macchina perfetta per muoversi in citt&agrave; e per viaggiare.","sameAs":["https:\/\/twitter.com\/ilmorands"],"url":"https:\/\/staging.varesenews.it\/persona\/roberto-morandi1\/"}]}},"post_meta":{"_edit_lock":"1454340618:46","_edit_last":"46","_category_permalink":"3","ratings_users":"0","ratings_score":"0","ratings_average":"0","wdfb_og_title":"","wdfb_og_type":"","wdfb_og_description":"","wdfb_og_images":"a:1:{i:0;s:0:\"\";}","wdfb_og_custom_name":"a:1:{i:0;s:0:\"\";}","wdfb_og_custom_value":"a:1:{i:0;s:0:\"\";}","foto":"510755","_jd_twitter":"","_jd_tweet_this":"yes","_wpt_short_url":"http:\/\/www.varesenews.it\/2016\/02\/fatta-la-piazza-ora-facciamola-vivere\/481066\/","_wp_jd_target":"http:\/\/www.varesenews.it\/2016\/02\/fatta-la-piazza-ora-facciamola-vivere\/481066\/","_jd_wp_twitter":"a:1:{i:0;s:154:\"Fatta la piazza, ora facciamola vivere http:\/\/www.varesenews.it\/2016\/02\/fatta-la-piazza-ora-facciamola-vivere\/481066\/ #cedrate #gallarate #piazzadicedrate\";}","_wpt_status_message":"Tweet inviato con successo.","id_leggi_anche":"480449,405109"},"photos":[{"original":"https:\/\/staging.varesenews.it\/photogallery_new\/images\/2016\/02\/cedrate-510755.jpg","full":"https:\/\/staging.varesenews.it\/photogallery_new\/images\/2016\/02\/cedrate-510755.1024x768.jpg","large":"https:\/\/staging.varesenews.it\/photogallery_new\/images\/2016\/02\/cedrate-510755.610x431.jpg"}],"_links":{"self":[{"href":"https:\/\/staging.varesenews.it\/swgapi\/v1\/wp\/v2\/posts\/481066"}],"collection":[{"href":"https:\/\/staging.varesenews.it\/swgapi\/v1\/wp\/v2\/posts"}],"about":[{"href":"https:\/\/staging.varesenews.it\/swgapi\/v1\/wp\/v2\/types\/post"}],"author":[{"embeddable":true,"href":"https:\/\/staging.varesenews.it\/swgapi\/v1\/wp\/v2\/users\/46"}],"replies":[{"embeddable":true,"href":"https:\/\/staging.varesenews.it\/swgapi\/v1\/wp\/v2\/comments?post=481066"}],"version-history":[{"count":0,"href":"https:\/\/staging.varesenews.it\/swgapi\/v1\/wp\/v2\/posts\/481066\/revisions"}],"wp:attachment":[{"href":"https:\/\/staging.varesenews.it\/swgapi\/v1\/wp\/v2\/media?parent=481066"}],"wp:term":[{"taxonomy":"category","embeddable":true,"href":"https:\/\/staging.varesenews.it\/swgapi\/v1\/wp\/v2\/categories?post=481066"},{"taxonomy":"post_tag","embeddable":true,"href":"https:\/\/staging.varesenews.it\/swgapi\/v1\/wp\/v2\/tags?post=481066"}],"curies":[{"name":"wp","href":"https:\/\/api.w.org\/{rel}","templated":true}]}}