{"id":481405,"date":"2016-02-02T10:53:44","date_gmt":"2016-02-02T09:53:44","guid":{"rendered":"http:\/\/www.varesenews.it\/?p=481405"},"modified":"2016-02-02T11:41:31","modified_gmt":"2016-02-02T10:41:31","slug":"contro-i-droni-selvaggi-arrivano-le-aquile","status":"publish","type":"post","link":"https:\/\/staging.varesenews.it\/2016\/02\/contro-i-droni-selvaggi-arrivano-le-aquile\/481405\/","title":{"rendered":"Contro i droni &#8220;selvaggi&#8221; arrivano le aquile"},"content":{"rendered":"<p><iframe loading=\"lazy\" src=\"http:\/\/player.theplatform.com\/p\/2E2eJC\/nbcNewsOffsite?guid=f_dc_drone_160201\" width=\"600\" height=\"475\" frameborder=\"0\" scrolling=\"no\"><\/iframe><\/p>\n<p><strong>Aquile contro piccoli droni &#8220;predatori&#8221; di immagini<\/strong>.<\/p>\n<p>E&#8217; la guerra che la <strong>polizia olandese<\/strong> ha dichiarato a chi utilizza i droni <strong>in zone non autorizzate<\/strong>. Che cosa fanno questi veloci rapaci, molto pi\u00f9 veloci dei droni? Semplice: intercettano l&#8217;oggetto, lo afferrano con gli artigli e lo &#8220;atterrano&#8221;.<\/p>\n<p>Le aquile vengono addestrate per riconoscere \u00a0i droni e per catturarli o abbatterli in sicurezza, <strong>lontano da persone od oggetti<\/strong>. Si tratta ovviamente di piccoli droni, perch\u00e9 quelli pi\u00f9 grossi potrebbero ferire l&#8217;animale.<\/p>\n<p>La sperimentazione durer\u00e0 qualche mese, poi la polizia olandese decider\u00e0 se il sistema \u00e8 efficace oppure no.<\/p>\n<p>Oltre all&#8217;efficacia delle aquile abbatti-drone si pone per\u00f2 un altro problema: <strong>che cosa accadr\u00e0 quando Amazon utilizzer\u00e0 i droni per consegnare i suoi pacchi agli utenti?<\/strong><\/p>\n<p>Amazon, infatti, da tempo cerca di studiare l&#8217;utilizzo di droni per consegnare\u00a0a casa pacchi di peso inferiore a 2.5 kg che costituiscono\u00a0l&#8217;85% delle sue consegne. In USA per\u00f2 non \u00e8 permesso, allora da tempo testano in Gran Bretagna\u00a0e in Canada e da qualche tempo in Olanda.<\/p>\n<p>Qui Amazon dovr\u00e0 quindi vedersela con le aquile? O i rapaci impareranno a distinguere l&#8217;ormai famosissima \u00a0&#8220;freccia gialla&#8221;?<\/p>\n","protected":false},"excerpt":{"rendered":"<p>La polizia olandese ha dichiarato guerra a chi utilizza i droni in zone non autorizzate: i rapaci intercettano gli oggetti volanti e li atterrano. Cos\u00ec&#8230;<\/p>\n","protected":false},"author":10,"featured_media":0,"comment_status":"open","ping_status":"open","sticky":false,"template":"","format":"standard","meta":{"footnotes":""},"categories":[9,25],"tags":[5411,12547,22119],"acf":[],"yoast_head":"<!-- This site is optimized with the Yoast SEO plugin v20.1 - https:\/\/yoast.com\/wordpress\/plugins\/seo\/ -->\n<title>Contro i droni &quot;selvaggi&quot; arrivano le aquile<\/title>\n<meta name=\"description\" content=\"la polizia olandese ha dichiarato a chi utilizza i droni in zone non autorizzate\" \/>\n<meta name=\"robots\" content=\"noindex, follow, max-snippet:-1, max-image-preview:large, max-video-preview:-1\" \/>\n<meta property=\"og:locale\" content=\"it_IT\" \/>\n<meta property=\"og:type\" content=\"article\" \/>\n<meta property=\"og:title\" content=\"Contro i droni &quot;selvaggi&quot; arrivano le aquile\" \/>\n<meta property=\"og:description\" content=\"la polizia olandese ha dichiarato a chi utilizza i droni in zone non autorizzate\" \/>\n<meta property=\"og:url\" content=\"https:\/\/staging.varesenews.it\/2016\/02\/contro-i-droni-selvaggi-arrivano-le-aquile\/481405\/\" \/>\n<meta property=\"og:site_name\" content=\"VareseNews\" \/>\n<meta property=\"article:publisher\" content=\"https:\/\/www.facebook.com\/varesenews\" \/>\n<meta property=\"article:published_time\" content=\"2016-02-02T09:53:44+00:00\" \/>\n<meta property=\"article:modified_time\" content=\"2016-02-02T10:41:31+00:00\" \/>\n<meta name=\"author\" content=\"Redazione VareseNews\" \/>\n<meta name=\"twitter:card\" content=\"summary_large_image\" \/>\n<meta name=\"twitter:creator\" content=\"@varesenews\" \/>\n<meta name=\"twitter:site\" content=\"@varesenews\" \/>\n<meta name=\"twitter:label1\" content=\"Scritto da\" \/>\n\t<meta name=\"twitter:data1\" content=\"Redazione VareseNews\" \/>\n\t<meta name=\"twitter:label2\" content=\"Tempo di lettura stimato\" \/>\n\t<meta name=\"twitter:data2\" content=\"1 minuto\" \/>\n<script type=\"application\/ld+json\" class=\"yoast-schema-graph\">{\"@context\":\"https:\/\/schema.org\",\"@graph\":[{\"@type\":\"WebPage\",\"@id\":\"https:\/\/staging.varesenews.it\/2016\/02\/contro-i-droni-selvaggi-arrivano-le-aquile\/481405\/\",\"url\":\"https:\/\/staging.varesenews.it\/2016\/02\/contro-i-droni-selvaggi-arrivano-le-aquile\/481405\/\",\"name\":\"Contro i droni \\\"selvaggi\\\" arrivano le aquile\",\"isPartOf\":{\"@id\":\"https:\/\/staging.varesenews.it\/#website\"},\"datePublished\":\"2016-02-02T09:53:44+00:00\",\"dateModified\":\"2016-02-02T10:41:31+00:00\",\"author\":{\"@id\":\"https:\/\/staging.varesenews.it\/#\/schema\/person\/fb20c4da0b7b16c291707a20db73e169\"},\"description\":\"la polizia olandese ha dichiarato a chi utilizza i droni in zone non autorizzate\",\"breadcrumb\":{\"@id\":\"https:\/\/staging.varesenews.it\/2016\/02\/contro-i-droni-selvaggi-arrivano-le-aquile\/481405\/#breadcrumb\"},\"inLanguage\":\"it-IT\",\"potentialAction\":[{\"@type\":\"ReadAction\",\"target\":[\"https:\/\/staging.varesenews.it\/2016\/02\/contro-i-droni-selvaggi-arrivano-le-aquile\/481405\/\"]}]},{\"@type\":\"BreadcrumbList\",\"@id\":\"https:\/\/staging.varesenews.it\/2016\/02\/contro-i-droni-selvaggi-arrivano-le-aquile\/481405\/#breadcrumb\",\"itemListElement\":[{\"@type\":\"ListItem\",\"position\":1,\"name\":\"Home\",\"item\":\"https:\/\/www.varesenews.it\/\"},{\"@type\":\"ListItem\",\"position\":2,\"name\":\"Contro i droni &#8220;selvaggi&#8221; arrivano le aquile\"}]},{\"@type\":\"WebSite\",\"@id\":\"https:\/\/staging.varesenews.it\/#website\",\"url\":\"https:\/\/staging.varesenews.it\/\",\"name\":\"VareseNews\",\"description\":\"\",\"potentialAction\":[{\"@type\":\"SearchAction\",\"target\":{\"@type\":\"EntryPoint\",\"urlTemplate\":\"https:\/\/staging.varesenews.it\/?s={search_term_string}\"},\"query-input\":\"required name=search_term_string\"}],\"inLanguage\":\"it-IT\"},{\"@type\":\"Person\",\"@id\":\"https:\/\/staging.varesenews.it\/#\/schema\/person\/fb20c4da0b7b16c291707a20db73e169\",\"name\":\"Redazione VareseNews\",\"image\":{\"@type\":\"ImageObject\",\"inLanguage\":\"it-IT\",\"@id\":\"https:\/\/staging.varesenews.it\/#\/schema\/person\/image\/\",\"url\":\"https:\/\/staging.varesenews.it\/wp-content\/uploads\/2020\/12\/logo_VN_colori_500.png\",\"contentUrl\":\"https:\/\/staging.varesenews.it\/wp-content\/uploads\/2020\/12\/logo_VN_colori_500.png\",\"caption\":\"Redazione VareseNews\"},\"url\":\"https:\/\/staging.varesenews.it\/persona\/redazione1\/\"}]}<\/script>\n<!-- \/ Yoast SEO plugin. -->","yoast_head_json":{"title":"Contro i droni \"selvaggi\" arrivano le aquile","description":"la polizia olandese ha dichiarato a chi utilizza i droni in zone non autorizzate","robots":{"index":"noindex","follow":"follow","max-snippet":"max-snippet:-1","max-image-preview":"max-image-preview:large","max-video-preview":"max-video-preview:-1"},"og_locale":"it_IT","og_type":"article","og_title":"Contro i droni \"selvaggi\" arrivano le aquile","og_description":"la polizia olandese ha dichiarato a chi utilizza i droni in zone non autorizzate","og_url":"https:\/\/staging.varesenews.it\/2016\/02\/contro-i-droni-selvaggi-arrivano-le-aquile\/481405\/","og_site_name":"VareseNews","article_publisher":"https:\/\/www.facebook.com\/varesenews","article_published_time":"2016-02-02T09:53:44+00:00","article_modified_time":"2016-02-02T10:41:31+00:00","author":"Redazione VareseNews","twitter_card":"summary_large_image","twitter_creator":"@varesenews","twitter_site":"@varesenews","twitter_misc":{"Scritto da":"Redazione VareseNews","Tempo di lettura stimato":"1 minuto"},"schema":{"@context":"https:\/\/schema.org","@graph":[{"@type":"WebPage","@id":"https:\/\/staging.varesenews.it\/2016\/02\/contro-i-droni-selvaggi-arrivano-le-aquile\/481405\/","url":"https:\/\/staging.varesenews.it\/2016\/02\/contro-i-droni-selvaggi-arrivano-le-aquile\/481405\/","name":"Contro i droni \"selvaggi\" arrivano le aquile","isPartOf":{"@id":"https:\/\/staging.varesenews.it\/#website"},"datePublished":"2016-02-02T09:53:44+00:00","dateModified":"2016-02-02T10:41:31+00:00","author":{"@id":"https:\/\/staging.varesenews.it\/#\/schema\/person\/fb20c4da0b7b16c291707a20db73e169"},"description":"la polizia olandese ha dichiarato a chi utilizza i droni in zone non autorizzate","breadcrumb":{"@id":"https:\/\/staging.varesenews.it\/2016\/02\/contro-i-droni-selvaggi-arrivano-le-aquile\/481405\/#breadcrumb"},"inLanguage":"it-IT","potentialAction":[{"@type":"ReadAction","target":["https:\/\/staging.varesenews.it\/2016\/02\/contro-i-droni-selvaggi-arrivano-le-aquile\/481405\/"]}]},{"@type":"BreadcrumbList","@id":"https:\/\/staging.varesenews.it\/2016\/02\/contro-i-droni-selvaggi-arrivano-le-aquile\/481405\/#breadcrumb","itemListElement":[{"@type":"ListItem","position":1,"name":"Home","item":"https:\/\/www.varesenews.it\/"},{"@type":"ListItem","position":2,"name":"Contro i droni &#8220;selvaggi&#8221; arrivano le aquile"}]},{"@type":"WebSite","@id":"https:\/\/staging.varesenews.it\/#website","url":"https:\/\/staging.varesenews.it\/","name":"VareseNews","description":"","potentialAction":[{"@type":"SearchAction","target":{"@type":"EntryPoint","urlTemplate":"https:\/\/staging.varesenews.it\/?s={search_term_string}"},"query-input":"required name=search_term_string"}],"inLanguage":"it-IT"},{"@type":"Person","@id":"https:\/\/staging.varesenews.it\/#\/schema\/person\/fb20c4da0b7b16c291707a20db73e169","name":"Redazione VareseNews","image":{"@type":"ImageObject","inLanguage":"it-IT","@id":"https:\/\/staging.varesenews.it\/#\/schema\/person\/image\/","url":"https:\/\/staging.varesenews.it\/wp-content\/uploads\/2020\/12\/logo_VN_colori_500.png","contentUrl":"https:\/\/staging.varesenews.it\/wp-content\/uploads\/2020\/12\/logo_VN_colori_500.png","caption":"Redazione VareseNews"},"url":"https:\/\/staging.varesenews.it\/persona\/redazione1\/"}]}},"post_meta":{"_edit_lock":"1454410610:49","_edit_last":"49","_category_permalink":"","wdfb_og_title":"","wdfb_og_type":"","wdfb_og_description":"","wdfb_og_images":"a:1:{i:0;s:0:\"\";}","wdfb_og_custom_name":"a:1:{i:0;s:0:\"\";}","wdfb_og_custom_value":"a:1:{i:0;s:0:\"\";}","_jd_twitter":"","_jd_tweet_this":"yes","argomento":"Scienza e tecnologia","foto":"511017","_yoast_wpseo_metadesc":"la polizia olandese ha dichiarato a chi utilizza i droni in zone non autorizzate","ratings_users":"0","ratings_score":"0","ratings_average":"0","_wpt_short_url":"http:\/\/www.varesenews.it\/2016\/02\/contro-i-droni-selvaggi-arrivano-le-aquile\/481405\/","_wp_jd_target":"http:\/\/www.varesenews.it\/2016\/02\/contro-i-droni-selvaggi-arrivano-le-aquile\/481405\/","_jd_wp_twitter":"a:1:{i:0;s:152:\"Contro i droni \"selvaggi\" arrivano le aquile http:\/\/www.varesenews.it\/2016\/02\/contro-i-droni-selvaggi-arrivano-le-aquile\/481405\/ #amazon #aquila #olanda\";}","_wpt_status_message":"Tweet inviato con successo."},"photos":[{"original":"https:\/\/staging.varesenews.it\/photogallery_new\/images\/2016\/02\/varie-511017.jpg","full":"https:\/\/staging.varesenews.it\/photogallery_new\/images\/2016\/02\/varie-511017.1024x768.jpg","large":"https:\/\/staging.varesenews.it\/photogallery_new\/images\/2016\/02\/varie-511017.610x431.jpg"}],"_links":{"self":[{"href":"https:\/\/staging.varesenews.it\/swgapi\/v1\/wp\/v2\/posts\/481405"}],"collection":[{"href":"https:\/\/staging.varesenews.it\/swgapi\/v1\/wp\/v2\/posts"}],"about":[{"href":"https:\/\/staging.varesenews.it\/swgapi\/v1\/wp\/v2\/types\/post"}],"author":[{"embeddable":true,"href":"https:\/\/staging.varesenews.it\/swgapi\/v1\/wp\/v2\/users\/10"}],"replies":[{"embeddable":true,"href":"https:\/\/staging.varesenews.it\/swgapi\/v1\/wp\/v2\/comments?post=481405"}],"version-history":[{"count":0,"href":"https:\/\/staging.varesenews.it\/swgapi\/v1\/wp\/v2\/posts\/481405\/revisions"}],"wp:attachment":[{"href":"https:\/\/staging.varesenews.it\/swgapi\/v1\/wp\/v2\/media?parent=481405"}],"wp:term":[{"taxonomy":"category","embeddable":true,"href":"https:\/\/staging.varesenews.it\/swgapi\/v1\/wp\/v2\/categories?post=481405"},{"taxonomy":"post_tag","embeddable":true,"href":"https:\/\/staging.varesenews.it\/swgapi\/v1\/wp\/v2\/tags?post=481405"}],"curies":[{"name":"wp","href":"https:\/\/api.w.org\/{rel}","templated":true}]}}