{"id":482183,"date":"2016-02-03T15:47:34","date_gmt":"2016-02-03T14:47:34","guid":{"rendered":"http:\/\/www.varesenews.it\/?p=482183"},"modified":"2016-02-03T15:47:34","modified_gmt":"2016-02-03T14:47:34","slug":"il-carnevale-sommese-si-prepara-a-compiere-dieci-anni","status":"publish","type":"post","link":"https:\/\/staging.varesenews.it\/2016\/02\/il-carnevale-sommese-si-prepara-a-compiere-dieci-anni\/482183\/","title":{"rendered":"Il carnevale sommese si prepara a compiere dieci anni"},"content":{"rendered":"<p><span style=\"font-weight: 400;\">A Somma Lombardo sono determinati a fare le cose in grande per il <strong>carnevale di quest\u2019anno<\/strong>, come si conviene ad un <strong>anniversario decennale<\/strong>. In occasione della sfilata prevista per<strong> sabato 13 febbraio<\/strong> tutte le associazioni sono al lavoro per farsi trovare al meglio.<\/span><\/p>\n<p><span style=\"font-weight: 400;\">La storia del carnevale sommese \u00e8 <strong>cominciata 10 anni fa<\/strong>, con una sfilata di 5 carri che negli anni sono cresciuti fino alle<strong> 16 formazioni attese nell\u2019edizione 2016<\/strong>. Si tratta di un\u2019organizzazione ormai consolidata, definita in un tavolo della associazioni, circa 18 sono quelle che si sono messe all\u2019opere, e poi diretta da un comitato che quest\u2019anno ha visto in campo la Pro Loco, Pro Somma e lo Sci Club 88. <\/span><\/p>\n<p><span style=\"font-weight: 400;\">Quest\u2019anno, a coronare l\u2019organizzazione della sfilata,<strong> ci saranno in campo anche i commercianti sommesi<\/strong> che dalle 18.30, in sala polivalente, animeranno il tardo pomeriggio grazie alla partecipazione di <strong>Rudy Neri<\/strong>, famoso artista sommese gi\u00e0 partecipe delle edizioni del \u201894 e \u201895 del festival di Sanremo. <\/span><\/p>\n<p><span style=\"font-weight: 400;\">La sfilata prender\u00e0 il via<strong> da piazza Veneto alle 14 di sabato 13 febbraio<\/strong> e si snoder\u00e0 lungo le vie della citt\u00e0 fino alla piazza del mercato dove saranno consegnate le chiavi della citt\u00e0 alle<strong> maschere sommesi Giuvanin e Rosina<\/strong> e allestito lo stand gastronomico.\u00a0<\/span>Il titolo di miglior carro va strappato all\u2019ultimo vincitore,il caro della scudera Il castello di Golasecca.<\/p>\n<p><strong><span style=\"font-weight: 400;\">Alle 18.30 la festa continua poi nella sala polivalente della biblioteca comunale con Rudy Neri.<\/span><\/strong><\/p>\n","protected":false},"excerpt":{"rendered":"<p>La sfilata prender\u00e0 il via da piazza Veneto alle 14 di sabato 13 febbraio e si snoder\u00e0 lungo le vie della citt\u00e0 fino alla piazza del mercato dove saranno consegnate le chiavi della citt\u00e0 alle maschere sommesi Giuvanin e Rosina <\/p>\n","protected":false},"author":52,"featured_media":0,"comment_status":"open","ping_status":"open","sticky":false,"template":"","format":"standard","meta":{"footnotes":""},"categories":[3,21],"tags":[56393],"acf":[],"yoast_head":"<!-- This site is optimized with the Yoast SEO plugin v20.1 - https:\/\/yoast.com\/wordpress\/plugins\/seo\/ -->\n<title>Il carnevale sommese si prepara a compiere dieci anni<\/title>\n<meta name=\"description\" content=\"La sfilata prender\u00e0 il via da piazza Veneto alle 14 di sabato 13 febbraio e si snoder\u00e0 lungo le vie della citt\u00e0 fino alla piazza del mercato dove saranno consegnate le chiavi della citt\u00e0 alle maschere sommesi Giuvanin e Rosina\" \/>\n<meta name=\"robots\" content=\"noindex, follow, max-snippet:-1, max-image-preview:large, max-video-preview:-1\" \/>\n<meta property=\"og:locale\" content=\"it_IT\" \/>\n<meta property=\"og:type\" content=\"article\" \/>\n<meta property=\"og:title\" content=\"Il carnevale sommese si prepara a compiere dieci anni\" \/>\n<meta property=\"og:description\" content=\"La sfilata prender\u00e0 il via da piazza Veneto alle 14 di sabato 13 febbraio e si snoder\u00e0 lungo le vie della citt\u00e0 fino alla piazza del mercato dove saranno consegnate le chiavi della citt\u00e0 alle maschere sommesi Giuvanin e Rosina\" \/>\n<meta property=\"og:url\" content=\"https:\/\/staging.varesenews.it\/2016\/02\/il-carnevale-sommese-si-prepara-a-compiere-dieci-anni\/482183\/\" \/>\n<meta property=\"og:site_name\" content=\"VareseNews\" \/>\n<meta property=\"article:publisher\" content=\"https:\/\/www.facebook.com\/varesenews\" \/>\n<meta property=\"article:published_time\" content=\"2016-02-03T14:47:34+00:00\" \/>\n<meta name=\"author\" content=\"Tomaso Bassani\" \/>\n<meta name=\"twitter:card\" content=\"summary_large_image\" \/>\n<meta name=\"twitter:creator\" content=\"@varesenews\" \/>\n<meta name=\"twitter:site\" content=\"@varesenews\" \/>\n<meta name=\"twitter:label1\" content=\"Scritto da\" \/>\n\t<meta name=\"twitter:data1\" content=\"Tomaso Bassani\" \/>\n\t<meta name=\"twitter:label2\" content=\"Tempo di lettura stimato\" \/>\n\t<meta name=\"twitter:data2\" content=\"1 minuto\" \/>\n<script type=\"application\/ld+json\" class=\"yoast-schema-graph\">{\"@context\":\"https:\/\/schema.org\",\"@graph\":[{\"@type\":\"WebPage\",\"@id\":\"https:\/\/staging.varesenews.it\/2016\/02\/il-carnevale-sommese-si-prepara-a-compiere-dieci-anni\/482183\/\",\"url\":\"https:\/\/staging.varesenews.it\/2016\/02\/il-carnevale-sommese-si-prepara-a-compiere-dieci-anni\/482183\/\",\"name\":\"Il carnevale sommese si prepara a compiere dieci anni\",\"isPartOf\":{\"@id\":\"https:\/\/staging.varesenews.it\/#website\"},\"datePublished\":\"2016-02-03T14:47:34+00:00\",\"dateModified\":\"2016-02-03T14:47:34+00:00\",\"author\":{\"@id\":\"https:\/\/staging.varesenews.it\/#\/schema\/person\/f8cc543029c96c954a35c042e01892bb\"},\"description\":\"La sfilata prender\u00e0 il via da piazza Veneto alle 14 di sabato 13 febbraio e si snoder\u00e0 lungo le vie della citt\u00e0 fino alla piazza del mercato dove saranno consegnate le chiavi della citt\u00e0 alle maschere sommesi Giuvanin e Rosina\",\"breadcrumb\":{\"@id\":\"https:\/\/staging.varesenews.it\/2016\/02\/il-carnevale-sommese-si-prepara-a-compiere-dieci-anni\/482183\/#breadcrumb\"},\"inLanguage\":\"it-IT\",\"potentialAction\":[{\"@type\":\"ReadAction\",\"target\":[\"https:\/\/staging.varesenews.it\/2016\/02\/il-carnevale-sommese-si-prepara-a-compiere-dieci-anni\/482183\/\"]}]},{\"@type\":\"BreadcrumbList\",\"@id\":\"https:\/\/staging.varesenews.it\/2016\/02\/il-carnevale-sommese-si-prepara-a-compiere-dieci-anni\/482183\/#breadcrumb\",\"itemListElement\":[{\"@type\":\"ListItem\",\"position\":1,\"name\":\"Home\",\"item\":\"https:\/\/www.varesenews.it\/\"},{\"@type\":\"ListItem\",\"position\":2,\"name\":\"Il carnevale sommese si prepara a compiere dieci anni\"}]},{\"@type\":\"WebSite\",\"@id\":\"https:\/\/staging.varesenews.it\/#website\",\"url\":\"https:\/\/staging.varesenews.it\/\",\"name\":\"VareseNews\",\"description\":\"\",\"potentialAction\":[{\"@type\":\"SearchAction\",\"target\":{\"@type\":\"EntryPoint\",\"urlTemplate\":\"https:\/\/staging.varesenews.it\/?s={search_term_string}\"},\"query-input\":\"required name=search_term_string\"}],\"inLanguage\":\"it-IT\"},{\"@type\":\"Person\",\"@id\":\"https:\/\/staging.varesenews.it\/#\/schema\/person\/f8cc543029c96c954a35c042e01892bb\",\"name\":\"Tomaso Bassani\",\"image\":{\"@type\":\"ImageObject\",\"inLanguage\":\"it-IT\",\"@id\":\"https:\/\/staging.varesenews.it\/#\/schema\/person\/image\/\",\"url\":\"https:\/\/staging.varesenews.it\/wp-content\/uploads\/2020\/12\/tomaso_bassani_colori_500.jpg\",\"contentUrl\":\"https:\/\/staging.varesenews.it\/wp-content\/uploads\/2020\/12\/tomaso_bassani_colori_500.jpg\",\"caption\":\"Tomaso Bassani\"},\"description\":\"Sono nato nel 1988 e questo ha fatto s&igrave; che la mia vita sia coincisa con l'epoca di pi&ugrave; grande e veloce cambiamento della storia. Sono giornalista e caporedattore di Varesenews. Ho un master in data analysis, una laurea in storia e una formazione superiore commerciale. Sono cresciuto tra scout, tavola a rotelle, impegno associativo (in quella grande esperienza giovanile che &egrave; stato l&rsquo;Albizzate Valley Festival) e cooperativo (Circolo The Family di Albizzate). Per passione mi occupo di dati, videomaking, fotografia, scrittura e web. Per lavoro anche.&nbsp;\",\"sameAs\":[\"tomasobassani\",\"https:\/\/www.linkedin.com\/profile\/view?id=102759293&trk=nav_responsive_tab_profile\"],\"url\":\"https:\/\/staging.varesenews.it\/persona\/tomaso-bassani\/\"}]}<\/script>\n<!-- \/ Yoast SEO plugin. -->","yoast_head_json":{"title":"Il carnevale sommese si prepara a compiere dieci anni","description":"La sfilata prender\u00e0 il via da piazza Veneto alle 14 di sabato 13 febbraio e si snoder\u00e0 lungo le vie della citt\u00e0 fino alla piazza del mercato dove saranno consegnate le chiavi della citt\u00e0 alle maschere sommesi Giuvanin e Rosina","robots":{"index":"noindex","follow":"follow","max-snippet":"max-snippet:-1","max-image-preview":"max-image-preview:large","max-video-preview":"max-video-preview:-1"},"og_locale":"it_IT","og_type":"article","og_title":"Il carnevale sommese si prepara a compiere dieci anni","og_description":"La sfilata prender\u00e0 il via da piazza Veneto alle 14 di sabato 13 febbraio e si snoder\u00e0 lungo le vie della citt\u00e0 fino alla piazza del mercato dove saranno consegnate le chiavi della citt\u00e0 alle maschere sommesi Giuvanin e Rosina","og_url":"https:\/\/staging.varesenews.it\/2016\/02\/il-carnevale-sommese-si-prepara-a-compiere-dieci-anni\/482183\/","og_site_name":"VareseNews","article_publisher":"https:\/\/www.facebook.com\/varesenews","article_published_time":"2016-02-03T14:47:34+00:00","author":"Tomaso Bassani","twitter_card":"summary_large_image","twitter_creator":"@varesenews","twitter_site":"@varesenews","twitter_misc":{"Scritto da":"Tomaso Bassani","Tempo di lettura stimato":"1 minuto"},"schema":{"@context":"https:\/\/schema.org","@graph":[{"@type":"WebPage","@id":"https:\/\/staging.varesenews.it\/2016\/02\/il-carnevale-sommese-si-prepara-a-compiere-dieci-anni\/482183\/","url":"https:\/\/staging.varesenews.it\/2016\/02\/il-carnevale-sommese-si-prepara-a-compiere-dieci-anni\/482183\/","name":"Il carnevale sommese si prepara a compiere dieci anni","isPartOf":{"@id":"https:\/\/staging.varesenews.it\/#website"},"datePublished":"2016-02-03T14:47:34+00:00","dateModified":"2016-02-03T14:47:34+00:00","author":{"@id":"https:\/\/staging.varesenews.it\/#\/schema\/person\/f8cc543029c96c954a35c042e01892bb"},"description":"La sfilata prender\u00e0 il via da piazza Veneto alle 14 di sabato 13 febbraio e si snoder\u00e0 lungo le vie della citt\u00e0 fino alla piazza del mercato dove saranno consegnate le chiavi della citt\u00e0 alle maschere sommesi Giuvanin e Rosina","breadcrumb":{"@id":"https:\/\/staging.varesenews.it\/2016\/02\/il-carnevale-sommese-si-prepara-a-compiere-dieci-anni\/482183\/#breadcrumb"},"inLanguage":"it-IT","potentialAction":[{"@type":"ReadAction","target":["https:\/\/staging.varesenews.it\/2016\/02\/il-carnevale-sommese-si-prepara-a-compiere-dieci-anni\/482183\/"]}]},{"@type":"BreadcrumbList","@id":"https:\/\/staging.varesenews.it\/2016\/02\/il-carnevale-sommese-si-prepara-a-compiere-dieci-anni\/482183\/#breadcrumb","itemListElement":[{"@type":"ListItem","position":1,"name":"Home","item":"https:\/\/www.varesenews.it\/"},{"@type":"ListItem","position":2,"name":"Il carnevale sommese si prepara a compiere dieci anni"}]},{"@type":"WebSite","@id":"https:\/\/staging.varesenews.it\/#website","url":"https:\/\/staging.varesenews.it\/","name":"VareseNews","description":"","potentialAction":[{"@type":"SearchAction","target":{"@type":"EntryPoint","urlTemplate":"https:\/\/staging.varesenews.it\/?s={search_term_string}"},"query-input":"required name=search_term_string"}],"inLanguage":"it-IT"},{"@type":"Person","@id":"https:\/\/staging.varesenews.it\/#\/schema\/person\/f8cc543029c96c954a35c042e01892bb","name":"Tomaso Bassani","image":{"@type":"ImageObject","inLanguage":"it-IT","@id":"https:\/\/staging.varesenews.it\/#\/schema\/person\/image\/","url":"https:\/\/staging.varesenews.it\/wp-content\/uploads\/2020\/12\/tomaso_bassani_colori_500.jpg","contentUrl":"https:\/\/staging.varesenews.it\/wp-content\/uploads\/2020\/12\/tomaso_bassani_colori_500.jpg","caption":"Tomaso Bassani"},"description":"Sono nato nel 1988 e questo ha fatto s&igrave; che la mia vita sia coincisa con l'epoca di pi&ugrave; grande e veloce cambiamento della storia. Sono giornalista e caporedattore di Varesenews. Ho un master in data analysis, una laurea in storia e una formazione superiore commerciale. Sono cresciuto tra scout, tavola a rotelle, impegno associativo (in quella grande esperienza giovanile che &egrave; stato l&rsquo;Albizzate Valley Festival) e cooperativo (Circolo The Family di Albizzate). Per passione mi occupo di dati, videomaking, fotografia, scrittura e web. Per lavoro anche.&nbsp;","sameAs":["tomasobassani","https:\/\/www.linkedin.com\/profile\/view?id=102759293&trk=nav_responsive_tab_profile"],"url":"https:\/\/staging.varesenews.it\/persona\/tomaso-bassani\/"}]}},"post_meta":{"_oembed_b31ebf576a00c9793edf9e2e8d70543b":"{{unknown}}","_edit_lock":"1454515486:52","_edit_last":"52","_category_permalink":"","wdfb_og_title":"","wdfb_og_type":"","wdfb_og_description":"","wdfb_og_images":"a:1:{i:0;s:0:\"\";}","wdfb_og_custom_name":"a:1:{i:0;s:0:\"\";}","wdfb_og_custom_value":"a:1:{i:0;s:0:\"\";}","foto":"7384","firma_come_redazione":"1","argomento":"Somma Lombardo","_jd_twitter":"","_jd_tweet_this":"yes","ratings_users":"0","ratings_score":"0","ratings_average":"0","_wpt_short_url":"http:\/\/www.varesenews.it\/2016\/02\/il-carnevale-sommese-si-prepara-a-compiere-dieci-anni\/482183\/","_wp_jd_target":"http:\/\/www.varesenews.it\/2016\/02\/il-carnevale-sommese-si-prepara-a-compiere-dieci-anni\/482183\/","_jd_wp_twitter":"a:1:{i:0;s:163:\"Il carnevale sommese si prepara a compiere dieci anni http:\/\/www.varesenews.it\/2016\/02\/il-carnevale-sommese-si-prepara-a-compiere-dieci-anni\/482183\/ #carnevale2016\";}","_wpt_status_message":"Tweet inviato con successo."},"photos":[{"original":"https:\/\/staging.varesenews.it\/photogallery_new\/images\/2014\/03\/il-carnevale-di-somma-lombardo-inserita-in-galleria-7384.jpg","full":"https:\/\/staging.varesenews.it\/photogallery_new\/images\/2014\/03\/il-carnevale-di-somma-lombardo-inserita-in-galleria-7384.1024x768.jpg","large":"https:\/\/staging.varesenews.it\/photogallery_new\/images\/2014\/03\/il-carnevale-di-somma-lombardo-inserita-in-galleria-7384.610x431.jpg"}],"_links":{"self":[{"href":"https:\/\/staging.varesenews.it\/swgapi\/v1\/wp\/v2\/posts\/482183"}],"collection":[{"href":"https:\/\/staging.varesenews.it\/swgapi\/v1\/wp\/v2\/posts"}],"about":[{"href":"https:\/\/staging.varesenews.it\/swgapi\/v1\/wp\/v2\/types\/post"}],"author":[{"embeddable":true,"href":"https:\/\/staging.varesenews.it\/swgapi\/v1\/wp\/v2\/users\/52"}],"replies":[{"embeddable":true,"href":"https:\/\/staging.varesenews.it\/swgapi\/v1\/wp\/v2\/comments?post=482183"}],"version-history":[{"count":0,"href":"https:\/\/staging.varesenews.it\/swgapi\/v1\/wp\/v2\/posts\/482183\/revisions"}],"wp:attachment":[{"href":"https:\/\/staging.varesenews.it\/swgapi\/v1\/wp\/v2\/media?parent=482183"}],"wp:term":[{"taxonomy":"category","embeddable":true,"href":"https:\/\/staging.varesenews.it\/swgapi\/v1\/wp\/v2\/categories?post=482183"},{"taxonomy":"post_tag","embeddable":true,"href":"https:\/\/staging.varesenews.it\/swgapi\/v1\/wp\/v2\/tags?post=482183"}],"curies":[{"name":"wp","href":"https:\/\/api.w.org\/{rel}","templated":true}]}}