{"id":482410,"date":"2016-02-04T09:55:57","date_gmt":"2016-02-04T08:55:57","guid":{"rendered":"http:\/\/www.varesenews.it\/?p=482410"},"modified":"2016-02-04T09:55:57","modified_gmt":"2016-02-04T08:55:57","slug":"una-conferenza-sulla-nato-e-il-suo-futuro","status":"publish","type":"post","link":"https:\/\/staging.varesenews.it\/2016\/02\/una-conferenza-sulla-nato-e-il-suo-futuro\/482410\/","title":{"rendered":"Una conferenza sulla Nato e il suo futuro"},"content":{"rendered":"<p>Luned\u00ec 8 Febbraio alle ore 18 presso l\u2019Aula Magna dell\u2019Istituto Universitario Carolina Albasio l\u2019Associazione Amici Valle Olona Caserma \u201cUgo Mara\u201d, in\u00a0 collaborazione con l\u2019Associazione\u00a0 Nazionale Alpini, la Pro Loco di Castellanza, l\u2019Ecomuseo della Valle Olona e il patrocino della Citt\u00e0 di Castellanza, propone la conferenza \u201c<strong>L\u2019evoluzione della NATO\u00a0 e prospettive future<\/strong>\u201d.<\/p>\n<p>La NATO (Organizzazione del Trattato dell\u2019Atlantico del Nord) \u00e8 un\u2019organizzazione internazionale di collaborazione alla difesa nel 1949, quando, al termine della Seconda Guerra Mondiale, alcuni paesi dell\u2019Europa Occidentale, Stati Uniti e Canada sentirono messa in pericolo la pace e la loro sicurezza da parte dell\u2019Unione Sovietica e dei suoi paesi satellite. Il patto allora sottoscritto costituiva un\u2019alleanza di fronte ad eventuali attacchi armati della controparte che diede vita al Trattato di Varsavia.<\/p>\n<p>Della NATO, che ha sede a Bruxelles, attualmente fanno parte 28 stati guidati dal segretario generale, il norvegese Jens Stoltenberg. L\u2019Italia fu tra i paesi che diedero vita alla NATA e ha partecipato a tutte le fasi che questa organizzazione ha attraversato nel corso della sua esistenza. Dal 1991, con la caduta del muro di Berlino (1989) e \u00a0 la fine del Patto Atlantico, la NATO ha adattato i suoi principi generali alle mutate condizioni dello scenario geopolitico internazionale: pur restando un\u2019organizzazione militare, la NATO \u00e8 intervenuta nelle situazioni di crisi globale come nel 1999 quando la NATO intervenne in Kosovo in soccorso delle popolazioni Kosovare oggetto di pulizia etnica da parte serba.<\/p>\n<p>Nella conferenza di Luned\u00ec 8 febbraio si discuter\u00e0 di come questa organizzazione si \u00e8 evoluta nel corso del tempo e quali sono le prospettive di sviluppo futuro.<\/p>\n<p>Moderatore della serata Col. <strong>Saverio Scarinci<\/strong>.<\/p>\n<p>Ingresso libero.<\/p>\n","protected":false},"excerpt":{"rendered":"<p>L&#8217;appuntamento \u00e8 per luned\u00ec 8 Febbraio alle ore 18 presso l\u2019Aula Magna dell\u2019Istituto Universitario Carolina Albasio <\/p>\n","protected":false},"author":43,"featured_media":0,"comment_status":"open","ping_status":"open","sticky":false,"template":"","format":"standard","meta":{"footnotes":""},"categories":[4],"tags":[41341,5973,37],"acf":[],"yoast_head":"<!-- This site is optimized with the Yoast SEO plugin v20.1 - https:\/\/yoast.com\/wordpress\/plugins\/seo\/ -->\n<title>Una conferenza sulla Nato e il suo futuro<\/title>\n<meta name=\"description\" content=\"L&#039;appuntamento \u00e8 per luned\u00ec 8 Febbraio alle ore 18 presso l\u2019Aula Magna dell\u2019Istituto Universitario Carolina Albasio\" \/>\n<meta name=\"robots\" content=\"noindex, follow, max-snippet:-1, max-image-preview:large, max-video-preview:-1\" \/>\n<meta property=\"og:locale\" content=\"it_IT\" \/>\n<meta property=\"og:type\" content=\"article\" \/>\n<meta property=\"og:title\" content=\"Una conferenza sulla Nato e il suo futuro\" \/>\n<meta property=\"og:description\" content=\"L&#039;appuntamento \u00e8 per luned\u00ec 8 Febbraio alle ore 18 presso l\u2019Aula Magna dell\u2019Istituto Universitario Carolina Albasio\" \/>\n<meta property=\"og:url\" content=\"https:\/\/staging.varesenews.it\/2016\/02\/una-conferenza-sulla-nato-e-il-suo-futuro\/482410\/\" \/>\n<meta property=\"og:site_name\" content=\"VareseNews\" \/>\n<meta property=\"article:publisher\" content=\"https:\/\/www.facebook.com\/varesenews\" \/>\n<meta property=\"article:author\" content=\"https:\/\/www.facebook.com\/mariacarla.cebrelli\" \/>\n<meta property=\"article:published_time\" content=\"2016-02-04T08:55:57+00:00\" \/>\n<meta name=\"author\" content=\"Maria Carla Cebrelli\" \/>\n<meta name=\"twitter:card\" content=\"summary_large_image\" \/>\n<meta name=\"twitter:creator\" content=\"@pikapiketti\" \/>\n<meta name=\"twitter:site\" content=\"@varesenews\" \/>\n<meta name=\"twitter:label1\" content=\"Scritto da\" \/>\n\t<meta name=\"twitter:data1\" content=\"Maria Carla Cebrelli\" \/>\n\t<meta name=\"twitter:label2\" content=\"Tempo di lettura stimato\" \/>\n\t<meta name=\"twitter:data2\" content=\"1 minuto\" \/>\n<script type=\"application\/ld+json\" class=\"yoast-schema-graph\">{\"@context\":\"https:\/\/schema.org\",\"@graph\":[{\"@type\":\"WebPage\",\"@id\":\"https:\/\/staging.varesenews.it\/2016\/02\/una-conferenza-sulla-nato-e-il-suo-futuro\/482410\/\",\"url\":\"https:\/\/staging.varesenews.it\/2016\/02\/una-conferenza-sulla-nato-e-il-suo-futuro\/482410\/\",\"name\":\"Una conferenza sulla Nato e il suo futuro\",\"isPartOf\":{\"@id\":\"https:\/\/staging.varesenews.it\/#website\"},\"datePublished\":\"2016-02-04T08:55:57+00:00\",\"dateModified\":\"2016-02-04T08:55:57+00:00\",\"author\":{\"@id\":\"https:\/\/staging.varesenews.it\/#\/schema\/person\/5bf790e99d7ec50061119cc825c454de\"},\"description\":\"L'appuntamento \u00e8 per luned\u00ec 8 Febbraio alle ore 18 presso l\u2019Aula Magna dell\u2019Istituto Universitario Carolina Albasio\",\"breadcrumb\":{\"@id\":\"https:\/\/staging.varesenews.it\/2016\/02\/una-conferenza-sulla-nato-e-il-suo-futuro\/482410\/#breadcrumb\"},\"inLanguage\":\"it-IT\",\"potentialAction\":[{\"@type\":\"ReadAction\",\"target\":[\"https:\/\/staging.varesenews.it\/2016\/02\/una-conferenza-sulla-nato-e-il-suo-futuro\/482410\/\"]}]},{\"@type\":\"BreadcrumbList\",\"@id\":\"https:\/\/staging.varesenews.it\/2016\/02\/una-conferenza-sulla-nato-e-il-suo-futuro\/482410\/#breadcrumb\",\"itemListElement\":[{\"@type\":\"ListItem\",\"position\":1,\"name\":\"Home\",\"item\":\"https:\/\/www.varesenews.it\/\"},{\"@type\":\"ListItem\",\"position\":2,\"name\":\"Una conferenza sulla Nato e il suo futuro\"}]},{\"@type\":\"WebSite\",\"@id\":\"https:\/\/staging.varesenews.it\/#website\",\"url\":\"https:\/\/staging.varesenews.it\/\",\"name\":\"VareseNews\",\"description\":\"\",\"potentialAction\":[{\"@type\":\"SearchAction\",\"target\":{\"@type\":\"EntryPoint\",\"urlTemplate\":\"https:\/\/staging.varesenews.it\/?s={search_term_string}\"},\"query-input\":\"required name=search_term_string\"}],\"inLanguage\":\"it-IT\"},{\"@type\":\"Person\",\"@id\":\"https:\/\/staging.varesenews.it\/#\/schema\/person\/5bf790e99d7ec50061119cc825c454de\",\"name\":\"Maria Carla Cebrelli\",\"image\":{\"@type\":\"ImageObject\",\"inLanguage\":\"it-IT\",\"@id\":\"https:\/\/staging.varesenews.it\/#\/schema\/person\/image\/\",\"url\":\"https:\/\/staging.varesenews.it\/wp-content\/uploads\/2020\/12\/mariacarla_cebrelli_colori_500-1.jpg\",\"contentUrl\":\"https:\/\/staging.varesenews.it\/wp-content\/uploads\/2020\/12\/mariacarla_cebrelli_colori_500-1.jpg\",\"caption\":\"Maria Carla Cebrelli\"},\"description\":\"Economista di formazione, giornalista per passione. A VareseNews dal 2005, mi sono occupata negli anni di universit&agrave;, tematiche di confine, news locali e comunicazione nel settore sociale. Attualmente sono responsabile di VerbanoNews, del canale di VareseNews dedicato al Turismo e seguo i social dell'area business.\",\"sameAs\":[\"https:\/\/www.facebook.com\/mariacarla.cebrelli\",\"pikapiketti\",\"https:\/\/twitter.com\/pikapiketti\"],\"url\":\"https:\/\/staging.varesenews.it\/persona\/mariacarla-cebrelli1\/\"}]}<\/script>\n<!-- \/ Yoast SEO plugin. -->","yoast_head_json":{"title":"Una conferenza sulla Nato e il suo futuro","description":"L'appuntamento \u00e8 per luned\u00ec 8 Febbraio alle ore 18 presso l\u2019Aula Magna dell\u2019Istituto Universitario Carolina Albasio","robots":{"index":"noindex","follow":"follow","max-snippet":"max-snippet:-1","max-image-preview":"max-image-preview:large","max-video-preview":"max-video-preview:-1"},"og_locale":"it_IT","og_type":"article","og_title":"Una conferenza sulla Nato e il suo futuro","og_description":"L'appuntamento \u00e8 per luned\u00ec 8 Febbraio alle ore 18 presso l\u2019Aula Magna dell\u2019Istituto Universitario Carolina Albasio","og_url":"https:\/\/staging.varesenews.it\/2016\/02\/una-conferenza-sulla-nato-e-il-suo-futuro\/482410\/","og_site_name":"VareseNews","article_publisher":"https:\/\/www.facebook.com\/varesenews","article_author":"https:\/\/www.facebook.com\/mariacarla.cebrelli","article_published_time":"2016-02-04T08:55:57+00:00","author":"Maria Carla Cebrelli","twitter_card":"summary_large_image","twitter_creator":"@pikapiketti","twitter_site":"@varesenews","twitter_misc":{"Scritto da":"Maria Carla Cebrelli","Tempo di lettura stimato":"1 minuto"},"schema":{"@context":"https:\/\/schema.org","@graph":[{"@type":"WebPage","@id":"https:\/\/staging.varesenews.it\/2016\/02\/una-conferenza-sulla-nato-e-il-suo-futuro\/482410\/","url":"https:\/\/staging.varesenews.it\/2016\/02\/una-conferenza-sulla-nato-e-il-suo-futuro\/482410\/","name":"Una conferenza sulla Nato e il suo futuro","isPartOf":{"@id":"https:\/\/staging.varesenews.it\/#website"},"datePublished":"2016-02-04T08:55:57+00:00","dateModified":"2016-02-04T08:55:57+00:00","author":{"@id":"https:\/\/staging.varesenews.it\/#\/schema\/person\/5bf790e99d7ec50061119cc825c454de"},"description":"L'appuntamento \u00e8 per luned\u00ec 8 Febbraio alle ore 18 presso l\u2019Aula Magna dell\u2019Istituto Universitario Carolina Albasio","breadcrumb":{"@id":"https:\/\/staging.varesenews.it\/2016\/02\/una-conferenza-sulla-nato-e-il-suo-futuro\/482410\/#breadcrumb"},"inLanguage":"it-IT","potentialAction":[{"@type":"ReadAction","target":["https:\/\/staging.varesenews.it\/2016\/02\/una-conferenza-sulla-nato-e-il-suo-futuro\/482410\/"]}]},{"@type":"BreadcrumbList","@id":"https:\/\/staging.varesenews.it\/2016\/02\/una-conferenza-sulla-nato-e-il-suo-futuro\/482410\/#breadcrumb","itemListElement":[{"@type":"ListItem","position":1,"name":"Home","item":"https:\/\/www.varesenews.it\/"},{"@type":"ListItem","position":2,"name":"Una conferenza sulla Nato e il suo futuro"}]},{"@type":"WebSite","@id":"https:\/\/staging.varesenews.it\/#website","url":"https:\/\/staging.varesenews.it\/","name":"VareseNews","description":"","potentialAction":[{"@type":"SearchAction","target":{"@type":"EntryPoint","urlTemplate":"https:\/\/staging.varesenews.it\/?s={search_term_string}"},"query-input":"required name=search_term_string"}],"inLanguage":"it-IT"},{"@type":"Person","@id":"https:\/\/staging.varesenews.it\/#\/schema\/person\/5bf790e99d7ec50061119cc825c454de","name":"Maria Carla Cebrelli","image":{"@type":"ImageObject","inLanguage":"it-IT","@id":"https:\/\/staging.varesenews.it\/#\/schema\/person\/image\/","url":"https:\/\/staging.varesenews.it\/wp-content\/uploads\/2020\/12\/mariacarla_cebrelli_colori_500-1.jpg","contentUrl":"https:\/\/staging.varesenews.it\/wp-content\/uploads\/2020\/12\/mariacarla_cebrelli_colori_500-1.jpg","caption":"Maria Carla Cebrelli"},"description":"Economista di formazione, giornalista per passione. A VareseNews dal 2005, mi sono occupata negli anni di universit&agrave;, tematiche di confine, news locali e comunicazione nel settore sociale. Attualmente sono responsabile di VerbanoNews, del canale di VareseNews dedicato al Turismo e seguo i social dell'area business.","sameAs":["https:\/\/www.facebook.com\/mariacarla.cebrelli","pikapiketti","https:\/\/twitter.com\/pikapiketti"],"url":"https:\/\/staging.varesenews.it\/persona\/mariacarla-cebrelli1\/"}]}},"post_meta":{"_edit_lock":"1454579981:1","_edit_last":"43","_category_permalink":"","wdfb_og_title":"","wdfb_og_type":"","wdfb_og_description":"","wdfb_og_images":"a:1:{i:0;s:0:\"\";}","wdfb_og_custom_name":"a:1:{i:0;s:0:\"\";}","wdfb_og_custom_value":"a:1:{i:0;s:0:\"\";}","foto":"2058","firma_come_redazione":"1","argomento":"Castellanza","_jd_twitter":"","_jd_tweet_this":"yes","ratings_users":"0","ratings_score":"0","ratings_average":"0","_wpt_short_url":"http:\/\/www.varesenews.it\/2016\/02\/una-conferenza-sulla-nato-e-il-suo-futuro\/482410\/","_wp_jd_target":"http:\/\/www.varesenews.it\/2016\/02\/una-conferenza-sulla-nato-e-il-suo-futuro\/482410\/","_jd_wp_twitter":"a:1:{i:0;s:155:\"Una conferenza sulla Nato e il suo futuro http:\/\/www.varesenews.it\/2016\/02\/una-conferenza-sulla-nato-e-il-suo-futuro\/482410\/ #castellanza #conferenza #nato\";}","_wpt_status_message":"Tweet inviato con successo."},"photos":[{"original":"https:\/\/staging.varesenews.it\/photogallery_new\/images\/2014\/02\/i-militari-della-nato-celebrati-in-caserma-inserita-in-galle-2058.jpg","full":"https:\/\/staging.varesenews.it\/photogallery_new\/images\/2014\/02\/i-militari-della-nato-celebrati-in-caserma-inserita-in-galle-2058.1024x768.jpg","large":"https:\/\/staging.varesenews.it\/photogallery_new\/images\/2014\/02\/i-militari-della-nato-celebrati-in-caserma-inserita-in-galle-2058.610x431.jpg"}],"_links":{"self":[{"href":"https:\/\/staging.varesenews.it\/swgapi\/v1\/wp\/v2\/posts\/482410"}],"collection":[{"href":"https:\/\/staging.varesenews.it\/swgapi\/v1\/wp\/v2\/posts"}],"about":[{"href":"https:\/\/staging.varesenews.it\/swgapi\/v1\/wp\/v2\/types\/post"}],"author":[{"embeddable":true,"href":"https:\/\/staging.varesenews.it\/swgapi\/v1\/wp\/v2\/users\/43"}],"replies":[{"embeddable":true,"href":"https:\/\/staging.varesenews.it\/swgapi\/v1\/wp\/v2\/comments?post=482410"}],"version-history":[{"count":0,"href":"https:\/\/staging.varesenews.it\/swgapi\/v1\/wp\/v2\/posts\/482410\/revisions"}],"wp:attachment":[{"href":"https:\/\/staging.varesenews.it\/swgapi\/v1\/wp\/v2\/media?parent=482410"}],"wp:term":[{"taxonomy":"category","embeddable":true,"href":"https:\/\/staging.varesenews.it\/swgapi\/v1\/wp\/v2\/categories?post=482410"},{"taxonomy":"post_tag","embeddable":true,"href":"https:\/\/staging.varesenews.it\/swgapi\/v1\/wp\/v2\/tags?post=482410"}],"curies":[{"name":"wp","href":"https:\/\/api.w.org\/{rel}","templated":true}]}}