{"id":483011,"date":"2016-02-05T11:10:47","date_gmt":"2016-02-05T10:10:47","guid":{"rendered":"http:\/\/www.varesenews.it\/?p=483011"},"modified":"2016-02-09T08:43:59","modified_gmt":"2016-02-09T07:43:59","slug":"i-frontalieri-devono-pagare-la-sanita-e-scritto-in-una-norma","status":"publish","type":"post","link":"https:\/\/staging.varesenews.it\/2016\/02\/i-frontalieri-devono-pagare-la-sanita-e-scritto-in-una-norma\/483011\/","title":{"rendered":"&#8220;I frontalieri devono pagare la sanit\u00e0. \u00c8 scritto in una norma&#8221;"},"content":{"rendered":"<p>\u00ab<strong>La norma \u00e8 chiara e non d\u00e0 adito a interpretazioni diverse: i frontalieri devono pagare la sanit\u00e0<\/strong>\u00ab <strong>Paola Lattuada<\/strong> direttore generale dell\u2019<strong>ATS Insubria<\/strong> spiega perch\u00e9 nei distretti della sua azienda i frontalieri si sono visti chiedere l\u2019esborso di una somma che varia tra i 1500 e i 2800 euro per poter usufruire della sanit\u00e0 italiana: \u00ab Dal maggio scorso, quando \u00e8 arrivata la circolare del Ministero &#8211; racconta Paola Lattuada &#8211; <strong>la direzione generale lombarda della sanit\u00e0 ha spiegato cosa dovevamo fare<\/strong>. Noi ci siamo attenuti alle indicazioni.<strong> Altri no, ma sono questioni che non mi riguardano.<\/strong> Dal primo gennaio, comunque, la questione non \u00e8 pi\u00f9 di competenza dell\u2019ATS Insubria ma dell\u2019<strong>ASST Settelaghi<\/strong> che, credo, proseguir\u00e0 con queste indicazioni\u00bb.<\/p>\n<p>La questione \u00e8 \u00a0delicata: <strong>un movimento trasversale che abbraccia Lega Nord, Partito democratico e Cinque Stelle preme perch\u00e9 la Regione intervenga<\/strong> in materia e non penalizzi la categoria dei lavoratori frontalieri, soprattutto ora che si sta discutendo del nuovo accordo tra Stato Italiano e Confederazione Elvetica. <strong>Si attendono ulteriori indicazioni da parte del direttore generale del Welfare Walter Bergamaschi<\/strong>: \u00ab Io, per il momento, ho dato mandato di rispettare quella delibera &#8211; ha chiarito <strong>Callisto Bravi, direttore dell\u2019ASST<\/strong> &#8211; So che ci sono applicazioni differenti in altre aree, ma nella <strong>nostra provincia si proseguir\u00e0 nella politica adottata dall\u2019Asl.<\/strong> Se ci saranno cambiamenti, li adotteremo\u00bb.<\/p>\n","protected":false},"excerpt":{"rendered":"<p>Il direttore dell&#8217;ATS Insubria ( ex Asl) Lattuada spiega perch\u00e9 i lavoratori impiegati in Svizzera devono pagare la tassa sanitaria<\/p>\n","protected":false},"author":33,"featured_media":0,"comment_status":"open","ping_status":"open","sticky":false,"template":"","format":"standard","meta":{"footnotes":""},"categories":[8,7,24,1],"tags":[1058,57218,672,57219,3632],"acf":[],"yoast_head":"<!-- This site is optimized with the Yoast SEO plugin v20.1 - https:\/\/yoast.com\/wordpress\/plugins\/seo\/ -->\n<title>&quot;I frontalieri devono pagare la sanit\u00e0. \u00c8 scritto in una norma&quot;<\/title>\n<meta name=\"description\" content=\"Il direttore dell&#039;ATS Insubria ( ex Asl) Lattuada spiega perch\u00e9 i frontalieri impiegati in Svizzera devono pagare la tassa sanitaria\" \/>\n<meta name=\"robots\" content=\"noindex, follow, max-snippet:-1, max-image-preview:large, max-video-preview:-1\" \/>\n<meta property=\"og:locale\" content=\"it_IT\" \/>\n<meta property=\"og:type\" content=\"article\" \/>\n<meta property=\"og:title\" content=\"&quot;I frontalieri devono pagare la sanit\u00e0. \u00c8 scritto in una norma&quot;\" \/>\n<meta property=\"og:description\" content=\"Il direttore dell&#039;ATS Insubria ( ex Asl) Lattuada spiega perch\u00e9 i frontalieri impiegati in Svizzera devono pagare la tassa sanitaria\" \/>\n<meta property=\"og:url\" content=\"https:\/\/staging.varesenews.it\/2016\/02\/i-frontalieri-devono-pagare-la-sanita-e-scritto-in-una-norma\/483011\/\" \/>\n<meta property=\"og:site_name\" content=\"VareseNews\" \/>\n<meta property=\"article:publisher\" content=\"https:\/\/www.facebook.com\/varesenews\" \/>\n<meta property=\"article:author\" content=\"alessandra.toni7\" \/>\n<meta property=\"article:published_time\" content=\"2016-02-05T10:10:47+00:00\" \/>\n<meta property=\"article:modified_time\" content=\"2016-02-09T07:43:59+00:00\" \/>\n<meta name=\"author\" content=\"Alessandra Toni\" \/>\n<meta name=\"twitter:card\" content=\"summary_large_image\" \/>\n<meta name=\"twitter:creator\" content=\"@alessandra_toni\" \/>\n<meta name=\"twitter:site\" content=\"@varesenews\" \/>\n<meta name=\"twitter:label1\" content=\"Scritto da\" \/>\n\t<meta name=\"twitter:data1\" content=\"Alessandra Toni\" \/>\n\t<meta name=\"twitter:label2\" content=\"Tempo di lettura stimato\" \/>\n\t<meta name=\"twitter:data2\" content=\"1 minuto\" \/>\n<script type=\"application\/ld+json\" class=\"yoast-schema-graph\">{\"@context\":\"https:\/\/schema.org\",\"@graph\":[{\"@type\":\"WebPage\",\"@id\":\"https:\/\/staging.varesenews.it\/2016\/02\/i-frontalieri-devono-pagare-la-sanita-e-scritto-in-una-norma\/483011\/\",\"url\":\"https:\/\/staging.varesenews.it\/2016\/02\/i-frontalieri-devono-pagare-la-sanita-e-scritto-in-una-norma\/483011\/\",\"name\":\"\\\"I frontalieri devono pagare la sanit\u00e0. \u00c8 scritto in una norma\\\"\",\"isPartOf\":{\"@id\":\"https:\/\/staging.varesenews.it\/#website\"},\"datePublished\":\"2016-02-05T10:10:47+00:00\",\"dateModified\":\"2016-02-09T07:43:59+00:00\",\"author\":{\"@id\":\"https:\/\/staging.varesenews.it\/#\/schema\/person\/2643ce123d4a3c9511e015dc548779b8\"},\"description\":\"Il direttore dell'ATS Insubria ( ex Asl) Lattuada spiega perch\u00e9 i frontalieri impiegati in Svizzera devono pagare la tassa sanitaria\",\"breadcrumb\":{\"@id\":\"https:\/\/staging.varesenews.it\/2016\/02\/i-frontalieri-devono-pagare-la-sanita-e-scritto-in-una-norma\/483011\/#breadcrumb\"},\"inLanguage\":\"it-IT\",\"potentialAction\":[{\"@type\":\"ReadAction\",\"target\":[\"https:\/\/staging.varesenews.it\/2016\/02\/i-frontalieri-devono-pagare-la-sanita-e-scritto-in-una-norma\/483011\/\"]}]},{\"@type\":\"BreadcrumbList\",\"@id\":\"https:\/\/staging.varesenews.it\/2016\/02\/i-frontalieri-devono-pagare-la-sanita-e-scritto-in-una-norma\/483011\/#breadcrumb\",\"itemListElement\":[{\"@type\":\"ListItem\",\"position\":1,\"name\":\"Home\",\"item\":\"https:\/\/www.varesenews.it\/\"},{\"@type\":\"ListItem\",\"position\":2,\"name\":\"&#8220;I frontalieri devono pagare la sanit\u00e0. \u00c8 scritto in una norma&#8221;\"}]},{\"@type\":\"WebSite\",\"@id\":\"https:\/\/staging.varesenews.it\/#website\",\"url\":\"https:\/\/staging.varesenews.it\/\",\"name\":\"VareseNews\",\"description\":\"\",\"potentialAction\":[{\"@type\":\"SearchAction\",\"target\":{\"@type\":\"EntryPoint\",\"urlTemplate\":\"https:\/\/staging.varesenews.it\/?s={search_term_string}\"},\"query-input\":\"required name=search_term_string\"}],\"inLanguage\":\"it-IT\"},{\"@type\":\"Person\",\"@id\":\"https:\/\/staging.varesenews.it\/#\/schema\/person\/2643ce123d4a3c9511e015dc548779b8\",\"name\":\"Alessandra Toni\",\"image\":{\"@type\":\"ImageObject\",\"inLanguage\":\"it-IT\",\"@id\":\"https:\/\/staging.varesenews.it\/#\/schema\/person\/image\/\",\"url\":\"https:\/\/staging.varesenews.it\/wp-content\/uploads\/2020\/12\/alessandra_toni_colori_500.jpg\",\"contentUrl\":\"https:\/\/staging.varesenews.it\/wp-content\/uploads\/2020\/12\/alessandra_toni_colori_500.jpg\",\"caption\":\"Alessandra Toni\"},\"description\":\"Sono entrata nella redazione di VareseNews nel lontano anno 2000. Ero reduce da una bellissima esperienza nella redazione giornalistica della TV Nuova Antennatre, sotto la direzione dell'indimenticabile direttore Adolfo Caldarini. Sono arrivata quando era ancora una piccola realt\u00e0 editoriale e insieme abbiamo fatto un lungo ed entusiasmante lavoro. Mi occupo prevalentemente di scuola e di sanit\u00e0, settori impegnativi di grande valore sociale.\u00a0\",\"sameAs\":[\"alessandra.toni7\",\"alessandra.toni\",\"https:\/\/twitter.com\/alessandra_toni\"],\"url\":\"https:\/\/staging.varesenews.it\/persona\/alessandra_toni1\/\"}]}<\/script>\n<!-- \/ Yoast SEO plugin. -->","yoast_head_json":{"title":"\"I frontalieri devono pagare la sanit\u00e0. \u00c8 scritto in una norma\"","description":"Il direttore dell'ATS Insubria ( ex Asl) Lattuada spiega perch\u00e9 i frontalieri impiegati in Svizzera devono pagare la tassa sanitaria","robots":{"index":"noindex","follow":"follow","max-snippet":"max-snippet:-1","max-image-preview":"max-image-preview:large","max-video-preview":"max-video-preview:-1"},"og_locale":"it_IT","og_type":"article","og_title":"\"I frontalieri devono pagare la sanit\u00e0. \u00c8 scritto in una norma\"","og_description":"Il direttore dell'ATS Insubria ( ex Asl) Lattuada spiega perch\u00e9 i frontalieri impiegati in Svizzera devono pagare la tassa sanitaria","og_url":"https:\/\/staging.varesenews.it\/2016\/02\/i-frontalieri-devono-pagare-la-sanita-e-scritto-in-una-norma\/483011\/","og_site_name":"VareseNews","article_publisher":"https:\/\/www.facebook.com\/varesenews","article_author":"alessandra.toni7","article_published_time":"2016-02-05T10:10:47+00:00","article_modified_time":"2016-02-09T07:43:59+00:00","author":"Alessandra Toni","twitter_card":"summary_large_image","twitter_creator":"@alessandra_toni","twitter_site":"@varesenews","twitter_misc":{"Scritto da":"Alessandra Toni","Tempo di lettura stimato":"1 minuto"},"schema":{"@context":"https:\/\/schema.org","@graph":[{"@type":"WebPage","@id":"https:\/\/staging.varesenews.it\/2016\/02\/i-frontalieri-devono-pagare-la-sanita-e-scritto-in-una-norma\/483011\/","url":"https:\/\/staging.varesenews.it\/2016\/02\/i-frontalieri-devono-pagare-la-sanita-e-scritto-in-una-norma\/483011\/","name":"\"I frontalieri devono pagare la sanit\u00e0. \u00c8 scritto in una norma\"","isPartOf":{"@id":"https:\/\/staging.varesenews.it\/#website"},"datePublished":"2016-02-05T10:10:47+00:00","dateModified":"2016-02-09T07:43:59+00:00","author":{"@id":"https:\/\/staging.varesenews.it\/#\/schema\/person\/2643ce123d4a3c9511e015dc548779b8"},"description":"Il direttore dell'ATS Insubria ( ex Asl) Lattuada spiega perch\u00e9 i frontalieri impiegati in Svizzera devono pagare la tassa sanitaria","breadcrumb":{"@id":"https:\/\/staging.varesenews.it\/2016\/02\/i-frontalieri-devono-pagare-la-sanita-e-scritto-in-una-norma\/483011\/#breadcrumb"},"inLanguage":"it-IT","potentialAction":[{"@type":"ReadAction","target":["https:\/\/staging.varesenews.it\/2016\/02\/i-frontalieri-devono-pagare-la-sanita-e-scritto-in-una-norma\/483011\/"]}]},{"@type":"BreadcrumbList","@id":"https:\/\/staging.varesenews.it\/2016\/02\/i-frontalieri-devono-pagare-la-sanita-e-scritto-in-una-norma\/483011\/#breadcrumb","itemListElement":[{"@type":"ListItem","position":1,"name":"Home","item":"https:\/\/www.varesenews.it\/"},{"@type":"ListItem","position":2,"name":"&#8220;I frontalieri devono pagare la sanit\u00e0. \u00c8 scritto in una norma&#8221;"}]},{"@type":"WebSite","@id":"https:\/\/staging.varesenews.it\/#website","url":"https:\/\/staging.varesenews.it\/","name":"VareseNews","description":"","potentialAction":[{"@type":"SearchAction","target":{"@type":"EntryPoint","urlTemplate":"https:\/\/staging.varesenews.it\/?s={search_term_string}"},"query-input":"required name=search_term_string"}],"inLanguage":"it-IT"},{"@type":"Person","@id":"https:\/\/staging.varesenews.it\/#\/schema\/person\/2643ce123d4a3c9511e015dc548779b8","name":"Alessandra Toni","image":{"@type":"ImageObject","inLanguage":"it-IT","@id":"https:\/\/staging.varesenews.it\/#\/schema\/person\/image\/","url":"https:\/\/staging.varesenews.it\/wp-content\/uploads\/2020\/12\/alessandra_toni_colori_500.jpg","contentUrl":"https:\/\/staging.varesenews.it\/wp-content\/uploads\/2020\/12\/alessandra_toni_colori_500.jpg","caption":"Alessandra Toni"},"description":"Sono entrata nella redazione di VareseNews nel lontano anno 2000. Ero reduce da una bellissima esperienza nella redazione giornalistica della TV Nuova Antennatre, sotto la direzione dell'indimenticabile direttore Adolfo Caldarini. Sono arrivata quando era ancora una piccola realt\u00e0 editoriale e insieme abbiamo fatto un lungo ed entusiasmante lavoro. Mi occupo prevalentemente di scuola e di sanit\u00e0, settori impegnativi di grande valore sociale.\u00a0","sameAs":["alessandra.toni7","alessandra.toni","https:\/\/twitter.com\/alessandra_toni"],"url":"https:\/\/staging.varesenews.it\/persona\/alessandra_toni1\/"}]}},"post_meta":{"_edit_lock":"1455003711:44","_edit_last":"44","_category_permalink":"24","wdfb_og_title":"","wdfb_og_type":"","wdfb_og_description":"","wdfb_og_images":"a:1:{i:0;s:0:\"\";}","wdfb_og_custom_name":"a:1:{i:0;s:0:\"\";}","wdfb_og_custom_value":"a:1:{i:0;s:0:\"\";}","foto":"215853","firma-personalizzata":"A.T.","argomento":"Varese","_yoast_wpseo_focuskw":"frontalieri","_yoast_wpseo_metadesc":"Il direttore dell'ATS Insubria ( ex Asl) Lattuada spiega perch\u00e9 i frontalieri impiegati in Svizzera devono pagare la tassa sanitaria","_jd_twitter":"","_jd_tweet_this":"yes","ratings_users":"0","ratings_score":"0","ratings_average":"0","_wpt_short_url":"http:\/\/www.varesenews.it\/2016\/02\/i-frontalieri-devono-pagare-la-sanita-e-scritto-in-una-norma\/483011\/","_wp_jd_target":"http:\/\/www.varesenews.it\/2016\/02\/i-frontalieri-devono-pagare-la-sanita-e-scritto-in-una-norma\/483011\/","_jd_wp_twitter":"a:1:{i:0;s:180:\"\"I frontalieri devono pagare la sanit\u00e0. \u00c8 scritto in una norma\" http:\/\/www.varesenews.it\/2016\/02\/i-frontalieri-devono-pagare-la-sanita-e-scritto-in-una-norma\/483011\/ #asldivarese\";}","_wpt_status_message":"Tweet inviato con successo.","_yoast_wpseo_linkdex":"72","id_leggi_anche":"482890,482460,481961,478466,483269,485251,485671,486476,488543,490920"},"photos":[{"original":"https:\/\/staging.varesenews.it\/photogallery_new\/images\/2011\/09\/asl-varese-code-215853.jpg","full":"https:\/\/staging.varesenews.it\/photogallery_new\/images\/2011\/09\/asl-varese-code-215853.1024x768.jpg","large":"https:\/\/staging.varesenews.it\/photogallery_new\/images\/2011\/09\/asl-varese-code-215853.610x431.jpg"}],"_links":{"self":[{"href":"https:\/\/staging.varesenews.it\/swgapi\/v1\/wp\/v2\/posts\/483011"}],"collection":[{"href":"https:\/\/staging.varesenews.it\/swgapi\/v1\/wp\/v2\/posts"}],"about":[{"href":"https:\/\/staging.varesenews.it\/swgapi\/v1\/wp\/v2\/types\/post"}],"author":[{"embeddable":true,"href":"https:\/\/staging.varesenews.it\/swgapi\/v1\/wp\/v2\/users\/33"}],"replies":[{"embeddable":true,"href":"https:\/\/staging.varesenews.it\/swgapi\/v1\/wp\/v2\/comments?post=483011"}],"version-history":[{"count":0,"href":"https:\/\/staging.varesenews.it\/swgapi\/v1\/wp\/v2\/posts\/483011\/revisions"}],"wp:attachment":[{"href":"https:\/\/staging.varesenews.it\/swgapi\/v1\/wp\/v2\/media?parent=483011"}],"wp:term":[{"taxonomy":"category","embeddable":true,"href":"https:\/\/staging.varesenews.it\/swgapi\/v1\/wp\/v2\/categories?post=483011"},{"taxonomy":"post_tag","embeddable":true,"href":"https:\/\/staging.varesenews.it\/swgapi\/v1\/wp\/v2\/tags?post=483011"}],"curies":[{"name":"wp","href":"https:\/\/api.w.org\/{rel}","templated":true}]}}