{"id":485564,"date":"2016-02-12T00:22:55","date_gmt":"2016-02-11T23:22:55","guid":{"rendered":"http:\/\/www.varesenews.it\/?p=485564"},"modified":"2016-02-12T00:26:41","modified_gmt":"2016-02-11T23:26:41","slug":"la-pizza-te-la-servono-nelle-celle-dei-monaci","status":"publish","type":"post","link":"https:\/\/staging.varesenews.it\/2016\/02\/la-pizza-te-la-servono-nelle-celle-dei-monaci\/485564\/","title":{"rendered":"La pizza? Te la servono nelle celle dei monaci"},"content":{"rendered":"<p><strong>\u201cPronto, avete una cella per quattro? Veniamo stasera a mangiare la pizza\u201d<\/strong>.<\/p>\n<p>Alla fine succeder\u00e0 questo al \u201c<strong>Vecchio Convento<\/strong>\u201d, c\u2019\u00e8 da scommetterci, perch\u00e9 il locale che fece la Belle \u00c9poque di Azzio, quando ancora c\u2019erano i villeggianti, chiuso da almeno vent\u2019anni, ha riaperto con una presentazione al pubblico avvenuta gioved\u00ec sera.<\/p>\n<p><strong>E all\u2019interno \u00e8 pieno di sorprese a partire dal nome, che non \u00e8 una promessa, bens\u00ec una certezza: ti trovi dentro ad un convento.<\/strong><\/p>\n<p>La struttura \u00e8 quella di pertinenza dell\u2019antico convento di Azzio: prima di entrare nel locale, ancora lungo la strada, c\u2019\u00e8 una specie di piccola intercapedine fra i muri che di fatto ti portano nelle strettissime vicinanze della chiesa, davvero contigua al locale.<\/p>\n<p><strong>Dentro, l\u2019ambiente \u00e8 completamente a nuovo<\/strong>, con intarsi di affreschi nel soffitto, camini e molte parti rustiche a vista.<\/p>\n<p>\u00abCi abbiamo impiegato un anno a renderlo cos\u00ec bello, ma alla fine il risultato \u00e8 sotto gli occhi\u00bb dicono da dietro a bancone Alberto e Roberto, uno impresario edile, l\u2019altro ristoratore, che hanno preso le redini di questo posto.<\/p>\n<p>\u00c8 un <strong>locale stravagante<\/strong>, dove si ha l\u2019impressione di perdersi anche se gli spazi non sono enormi. C\u2019\u00e8 una sala al piano terreno, ma un\u2019altra, quasi speculare, al piano inferiore: siamo sotto terra, in una carbonaia, dove i monaci facevano scorte di legna e carbone; ora i titolari che hanno fatto sabbiare il soffitto ci faranno una piccola enoteca dove si potr\u00e0 mangiare e bere lontani dai rumori esterni.<\/p>\n<p><strong>Al primo piano, invece, si trovano le vere e proprie celle dei monaci riadattate a salette di ristorante<\/strong>. Il forno, anch\u2019esso al primo piano, \u00e8 situato alla fine di un corridoio che ricorda il ponte di un transatlantico.<\/p>\n<p><strong>Le celle contengono qualche coperto<\/strong>, e per questione di spazio sono state abbattute delle pareti divisorie che avrebbero reso l\u2019ambiente troppo angusto, da vero monaco, insomma.<\/p>\n","protected":false},"excerpt":{"rendered":"<p>Riapre dopo decenni di inattivit\u00e0\u00a0 \u201cIl vecchio convento\u201d, storico locale del paese che riserva molte sorprese architettoniche<\/p>\n","protected":false},"author":34,"featured_media":0,"comment_status":"open","ping_status":"open","sticky":false,"template":"","format":"standard","meta":{"footnotes":""},"categories":[2],"tags":[57560,57559],"acf":[],"yoast_head":"<!-- This site is optimized with the Yoast SEO plugin v20.1 - https:\/\/yoast.com\/wordpress\/plugins\/seo\/ -->\n<title>La pizza? Te la servono nelle celle dei monaci<\/title>\n<meta name=\"description\" content=\"La pizza? Te la servono nelle celle dei monaci\" \/>\n<meta name=\"robots\" content=\"noindex, follow, max-snippet:-1, max-image-preview:large, max-video-preview:-1\" \/>\n<meta property=\"og:locale\" content=\"it_IT\" \/>\n<meta property=\"og:type\" content=\"article\" \/>\n<meta property=\"og:title\" content=\"La pizza? Te la servono nelle celle dei monaci\" \/>\n<meta property=\"og:description\" content=\"La pizza? Te la servono nelle celle dei monaci\" \/>\n<meta property=\"og:url\" content=\"https:\/\/staging.varesenews.it\/2016\/02\/la-pizza-te-la-servono-nelle-celle-dei-monaci\/485564\/\" \/>\n<meta property=\"og:site_name\" content=\"VareseNews\" \/>\n<meta property=\"article:publisher\" content=\"https:\/\/www.facebook.com\/varesenews\" \/>\n<meta property=\"article:author\" content=\"https:\/\/www.facebook.com\/andrea.camurani?fref=photo\" \/>\n<meta property=\"article:published_time\" content=\"2016-02-11T23:22:55+00:00\" \/>\n<meta property=\"article:modified_time\" content=\"2016-02-11T23:26:41+00:00\" \/>\n<meta name=\"author\" content=\"Andrea Camurani\" \/>\n<meta name=\"twitter:card\" content=\"summary_large_image\" \/>\n<meta name=\"twitter:creator\" content=\"@AndreaCamurani\" \/>\n<meta name=\"twitter:site\" content=\"@varesenews\" \/>\n<meta name=\"twitter:label1\" content=\"Scritto da\" \/>\n\t<meta name=\"twitter:data1\" content=\"Andrea Camurani\" \/>\n\t<meta name=\"twitter:label2\" content=\"Tempo di lettura stimato\" \/>\n\t<meta name=\"twitter:data2\" content=\"2 minuti\" \/>\n<script type=\"application\/ld+json\" class=\"yoast-schema-graph\">{\"@context\":\"https:\/\/schema.org\",\"@graph\":[{\"@type\":\"WebPage\",\"@id\":\"https:\/\/staging.varesenews.it\/2016\/02\/la-pizza-te-la-servono-nelle-celle-dei-monaci\/485564\/\",\"url\":\"https:\/\/staging.varesenews.it\/2016\/02\/la-pizza-te-la-servono-nelle-celle-dei-monaci\/485564\/\",\"name\":\"La pizza? Te la servono nelle celle dei monaci\",\"isPartOf\":{\"@id\":\"https:\/\/staging.varesenews.it\/#website\"},\"datePublished\":\"2016-02-11T23:22:55+00:00\",\"dateModified\":\"2016-02-11T23:26:41+00:00\",\"author\":{\"@id\":\"https:\/\/staging.varesenews.it\/#\/schema\/person\/3eb5832c6beae763de8d9596fdbe8c49\"},\"description\":\"La pizza? Te la servono nelle celle dei monaci\",\"breadcrumb\":{\"@id\":\"https:\/\/staging.varesenews.it\/2016\/02\/la-pizza-te-la-servono-nelle-celle-dei-monaci\/485564\/#breadcrumb\"},\"inLanguage\":\"it-IT\",\"potentialAction\":[{\"@type\":\"ReadAction\",\"target\":[\"https:\/\/staging.varesenews.it\/2016\/02\/la-pizza-te-la-servono-nelle-celle-dei-monaci\/485564\/\"]}]},{\"@type\":\"BreadcrumbList\",\"@id\":\"https:\/\/staging.varesenews.it\/2016\/02\/la-pizza-te-la-servono-nelle-celle-dei-monaci\/485564\/#breadcrumb\",\"itemListElement\":[{\"@type\":\"ListItem\",\"position\":1,\"name\":\"Home\",\"item\":\"https:\/\/www.varesenews.it\/\"},{\"@type\":\"ListItem\",\"position\":2,\"name\":\"La pizza? Te la servono nelle celle dei monaci\"}]},{\"@type\":\"WebSite\",\"@id\":\"https:\/\/staging.varesenews.it\/#website\",\"url\":\"https:\/\/staging.varesenews.it\/\",\"name\":\"VareseNews\",\"description\":\"\",\"potentialAction\":[{\"@type\":\"SearchAction\",\"target\":{\"@type\":\"EntryPoint\",\"urlTemplate\":\"https:\/\/staging.varesenews.it\/?s={search_term_string}\"},\"query-input\":\"required name=search_term_string\"}],\"inLanguage\":\"it-IT\"},{\"@type\":\"Person\",\"@id\":\"https:\/\/staging.varesenews.it\/#\/schema\/person\/3eb5832c6beae763de8d9596fdbe8c49\",\"name\":\"Andrea Camurani\",\"image\":{\"@type\":\"ImageObject\",\"inLanguage\":\"it-IT\",\"@id\":\"https:\/\/staging.varesenews.it\/#\/schema\/person\/image\/\",\"url\":\"https:\/\/staging.varesenews.it\/wp-content\/uploads\/2020\/12\/andrea_camurani_colori_500.jpg\",\"contentUrl\":\"https:\/\/staging.varesenews.it\/wp-content\/uploads\/2020\/12\/andrea_camurani_colori_500.jpg\",\"caption\":\"Andrea Camurani\"},\"description\":\"Sono figlio degli anni Settanta e di Milano, dove ho imparato a riconoscere buoni e cattivi. Laurea in scienze politiche, lavoro a VareseNews dal 2000. Racconto quel che trovo quando incontro chi vuole lasciare al mondo un pezzetto di vita, che si chiama cronaca. &ldquo;...perch&eacute; &egrave; la gente il pi&ugrave; grande spettacolo del mondo. E non si paga il biglietto...&rdquo; (Charles Bukowsky)\",\"sameAs\":[\"https:\/\/www.facebook.com\/andrea.camurani?fref=photo\",\"andreacamurani\",\"https:\/\/www.linkedin.com\/hp\/?dnr=A9a84RfzsLdo9xg4NcGV4dLiMknoc9ms4WM\",\"https:\/\/twitter.com\/AndreaCamurani\"],\"url\":\"https:\/\/staging.varesenews.it\/persona\/andrea_camurani\/\"}]}<\/script>\n<!-- \/ Yoast SEO plugin. -->","yoast_head_json":{"title":"La pizza? Te la servono nelle celle dei monaci","description":"La pizza? Te la servono nelle celle dei monaci","robots":{"index":"noindex","follow":"follow","max-snippet":"max-snippet:-1","max-image-preview":"max-image-preview:large","max-video-preview":"max-video-preview:-1"},"og_locale":"it_IT","og_type":"article","og_title":"La pizza? Te la servono nelle celle dei monaci","og_description":"La pizza? Te la servono nelle celle dei monaci","og_url":"https:\/\/staging.varesenews.it\/2016\/02\/la-pizza-te-la-servono-nelle-celle-dei-monaci\/485564\/","og_site_name":"VareseNews","article_publisher":"https:\/\/www.facebook.com\/varesenews","article_author":"https:\/\/www.facebook.com\/andrea.camurani?fref=photo","article_published_time":"2016-02-11T23:22:55+00:00","article_modified_time":"2016-02-11T23:26:41+00:00","author":"Andrea Camurani","twitter_card":"summary_large_image","twitter_creator":"@AndreaCamurani","twitter_site":"@varesenews","twitter_misc":{"Scritto da":"Andrea Camurani","Tempo di lettura stimato":"2 minuti"},"schema":{"@context":"https:\/\/schema.org","@graph":[{"@type":"WebPage","@id":"https:\/\/staging.varesenews.it\/2016\/02\/la-pizza-te-la-servono-nelle-celle-dei-monaci\/485564\/","url":"https:\/\/staging.varesenews.it\/2016\/02\/la-pizza-te-la-servono-nelle-celle-dei-monaci\/485564\/","name":"La pizza? Te la servono nelle celle dei monaci","isPartOf":{"@id":"https:\/\/staging.varesenews.it\/#website"},"datePublished":"2016-02-11T23:22:55+00:00","dateModified":"2016-02-11T23:26:41+00:00","author":{"@id":"https:\/\/staging.varesenews.it\/#\/schema\/person\/3eb5832c6beae763de8d9596fdbe8c49"},"description":"La pizza? Te la servono nelle celle dei monaci","breadcrumb":{"@id":"https:\/\/staging.varesenews.it\/2016\/02\/la-pizza-te-la-servono-nelle-celle-dei-monaci\/485564\/#breadcrumb"},"inLanguage":"it-IT","potentialAction":[{"@type":"ReadAction","target":["https:\/\/staging.varesenews.it\/2016\/02\/la-pizza-te-la-servono-nelle-celle-dei-monaci\/485564\/"]}]},{"@type":"BreadcrumbList","@id":"https:\/\/staging.varesenews.it\/2016\/02\/la-pizza-te-la-servono-nelle-celle-dei-monaci\/485564\/#breadcrumb","itemListElement":[{"@type":"ListItem","position":1,"name":"Home","item":"https:\/\/www.varesenews.it\/"},{"@type":"ListItem","position":2,"name":"La pizza? Te la servono nelle celle dei monaci"}]},{"@type":"WebSite","@id":"https:\/\/staging.varesenews.it\/#website","url":"https:\/\/staging.varesenews.it\/","name":"VareseNews","description":"","potentialAction":[{"@type":"SearchAction","target":{"@type":"EntryPoint","urlTemplate":"https:\/\/staging.varesenews.it\/?s={search_term_string}"},"query-input":"required name=search_term_string"}],"inLanguage":"it-IT"},{"@type":"Person","@id":"https:\/\/staging.varesenews.it\/#\/schema\/person\/3eb5832c6beae763de8d9596fdbe8c49","name":"Andrea Camurani","image":{"@type":"ImageObject","inLanguage":"it-IT","@id":"https:\/\/staging.varesenews.it\/#\/schema\/person\/image\/","url":"https:\/\/staging.varesenews.it\/wp-content\/uploads\/2020\/12\/andrea_camurani_colori_500.jpg","contentUrl":"https:\/\/staging.varesenews.it\/wp-content\/uploads\/2020\/12\/andrea_camurani_colori_500.jpg","caption":"Andrea Camurani"},"description":"Sono figlio degli anni Settanta e di Milano, dove ho imparato a riconoscere buoni e cattivi. Laurea in scienze politiche, lavoro a VareseNews dal 2000. Racconto quel che trovo quando incontro chi vuole lasciare al mondo un pezzetto di vita, che si chiama cronaca. &ldquo;...perch&eacute; &egrave; la gente il pi&ugrave; grande spettacolo del mondo. E non si paga il biglietto...&rdquo; (Charles Bukowsky)","sameAs":["https:\/\/www.facebook.com\/andrea.camurani?fref=photo","andreacamurani","https:\/\/www.linkedin.com\/hp\/?dnr=A9a84RfzsLdo9xg4NcGV4dLiMknoc9ms4WM","https:\/\/twitter.com\/AndreaCamurani"],"url":"https:\/\/staging.varesenews.it\/persona\/andrea_camurani\/"}]}},"post_meta":{"_edit_lock":"1455233767:34","_edit_last":"34","ratings_users":"0","ratings_score":"0","ratings_average":"0","_category_permalink":"","wdfb_og_title":"","wdfb_og_type":"","wdfb_og_description":"","wdfb_og_images":"a:1:{i:0;s:0:\"\";}","wdfb_og_custom_name":"a:1:{i:0;s:0:\"\";}","wdfb_og_custom_value":"a:1:{i:0;s:0:\"\";}","foto":"514121","argomento":"Azzio","_yoast_wpseo_focuskw":"La pizza? Te la servono nelle celle dei monaci","_yoast_wpseo_metadesc":"La pizza? Te la servono nelle celle dei monaci","_jd_twitter":"","_jd_tweet_this":"yes","_wpt_short_url":"http:\/\/www.varesenews.it\/2016\/02\/la-pizza-te-la-servono-nelle-celle-dei-monaci\/485564\/","_wp_jd_target":"http:\/\/www.varesenews.it\/2016\/02\/la-pizza-te-la-servono-nelle-celle-dei-monaci\/485564\/","_jd_wp_twitter":"a:1:{i:0;s:167:\"La pizza? Te la servono nelle celle dei monaci http:\/\/www.varesenews.it\/2016\/02\/la-pizza-te-la-servono-nelle-celle-dei-monaci\/485564\/ #conventodiazzio #vecchioconvento\";}","_wpt_status_message":"Tweet inviato con successo.","_yoast_wpseo_linkdex":"77","id_link_fotogallery":"485566"},"photos":[{"original":"https:\/\/staging.varesenews.it\/photogallery_new\/images\/2016\/02\/azzio-inaugurazione-vecchio-convento-514121.jpg","full":"https:\/\/staging.varesenews.it\/photogallery_new\/images\/2016\/02\/azzio-inaugurazione-vecchio-convento-514121.1024x768.jpg","large":"https:\/\/staging.varesenews.it\/photogallery_new\/images\/2016\/02\/azzio-inaugurazione-vecchio-convento-514121.610x431.jpg"}],"_links":{"self":[{"href":"https:\/\/staging.varesenews.it\/swgapi\/v1\/wp\/v2\/posts\/485564"}],"collection":[{"href":"https:\/\/staging.varesenews.it\/swgapi\/v1\/wp\/v2\/posts"}],"about":[{"href":"https:\/\/staging.varesenews.it\/swgapi\/v1\/wp\/v2\/types\/post"}],"author":[{"embeddable":true,"href":"https:\/\/staging.varesenews.it\/swgapi\/v1\/wp\/v2\/users\/34"}],"replies":[{"embeddable":true,"href":"https:\/\/staging.varesenews.it\/swgapi\/v1\/wp\/v2\/comments?post=485564"}],"version-history":[{"count":0,"href":"https:\/\/staging.varesenews.it\/swgapi\/v1\/wp\/v2\/posts\/485564\/revisions"}],"wp:attachment":[{"href":"https:\/\/staging.varesenews.it\/swgapi\/v1\/wp\/v2\/media?parent=485564"}],"wp:term":[{"taxonomy":"category","embeddable":true,"href":"https:\/\/staging.varesenews.it\/swgapi\/v1\/wp\/v2\/categories?post=485564"},{"taxonomy":"post_tag","embeddable":true,"href":"https:\/\/staging.varesenews.it\/swgapi\/v1\/wp\/v2\/tags?post=485564"}],"curies":[{"name":"wp","href":"https:\/\/api.w.org\/{rel}","templated":true}]}}