{"id":48763,"date":"2013-11-02T00:00:00","date_gmt":"2013-11-02T00:00:00","guid":{"rendered":""},"modified":"2013-11-02T00:00:00","modified_gmt":"2013-11-02T00:00:00","slug":"cosa-avviene-sotto-la-crosta-terrestre","status":"publish","type":"post","link":"https:\/\/staging.varesenews.it\/2013\/11\/cosa-avviene-sotto-la-crosta-terrestre\/48763\/","title":{"rendered":"Cosa avviene sotto la crosta terrestre?"},"content":{"rendered":"<div><img loading=\"lazy\" decoding=\"async\" src=\"https:\/\/www3.varesenews.it\/immagini_articoli\/201311\/Pianeta-TERRA.jpg\" width=\"250\" height=\"265\" vspace=\"5\" hspace=\"5\" align=\"left\" alt=\"\" \/>Esattamente cento anni fa <strong>Alfred Wegener<\/strong> proponeva l&rsquo;ipotesi che<strong> la crosta terrestre non fosse immobile nel tempo<\/strong>, ma che <strong>poteva &ldquo;navigare&rdquo; su qualcosa di fluido che le stava al di sotto.<\/strong> Un&rsquo;ipotesi ritenuta &lsquo;impossibile&rsquo; a quei tempi, ma che&nbsp; nei 100 anni che sono seguiti&nbsp; ha permesso di comprendere in maniera unitaria&nbsp; il comportamento geologico del pianeta pi&ugrave; complesso che conosciamo, vale a dire la nostra Terra.&nbsp; <\/p>\n<p><strong>Il GAT, Gruppo Astronomico Tradatese<\/strong>, nel centesimo anniversario di questa intuizione fondamentale, ha deciso di invitare&nbsp; a Tradate&nbsp;<strong> il dott. Luigi Bignami,<\/strong> geologo di estrazione&nbsp; e molto noto al grande pubblico per i suoi numerosi e sapienti interventi televisivi (in queste settimane sta andando in onda su RAI scuola, canale 146, un suo bellissimo programma sullo spazio). <strong>Luned&igrave; 4 Novembre 2013, h21, CineTeatro P.GRASSI di Tradate il dott. Bignami parler&agrave; sul tema: A 100 ANNI DALLA DERIVA DEI CONTINENTI.&nbsp;<\/strong> <\/p>\n<p>La prima parte della serata&nbsp; sar&agrave; focalizzata sulla nuova visione della Terra che Wegener&nbsp; proponeva un secolo fa al mondo scientifico. Si trattava di un&rsquo; ipotesi molto pi&ugrave; complessa rispetto al passato, che per&ograve;&nbsp; spiegava alcune scoperte che sembravano particolarmente strane. Ad esempio la presenza di fossili simili nelle Americhe e in Europa, oppure le medesime rocce sui bordi dei due continenti, per non parlare poi della forma dei bordi esterni degli stessi continenti che sembravano &ldquo;stranamente&rdquo; combaciare. Purtroppo per&ograve; l&rsquo; ipotesi di Wegener era talmente innovativa e contraria al senso comune&nbsp; che&nbsp; venne quasi infangata da vari geologi del tempo, perch&eacute; ritenuta troppo complicata&nbsp; per un pianeta cos&igrave; piccolo come la Terra. <\/p>\n<p>Solo negli Anni Settanta si scopr&igrave; che <strong>nel cuore dell&rsquo;Oceano Atlantico c&rsquo;era una lunghissima catena montuosa (la dorsale oceanica) intaccata alla sommit&agrave; da una fessura da cui esce&nbsp; il magma caldo del mantello profondo.<\/strong>&nbsp; Ben presto si cap&igrave; che poteva essere quella la causa dello spostamento dei continenti, spinti ad allontanarsi dal magma uscente in maniera simmetrica dalle dorsali oceaniche. Cos&igrave; si&nbsp; riprese in mano l&rsquo;ipotesi di Wegener e pur modificandola anche profondamente,&nbsp; <strong>la si trasform&ograve; in una Teoria, capace di spiegare la localizzazione dei terremoti, dei vulcani e delle catene di montagne della maggior parte del nostro pianeta<\/strong>. Soprattutto spiegava come mai fenomeni apparentemente cos&igrave; differenti (vulcani, terremoti, catene di montagne) siano sistematicamente localizzati nelle stesse zone della Terra: evidentemente alla loro base ci deve essere una identica causa comune !&nbsp; <strong>Oggi la Tettonica delle Placche<\/strong> (ossia la teoria che la crosta superficiale della Terra &egrave; suddivisa in una dozzina&nbsp; di zolle&nbsp; messe in movimento dalle dorsali oceaniche) <strong>&egrave; una teoria che sembra avere solidissime basi.<\/strong> Tuttavia vi sono ancora numerosi problemi aperti e sar&agrave; proprio su questi problemi&nbsp; che Luigi Bignami focalizzer&agrave; una buona parte della serata.&nbsp; Per esempio<strong> una domanda fondamentale&nbsp; riguarda&nbsp; il meccanismo che produce&nbsp; le grandi fessure crostali <\/strong>(tipo le dorsali oceaniche) da cui fuoriesce il magma del mantello profondo.&nbsp; In sostanza, <strong>cosa sta fratturando l&rsquo;Africa in prossimit&agrave; della Rift Valley? Come pu&ograve;&nbsp; una risalita di magma fratturare un continente come l&rsquo;Africa per centinaia di chilometri?&nbsp; E come sono possibili terremoti a 300 km di profondit&agrave;? <\/strong>Queste sono alcune delle domande che attendono ancora una risposta dalla teoria.<\/div>\n","protected":false},"excerpt":{"rendered":"<p>Luned\u00ec 4 novembre, il Gruppo astronomico tradatese ospiter\u00e0 il dottor Luigi Bignami che spiegher\u00e0 la teoria di Wegener e della &#8220;mobilit\u00e0&#8221; della superficie terrestre<\/p>\n","protected":false},"author":10,"featured_media":0,"comment_status":"open","ping_status":"open","sticky":false,"template":"","format":"standard","meta":{"footnotes":""},"categories":[5,25,21],"tags":[1428,6992],"acf":[],"yoast_head":"<!-- This site is optimized with the Yoast SEO plugin v20.1 - https:\/\/yoast.com\/wordpress\/plugins\/seo\/ -->\n<title>Cosa avviene sotto la crosta terrestre?<\/title>\n<meta name=\"description\" content=\"Luned\u00ec 4 novembre, il Gruppo astronomico tradatese ospiter\u00e0 il dottor Luigi Bignami che spiegher\u00e0 la teoria di Wegener e della &quot;mobilit\u00e0&quot; della superficie terrestre\" \/>\n<meta name=\"robots\" content=\"noindex, follow, max-snippet:-1, max-image-preview:large, max-video-preview:-1\" \/>\n<meta property=\"og:locale\" content=\"it_IT\" \/>\n<meta property=\"og:type\" content=\"article\" \/>\n<meta property=\"og:title\" content=\"Cosa avviene sotto la crosta terrestre?\" \/>\n<meta property=\"og:description\" content=\"Luned\u00ec 4 novembre, il Gruppo astronomico tradatese ospiter\u00e0 il dottor Luigi Bignami che spiegher\u00e0 la teoria di Wegener e della &quot;mobilit\u00e0&quot; della superficie terrestre\" \/>\n<meta property=\"og:url\" content=\"https:\/\/staging.varesenews.it\/2013\/11\/cosa-avviene-sotto-la-crosta-terrestre\/48763\/\" \/>\n<meta property=\"og:site_name\" content=\"VareseNews\" \/>\n<meta property=\"article:publisher\" content=\"https:\/\/www.facebook.com\/varesenews\" \/>\n<meta property=\"article:published_time\" content=\"2013-11-02T00:00:00+00:00\" \/>\n<meta property=\"og:image\" content=\"https:\/\/www3.varesenews.it\/immagini_articoli\/201311\/Pianeta-TERRA.jpg\" \/>\n<meta name=\"author\" content=\"Redazione VareseNews\" \/>\n<meta name=\"twitter:card\" content=\"summary_large_image\" \/>\n<meta name=\"twitter:creator\" content=\"@varesenews\" \/>\n<meta name=\"twitter:site\" content=\"@varesenews\" \/>\n<meta name=\"twitter:label1\" content=\"Scritto da\" \/>\n\t<meta name=\"twitter:data1\" content=\"Redazione VareseNews\" \/>\n\t<meta name=\"twitter:label2\" content=\"Tempo di lettura stimato\" \/>\n\t<meta name=\"twitter:data2\" content=\"3 minuti\" \/>\n<script type=\"application\/ld+json\" class=\"yoast-schema-graph\">{\"@context\":\"https:\/\/schema.org\",\"@graph\":[{\"@type\":\"WebPage\",\"@id\":\"https:\/\/staging.varesenews.it\/2013\/11\/cosa-avviene-sotto-la-crosta-terrestre\/48763\/\",\"url\":\"https:\/\/staging.varesenews.it\/2013\/11\/cosa-avviene-sotto-la-crosta-terrestre\/48763\/\",\"name\":\"Cosa avviene sotto la crosta terrestre?\",\"isPartOf\":{\"@id\":\"https:\/\/staging.varesenews.it\/#website\"},\"datePublished\":\"2013-11-02T00:00:00+00:00\",\"dateModified\":\"2013-11-02T00:00:00+00:00\",\"author\":{\"@id\":\"https:\/\/staging.varesenews.it\/#\/schema\/person\/fb20c4da0b7b16c291707a20db73e169\"},\"description\":\"Luned\u00ec 4 novembre, il Gruppo astronomico tradatese ospiter\u00e0 il dottor Luigi Bignami che spiegher\u00e0 la teoria di Wegener e della \\\"mobilit\u00e0\\\" della superficie terrestre\",\"breadcrumb\":{\"@id\":\"https:\/\/staging.varesenews.it\/2013\/11\/cosa-avviene-sotto-la-crosta-terrestre\/48763\/#breadcrumb\"},\"inLanguage\":\"it-IT\",\"potentialAction\":[{\"@type\":\"ReadAction\",\"target\":[\"https:\/\/staging.varesenews.it\/2013\/11\/cosa-avviene-sotto-la-crosta-terrestre\/48763\/\"]}]},{\"@type\":\"BreadcrumbList\",\"@id\":\"https:\/\/staging.varesenews.it\/2013\/11\/cosa-avviene-sotto-la-crosta-terrestre\/48763\/#breadcrumb\",\"itemListElement\":[{\"@type\":\"ListItem\",\"position\":1,\"name\":\"Home\",\"item\":\"https:\/\/www.varesenews.it\/\"},{\"@type\":\"ListItem\",\"position\":2,\"name\":\"Cosa avviene sotto la crosta terrestre?\"}]},{\"@type\":\"WebSite\",\"@id\":\"https:\/\/staging.varesenews.it\/#website\",\"url\":\"https:\/\/staging.varesenews.it\/\",\"name\":\"VareseNews\",\"description\":\"\",\"potentialAction\":[{\"@type\":\"SearchAction\",\"target\":{\"@type\":\"EntryPoint\",\"urlTemplate\":\"https:\/\/staging.varesenews.it\/?s={search_term_string}\"},\"query-input\":\"required name=search_term_string\"}],\"inLanguage\":\"it-IT\"},{\"@type\":\"Person\",\"@id\":\"https:\/\/staging.varesenews.it\/#\/schema\/person\/fb20c4da0b7b16c291707a20db73e169\",\"name\":\"Redazione VareseNews\",\"image\":{\"@type\":\"ImageObject\",\"inLanguage\":\"it-IT\",\"@id\":\"https:\/\/staging.varesenews.it\/#\/schema\/person\/image\/\",\"url\":\"https:\/\/staging.varesenews.it\/wp-content\/uploads\/2020\/12\/logo_VN_colori_500.png\",\"contentUrl\":\"https:\/\/staging.varesenews.it\/wp-content\/uploads\/2020\/12\/logo_VN_colori_500.png\",\"caption\":\"Redazione VareseNews\"},\"url\":\"https:\/\/staging.varesenews.it\/persona\/redazione1\/\"}]}<\/script>\n<!-- \/ Yoast SEO plugin. -->","yoast_head_json":{"title":"Cosa avviene sotto la crosta terrestre?","description":"Luned\u00ec 4 novembre, il Gruppo astronomico tradatese ospiter\u00e0 il dottor Luigi Bignami che spiegher\u00e0 la teoria di Wegener e della \"mobilit\u00e0\" della superficie terrestre","robots":{"index":"noindex","follow":"follow","max-snippet":"max-snippet:-1","max-image-preview":"max-image-preview:large","max-video-preview":"max-video-preview:-1"},"og_locale":"it_IT","og_type":"article","og_title":"Cosa avviene sotto la crosta terrestre?","og_description":"Luned\u00ec 4 novembre, il Gruppo astronomico tradatese ospiter\u00e0 il dottor Luigi Bignami che spiegher\u00e0 la teoria di Wegener e della \"mobilit\u00e0\" della superficie terrestre","og_url":"https:\/\/staging.varesenews.it\/2013\/11\/cosa-avviene-sotto-la-crosta-terrestre\/48763\/","og_site_name":"VareseNews","article_publisher":"https:\/\/www.facebook.com\/varesenews","article_published_time":"2013-11-02T00:00:00+00:00","og_image":[{"url":"https:\/\/www3.varesenews.it\/immagini_articoli\/201311\/Pianeta-TERRA.jpg"}],"author":"Redazione VareseNews","twitter_card":"summary_large_image","twitter_creator":"@varesenews","twitter_site":"@varesenews","twitter_misc":{"Scritto da":"Redazione VareseNews","Tempo di lettura stimato":"3 minuti"},"schema":{"@context":"https:\/\/schema.org","@graph":[{"@type":"WebPage","@id":"https:\/\/staging.varesenews.it\/2013\/11\/cosa-avviene-sotto-la-crosta-terrestre\/48763\/","url":"https:\/\/staging.varesenews.it\/2013\/11\/cosa-avviene-sotto-la-crosta-terrestre\/48763\/","name":"Cosa avviene sotto la crosta terrestre?","isPartOf":{"@id":"https:\/\/staging.varesenews.it\/#website"},"datePublished":"2013-11-02T00:00:00+00:00","dateModified":"2013-11-02T00:00:00+00:00","author":{"@id":"https:\/\/staging.varesenews.it\/#\/schema\/person\/fb20c4da0b7b16c291707a20db73e169"},"description":"Luned\u00ec 4 novembre, il Gruppo astronomico tradatese ospiter\u00e0 il dottor Luigi Bignami che spiegher\u00e0 la teoria di Wegener e della \"mobilit\u00e0\" della superficie terrestre","breadcrumb":{"@id":"https:\/\/staging.varesenews.it\/2013\/11\/cosa-avviene-sotto-la-crosta-terrestre\/48763\/#breadcrumb"},"inLanguage":"it-IT","potentialAction":[{"@type":"ReadAction","target":["https:\/\/staging.varesenews.it\/2013\/11\/cosa-avviene-sotto-la-crosta-terrestre\/48763\/"]}]},{"@type":"BreadcrumbList","@id":"https:\/\/staging.varesenews.it\/2013\/11\/cosa-avviene-sotto-la-crosta-terrestre\/48763\/#breadcrumb","itemListElement":[{"@type":"ListItem","position":1,"name":"Home","item":"https:\/\/www.varesenews.it\/"},{"@type":"ListItem","position":2,"name":"Cosa avviene sotto la crosta terrestre?"}]},{"@type":"WebSite","@id":"https:\/\/staging.varesenews.it\/#website","url":"https:\/\/staging.varesenews.it\/","name":"VareseNews","description":"","potentialAction":[{"@type":"SearchAction","target":{"@type":"EntryPoint","urlTemplate":"https:\/\/staging.varesenews.it\/?s={search_term_string}"},"query-input":"required name=search_term_string"}],"inLanguage":"it-IT"},{"@type":"Person","@id":"https:\/\/staging.varesenews.it\/#\/schema\/person\/fb20c4da0b7b16c291707a20db73e169","name":"Redazione VareseNews","image":{"@type":"ImageObject","inLanguage":"it-IT","@id":"https:\/\/staging.varesenews.it\/#\/schema\/person\/image\/","url":"https:\/\/staging.varesenews.it\/wp-content\/uploads\/2020\/12\/logo_VN_colori_500.png","contentUrl":"https:\/\/staging.varesenews.it\/wp-content\/uploads\/2020\/12\/logo_VN_colori_500.png","caption":"Redazione VareseNews"},"url":"https:\/\/staging.varesenews.it\/persona\/redazione1\/"}]}},"post_meta":{"id_old":"274836","argomento":"Tradate"},"photos":[],"_links":{"self":[{"href":"https:\/\/staging.varesenews.it\/swgapi\/v1\/wp\/v2\/posts\/48763"}],"collection":[{"href":"https:\/\/staging.varesenews.it\/swgapi\/v1\/wp\/v2\/posts"}],"about":[{"href":"https:\/\/staging.varesenews.it\/swgapi\/v1\/wp\/v2\/types\/post"}],"author":[{"embeddable":true,"href":"https:\/\/staging.varesenews.it\/swgapi\/v1\/wp\/v2\/users\/10"}],"replies":[{"embeddable":true,"href":"https:\/\/staging.varesenews.it\/swgapi\/v1\/wp\/v2\/comments?post=48763"}],"version-history":[{"count":0,"href":"https:\/\/staging.varesenews.it\/swgapi\/v1\/wp\/v2\/posts\/48763\/revisions"}],"wp:attachment":[{"href":"https:\/\/staging.varesenews.it\/swgapi\/v1\/wp\/v2\/media?parent=48763"}],"wp:term":[{"taxonomy":"category","embeddable":true,"href":"https:\/\/staging.varesenews.it\/swgapi\/v1\/wp\/v2\/categories?post=48763"},{"taxonomy":"post_tag","embeddable":true,"href":"https:\/\/staging.varesenews.it\/swgapi\/v1\/wp\/v2\/tags?post=48763"}],"curies":[{"name":"wp","href":"https:\/\/api.w.org\/{rel}","templated":true}]}}