{"id":48764,"date":"2013-11-02T00:00:00","date_gmt":"2013-11-02T00:00:00","guid":{"rendered":""},"modified":"2013-11-02T00:00:00","modified_gmt":"2013-11-02T00:00:00","slug":"chiude-il-borducan-il-sacro-monte-e-abbandonato","status":"publish","type":"post","link":"https:\/\/staging.varesenews.it\/2013\/11\/chiude-il-borducan-il-sacro-monte-e-abbandonato\/48764\/","title":{"rendered":"Chiude il Borducan: &#8220;Il Sacro Monte \u00e8 abbandonato&#8221;"},"content":{"rendered":"<p><img loading=\"lazy\" decoding=\"async\" src=\"https:\/\/www3.varesenews.it\/immagini_articoli\/201311\/borducan12.jpg\" width=\"250\" height=\"167\" vspace=\"5\" hspace=\"5\" align=\"left\" alt=\"\" \/><strong>&Egrave; la terrazza pi&ugrave; famosa di Varese.<\/strong> Non c&#8217;&egrave; generazione che non ne abbia apprezzato il balcone con vista sulla pianura Padana. <strong>La sua storia, per&ograve;, rimane travagliata.<\/strong> Dalla chiusura da parte dei suoi storici proprietari, i depositari della ricetta dell&#8217;Elisir, <strong>&nbsp;il Borducan non trova pace.<br \/>\n<\/strong><br \/>\nCos&igrave; anche l&#8217;ultima coppia di gestori, <strong>Rita Provenzano e Oliver Pelzmann<\/strong>, <strong>domani, domenica 3 novembre, chiuderanno definitivamente il portone<\/strong> mettendo fine alla loro esperienza durata due anni e mezzo: &laquo; &Egrave; stata una bellissima esperienza &#8211; commenta Rita &#8211; in un posto incantevole. La nostra, per&ograve;, &egrave; una storia come tantissime che avvengono quotidianamente in Italia. Non ce la facciamo a far quadrare i conti. Per cui &egrave; meglio fermarsi finch&egrave; siamo in tempo. Proseguiremo altrove questa bella avventura&raquo;.<\/p>\n<p>E s&igrave;, perch&egrave; <strong>la loro decisione &egrave; maturata non tanto per la scelta imprenditoriale sbagliata ma per un luogo incantevole che viene trattato come &quot;Cenerentola<\/strong>&quot;: &laquo;<a href=\"https:\/\/www.facebook.com\/photo.php?fbid=528464010574682&amp;set=a.108043022616785.22148.100002332649210&amp;type=1&amp;theater\" target=\"_blank\"> L&#8217;affetto dei nostri clienti &egrave; l&igrave; da vedere nella nostra pagia di Facebook.<\/a> &nbsp;Abbiamo proposto una formula che ha avuto grandi riscontri. Purtroppo il Sacro Monte non &egrave; sostenuto. La questione dei parcheggi e le multe continue danneggiano la gran parte delle attivit&agrave; economiche. Iniziavamo anche a vedere un numero crescente di turisti stranieri che arrivavano nel nostro albergo attirati dal contesto. Ma ora ci attende l&#8217;inverno, una stagione praticamente morta dove si registrano solo i costi. &Egrave; meglio fermarsi qui&#8230;&raquo;.<\/p>\n<p>La primavera scorsa, all&#8217;indomani delle vacanze di Pasqua, la questione dell&#8217;accessibilit&agrave; del borgo mariano era stata al centro di una polemica tra commercianti e Comune. Una pioggia di multe era fioccata sulle auto salite al Sacro Monte. <a href=\"http:\/\/www3.varesenews.it\/comunita\/lettere_al_direttore\/articolo.php?id=259213\" target=\"_blank\">I commercianti si erano lamentati chiedendo soluzioni adeguate<\/a>. Il dibattito era stato acceso con<a href=\"http:\/\/www3.varesenews.it\/varese\/cercheremo-soluzioni-alternative-ma-non-possiamo-cancellare-le-multe-259323.html\" target=\"_blank\"> l&#8217;amministrazione ferma nel respingere la richiesta di revocare le multe emesse soprattutto a difesa dei residenti <\/a>e dei loro cancelli. L&#8217;unica soluzione al problema rimane, dunque, i<a href=\"http:\/\/www3.varesenews.it\/varese\/ecco-cosa-il-comune-sta-costruendo-265601.html\" target=\"_blank\">l parcheggio da realizzarsi alla Prima Cappella<\/a>, un&#8217;opera, per&ograve;, il cui inizio &egrave; atteso per febbraio 2014.<\/p>\n<p>Rita e Oliver proseguiranno comunque la loro attivit&agrave;: &laquo;<strong>Cerchiamo un luogo meno problematico.<\/strong>&nbsp;Magari meno spettacolare ma pi&ugrave; comodo. Certo un locale come questo non lo troveremo mai pi&ugrave;. <strong>&Egrave; stata un&#8217;esperienza unica<\/strong>. Ma, ribadisco, la nostra &egrave; una storia comune a tanti altri&raquo;.<\/p>\n<p>La spettacolare terrazza torna quindi a disposizione. Con la speranza di tutti, varesini e non, che torni presto accessibile.<br type=\"_moz\" \/><\/p>\n","protected":false},"excerpt":{"rendered":"<p>Rita e Oliver chiuderanno il 3 novembre. Troppi gli ostacoli a un&#8217;attivit\u00e0 che \u00e8 nel cuore dei varesini. Il problema principale rimane l&#8217;accessibilit\u00e0 al borgo<\/p>\n","protected":false},"author":10,"featured_media":0,"comment_status":"open","ping_status":"open","sticky":false,"template":"","format":"standard","meta":{"footnotes":""},"categories":[2],"tags":[2635,380],"acf":[],"yoast_head":"<!-- This site is optimized with the Yoast SEO plugin v20.1 - https:\/\/yoast.com\/wordpress\/plugins\/seo\/ -->\n<title>Chiude il Borducan: &quot;Il Sacro Monte \u00e8 abbandonato&quot;<\/title>\n<meta name=\"description\" content=\"Rita e Oliver chiuderanno il 3 novembre. Troppi gli ostacoli a un&#039;attivit\u00e0 che \u00e8 nel cuore dei varesini. Il problema principale rimane l&#039;accessibilit\u00e0 al borgo\" \/>\n<meta name=\"robots\" content=\"noindex, follow, max-snippet:-1, max-image-preview:large, max-video-preview:-1\" \/>\n<meta property=\"og:locale\" content=\"it_IT\" \/>\n<meta property=\"og:type\" content=\"article\" \/>\n<meta property=\"og:title\" content=\"Chiude il Borducan: &quot;Il Sacro Monte \u00e8 abbandonato&quot;\" \/>\n<meta property=\"og:description\" content=\"Rita e Oliver chiuderanno il 3 novembre. Troppi gli ostacoli a un&#039;attivit\u00e0 che \u00e8 nel cuore dei varesini. Il problema principale rimane l&#039;accessibilit\u00e0 al borgo\" \/>\n<meta property=\"og:url\" content=\"https:\/\/staging.varesenews.it\/2013\/11\/chiude-il-borducan-il-sacro-monte-e-abbandonato\/48764\/\" \/>\n<meta property=\"og:site_name\" content=\"VareseNews\" \/>\n<meta property=\"article:publisher\" content=\"https:\/\/www.facebook.com\/varesenews\" \/>\n<meta property=\"article:published_time\" content=\"2013-11-02T00:00:00+00:00\" \/>\n<meta property=\"og:image\" content=\"https:\/\/www3.varesenews.it\/immagini_articoli\/201311\/borducan12.jpg\" \/>\n<meta name=\"author\" content=\"Redazione VareseNews\" \/>\n<meta name=\"twitter:card\" content=\"summary_large_image\" \/>\n<meta name=\"twitter:creator\" content=\"@varesenews\" \/>\n<meta name=\"twitter:site\" content=\"@varesenews\" \/>\n<meta name=\"twitter:label1\" content=\"Scritto da\" \/>\n\t<meta name=\"twitter:data1\" content=\"Redazione VareseNews\" \/>\n\t<meta name=\"twitter:label2\" content=\"Tempo di lettura stimato\" \/>\n\t<meta name=\"twitter:data2\" content=\"2 minuti\" \/>\n<script type=\"application\/ld+json\" class=\"yoast-schema-graph\">{\"@context\":\"https:\/\/schema.org\",\"@graph\":[{\"@type\":\"WebPage\",\"@id\":\"https:\/\/staging.varesenews.it\/2013\/11\/chiude-il-borducan-il-sacro-monte-e-abbandonato\/48764\/\",\"url\":\"https:\/\/staging.varesenews.it\/2013\/11\/chiude-il-borducan-il-sacro-monte-e-abbandonato\/48764\/\",\"name\":\"Chiude il Borducan: \\\"Il Sacro Monte \u00e8 abbandonato\\\"\",\"isPartOf\":{\"@id\":\"https:\/\/staging.varesenews.it\/#website\"},\"datePublished\":\"2013-11-02T00:00:00+00:00\",\"dateModified\":\"2013-11-02T00:00:00+00:00\",\"author\":{\"@id\":\"https:\/\/staging.varesenews.it\/#\/schema\/person\/fb20c4da0b7b16c291707a20db73e169\"},\"description\":\"Rita e Oliver chiuderanno il 3 novembre. Troppi gli ostacoli a un'attivit\u00e0 che \u00e8 nel cuore dei varesini. Il problema principale rimane l'accessibilit\u00e0 al borgo\",\"breadcrumb\":{\"@id\":\"https:\/\/staging.varesenews.it\/2013\/11\/chiude-il-borducan-il-sacro-monte-e-abbandonato\/48764\/#breadcrumb\"},\"inLanguage\":\"it-IT\",\"potentialAction\":[{\"@type\":\"ReadAction\",\"target\":[\"https:\/\/staging.varesenews.it\/2013\/11\/chiude-il-borducan-il-sacro-monte-e-abbandonato\/48764\/\"]}]},{\"@type\":\"BreadcrumbList\",\"@id\":\"https:\/\/staging.varesenews.it\/2013\/11\/chiude-il-borducan-il-sacro-monte-e-abbandonato\/48764\/#breadcrumb\",\"itemListElement\":[{\"@type\":\"ListItem\",\"position\":1,\"name\":\"Home\",\"item\":\"https:\/\/www.varesenews.it\/\"},{\"@type\":\"ListItem\",\"position\":2,\"name\":\"Chiude il Borducan: &#8220;Il Sacro Monte \u00e8 abbandonato&#8221;\"}]},{\"@type\":\"WebSite\",\"@id\":\"https:\/\/staging.varesenews.it\/#website\",\"url\":\"https:\/\/staging.varesenews.it\/\",\"name\":\"VareseNews\",\"description\":\"\",\"potentialAction\":[{\"@type\":\"SearchAction\",\"target\":{\"@type\":\"EntryPoint\",\"urlTemplate\":\"https:\/\/staging.varesenews.it\/?s={search_term_string}\"},\"query-input\":\"required name=search_term_string\"}],\"inLanguage\":\"it-IT\"},{\"@type\":\"Person\",\"@id\":\"https:\/\/staging.varesenews.it\/#\/schema\/person\/fb20c4da0b7b16c291707a20db73e169\",\"name\":\"Redazione VareseNews\",\"image\":{\"@type\":\"ImageObject\",\"inLanguage\":\"it-IT\",\"@id\":\"https:\/\/staging.varesenews.it\/#\/schema\/person\/image\/\",\"url\":\"https:\/\/staging.varesenews.it\/wp-content\/uploads\/2020\/12\/logo_VN_colori_500.png\",\"contentUrl\":\"https:\/\/staging.varesenews.it\/wp-content\/uploads\/2020\/12\/logo_VN_colori_500.png\",\"caption\":\"Redazione VareseNews\"},\"url\":\"https:\/\/staging.varesenews.it\/persona\/redazione1\/\"}]}<\/script>\n<!-- \/ Yoast SEO plugin. -->","yoast_head_json":{"title":"Chiude il Borducan: \"Il Sacro Monte \u00e8 abbandonato\"","description":"Rita e Oliver chiuderanno il 3 novembre. Troppi gli ostacoli a un'attivit\u00e0 che \u00e8 nel cuore dei varesini. Il problema principale rimane l'accessibilit\u00e0 al borgo","robots":{"index":"noindex","follow":"follow","max-snippet":"max-snippet:-1","max-image-preview":"max-image-preview:large","max-video-preview":"max-video-preview:-1"},"og_locale":"it_IT","og_type":"article","og_title":"Chiude il Borducan: \"Il Sacro Monte \u00e8 abbandonato\"","og_description":"Rita e Oliver chiuderanno il 3 novembre. Troppi gli ostacoli a un'attivit\u00e0 che \u00e8 nel cuore dei varesini. Il problema principale rimane l'accessibilit\u00e0 al borgo","og_url":"https:\/\/staging.varesenews.it\/2013\/11\/chiude-il-borducan-il-sacro-monte-e-abbandonato\/48764\/","og_site_name":"VareseNews","article_publisher":"https:\/\/www.facebook.com\/varesenews","article_published_time":"2013-11-02T00:00:00+00:00","og_image":[{"url":"https:\/\/www3.varesenews.it\/immagini_articoli\/201311\/borducan12.jpg"}],"author":"Redazione VareseNews","twitter_card":"summary_large_image","twitter_creator":"@varesenews","twitter_site":"@varesenews","twitter_misc":{"Scritto da":"Redazione VareseNews","Tempo di lettura stimato":"2 minuti"},"schema":{"@context":"https:\/\/schema.org","@graph":[{"@type":"WebPage","@id":"https:\/\/staging.varesenews.it\/2013\/11\/chiude-il-borducan-il-sacro-monte-e-abbandonato\/48764\/","url":"https:\/\/staging.varesenews.it\/2013\/11\/chiude-il-borducan-il-sacro-monte-e-abbandonato\/48764\/","name":"Chiude il Borducan: \"Il Sacro Monte \u00e8 abbandonato\"","isPartOf":{"@id":"https:\/\/staging.varesenews.it\/#website"},"datePublished":"2013-11-02T00:00:00+00:00","dateModified":"2013-11-02T00:00:00+00:00","author":{"@id":"https:\/\/staging.varesenews.it\/#\/schema\/person\/fb20c4da0b7b16c291707a20db73e169"},"description":"Rita e Oliver chiuderanno il 3 novembre. Troppi gli ostacoli a un'attivit\u00e0 che \u00e8 nel cuore dei varesini. Il problema principale rimane l'accessibilit\u00e0 al borgo","breadcrumb":{"@id":"https:\/\/staging.varesenews.it\/2013\/11\/chiude-il-borducan-il-sacro-monte-e-abbandonato\/48764\/#breadcrumb"},"inLanguage":"it-IT","potentialAction":[{"@type":"ReadAction","target":["https:\/\/staging.varesenews.it\/2013\/11\/chiude-il-borducan-il-sacro-monte-e-abbandonato\/48764\/"]}]},{"@type":"BreadcrumbList","@id":"https:\/\/staging.varesenews.it\/2013\/11\/chiude-il-borducan-il-sacro-monte-e-abbandonato\/48764\/#breadcrumb","itemListElement":[{"@type":"ListItem","position":1,"name":"Home","item":"https:\/\/www.varesenews.it\/"},{"@type":"ListItem","position":2,"name":"Chiude il Borducan: &#8220;Il Sacro Monte \u00e8 abbandonato&#8221;"}]},{"@type":"WebSite","@id":"https:\/\/staging.varesenews.it\/#website","url":"https:\/\/staging.varesenews.it\/","name":"VareseNews","description":"","potentialAction":[{"@type":"SearchAction","target":{"@type":"EntryPoint","urlTemplate":"https:\/\/staging.varesenews.it\/?s={search_term_string}"},"query-input":"required name=search_term_string"}],"inLanguage":"it-IT"},{"@type":"Person","@id":"https:\/\/staging.varesenews.it\/#\/schema\/person\/fb20c4da0b7b16c291707a20db73e169","name":"Redazione VareseNews","image":{"@type":"ImageObject","inLanguage":"it-IT","@id":"https:\/\/staging.varesenews.it\/#\/schema\/person\/image\/","url":"https:\/\/staging.varesenews.it\/wp-content\/uploads\/2020\/12\/logo_VN_colori_500.png","contentUrl":"https:\/\/staging.varesenews.it\/wp-content\/uploads\/2020\/12\/logo_VN_colori_500.png","caption":"Redazione VareseNews"},"url":"https:\/\/staging.varesenews.it\/persona\/redazione1\/"}]}},"post_meta":{"id_old":"274835","argomento":"Varese","autore_old":"A.T.","id_link_fotogallery":"298153"},"photos":[],"_links":{"self":[{"href":"https:\/\/staging.varesenews.it\/swgapi\/v1\/wp\/v2\/posts\/48764"}],"collection":[{"href":"https:\/\/staging.varesenews.it\/swgapi\/v1\/wp\/v2\/posts"}],"about":[{"href":"https:\/\/staging.varesenews.it\/swgapi\/v1\/wp\/v2\/types\/post"}],"author":[{"embeddable":true,"href":"https:\/\/staging.varesenews.it\/swgapi\/v1\/wp\/v2\/users\/10"}],"replies":[{"embeddable":true,"href":"https:\/\/staging.varesenews.it\/swgapi\/v1\/wp\/v2\/comments?post=48764"}],"version-history":[{"count":0,"href":"https:\/\/staging.varesenews.it\/swgapi\/v1\/wp\/v2\/posts\/48764\/revisions"}],"wp:attachment":[{"href":"https:\/\/staging.varesenews.it\/swgapi\/v1\/wp\/v2\/media?parent=48764"}],"wp:term":[{"taxonomy":"category","embeddable":true,"href":"https:\/\/staging.varesenews.it\/swgapi\/v1\/wp\/v2\/categories?post=48764"},{"taxonomy":"post_tag","embeddable":true,"href":"https:\/\/staging.varesenews.it\/swgapi\/v1\/wp\/v2\/tags?post=48764"}],"curies":[{"name":"wp","href":"https:\/\/api.w.org\/{rel}","templated":true}]}}