{"id":488502,"date":"2016-02-19T18:53:01","date_gmt":"2016-02-19T17:53:01","guid":{"rendered":"http:\/\/www.varesenews.it\/?p=488502"},"modified":"2016-02-19T18:53:01","modified_gmt":"2016-02-19T17:53:01","slug":"il-trofeo-binda-si-svela-al-chiostro-di-voltorre","status":"publish","type":"post","link":"https:\/\/staging.varesenews.it\/2016\/02\/il-trofeo-binda-si-svela-al-chiostro-di-voltorre\/488502\/","title":{"rendered":"Il Trofeo Binda si svela al Chiostro di Voltorre"},"content":{"rendered":"<p>\u00c8 lo splendido <strong>Chiostro di Voltorre<\/strong> la cornice scelta dalla Cycling Sport Promotion per presentare ufficialmente i<strong>l Trofeo Binda di ciclismo femminile,<\/strong> unica tappa italiana inserita nel principale circuito internazionale di questa disciplina.<\/p>\n<p>Sabato <strong>20 febbraio, dalle ore 18,30,<\/strong> il patron Mario <strong>Minervino<\/strong>, i suoi collaboratori e gli sponsor toglieranno gli ultimi veli sulla corsa in programma il prossimo 20 marzo. La gara per le atlete di categoria Elite sar\u00e0 affiancata anche questa volta da quella <strong>giovanile denominata Trofeo &#8220;Da Moreno&#8221;<\/strong>. In entrambi i casi la partenza sar\u00e0 data proprio a Gavirate mentre l&#8217;arrivo \u00e8 come sempre quello storico di via Valcuvia a Cittiglio. Il &#8220;Binda&#8221; misurer\u00e0 in tutto<strong> 123,3 chilometri<\/strong> per la maggior parte disegnati in Valcuvia; oltre 150 le atlete al via.<\/p>\n<blockquote><p><span style=\"color: #ff0000;\"><strong>Trofeo Binda<\/strong> <\/span>&#8211; <a href=\"http:\/\/www.varesenews.it\/tag\/trofeo-binda\/\" target=\"_blank\">Tutti gli articoli<\/a><\/p><\/blockquote>\n<p><strong>ALAFACI E SAN VALENTINO<\/strong> &#8211; Abbiamo gi\u00e0 parlato nelle scorse settimane della pedalata di <strong>San Valentino<\/strong>, la manifestazione prevista per <strong>domenica 21 a Gavirate<\/strong> con un lungo tratto da percorrere ad andatura cicloturistica, e un finale aperto anche all&#8217;agonismo (si chiude a <strong>Orino<\/strong>). La bella novit\u00e0 \u00e8 la presenza in gruppo di <strong>Eugenio Alafaci<\/strong>, il corridore di Carnago che gareggia tra i professionisti con la maglia della Trek Segafredo.<\/p>\n<blockquote><p><a title=\"La \u201cPedalata di San Valentino\u201d compie 40 anni\" href=\"http:\/\/www.varesenews.it\/2016\/01\/la-pedalata-di-san-valentino-compie-40-anni\/478029\/\"><span style=\"color: #ff0000;\"><strong>Pedalata di San Valentino<\/strong><\/span> &#8211; La presentazione<\/a><\/p><\/blockquote>\n<p><strong>CHIRICO IN MALESIA<\/strong> &#8211; Intanto <strong>Luca Chirico,<\/strong> il &#8220;pro&#8221; di Porto Ceresio, sar\u00e0 al via del <strong>Tour de Langkawi<\/strong>\u00a0con i colori della Bardiani Csf. C&#8217;\u00e8 una certa attesa sul conto del giovane scalatore varesino, che proprio in questa corsa lontana nella passata edizione colse alcuni piazzamenti di rilievo e il <strong>settimo\u00a0posto<\/strong> della classifica finale.<\/p>\n","protected":false},"excerpt":{"rendered":"<p>Sabato 20 la presentazione ufficiale della corsa femminile. Domenica 21 Alafaci alla Pedalata di S. Valentino. Chirico corre in Malesia<\/p>\n","protected":false},"author":38,"featured_media":0,"comment_status":"open","ping_status":"open","sticky":false,"template":"","format":"standard","meta":{"footnotes":""},"categories":[14,2],"tags":[398,6208,158],"acf":[],"yoast_head":"<!-- This site is optimized with the Yoast SEO plugin v20.1 - https:\/\/yoast.com\/wordpress\/plugins\/seo\/ -->\n<title>Il Trofeo Binda si svela al Chiostro di Voltorre<\/title>\n<meta name=\"description\" content=\"Sabato 20 la presentazione ufficiale della corsa femminile. Domenica 21 Alafaci alla Pedalata di S. Valentino. Chirico corre in Malesia\" \/>\n<meta name=\"robots\" content=\"noindex, follow, max-snippet:-1, max-image-preview:large, max-video-preview:-1\" \/>\n<meta property=\"og:locale\" content=\"it_IT\" \/>\n<meta property=\"og:type\" content=\"article\" \/>\n<meta property=\"og:title\" content=\"Il Trofeo Binda si svela al Chiostro di Voltorre\" \/>\n<meta property=\"og:description\" content=\"Sabato 20 la presentazione ufficiale della corsa femminile. Domenica 21 Alafaci alla Pedalata di S. Valentino. Chirico corre in Malesia\" \/>\n<meta property=\"og:url\" content=\"https:\/\/staging.varesenews.it\/2016\/02\/il-trofeo-binda-si-svela-al-chiostro-di-voltorre\/488502\/\" \/>\n<meta property=\"og:site_name\" content=\"VareseNews\" \/>\n<meta property=\"article:publisher\" content=\"https:\/\/www.facebook.com\/varesenews\" \/>\n<meta property=\"article:published_time\" content=\"2016-02-19T17:53:01+00:00\" \/>\n<meta name=\"author\" content=\"Damiano Franzetti\" \/>\n<meta name=\"twitter:card\" content=\"summary_large_image\" \/>\n<meta name=\"twitter:creator\" content=\"@damianofranz\" \/>\n<meta name=\"twitter:site\" content=\"@varesenews\" \/>\n<meta name=\"twitter:label1\" content=\"Scritto da\" \/>\n\t<meta name=\"twitter:data1\" content=\"Damiano Franzetti\" \/>\n\t<meta name=\"twitter:label2\" content=\"Tempo di lettura stimato\" \/>\n\t<meta name=\"twitter:data2\" content=\"1 minuto\" \/>\n<script type=\"application\/ld+json\" class=\"yoast-schema-graph\">{\"@context\":\"https:\/\/schema.org\",\"@graph\":[{\"@type\":\"WebPage\",\"@id\":\"https:\/\/staging.varesenews.it\/2016\/02\/il-trofeo-binda-si-svela-al-chiostro-di-voltorre\/488502\/\",\"url\":\"https:\/\/staging.varesenews.it\/2016\/02\/il-trofeo-binda-si-svela-al-chiostro-di-voltorre\/488502\/\",\"name\":\"Il Trofeo Binda si svela al Chiostro di Voltorre\",\"isPartOf\":{\"@id\":\"https:\/\/staging.varesenews.it\/#website\"},\"datePublished\":\"2016-02-19T17:53:01+00:00\",\"dateModified\":\"2016-02-19T17:53:01+00:00\",\"author\":{\"@id\":\"https:\/\/staging.varesenews.it\/#\/schema\/person\/709ae3769f6b4dbde8ec332baede8a5b\"},\"description\":\"Sabato 20 la presentazione ufficiale della corsa femminile. Domenica 21 Alafaci alla Pedalata di S. Valentino. Chirico corre in Malesia\",\"breadcrumb\":{\"@id\":\"https:\/\/staging.varesenews.it\/2016\/02\/il-trofeo-binda-si-svela-al-chiostro-di-voltorre\/488502\/#breadcrumb\"},\"inLanguage\":\"it-IT\",\"potentialAction\":[{\"@type\":\"ReadAction\",\"target\":[\"https:\/\/staging.varesenews.it\/2016\/02\/il-trofeo-binda-si-svela-al-chiostro-di-voltorre\/488502\/\"]}]},{\"@type\":\"BreadcrumbList\",\"@id\":\"https:\/\/staging.varesenews.it\/2016\/02\/il-trofeo-binda-si-svela-al-chiostro-di-voltorre\/488502\/#breadcrumb\",\"itemListElement\":[{\"@type\":\"ListItem\",\"position\":1,\"name\":\"Home\",\"item\":\"https:\/\/www.varesenews.it\/\"},{\"@type\":\"ListItem\",\"position\":2,\"name\":\"Il Trofeo Binda si svela al Chiostro di Voltorre\"}]},{\"@type\":\"WebSite\",\"@id\":\"https:\/\/staging.varesenews.it\/#website\",\"url\":\"https:\/\/staging.varesenews.it\/\",\"name\":\"VareseNews\",\"description\":\"\",\"potentialAction\":[{\"@type\":\"SearchAction\",\"target\":{\"@type\":\"EntryPoint\",\"urlTemplate\":\"https:\/\/staging.varesenews.it\/?s={search_term_string}\"},\"query-input\":\"required name=search_term_string\"}],\"inLanguage\":\"it-IT\"},{\"@type\":\"Person\",\"@id\":\"https:\/\/staging.varesenews.it\/#\/schema\/person\/709ae3769f6b4dbde8ec332baede8a5b\",\"name\":\"Damiano Franzetti\",\"image\":{\"@type\":\"ImageObject\",\"inLanguage\":\"it-IT\",\"@id\":\"https:\/\/staging.varesenews.it\/#\/schema\/person\/image\/\",\"url\":\"https:\/\/staging.varesenews.it\/wp-content\/uploads\/2020\/12\/damiano_franzetti_colori_500.jpg\",\"contentUrl\":\"https:\/\/staging.varesenews.it\/wp-content\/uploads\/2020\/12\/damiano_franzetti_colori_500.jpg\",\"caption\":\"Damiano Franzetti\"},\"description\":\"Classe 1976, una laurea (nel cassetto) in scienze e tecnologie alimentari; sono giornalista professionista dal 2009 nato e cresciuto con VareseNews dove mi occupo soprattutto di sport ormai da vent&rsquo;anni. Inviato sui campi (sulle piste, sulle strade...), intervistatore, coordinatore e responsabile delle pagine sportive, mi ritaglio volentieri lo spazio per scrivere di birra sul blog Malto Gradimento. Ho seguito innumerevoli campionati di Serie A di basket, di serie B di calcio, due Mondiali di ciclismo, qualche Giro d&rsquo;;Italia e tanto altro ancora. Collaboro con Tuttosport e altre testate, mi diletto di social. Ho una moglie, un figlio, vivo nella mia Gemonio e ho purtroppo smesso con il basket giocato. &nbsp;\",\"sameAs\":[\"damianofranz\",\"https:\/\/www.linkedin.com\/profile\/view?id=241597124&trk=nav_responsive_tab_profile\",\"https:\/\/twitter.com\/damianofranz\"],\"url\":\"https:\/\/staging.varesenews.it\/persona\/damiano_franzetti-2\/\"}]}<\/script>\n<!-- \/ Yoast SEO plugin. -->","yoast_head_json":{"title":"Il Trofeo Binda si svela al Chiostro di Voltorre","description":"Sabato 20 la presentazione ufficiale della corsa femminile. Domenica 21 Alafaci alla Pedalata di S. Valentino. Chirico corre in Malesia","robots":{"index":"noindex","follow":"follow","max-snippet":"max-snippet:-1","max-image-preview":"max-image-preview:large","max-video-preview":"max-video-preview:-1"},"og_locale":"it_IT","og_type":"article","og_title":"Il Trofeo Binda si svela al Chiostro di Voltorre","og_description":"Sabato 20 la presentazione ufficiale della corsa femminile. Domenica 21 Alafaci alla Pedalata di S. Valentino. Chirico corre in Malesia","og_url":"https:\/\/staging.varesenews.it\/2016\/02\/il-trofeo-binda-si-svela-al-chiostro-di-voltorre\/488502\/","og_site_name":"VareseNews","article_publisher":"https:\/\/www.facebook.com\/varesenews","article_published_time":"2016-02-19T17:53:01+00:00","author":"Damiano Franzetti","twitter_card":"summary_large_image","twitter_creator":"@damianofranz","twitter_site":"@varesenews","twitter_misc":{"Scritto da":"Damiano Franzetti","Tempo di lettura stimato":"1 minuto"},"schema":{"@context":"https:\/\/schema.org","@graph":[{"@type":"WebPage","@id":"https:\/\/staging.varesenews.it\/2016\/02\/il-trofeo-binda-si-svela-al-chiostro-di-voltorre\/488502\/","url":"https:\/\/staging.varesenews.it\/2016\/02\/il-trofeo-binda-si-svela-al-chiostro-di-voltorre\/488502\/","name":"Il Trofeo Binda si svela al Chiostro di Voltorre","isPartOf":{"@id":"https:\/\/staging.varesenews.it\/#website"},"datePublished":"2016-02-19T17:53:01+00:00","dateModified":"2016-02-19T17:53:01+00:00","author":{"@id":"https:\/\/staging.varesenews.it\/#\/schema\/person\/709ae3769f6b4dbde8ec332baede8a5b"},"description":"Sabato 20 la presentazione ufficiale della corsa femminile. Domenica 21 Alafaci alla Pedalata di S. Valentino. Chirico corre in Malesia","breadcrumb":{"@id":"https:\/\/staging.varesenews.it\/2016\/02\/il-trofeo-binda-si-svela-al-chiostro-di-voltorre\/488502\/#breadcrumb"},"inLanguage":"it-IT","potentialAction":[{"@type":"ReadAction","target":["https:\/\/staging.varesenews.it\/2016\/02\/il-trofeo-binda-si-svela-al-chiostro-di-voltorre\/488502\/"]}]},{"@type":"BreadcrumbList","@id":"https:\/\/staging.varesenews.it\/2016\/02\/il-trofeo-binda-si-svela-al-chiostro-di-voltorre\/488502\/#breadcrumb","itemListElement":[{"@type":"ListItem","position":1,"name":"Home","item":"https:\/\/www.varesenews.it\/"},{"@type":"ListItem","position":2,"name":"Il Trofeo Binda si svela al Chiostro di Voltorre"}]},{"@type":"WebSite","@id":"https:\/\/staging.varesenews.it\/#website","url":"https:\/\/staging.varesenews.it\/","name":"VareseNews","description":"","potentialAction":[{"@type":"SearchAction","target":{"@type":"EntryPoint","urlTemplate":"https:\/\/staging.varesenews.it\/?s={search_term_string}"},"query-input":"required name=search_term_string"}],"inLanguage":"it-IT"},{"@type":"Person","@id":"https:\/\/staging.varesenews.it\/#\/schema\/person\/709ae3769f6b4dbde8ec332baede8a5b","name":"Damiano Franzetti","image":{"@type":"ImageObject","inLanguage":"it-IT","@id":"https:\/\/staging.varesenews.it\/#\/schema\/person\/image\/","url":"https:\/\/staging.varesenews.it\/wp-content\/uploads\/2020\/12\/damiano_franzetti_colori_500.jpg","contentUrl":"https:\/\/staging.varesenews.it\/wp-content\/uploads\/2020\/12\/damiano_franzetti_colori_500.jpg","caption":"Damiano Franzetti"},"description":"Classe 1976, una laurea (nel cassetto) in scienze e tecnologie alimentari; sono giornalista professionista dal 2009 nato e cresciuto con VareseNews dove mi occupo soprattutto di sport ormai da vent&rsquo;anni. Inviato sui campi (sulle piste, sulle strade...), intervistatore, coordinatore e responsabile delle pagine sportive, mi ritaglio volentieri lo spazio per scrivere di birra sul blog Malto Gradimento. Ho seguito innumerevoli campionati di Serie A di basket, di serie B di calcio, due Mondiali di ciclismo, qualche Giro d&rsquo;;Italia e tanto altro ancora. Collaboro con Tuttosport e altre testate, mi diletto di social. Ho una moglie, un figlio, vivo nella mia Gemonio e ho purtroppo smesso con il basket giocato. &nbsp;","sameAs":["damianofranz","https:\/\/www.linkedin.com\/profile\/view?id=241597124&trk=nav_responsive_tab_profile","https:\/\/twitter.com\/damianofranz"],"url":"https:\/\/staging.varesenews.it\/persona\/damiano_franzetti-2\/"}]}},"post_meta":{"_edit_lock":"1455905969:38","_edit_last":"38","_category_permalink":"14","wdfb_og_title":"","wdfb_og_type":"","wdfb_og_description":"","wdfb_og_images":"a:1:{i:0;s:0:\"\";}","wdfb_og_custom_name":"a:1:{i:0;s:0:\"\";}","wdfb_og_custom_value":"a:1:{i:0;s:0:\"\";}","foto":"11133","argomento":"Ciclismo","_jd_twitter":"","_jd_tweet_this":"yes","ratings_users":"0","ratings_score":"0","ratings_average":"0","_wpt_short_url":"http:\/\/www.varesenews.it\/2016\/02\/il-trofeo-binda-si-svela-al-chiostro-di-voltorre\/488502\/","_wp_jd_target":"http:\/\/www.varesenews.it\/2016\/02\/il-trofeo-binda-si-svela-al-chiostro-di-voltorre\/488502\/","_jd_wp_twitter":"a:1:{i:0;s:170:\"Il Trofeo Binda si svela al Chiostro di Voltorre http:\/\/www.varesenews.it\/2016\/02\/il-trofeo-binda-si-svela-al-chiostro-di-voltorre\/488502\/ #ciclismo #trofeobinda #weekend\";}","_wpt_status_message":"Tweet inviato con successo.","id_leggi_anche":"498629"},"photos":[{"original":"https:\/\/staging.varesenews.it\/photogallery_new\/images\/2014\/03\/trofeo-binda-2014-trionfa-johansson-inserita-in-galleria-11133.jpg","full":"https:\/\/staging.varesenews.it\/photogallery_new\/images\/2014\/03\/trofeo-binda-2014-trionfa-johansson-inserita-in-galleria-11133.1024x768.jpg","large":"https:\/\/staging.varesenews.it\/photogallery_new\/images\/2014\/03\/trofeo-binda-2014-trionfa-johansson-inserita-in-galleria-11133.610x431.jpg"}],"_links":{"self":[{"href":"https:\/\/staging.varesenews.it\/swgapi\/v1\/wp\/v2\/posts\/488502"}],"collection":[{"href":"https:\/\/staging.varesenews.it\/swgapi\/v1\/wp\/v2\/posts"}],"about":[{"href":"https:\/\/staging.varesenews.it\/swgapi\/v1\/wp\/v2\/types\/post"}],"author":[{"embeddable":true,"href":"https:\/\/staging.varesenews.it\/swgapi\/v1\/wp\/v2\/users\/38"}],"replies":[{"embeddable":true,"href":"https:\/\/staging.varesenews.it\/swgapi\/v1\/wp\/v2\/comments?post=488502"}],"version-history":[{"count":0,"href":"https:\/\/staging.varesenews.it\/swgapi\/v1\/wp\/v2\/posts\/488502\/revisions"}],"wp:attachment":[{"href":"https:\/\/staging.varesenews.it\/swgapi\/v1\/wp\/v2\/media?parent=488502"}],"wp:term":[{"taxonomy":"category","embeddable":true,"href":"https:\/\/staging.varesenews.it\/swgapi\/v1\/wp\/v2\/categories?post=488502"},{"taxonomy":"post_tag","embeddable":true,"href":"https:\/\/staging.varesenews.it\/swgapi\/v1\/wp\/v2\/tags?post=488502"}],"curies":[{"name":"wp","href":"https:\/\/api.w.org\/{rel}","templated":true}]}}