{"id":489316,"date":"2016-02-23T10:13:47","date_gmt":"2016-02-23T09:13:47","guid":{"rendered":"http:\/\/www.varesenews.it\/?p=489316"},"modified":"2016-02-23T10:13:47","modified_gmt":"2016-02-23T09:13:47","slug":"toni-capuozzo-parla-de-il-segreto-dei-maro","status":"publish","type":"post","link":"https:\/\/staging.varesenews.it\/2016\/02\/toni-capuozzo-parla-de-il-segreto-dei-maro\/489316\/","title":{"rendered":"Toni Capuozzo parla de &#8220;Il segreto dei Mar\u00f2&#8221;"},"content":{"rendered":"<p class=\"p1\"><strong>Mercoled\u00ec 24 febbraio<\/strong> con inizio alle ore 20.00, all&#8217;<strong>Istituto Alberghiero De Filippi<\/strong> via Brambilla, 16<strong> Toni Capuozzo<\/strong> parler\u00e0 de &#8220;<b>Il segreto dei mar\u00f2&#8221;.<\/b><\/p>\n<p class=\"p3\">Dalla voce del giornalista per eccellenza la storia del caso mar\u00f2, Toni Capuozzo ci racconter\u00e0 una vicenda che da anni tiene sulla corda la diplomazia italiana e quella indiana.<\/p>\n<p class=\"p1\">Durante la serata un gruppo di allievi dell\u2019Istituto De Filippi apparecchier\u00e0 e cuciner\u00e0 diretto dal proprio chef; il<strong> loro lavoro \u00e8 un concorso e il pubblico voter\u00e0 il miglior piatto e la migliore presentazione<\/strong>. I vincitori verranno premiati la serata finale prevista nel mese di maggio 2016.<\/p>\n<p class=\"p1\">Ogni serata prevede la quota di <strong>25 euro a persona, 20 euro per i soci<\/strong> (possibilit\u00e0 di associarsi in loco)<\/p>\n<p class=\"p3\">Per maggiori informazioni: <a href=\"mailto:letrecuriose@gmail.com\"><span class=\"s1\">letrecuriose@gmail.com<\/span><\/a>, tel. <a href=\"tel:0332%20238004\"><span class=\"s1\">0332 238004<\/span><\/a><\/p>\n","protected":false},"excerpt":{"rendered":"<p>All&#8217;istituto De Filippi, mercoled\u00ec 23 febbraio serata di cronaca accompagnata da un concorso culinario degli studenti<\/p>\n","protected":false},"author":33,"featured_media":0,"comment_status":"open","ping_status":"open","sticky":false,"template":"","format":"standard","meta":{"footnotes":""},"categories":[90,21],"tags":[1351],"acf":[],"yoast_head":"<!-- This site is optimized with the Yoast SEO plugin v20.1 - https:\/\/yoast.com\/wordpress\/plugins\/seo\/ -->\n<title>Toni Capuozzo parla de &quot;Il segreto dei Mar\u00f2&quot;<\/title>\n<meta name=\"description\" content=\"All&#039;istituto De Filippi, mercoled\u00ec 23 febbraio serata di cronaca accompagnata da un concorso culinario degli studenti\" \/>\n<meta name=\"robots\" content=\"noindex, follow, max-snippet:-1, max-image-preview:large, max-video-preview:-1\" \/>\n<meta property=\"og:locale\" content=\"it_IT\" \/>\n<meta property=\"og:type\" content=\"article\" \/>\n<meta property=\"og:title\" content=\"Toni Capuozzo parla de &quot;Il segreto dei Mar\u00f2&quot;\" \/>\n<meta property=\"og:description\" content=\"All&#039;istituto De Filippi, mercoled\u00ec 23 febbraio serata di cronaca accompagnata da un concorso culinario degli studenti\" \/>\n<meta property=\"og:url\" content=\"https:\/\/staging.varesenews.it\/2016\/02\/toni-capuozzo-parla-de-il-segreto-dei-maro\/489316\/\" \/>\n<meta property=\"og:site_name\" content=\"VareseNews\" \/>\n<meta property=\"article:publisher\" content=\"https:\/\/www.facebook.com\/varesenews\" \/>\n<meta property=\"article:author\" content=\"alessandra.toni7\" \/>\n<meta property=\"article:published_time\" content=\"2016-02-23T09:13:47+00:00\" \/>\n<meta name=\"author\" content=\"Alessandra Toni\" \/>\n<meta name=\"twitter:card\" content=\"summary_large_image\" \/>\n<meta name=\"twitter:creator\" content=\"@alessandra_toni\" \/>\n<meta name=\"twitter:site\" content=\"@varesenews\" \/>\n<meta name=\"twitter:label1\" content=\"Scritto da\" \/>\n\t<meta name=\"twitter:data1\" content=\"Alessandra Toni\" \/>\n\t<meta name=\"twitter:label2\" content=\"Tempo di lettura stimato\" \/>\n\t<meta name=\"twitter:data2\" content=\"1 minuto\" \/>\n<script type=\"application\/ld+json\" class=\"yoast-schema-graph\">{\"@context\":\"https:\/\/schema.org\",\"@graph\":[{\"@type\":\"WebPage\",\"@id\":\"https:\/\/staging.varesenews.it\/2016\/02\/toni-capuozzo-parla-de-il-segreto-dei-maro\/489316\/\",\"url\":\"https:\/\/staging.varesenews.it\/2016\/02\/toni-capuozzo-parla-de-il-segreto-dei-maro\/489316\/\",\"name\":\"Toni Capuozzo parla de \\\"Il segreto dei Mar\u00f2\\\"\",\"isPartOf\":{\"@id\":\"https:\/\/staging.varesenews.it\/#website\"},\"datePublished\":\"2016-02-23T09:13:47+00:00\",\"dateModified\":\"2016-02-23T09:13:47+00:00\",\"author\":{\"@id\":\"https:\/\/staging.varesenews.it\/#\/schema\/person\/2643ce123d4a3c9511e015dc548779b8\"},\"description\":\"All'istituto De Filippi, mercoled\u00ec 23 febbraio serata di cronaca accompagnata da un concorso culinario degli studenti\",\"breadcrumb\":{\"@id\":\"https:\/\/staging.varesenews.it\/2016\/02\/toni-capuozzo-parla-de-il-segreto-dei-maro\/489316\/#breadcrumb\"},\"inLanguage\":\"it-IT\",\"potentialAction\":[{\"@type\":\"ReadAction\",\"target\":[\"https:\/\/staging.varesenews.it\/2016\/02\/toni-capuozzo-parla-de-il-segreto-dei-maro\/489316\/\"]}]},{\"@type\":\"BreadcrumbList\",\"@id\":\"https:\/\/staging.varesenews.it\/2016\/02\/toni-capuozzo-parla-de-il-segreto-dei-maro\/489316\/#breadcrumb\",\"itemListElement\":[{\"@type\":\"ListItem\",\"position\":1,\"name\":\"Home\",\"item\":\"https:\/\/www.varesenews.it\/\"},{\"@type\":\"ListItem\",\"position\":2,\"name\":\"Toni Capuozzo parla de &#8220;Il segreto dei Mar\u00f2&#8221;\"}]},{\"@type\":\"WebSite\",\"@id\":\"https:\/\/staging.varesenews.it\/#website\",\"url\":\"https:\/\/staging.varesenews.it\/\",\"name\":\"VareseNews\",\"description\":\"\",\"potentialAction\":[{\"@type\":\"SearchAction\",\"target\":{\"@type\":\"EntryPoint\",\"urlTemplate\":\"https:\/\/staging.varesenews.it\/?s={search_term_string}\"},\"query-input\":\"required name=search_term_string\"}],\"inLanguage\":\"it-IT\"},{\"@type\":\"Person\",\"@id\":\"https:\/\/staging.varesenews.it\/#\/schema\/person\/2643ce123d4a3c9511e015dc548779b8\",\"name\":\"Alessandra Toni\",\"image\":{\"@type\":\"ImageObject\",\"inLanguage\":\"it-IT\",\"@id\":\"https:\/\/staging.varesenews.it\/#\/schema\/person\/image\/\",\"url\":\"https:\/\/staging.varesenews.it\/wp-content\/uploads\/2020\/12\/alessandra_toni_colori_500.jpg\",\"contentUrl\":\"https:\/\/staging.varesenews.it\/wp-content\/uploads\/2020\/12\/alessandra_toni_colori_500.jpg\",\"caption\":\"Alessandra Toni\"},\"description\":\"Sono entrata nella redazione di VareseNews nel lontano anno 2000. Ero reduce da una bellissima esperienza nella redazione giornalistica della TV Nuova Antennatre, sotto la direzione dell'indimenticabile direttore Adolfo Caldarini. Sono arrivata quando era ancora una piccola realt\u00e0 editoriale e insieme abbiamo fatto un lungo ed entusiasmante lavoro. Mi occupo prevalentemente di scuola e di sanit\u00e0, settori impegnativi di grande valore sociale.\u00a0\",\"sameAs\":[\"alessandra.toni7\",\"alessandra.toni\",\"https:\/\/twitter.com\/alessandra_toni\"],\"url\":\"https:\/\/staging.varesenews.it\/persona\/alessandra_toni1\/\"}]}<\/script>\n<!-- \/ Yoast SEO plugin. -->","yoast_head_json":{"title":"Toni Capuozzo parla de \"Il segreto dei Mar\u00f2\"","description":"All'istituto De Filippi, mercoled\u00ec 23 febbraio serata di cronaca accompagnata da un concorso culinario degli studenti","robots":{"index":"noindex","follow":"follow","max-snippet":"max-snippet:-1","max-image-preview":"max-image-preview:large","max-video-preview":"max-video-preview:-1"},"og_locale":"it_IT","og_type":"article","og_title":"Toni Capuozzo parla de \"Il segreto dei Mar\u00f2\"","og_description":"All'istituto De Filippi, mercoled\u00ec 23 febbraio serata di cronaca accompagnata da un concorso culinario degli studenti","og_url":"https:\/\/staging.varesenews.it\/2016\/02\/toni-capuozzo-parla-de-il-segreto-dei-maro\/489316\/","og_site_name":"VareseNews","article_publisher":"https:\/\/www.facebook.com\/varesenews","article_author":"alessandra.toni7","article_published_time":"2016-02-23T09:13:47+00:00","author":"Alessandra Toni","twitter_card":"summary_large_image","twitter_creator":"@alessandra_toni","twitter_site":"@varesenews","twitter_misc":{"Scritto da":"Alessandra Toni","Tempo di lettura stimato":"1 minuto"},"schema":{"@context":"https:\/\/schema.org","@graph":[{"@type":"WebPage","@id":"https:\/\/staging.varesenews.it\/2016\/02\/toni-capuozzo-parla-de-il-segreto-dei-maro\/489316\/","url":"https:\/\/staging.varesenews.it\/2016\/02\/toni-capuozzo-parla-de-il-segreto-dei-maro\/489316\/","name":"Toni Capuozzo parla de \"Il segreto dei Mar\u00f2\"","isPartOf":{"@id":"https:\/\/staging.varesenews.it\/#website"},"datePublished":"2016-02-23T09:13:47+00:00","dateModified":"2016-02-23T09:13:47+00:00","author":{"@id":"https:\/\/staging.varesenews.it\/#\/schema\/person\/2643ce123d4a3c9511e015dc548779b8"},"description":"All'istituto De Filippi, mercoled\u00ec 23 febbraio serata di cronaca accompagnata da un concorso culinario degli studenti","breadcrumb":{"@id":"https:\/\/staging.varesenews.it\/2016\/02\/toni-capuozzo-parla-de-il-segreto-dei-maro\/489316\/#breadcrumb"},"inLanguage":"it-IT","potentialAction":[{"@type":"ReadAction","target":["https:\/\/staging.varesenews.it\/2016\/02\/toni-capuozzo-parla-de-il-segreto-dei-maro\/489316\/"]}]},{"@type":"BreadcrumbList","@id":"https:\/\/staging.varesenews.it\/2016\/02\/toni-capuozzo-parla-de-il-segreto-dei-maro\/489316\/#breadcrumb","itemListElement":[{"@type":"ListItem","position":1,"name":"Home","item":"https:\/\/www.varesenews.it\/"},{"@type":"ListItem","position":2,"name":"Toni Capuozzo parla de &#8220;Il segreto dei Mar\u00f2&#8221;"}]},{"@type":"WebSite","@id":"https:\/\/staging.varesenews.it\/#website","url":"https:\/\/staging.varesenews.it\/","name":"VareseNews","description":"","potentialAction":[{"@type":"SearchAction","target":{"@type":"EntryPoint","urlTemplate":"https:\/\/staging.varesenews.it\/?s={search_term_string}"},"query-input":"required name=search_term_string"}],"inLanguage":"it-IT"},{"@type":"Person","@id":"https:\/\/staging.varesenews.it\/#\/schema\/person\/2643ce123d4a3c9511e015dc548779b8","name":"Alessandra Toni","image":{"@type":"ImageObject","inLanguage":"it-IT","@id":"https:\/\/staging.varesenews.it\/#\/schema\/person\/image\/","url":"https:\/\/staging.varesenews.it\/wp-content\/uploads\/2020\/12\/alessandra_toni_colori_500.jpg","contentUrl":"https:\/\/staging.varesenews.it\/wp-content\/uploads\/2020\/12\/alessandra_toni_colori_500.jpg","caption":"Alessandra Toni"},"description":"Sono entrata nella redazione di VareseNews nel lontano anno 2000. Ero reduce da una bellissima esperienza nella redazione giornalistica della TV Nuova Antennatre, sotto la direzione dell'indimenticabile direttore Adolfo Caldarini. Sono arrivata quando era ancora una piccola realt\u00e0 editoriale e insieme abbiamo fatto un lungo ed entusiasmante lavoro. Mi occupo prevalentemente di scuola e di sanit\u00e0, settori impegnativi di grande valore sociale.\u00a0","sameAs":["alessandra.toni7","alessandra.toni","https:\/\/twitter.com\/alessandra_toni"],"url":"https:\/\/staging.varesenews.it\/persona\/alessandra_toni1\/"}]}},"post_meta":{"_edit_lock":"1456218711:33","_edit_last":"33","_category_permalink":"90","wdfb_og_title":"","wdfb_og_type":"","wdfb_og_description":"","wdfb_og_images":"a:1:{i:0;s:0:\"\";}","wdfb_og_custom_name":"a:1:{i:0;s:0:\"\";}","wdfb_og_custom_value":"a:1:{i:0;s:0:\"\";}","foto":"511683","firma_come_redazione":"1","argomento":"Varese","_jd_twitter":"","_jd_tweet_this":"yes","ratings_users":"0","ratings_score":"0","ratings_average":"0","_wpt_short_url":"http:\/\/www.varesenews.it\/2016\/02\/toni-capuozzo-parla-de-il-segreto-dei-maro\/489316\/","_wp_jd_target":"http:\/\/www.varesenews.it\/2016\/02\/toni-capuozzo-parla-de-il-segreto-dei-maro\/489316\/","_jd_wp_twitter":"a:1:{i:0;s:130:\"Toni Capuozzo parla de \"Il segreto dei Mar\u00f2\" http:\/\/www.varesenews.it\/2016\/02\/toni-capuozzo-parla-de-il-segreto-dei-maro\/489316\/ \";}","_wpt_status_message":"Tweet inviato con successo."},"photos":[{"original":"https:\/\/staging.varesenews.it\/photogallery_new\/images\/2016\/02\/toni-capuozzo-511683.jpg","full":"https:\/\/staging.varesenews.it\/photogallery_new\/images\/2016\/02\/toni-capuozzo-511683.1024x768.jpg","large":"https:\/\/staging.varesenews.it\/photogallery_new\/images\/2016\/02\/toni-capuozzo-511683.610x431.jpg"}],"_links":{"self":[{"href":"https:\/\/staging.varesenews.it\/swgapi\/v1\/wp\/v2\/posts\/489316"}],"collection":[{"href":"https:\/\/staging.varesenews.it\/swgapi\/v1\/wp\/v2\/posts"}],"about":[{"href":"https:\/\/staging.varesenews.it\/swgapi\/v1\/wp\/v2\/types\/post"}],"author":[{"embeddable":true,"href":"https:\/\/staging.varesenews.it\/swgapi\/v1\/wp\/v2\/users\/33"}],"replies":[{"embeddable":true,"href":"https:\/\/staging.varesenews.it\/swgapi\/v1\/wp\/v2\/comments?post=489316"}],"version-history":[{"count":0,"href":"https:\/\/staging.varesenews.it\/swgapi\/v1\/wp\/v2\/posts\/489316\/revisions"}],"wp:attachment":[{"href":"https:\/\/staging.varesenews.it\/swgapi\/v1\/wp\/v2\/media?parent=489316"}],"wp:term":[{"taxonomy":"category","embeddable":true,"href":"https:\/\/staging.varesenews.it\/swgapi\/v1\/wp\/v2\/categories?post=489316"},{"taxonomy":"post_tag","embeddable":true,"href":"https:\/\/staging.varesenews.it\/swgapi\/v1\/wp\/v2\/tags?post=489316"}],"curies":[{"name":"wp","href":"https:\/\/api.w.org\/{rel}","templated":true}]}}