{"id":490141,"date":"2016-02-25T09:58:02","date_gmt":"2016-02-25T08:58:02","guid":{"rendered":"http:\/\/www.varesenews.it\/?p=490141"},"modified":"2016-02-25T09:58:02","modified_gmt":"2016-02-25T08:58:02","slug":"cinque-viaggi-fra-isole-e-arcipelaghi","status":"publish","type":"post","link":"https:\/\/staging.varesenews.it\/2016\/02\/cinque-viaggi-fra-isole-e-arcipelaghi\/490141\/","title":{"rendered":"Cinque viaggi fra isole e arcipelaghi"},"content":{"rendered":"<p><a href=\"http:\/\/www.varesenews.it\/wp-content\/uploads\/2016\/02\/Schermata-2016-02-25-alle-09.49.24.jpg\"><img loading=\"lazy\" decoding=\"async\" class=\"aligncenter  wp-image-490139\" src=\"http:\/\/www.varesenews.it\/wp-content\/uploads\/2016\/02\/Schermata-2016-02-25-alle-09.49.24.jpg\" alt=\"Schermata 2016-02-25 alle 09.49.24\" width=\"579\" height=\"132\" srcset=\"https:\/\/staging.varesenews.it\/wp-content\/uploads\/2016\/02\/Schermata-2016-02-25-alle-09.49.24.jpg 675w, https:\/\/staging.varesenews.it\/wp-content\/uploads\/2016\/02\/Schermata-2016-02-25-alle-09.49.24-300x68.jpg 300w\" sizes=\"(max-width: 579px) 100vw, 579px\" \/><\/a>Cinque viaggi fra isole leggendarie, arcipelaghi persi nell\u2019Oceano, terre emerse fra i ghiacci e atolli sabbiosi. Cinque itinerari che vi condurranno a varie latitudini, per conoscere popoli diversi uniti solo dal legame indissolubile con il mare. <img decoding=\"async\" loading=\"lazy\" fetchpriority=\"low\" width=\"610\" height=\"431\" src=\"https:\/\/staging.varesenews.it\/photogallery_new\/images\/2016\/02\/isole-e-uomini-518222.610x431.jpg\" alt=\"Isole e uomini\"><\/p>\n<p>Si dice che gli abitanti delle isole siano diversi dalla gente che abita in grandi continenti. Sar\u00e0 per quel senso di lontananza, di isolamento, o per l\u2019idea di precariet\u00e0 legata a collegamenti che devono sottostare ai capricci del meteo, o magari sar\u00e0 per quel misto di tenacia e fatalismo che distingue chi deve scontrarsi ogni giorno con la forza della natura. Sar\u00e0 questo e molto altro ancora, ma le isole e i loro abitanti \u2013 ad ogni latitudine \u00ad hanno un fascino tutto particolare, che ammalia e seduce anche il viaggiatore esperto.<\/p>\n<p><em><strong>Portogallo \/ ISOLE AZZORRE: VULCANI E BALENE<\/strong><\/em><br \/>\nItinerario completo qui: http:\/\/www.kel12.com\/itinerario.aspx?i=8811<br \/>\nDurata: 12 giorni<br \/>\nPartenze: 11 giugno \u2013 21 settembre<br \/>\nQuota a partire da 3.600 \u20ac<\/p>\n<p>Le Azzorre sono nove isole vulcaniche sorte dove le placche tettoniche europea, americana e africana si scontrano da millenni: un arcipelago di rocce nere ricoperte da una vegetazione fittissima, d\u2019infinite tonalit\u00e0 di verde, che nasconde laghi blu, macchie di zolfo del colore della ginestra, ampie grotte ornate da gigantesche stalattiti, pozze d\u2019acqua fumante orlate da merletti rocciosi color ocra. Una natura rigogliosa e carica d\u2019energia, lussureggiante ed esotica, dove il respiro della terra si unisce al sussurro delle onde in un canto atavico e immortale.<\/p>\n<p><em><strong>Islanda \/ &#8220;TERRA DI GHIACCIO E DI FUOCO&#8221;<\/strong><\/em><br \/>\nItinerario completo qui: http:\/\/www.kel12.com\/itinerario.aspx?i=8089<br \/>\nDurata: 10 giorni<br \/>\nPartenze 14 e 25 Maggio \/ 4, 16 e 25 Giugno \/ 11 e 23 Luglio \/ 1, 13, 22 e 31 Agosto<br \/>\nQuota a partire da 2.950 \u20ac<\/p>\n<p>Islanda: letteralmente \u201cterra di ghiaccio\u201d, un lembo di terra abitata poco sotto il Circolo Polare Artico; Islanda, conosciuta anche come \u201cterra di fuoco\u201d: nelle viscere del territorio islandese, sotto la crosta nera e frastagliata, sotto i prati verdissimi, sotto le pozze d\u2019acqua e le distese di ghiaccio, ribolle un fuoco potente, che cerca vie d\u2019uscita. Ed \u00e8 proprio questo contrasto tra calore e gelo, tra neve e lava, tra rosso e nero, a conferire all\u2019Islanda un fascino misterioso. Qui si percepisce con chiarezza la potenza e la forza della natura: se il Pianeta blu respira, \u00e8 in Islanda che esce il suo fiato.<\/p>\n<p><em><strong>Isole Faroe \u00ad Danimarca \/ UN PARADISO NATURALISTICO IN MEZZO ALL&#8217;ATLANTICO<\/strong><\/em><br \/>\nItinerario completo qui: http:\/\/www.kel12.com\/itinerario.aspx?i=8788<br \/>\nDurata: 7 giorni<br \/>\nPartenze 28 Maggio \/ 4 e 11 Giugno<br \/>\nQuota a partire da 2.700 \u20ac<\/p>\n<p>Incontaminate, inesplorate, incredibili: le isole Faroe, remoto arcipelago a pochi chilometri dalle coste settentrionali della Scozia, accolgono il visitatore con ampie distese di prati verdissimi su cui pascolano grandi greggi di pecore lanose, piccoli borghi con casette basse in legno colorato e tetti d\u2019erba, cascate che si tuffano dalle scogliere a picco sul mare spumeggiante. Il ritmo della vita \u00e8 lento, in armonia con quello della natura, e l\u2019uomo \u00e8 solo un elemento tra tanti: i veri padroni delle isole sono gli uccelli marini, guidati dalle buffe pulcinelle che vivono sulle scogliere affacciate sul mare.<\/p>\n<p><em><strong>Eritrea \/ DA ASMARA ALLE ISOLE DAHLAK<\/strong><\/em><br \/>\nItinerario completo qui: http:\/\/www.kel12.com\/itinerario.aspx?i=7200<br \/>\nDurata: 11 giorni<br \/>\nPartenza 26 marzo<br \/>\nQuota a partire da 2.970 \u20ac<\/p>\n<p>Un arcipelago davvero esotico, molto lontano dall\u2019idea di isole vergini che abbiamo in mente: le Dahlak, un piccolo arcipelago che sorge di fronte alle coste dell\u2019Eritrea, non hanno nulla di affascinante. Si tratta infatti di 126 fra isole sabbiose e scogli emersi nel canale di Massaua, nel Mar Rosso del sud, dove vivono sparute comunit\u00e0 locali: nessun edificio degno di nota, nessun luogo di interesse storico (fatto salvo per alcune antiche necropoli), nessun sito archeologico. Ma la vera ricchezza di queste isole \u00e8 il mare: un mare straordinario ed incontaminato, nominato riserva naturale diversi anni or sono, un ecosistema raro e ricchissimo, punteggiato di formazioni coralline e relitti antichi, che potrebbe far impazzire il sub pi\u00f9 esperto.<\/p>\n<p><em><strong>Norvegia \/ VESTERALEN E LOFOTEN : LE ISOLE VERDI<\/strong><\/em><br \/>\nItinerario completo qui: http:\/\/www.kel12.com\/itinerario.aspx?i=8969<br \/>\nDurata: 5 giorni<br \/>\nPartenze dal 1\/5 al 31\/8<br \/>\nQuota a partire da 1.050 \u20ac<\/p>\n<p>Vesteralen e Lofoten, nomi impronunciabili per autentici gioielli nordici! I due arcipelaghi sorgono uno accanto all\u2019altro, a pochi chilometri di distanza, ad ovest della costa norvegese; se le Lofoten sono celebri per i paesaggi incantati, le montagne a picco sul mare e per le rorbu, le caratteristiche casette rosse dei pescatori, le Vesteralen non sono da meno: \u00e8 infatti nelle acque di questo arcipelago che si avvistano con facilit\u00e0 le balene, che si spingono fra le isole in cerca di cibo, uno spettacolo naturale fra i pi\u00f9 emozionanti al mondo. E, se deciderete di recarvi a queste latitudini in estate, le Lofoten e le Vesteralen giocheranno il loro jolly e vi incanteranno per sempre, con lo stupefacente fenomeno del Sole di mezzanotte.<\/p>\n","protected":false},"excerpt":{"rendered":"<p>Cinque viaggi fra isole leggendarie, arcipelaghi persi nell\u2019Oceano, terre emerse fra i ghiacci e atolli sabbiosi. Cinque itinerari che vi condurranno a varie latitudini, per conoscere popoli diversi uniti solo dal legame indissolubile con il mare<\/p>\n","protected":false},"author":39,"featured_media":0,"comment_status":"open","ping_status":"open","sticky":false,"template":"","format":"standard","meta":{"footnotes":""},"categories":[9,21],"tags":[3919,1635,55769,3146],"acf":[],"yoast_head":"<!-- This site is optimized with the Yoast SEO plugin v20.1 - https:\/\/yoast.com\/wordpress\/plugins\/seo\/ -->\n<title>Cinque viaggi fra isole e arcipelaghi<\/title>\n<meta name=\"description\" content=\"Cinque viaggi fra isole leggendarie, arcipelaghi persi nell\u2019Oceano, terre emerse fra i ghiacci e atolli sabbiosi. Cinque itinerari che vi condurranno a varie latitudini, per conoscere popoli diversi uniti solo dal legame indissolubile con il mare\" \/>\n<meta name=\"robots\" content=\"noindex, follow, max-snippet:-1, max-image-preview:large, max-video-preview:-1\" \/>\n<meta property=\"og:locale\" content=\"it_IT\" \/>\n<meta property=\"og:type\" content=\"article\" \/>\n<meta property=\"og:title\" content=\"Cinque viaggi fra isole e arcipelaghi\" \/>\n<meta property=\"og:description\" content=\"Cinque viaggi fra isole leggendarie, arcipelaghi persi nell\u2019Oceano, terre emerse fra i ghiacci e atolli sabbiosi. Cinque itinerari che vi condurranno a varie latitudini, per conoscere popoli diversi uniti solo dal legame indissolubile con il mare\" \/>\n<meta property=\"og:url\" content=\"https:\/\/staging.varesenews.it\/2016\/02\/cinque-viaggi-fra-isole-e-arcipelaghi\/490141\/\" \/>\n<meta property=\"og:site_name\" content=\"VareseNews\" \/>\n<meta property=\"article:publisher\" content=\"https:\/\/www.facebook.com\/varesenews\" \/>\n<meta property=\"article:author\" content=\"https:\/\/www.facebook.com\/tommaso.guidotti.7\" \/>\n<meta property=\"article:published_time\" content=\"2016-02-25T08:58:02+00:00\" \/>\n<meta property=\"og:image\" content=\"http:\/\/www.varesenews.it\/wp-content\/uploads\/2016\/02\/Schermata-2016-02-25-alle-09.49.24.jpg\" \/>\n<meta name=\"author\" content=\"Tommaso Guidotti\" \/>\n<meta name=\"twitter:card\" content=\"summary_large_image\" \/>\n<meta name=\"twitter:creator\" content=\"@tomguidoz\" \/>\n<meta name=\"twitter:site\" content=\"@varesenews\" \/>\n<meta name=\"twitter:label1\" content=\"Scritto da\" \/>\n\t<meta name=\"twitter:data1\" content=\"Tommaso Guidotti\" \/>\n\t<meta name=\"twitter:label2\" content=\"Tempo di lettura stimato\" \/>\n\t<meta name=\"twitter:data2\" content=\"4 minuti\" \/>\n<script type=\"application\/ld+json\" class=\"yoast-schema-graph\">{\"@context\":\"https:\/\/schema.org\",\"@graph\":[{\"@type\":\"WebPage\",\"@id\":\"https:\/\/staging.varesenews.it\/2016\/02\/cinque-viaggi-fra-isole-e-arcipelaghi\/490141\/\",\"url\":\"https:\/\/staging.varesenews.it\/2016\/02\/cinque-viaggi-fra-isole-e-arcipelaghi\/490141\/\",\"name\":\"Cinque viaggi fra isole e arcipelaghi\",\"isPartOf\":{\"@id\":\"https:\/\/staging.varesenews.it\/#website\"},\"datePublished\":\"2016-02-25T08:58:02+00:00\",\"dateModified\":\"2016-02-25T08:58:02+00:00\",\"author\":{\"@id\":\"https:\/\/staging.varesenews.it\/#\/schema\/person\/5ae9c65889c40fea73a6c40733b93f8a\"},\"description\":\"Cinque viaggi fra isole leggendarie, arcipelaghi persi nell\u2019Oceano, terre emerse fra i ghiacci e atolli sabbiosi. Cinque itinerari che vi condurranno a varie latitudini, per conoscere popoli diversi uniti solo dal legame indissolubile con il mare\",\"breadcrumb\":{\"@id\":\"https:\/\/staging.varesenews.it\/2016\/02\/cinque-viaggi-fra-isole-e-arcipelaghi\/490141\/#breadcrumb\"},\"inLanguage\":\"it-IT\",\"potentialAction\":[{\"@type\":\"ReadAction\",\"target\":[\"https:\/\/staging.varesenews.it\/2016\/02\/cinque-viaggi-fra-isole-e-arcipelaghi\/490141\/\"]}]},{\"@type\":\"BreadcrumbList\",\"@id\":\"https:\/\/staging.varesenews.it\/2016\/02\/cinque-viaggi-fra-isole-e-arcipelaghi\/490141\/#breadcrumb\",\"itemListElement\":[{\"@type\":\"ListItem\",\"position\":1,\"name\":\"Home\",\"item\":\"https:\/\/www.varesenews.it\/\"},{\"@type\":\"ListItem\",\"position\":2,\"name\":\"Cinque viaggi fra isole e arcipelaghi\"}]},{\"@type\":\"WebSite\",\"@id\":\"https:\/\/staging.varesenews.it\/#website\",\"url\":\"https:\/\/staging.varesenews.it\/\",\"name\":\"VareseNews\",\"description\":\"\",\"potentialAction\":[{\"@type\":\"SearchAction\",\"target\":{\"@type\":\"EntryPoint\",\"urlTemplate\":\"https:\/\/staging.varesenews.it\/?s={search_term_string}\"},\"query-input\":\"required name=search_term_string\"}],\"inLanguage\":\"it-IT\"},{\"@type\":\"Person\",\"@id\":\"https:\/\/staging.varesenews.it\/#\/schema\/person\/5ae9c65889c40fea73a6c40733b93f8a\",\"name\":\"Tommaso Guidotti\",\"image\":{\"@type\":\"ImageObject\",\"inLanguage\":\"it-IT\",\"@id\":\"https:\/\/staging.varesenews.it\/#\/schema\/person\/image\/\",\"url\":\"https:\/\/staging.varesenews.it\/wp-content\/uploads\/2020\/12\/tommaso_guidotti_colori_500.jpg\",\"contentUrl\":\"https:\/\/staging.varesenews.it\/wp-content\/uploads\/2020\/12\/tommaso_guidotti_colori_500.jpg\",\"caption\":\"Tommaso Guidotti\"},\"description\":\"Nato a Milano e trasferito nel Varesotto in tenera et&agrave;, sposato con Chiara dal 2012 e padre di due figli, Lorenzo e Alice. Sono laureato in Scienze Politiche e ho nel mio bagaglio lontani studi classici al Liceo Cairoli di Varese. Amo leggere, le serie tv, i viaggi e mi piace sperimentare e conoscere. La passione pi&ugrave; grande? Il calcio, giocato, simulato e guardato: occupo parte del mio tempo libero con quella che &egrave; pi&ugrave; di una squadra di calcio, i Bidone, una vera e propria seconda famiglia con cui ho portato avanti tanti progetti sportivi e benefici. Faccio parte dal 2004 della squadra di VareseNews e sono giornalista professionista dal 2009: per dieci anni ho ricoperto il ruolo di caporedattore. Dal 2019 coordino insieme ad una redazione di giovani collaboratori il nuovo progetto del gruppo nella zona del Saronnese, il giornale SaronnoNews, spin-off di VareseNews, restando comunque radicato al territorio di Casciago, paese che mi ha adottato e che amo moltissimo come il lago di Varese e Cazzago Brabbia, il paese dove ho vissuto da giovane.\",\"sameAs\":[\"https:\/\/www.facebook.com\/tommaso.guidotti.7\",\"tomguidoz80\",\"https:\/\/www.linkedin.com\/profile\/view?id=36891883&authType=name&authToken=9pNm&locale=en_US&goback=npv_36891883_*1_*1_name_9pNm_*1_*1_*1_*1_*1_*1_*1_*1_*1_*1_*1_*1_*1_*1_*1_*1_*1_*1_*1_*1_*1_*1_*1_*1_*1_*1_*1_*1_*1_*1_*1_*1_*1\",\"https:\/\/twitter.com\/tomguidoz\"],\"url\":\"https:\/\/staging.varesenews.it\/persona\/tommaso_guidotti\/\"}]}<\/script>\n<!-- \/ Yoast SEO plugin. -->","yoast_head_json":{"title":"Cinque viaggi fra isole e arcipelaghi","description":"Cinque viaggi fra isole leggendarie, arcipelaghi persi nell\u2019Oceano, terre emerse fra i ghiacci e atolli sabbiosi. Cinque itinerari che vi condurranno a varie latitudini, per conoscere popoli diversi uniti solo dal legame indissolubile con il mare","robots":{"index":"noindex","follow":"follow","max-snippet":"max-snippet:-1","max-image-preview":"max-image-preview:large","max-video-preview":"max-video-preview:-1"},"og_locale":"it_IT","og_type":"article","og_title":"Cinque viaggi fra isole e arcipelaghi","og_description":"Cinque viaggi fra isole leggendarie, arcipelaghi persi nell\u2019Oceano, terre emerse fra i ghiacci e atolli sabbiosi. Cinque itinerari che vi condurranno a varie latitudini, per conoscere popoli diversi uniti solo dal legame indissolubile con il mare","og_url":"https:\/\/staging.varesenews.it\/2016\/02\/cinque-viaggi-fra-isole-e-arcipelaghi\/490141\/","og_site_name":"VareseNews","article_publisher":"https:\/\/www.facebook.com\/varesenews","article_author":"https:\/\/www.facebook.com\/tommaso.guidotti.7","article_published_time":"2016-02-25T08:58:02+00:00","og_image":[{"url":"http:\/\/www.varesenews.it\/wp-content\/uploads\/2016\/02\/Schermata-2016-02-25-alle-09.49.24.jpg"}],"author":"Tommaso Guidotti","twitter_card":"summary_large_image","twitter_creator":"@tomguidoz","twitter_site":"@varesenews","twitter_misc":{"Scritto da":"Tommaso Guidotti","Tempo di lettura stimato":"4 minuti"},"schema":{"@context":"https:\/\/schema.org","@graph":[{"@type":"WebPage","@id":"https:\/\/staging.varesenews.it\/2016\/02\/cinque-viaggi-fra-isole-e-arcipelaghi\/490141\/","url":"https:\/\/staging.varesenews.it\/2016\/02\/cinque-viaggi-fra-isole-e-arcipelaghi\/490141\/","name":"Cinque viaggi fra isole e arcipelaghi","isPartOf":{"@id":"https:\/\/staging.varesenews.it\/#website"},"datePublished":"2016-02-25T08:58:02+00:00","dateModified":"2016-02-25T08:58:02+00:00","author":{"@id":"https:\/\/staging.varesenews.it\/#\/schema\/person\/5ae9c65889c40fea73a6c40733b93f8a"},"description":"Cinque viaggi fra isole leggendarie, arcipelaghi persi nell\u2019Oceano, terre emerse fra i ghiacci e atolli sabbiosi. Cinque itinerari che vi condurranno a varie latitudini, per conoscere popoli diversi uniti solo dal legame indissolubile con il mare","breadcrumb":{"@id":"https:\/\/staging.varesenews.it\/2016\/02\/cinque-viaggi-fra-isole-e-arcipelaghi\/490141\/#breadcrumb"},"inLanguage":"it-IT","potentialAction":[{"@type":"ReadAction","target":["https:\/\/staging.varesenews.it\/2016\/02\/cinque-viaggi-fra-isole-e-arcipelaghi\/490141\/"]}]},{"@type":"BreadcrumbList","@id":"https:\/\/staging.varesenews.it\/2016\/02\/cinque-viaggi-fra-isole-e-arcipelaghi\/490141\/#breadcrumb","itemListElement":[{"@type":"ListItem","position":1,"name":"Home","item":"https:\/\/www.varesenews.it\/"},{"@type":"ListItem","position":2,"name":"Cinque viaggi fra isole e arcipelaghi"}]},{"@type":"WebSite","@id":"https:\/\/staging.varesenews.it\/#website","url":"https:\/\/staging.varesenews.it\/","name":"VareseNews","description":"","potentialAction":[{"@type":"SearchAction","target":{"@type":"EntryPoint","urlTemplate":"https:\/\/staging.varesenews.it\/?s={search_term_string}"},"query-input":"required name=search_term_string"}],"inLanguage":"it-IT"},{"@type":"Person","@id":"https:\/\/staging.varesenews.it\/#\/schema\/person\/5ae9c65889c40fea73a6c40733b93f8a","name":"Tommaso Guidotti","image":{"@type":"ImageObject","inLanguage":"it-IT","@id":"https:\/\/staging.varesenews.it\/#\/schema\/person\/image\/","url":"https:\/\/staging.varesenews.it\/wp-content\/uploads\/2020\/12\/tommaso_guidotti_colori_500.jpg","contentUrl":"https:\/\/staging.varesenews.it\/wp-content\/uploads\/2020\/12\/tommaso_guidotti_colori_500.jpg","caption":"Tommaso Guidotti"},"description":"Nato a Milano e trasferito nel Varesotto in tenera et&agrave;, sposato con Chiara dal 2012 e padre di due figli, Lorenzo e Alice. Sono laureato in Scienze Politiche e ho nel mio bagaglio lontani studi classici al Liceo Cairoli di Varese. Amo leggere, le serie tv, i viaggi e mi piace sperimentare e conoscere. La passione pi&ugrave; grande? Il calcio, giocato, simulato e guardato: occupo parte del mio tempo libero con quella che &egrave; pi&ugrave; di una squadra di calcio, i Bidone, una vera e propria seconda famiglia con cui ho portato avanti tanti progetti sportivi e benefici. Faccio parte dal 2004 della squadra di VareseNews e sono giornalista professionista dal 2009: per dieci anni ho ricoperto il ruolo di caporedattore. Dal 2019 coordino insieme ad una redazione di giovani collaboratori il nuovo progetto del gruppo nella zona del Saronnese, il giornale SaronnoNews, spin-off di VareseNews, restando comunque radicato al territorio di Casciago, paese che mi ha adottato e che amo moltissimo come il lago di Varese e Cazzago Brabbia, il paese dove ho vissuto da giovane.","sameAs":["https:\/\/www.facebook.com\/tommaso.guidotti.7","tomguidoz80","https:\/\/www.linkedin.com\/profile\/view?id=36891883&authType=name&authToken=9pNm&locale=en_US&goback=npv_36891883_*1_*1_name_9pNm_*1_*1_*1_*1_*1_*1_*1_*1_*1_*1_*1_*1_*1_*1_*1_*1_*1_*1_*1_*1_*1_*1_*1_*1_*1_*1_*1_*1_*1_*1_*1_*1_*1","https:\/\/twitter.com\/tomguidoz"],"url":"https:\/\/staging.varesenews.it\/persona\/tommaso_guidotti\/"}]}},"post_meta":{"_edit_lock":"1456392511:39","_edit_last":"39","ratings_users":"0","ratings_score":"0","ratings_average":"0","_category_permalink":"","wdfb_og_title":"","wdfb_og_type":"","wdfb_og_description":"","wdfb_og_images":"a:1:{i:0;s:0:\"\";}","wdfb_og_custom_name":"a:1:{i:0;s:0:\"\";}","wdfb_og_custom_value":"a:1:{i:0;s:0:\"\";}","foto":"518222","id_link_fotogallery":"490138","firma-personalizzata":"Nando Carrega","argomento":"Turismo","_jd_twitter":"","_jd_tweet_this":"yes","_wpt_short_url":"http:\/\/www.varesenews.it\/2016\/02\/cinque-viaggi-fra-isole-e-arcipelaghi\/490141\/","_wp_jd_target":"http:\/\/www.varesenews.it\/2016\/02\/cinque-viaggi-fra-isole-e-arcipelaghi\/490141\/","_jd_wp_twitter":"a:1:{i:0;s:140:\"Cinque viaggi fra isole e arcipelaghi http:\/\/www.varesenews.it\/2016\/02\/cinque-viaggi-fra-isole-e-arcipelaghi\/490141\/ #mare #turismo #vacanze\";}","_wpt_status_message":"Tweet inviato con successo."},"photos":[{"original":"https:\/\/staging.varesenews.it\/photogallery_new\/images\/2016\/02\/isole-e-uomini-518222.jpg","full":"https:\/\/staging.varesenews.it\/photogallery_new\/images\/2016\/02\/isole-e-uomini-518222.1024x768.jpg","large":"https:\/\/staging.varesenews.it\/photogallery_new\/images\/2016\/02\/isole-e-uomini-518222.610x431.jpg"}],"_links":{"self":[{"href":"https:\/\/staging.varesenews.it\/swgapi\/v1\/wp\/v2\/posts\/490141"}],"collection":[{"href":"https:\/\/staging.varesenews.it\/swgapi\/v1\/wp\/v2\/posts"}],"about":[{"href":"https:\/\/staging.varesenews.it\/swgapi\/v1\/wp\/v2\/types\/post"}],"author":[{"embeddable":true,"href":"https:\/\/staging.varesenews.it\/swgapi\/v1\/wp\/v2\/users\/39"}],"replies":[{"embeddable":true,"href":"https:\/\/staging.varesenews.it\/swgapi\/v1\/wp\/v2\/comments?post=490141"}],"version-history":[{"count":0,"href":"https:\/\/staging.varesenews.it\/swgapi\/v1\/wp\/v2\/posts\/490141\/revisions"}],"wp:attachment":[{"href":"https:\/\/staging.varesenews.it\/swgapi\/v1\/wp\/v2\/media?parent=490141"}],"wp:term":[{"taxonomy":"category","embeddable":true,"href":"https:\/\/staging.varesenews.it\/swgapi\/v1\/wp\/v2\/categories?post=490141"},{"taxonomy":"post_tag","embeddable":true,"href":"https:\/\/staging.varesenews.it\/swgapi\/v1\/wp\/v2\/tags?post=490141"}],"curies":[{"name":"wp","href":"https:\/\/api.w.org\/{rel}","templated":true}]}}