{"id":490180,"date":"2016-02-25T11:11:59","date_gmt":"2016-02-25T10:11:59","guid":{"rendered":"http:\/\/www.varesenews.it\/?p=490180"},"modified":"2018-12-12T04:08:58","modified_gmt":"2018-12-12T03:08:58","slug":"sulla-caserma-dei-carabinieri-un-silenzio-insopportabile","status":"publish","type":"post","link":"https:\/\/staging.varesenews.it\/2016\/02\/sulla-caserma-dei-carabinieri-un-silenzio-insopportabile\/490180\/","title":{"rendered":"&#8220;Sulla Caserma dei Carabinieri un silenzio insopportabile&#8221;"},"content":{"rendered":"<p>L&#8217;Amministrazione comunale di Induno Olona cerca di smuovere <strong>&#8220;l&#8217;insopportabile silenzio&#8221;<\/strong> sulla Caserma incompiuta.<br \/>\n<strong><a href=\"http:\/\/www.varesenews.it\/2016\/02\/il-comune-perde-la-pazienza-finite-la-caserma-o-datela-a-noi\/489671\/\" target=\"_blank\" rel=\"noopener\">Dopo la lettera inviata al Ministro Delrio e al Provveditorato alle Opere pubbliche<\/a><\/strong>, il sindaco Marco Cavallin, mette nero su bianco la storia di questa incompiuta, nata sull&#8217;onda di un&#8217;emozione e congelata a met\u00e0 strada dalla &#8220;malagestione delle opere pubbliche&#8221;.<\/p>\n<p>&#8220;La decisione di costruire una stazione dell\u2019Arma a Induno venne presa sull\u2019onda dell\u2019emozione per il drammatico assassinio di due guardie giurate presso il nuovo supermercato Esselunga ai Pr\u00e0 da Sott, avvenuto il 30 gennaio 1999 &#8211; <strong>scrive il sindaco in un comunicato stampa<\/strong> &#8211; e il cantiere venne fisicamente avviato nel 2004 su un ampio terreno in via Sangiorgio, nel cuore di una delle zone residenziali di Induno Olona, messo a disposizione gratuitamente allo Stato dal comune di Induno Olona.<br \/>\n<strong>Il cantiere ha avuto vita travagliata<\/strong> e si \u00e8 bloccato a met\u00e0 poich\u00e9 in origine era stata finanziata solo la costruzione della stazione, e non anche quella della palazzina degli alloggi. La spesa per il primo lotto \u00e8 stata di circa <strong>800.000 euro<\/strong> e il primo cantiere si \u00e8 concluso nel 2013. Secondo la legge, tuttavia, un presidio dei Carabinieri non pu\u00f2 funzionare senza l\u2019annesso alloggiamento per il personale: i 400.000 euro ritenuti necessari per completare anche la palazzina degli alloggi (di cui oggi sono state gettate solo le fondamenta) furono promessi pubblicamente e in mia presenza dall\u2019allora ministro Lupi nel 2014, all\u2019interno del decreto \u201cSbloccaItalia\u201d. Oggi per\u00f2 di quei soldi si sono perse le tracce&#8221;.<\/p>\n<p>&#8220;Allo stato attuale &#8211; prosegue &#8211;\u00a0 la nostra caserma giace quindi <strong>incompleta, chiusa, in preda all\u2019incuria<\/strong> esterna e rappresenta plasticamente la malagestione delle opere pubbliche a cui troppo spesso siamo abituati ad assistere in Italia; come se non bastasse, il tema della sicurezza \u00e8 uno dei pi\u00f9 avvertiti dai cittadini e dunque \u00e8 sempre pi\u00f9 difficile giustificare ai loro occhi una simile situazione di stallo.<br \/>\nE\u2019 notizia poi di poche settimane fa che la caserma di Vergiate, \u201cgemella\u201d di quella indunese per progettazione e iter realizzativo, \u00e8 stata finalmente aperta, sia pure dopo molti anni dal suo completamento;<strong> il silenzio totale su quella di Induno \u00e8 per noi a questo punto davvero insopportabile<\/strong>&#8220;.<\/p>\n<p>&#8220;Come sindaco io (e il mio predecessore Maria Angela Bianchi) non mi stanco di sollecitare chi di dovere a prendere una decisione; tuttavia dal Provveditorato alle Opere Pubbliche della Lombardia, da cui dipende la cantierizzazione dell\u2019opera,<strong> arrivano notizie negative<\/strong> circa l\u2019intenzione concreta di proseguire, concludere i lavori degli alloggiamenti e dunque mettere in funzione la caserma.<\/p>\n<p>Chiediamo dunque come Amministrazione Comunale di Induno Olona di avere precise informazioni su quali siano i reali, concreti e attuabili progetti che su questo manufatto abbia il Governo; riteniamo necessario che l\u2019opera giunga a compimento e possa essere destinata all\u2019uso per la quale \u00e8 stata concepita e finanziata in origine, cio\u00e8 un presidio delle Forze dell\u2019ordine&#8221;.<\/p>\n<p>&#8220;Se ci\u00f2 non fosse possibile &#8211; conclude la nota &#8211;\u00a0 l\u2019Amministrazione che guido si d\u00e0 tuttavia disponibile ad <strong>acquisire lo stabile e le pertinenze al patrimonio comunale<\/strong> &#8211; una volta completate dal Provveditorato &#8211; per potervi dare una destinazione sociale di chiara utilit\u00e0 e rendere dunque meno inutile, agli occhi dei cittadini contribuenti &#8211; la cospicua spesa sostenuta dallo Stato per realizzarle&#8221;.<\/p>\n","protected":false},"excerpt":{"rendered":"<p>Il sindaco Marco Cavallin ricostruisce la storia del progetto avviato nel 2004 e mai concluso. 800mila euro gi\u00e0 spesi per un&#8217;opera che rischia di non essere mai inaugurata<\/p>\n","protected":false},"author":44,"featured_media":0,"comment_status":"open","ping_status":"open","sticky":false,"template":"","format":"standard","meta":{"footnotes":""},"categories":[7,2],"tags":[229,8741,58060,3632],"acf":[],"yoast_head":"<!-- This site is optimized with the Yoast SEO plugin v20.1 - https:\/\/yoast.com\/wordpress\/plugins\/seo\/ -->\n<title>&quot;Sulla Caserma dei Carabinieri un silenzio insopportabile&quot;<\/title>\n<meta name=\"description\" content=\"L&#039;Amministrazione comunale ricostruisce la storia del cantiere mai concluso\" \/>\n<meta name=\"robots\" content=\"noindex, follow, max-snippet:-1, max-image-preview:large, max-video-preview:-1\" \/>\n<meta property=\"og:locale\" content=\"it_IT\" \/>\n<meta property=\"og:type\" content=\"article\" \/>\n<meta property=\"og:title\" content=\"&quot;Sulla Caserma dei Carabinieri un silenzio insopportabile&quot;\" \/>\n<meta property=\"og:description\" content=\"L&#039;Amministrazione comunale ricostruisce la storia del cantiere mai concluso\" \/>\n<meta property=\"og:url\" content=\"https:\/\/www.varesenews.it\/2016\/02\/sulla-caserma-dei-carabinieri-un-silenzio-insopportabile\/490180\/\" \/>\n<meta property=\"og:site_name\" content=\"VareseNews\" \/>\n<meta property=\"article:publisher\" content=\"https:\/\/www.facebook.com\/varesenews\" \/>\n<meta property=\"article:author\" content=\"https:\/\/www.facebook.com\/mariangela.gerletti\" \/>\n<meta property=\"article:published_time\" content=\"2016-02-25T10:11:59+00:00\" \/>\n<meta property=\"article:modified_time\" content=\"2018-12-12T03:08:58+00:00\" \/>\n<meta name=\"author\" content=\"Mariangela Gerletti\" \/>\n<meta name=\"twitter:card\" content=\"summary_large_image\" \/>\n<meta name=\"twitter:creator\" content=\"@MariGerletti\" \/>\n<meta name=\"twitter:site\" content=\"@varesenews\" \/>\n<meta name=\"twitter:label1\" content=\"Scritto da\" \/>\n\t<meta name=\"twitter:data1\" content=\"Mariangela Gerletti\" \/>\n\t<meta name=\"twitter:label2\" content=\"Tempo di lettura stimato\" \/>\n\t<meta name=\"twitter:data2\" content=\"3 minuti\" \/>\n<script type=\"application\/ld+json\" class=\"yoast-schema-graph\">{\"@context\":\"https:\/\/schema.org\",\"@graph\":[{\"@type\":\"WebPage\",\"@id\":\"https:\/\/www.varesenews.it\/2016\/02\/sulla-caserma-dei-carabinieri-un-silenzio-insopportabile\/490180\/\",\"url\":\"https:\/\/www.varesenews.it\/2016\/02\/sulla-caserma-dei-carabinieri-un-silenzio-insopportabile\/490180\/\",\"name\":\"\\\"Sulla Caserma dei Carabinieri un silenzio insopportabile\\\"\",\"isPartOf\":{\"@id\":\"https:\/\/staging.varesenews.it\/#website\"},\"datePublished\":\"2016-02-25T10:11:59+00:00\",\"dateModified\":\"2018-12-12T03:08:58+00:00\",\"author\":{\"@id\":\"https:\/\/staging.varesenews.it\/#\/schema\/person\/14f52876ea19bc10d0d2717b6e8f9b89\"},\"description\":\"L'Amministrazione comunale ricostruisce la storia del cantiere mai concluso\",\"breadcrumb\":{\"@id\":\"https:\/\/www.varesenews.it\/2016\/02\/sulla-caserma-dei-carabinieri-un-silenzio-insopportabile\/490180\/#breadcrumb\"},\"inLanguage\":\"it-IT\",\"potentialAction\":[{\"@type\":\"ReadAction\",\"target\":[\"https:\/\/www.varesenews.it\/2016\/02\/sulla-caserma-dei-carabinieri-un-silenzio-insopportabile\/490180\/\"]}]},{\"@type\":\"BreadcrumbList\",\"@id\":\"https:\/\/www.varesenews.it\/2016\/02\/sulla-caserma-dei-carabinieri-un-silenzio-insopportabile\/490180\/#breadcrumb\",\"itemListElement\":[{\"@type\":\"ListItem\",\"position\":1,\"name\":\"Home\",\"item\":\"https:\/\/www.varesenews.it\/\"},{\"@type\":\"ListItem\",\"position\":2,\"name\":\"&#8220;Sulla Caserma dei Carabinieri un silenzio insopportabile&#8221;\"}]},{\"@type\":\"WebSite\",\"@id\":\"https:\/\/staging.varesenews.it\/#website\",\"url\":\"https:\/\/staging.varesenews.it\/\",\"name\":\"VareseNews\",\"description\":\"\",\"potentialAction\":[{\"@type\":\"SearchAction\",\"target\":{\"@type\":\"EntryPoint\",\"urlTemplate\":\"https:\/\/staging.varesenews.it\/?s={search_term_string}\"},\"query-input\":\"required name=search_term_string\"}],\"inLanguage\":\"it-IT\"},{\"@type\":\"Person\",\"@id\":\"https:\/\/staging.varesenews.it\/#\/schema\/person\/14f52876ea19bc10d0d2717b6e8f9b89\",\"name\":\"Mariangela Gerletti\",\"image\":{\"@type\":\"ImageObject\",\"inLanguage\":\"it-IT\",\"@id\":\"https:\/\/staging.varesenews.it\/#\/schema\/person\/image\/\",\"url\":\"https:\/\/staging.varesenews.it\/wp-content\/uploads\/2020\/12\/mariangela.jpeg\",\"contentUrl\":\"https:\/\/staging.varesenews.it\/wp-content\/uploads\/2020\/12\/mariangela.jpeg\",\"caption\":\"Mariangela Gerletti\"},\"description\":\"Da pi&ugrave; di trent'anni mi occupo di giornalismo e comunicazione Varesenews &egrave; il luogo dove ho trovato la passione, l'attenzione e le persone che ogni giorno mi fanno amare un po' di pi&ugrave; questo lavoro di cui non mi stanco mai. Far parte della redazione di Varesenews &egrave; un onore, sostenere il progetto della membership &egrave; un piacere perch&eacute; mi fa sentire ancora pi&ugrave; vicina alla grande comunit&agrave; dei nostri lettori.\",\"sameAs\":[\"https:\/\/www.facebook.com\/mariangela.gerletti\",\"marigerletti\",\"https:\/\/twitter.com\/MariGerletti\"],\"url\":\"https:\/\/staging.varesenews.it\/persona\/mariangela-gerletti1\/\"}]}<\/script>\n<!-- \/ Yoast SEO plugin. -->","yoast_head_json":{"title":"\"Sulla Caserma dei Carabinieri un silenzio insopportabile\"","description":"L'Amministrazione comunale ricostruisce la storia del cantiere mai concluso","robots":{"index":"noindex","follow":"follow","max-snippet":"max-snippet:-1","max-image-preview":"max-image-preview:large","max-video-preview":"max-video-preview:-1"},"og_locale":"it_IT","og_type":"article","og_title":"\"Sulla Caserma dei Carabinieri un silenzio insopportabile\"","og_description":"L'Amministrazione comunale ricostruisce la storia del cantiere mai concluso","og_url":"https:\/\/www.varesenews.it\/2016\/02\/sulla-caserma-dei-carabinieri-un-silenzio-insopportabile\/490180\/","og_site_name":"VareseNews","article_publisher":"https:\/\/www.facebook.com\/varesenews","article_author":"https:\/\/www.facebook.com\/mariangela.gerletti","article_published_time":"2016-02-25T10:11:59+00:00","article_modified_time":"2018-12-12T03:08:58+00:00","author":"Mariangela Gerletti","twitter_card":"summary_large_image","twitter_creator":"@MariGerletti","twitter_site":"@varesenews","twitter_misc":{"Scritto da":"Mariangela Gerletti","Tempo di lettura stimato":"3 minuti"},"schema":{"@context":"https:\/\/schema.org","@graph":[{"@type":"WebPage","@id":"https:\/\/www.varesenews.it\/2016\/02\/sulla-caserma-dei-carabinieri-un-silenzio-insopportabile\/490180\/","url":"https:\/\/www.varesenews.it\/2016\/02\/sulla-caserma-dei-carabinieri-un-silenzio-insopportabile\/490180\/","name":"\"Sulla Caserma dei Carabinieri un silenzio insopportabile\"","isPartOf":{"@id":"https:\/\/staging.varesenews.it\/#website"},"datePublished":"2016-02-25T10:11:59+00:00","dateModified":"2018-12-12T03:08:58+00:00","author":{"@id":"https:\/\/staging.varesenews.it\/#\/schema\/person\/14f52876ea19bc10d0d2717b6e8f9b89"},"description":"L'Amministrazione comunale ricostruisce la storia del cantiere mai concluso","breadcrumb":{"@id":"https:\/\/www.varesenews.it\/2016\/02\/sulla-caserma-dei-carabinieri-un-silenzio-insopportabile\/490180\/#breadcrumb"},"inLanguage":"it-IT","potentialAction":[{"@type":"ReadAction","target":["https:\/\/www.varesenews.it\/2016\/02\/sulla-caserma-dei-carabinieri-un-silenzio-insopportabile\/490180\/"]}]},{"@type":"BreadcrumbList","@id":"https:\/\/www.varesenews.it\/2016\/02\/sulla-caserma-dei-carabinieri-un-silenzio-insopportabile\/490180\/#breadcrumb","itemListElement":[{"@type":"ListItem","position":1,"name":"Home","item":"https:\/\/www.varesenews.it\/"},{"@type":"ListItem","position":2,"name":"&#8220;Sulla Caserma dei Carabinieri un silenzio insopportabile&#8221;"}]},{"@type":"WebSite","@id":"https:\/\/staging.varesenews.it\/#website","url":"https:\/\/staging.varesenews.it\/","name":"VareseNews","description":"","potentialAction":[{"@type":"SearchAction","target":{"@type":"EntryPoint","urlTemplate":"https:\/\/staging.varesenews.it\/?s={search_term_string}"},"query-input":"required name=search_term_string"}],"inLanguage":"it-IT"},{"@type":"Person","@id":"https:\/\/staging.varesenews.it\/#\/schema\/person\/14f52876ea19bc10d0d2717b6e8f9b89","name":"Mariangela Gerletti","image":{"@type":"ImageObject","inLanguage":"it-IT","@id":"https:\/\/staging.varesenews.it\/#\/schema\/person\/image\/","url":"https:\/\/staging.varesenews.it\/wp-content\/uploads\/2020\/12\/mariangela.jpeg","contentUrl":"https:\/\/staging.varesenews.it\/wp-content\/uploads\/2020\/12\/mariangela.jpeg","caption":"Mariangela Gerletti"},"description":"Da pi&ugrave; di trent'anni mi occupo di giornalismo e comunicazione Varesenews &egrave; il luogo dove ho trovato la passione, l'attenzione e le persone che ogni giorno mi fanno amare un po' di pi&ugrave; questo lavoro di cui non mi stanco mai. Far parte della redazione di Varesenews &egrave; un onore, sostenere il progetto della membership &egrave; un piacere perch&eacute; mi fa sentire ancora pi&ugrave; vicina alla grande comunit&agrave; dei nostri lettori.","sameAs":["https:\/\/www.facebook.com\/mariangela.gerletti","marigerletti","https:\/\/twitter.com\/MariGerletti"],"url":"https:\/\/staging.varesenews.it\/persona\/mariangela-gerletti1\/"}]}},"post_meta":{"_edit_lock":"1544584521:44","_edit_last":"44","_category_permalink":"a:1:{s:8:\"category\";s:1:\"2\";}","wdfb_og_title":"","wdfb_og_type":"","wdfb_og_description":"","wdfb_og_images":"a:1:{i:0;s:0:\"\";}","wdfb_og_custom_name":"a:1:{i:0;s:0:\"\";}","wdfb_og_custom_value":"a:1:{i:0;s:0:\"\";}","foto":"517746","id_link_fotogallery":"489675","argomento":"Induno Olona","_yoast_wpseo_focuskw":"caserma","_yoast_wpseo_metadesc":"L'Amministrazione comunale ricostruisce la storia del cantiere mai concluso","_jd_tweet_this":"yes","_yoast_wpseo_linkdex":"72","ratings_users":"0","ratings_score":"0","ratings_average":"0","_wpt_short_url":"http:\/\/www.varesenews.it\/2016\/02\/sulla-caserma-dei-carabinieri-un-silenzio-insopportabile\/490180\/","_wp_jd_target":"http:\/\/www.varesenews.it\/2016\/02\/sulla-caserma-dei-carabinieri-un-silenzio-insopportabile\/490180\/","_jd_wp_twitter":"a:1:{i:0;s:190:\"\"Sulla Caserma dei Carabinieri un silenzio insopportabile\" http:\/\/www.varesenews.it\/2016\/02\/sulla-caserma-dei-carabinieri-un-silenzio-insopportabile\/490180\/ #carabinieri #caserma #valceresio\";}","_wpt_status_message":"Tweet inviato con successo.","id_leggi_anche":"498238,733091,802505","_yoast_wpseo_focuskw_text_input":"caserma","_yoast_wpseo_content_score":"30"},"photos":[{"original":"https:\/\/staging.varesenews.it\/photogallery_new\/images\/2016\/02\/induno-olona-caserma-carabinieri-517746.jpg","full":"https:\/\/staging.varesenews.it\/photogallery_new\/images\/2016\/02\/induno-olona-caserma-carabinieri-517746.1024x768.jpg","large":"https:\/\/staging.varesenews.it\/photogallery_new\/images\/2016\/02\/induno-olona-caserma-carabinieri-517746.610x431.jpg"}],"_links":{"self":[{"href":"https:\/\/staging.varesenews.it\/swgapi\/v1\/wp\/v2\/posts\/490180"}],"collection":[{"href":"https:\/\/staging.varesenews.it\/swgapi\/v1\/wp\/v2\/posts"}],"about":[{"href":"https:\/\/staging.varesenews.it\/swgapi\/v1\/wp\/v2\/types\/post"}],"author":[{"embeddable":true,"href":"https:\/\/staging.varesenews.it\/swgapi\/v1\/wp\/v2\/users\/44"}],"replies":[{"embeddable":true,"href":"https:\/\/staging.varesenews.it\/swgapi\/v1\/wp\/v2\/comments?post=490180"}],"version-history":[{"count":0,"href":"https:\/\/staging.varesenews.it\/swgapi\/v1\/wp\/v2\/posts\/490180\/revisions"}],"wp:attachment":[{"href":"https:\/\/staging.varesenews.it\/swgapi\/v1\/wp\/v2\/media?parent=490180"}],"wp:term":[{"taxonomy":"category","embeddable":true,"href":"https:\/\/staging.varesenews.it\/swgapi\/v1\/wp\/v2\/categories?post=490180"},{"taxonomy":"post_tag","embeddable":true,"href":"https:\/\/staging.varesenews.it\/swgapi\/v1\/wp\/v2\/tags?post=490180"}],"curies":[{"name":"wp","href":"https:\/\/api.w.org\/{rel}","templated":true}]}}