{"id":490594,"date":"2016-02-26T12:15:34","date_gmt":"2016-02-26T11:15:34","guid":{"rendered":"http:\/\/www.varesenews.it\/?p=490594"},"modified":"2016-02-26T12:15:34","modified_gmt":"2016-02-26T11:15:34","slug":"svanito-nel-nulla-ancora-nessuna-traccia-di-matteo","status":"publish","type":"post","link":"https:\/\/staging.varesenews.it\/2016\/02\/svanito-nel-nulla-ancora-nessuna-traccia-di-matteo\/490594\/","title":{"rendered":"Svanito nel nulla, ancora nessuna traccia di Matteo"},"content":{"rendered":"<p>Ancora nessuna traccia di <strong>Matteo Fregnan<\/strong>. Il 33enne di Busto Arsizio, grafico pubblicitario molto noto in citt\u00e0, \u00e8 <a title=\"Si cerca Matteo Fregnan, scomparso marted\u00ec\" href=\"http:\/\/www.varesenews.it\/2016\/02\/si-cerca-matteo-fregnan-scomparso-martedi\/489914\/\">scomparso marted\u00ec mattina dopo essersi recato al lavoro<\/a>, all&#8217;improvviso e senza una apparente spiegazione. La sua auto \u00e8 stata ritrovata nei pressi della stazione delle Nord, in una zona comunque vicina al suo posto di lavoro, ma di lui nessuna traccia.<\/p>\n<p>I familiari \u00a0sono in ansia, cos\u00ec come la fidanzata e i molti amici. La sua scomparsa \u00e8 stata denunciata mercoled\u00ec scorso ai carabinieri di Busto Arsizio che hanno allargato le ricerche in ambito internazionale. Al momento non si hanno notizie ulteriori o avvistamenti del ragazzo.<\/p>\n","protected":false},"excerpt":{"rendered":"<p>Familiari e amici in ansia per la sorte del giovane che ha fatto perdere le sue tracce marted\u00ec mattina, dopo aver lasciato l&#8217;auto nei pressi del luogo di lavoro<\/p>\n","protected":false},"author":47,"featured_media":0,"comment_status":"open","ping_status":"open","sticky":false,"template":"","format":"standard","meta":{"footnotes":""},"categories":[4],"tags":[4311],"acf":[],"yoast_head":"<!-- This site is optimized with the Yoast SEO plugin v20.1 - https:\/\/yoast.com\/wordpress\/plugins\/seo\/ -->\n<title>Svanito nel nulla, ancora nessuna traccia di Matteo<\/title>\n<meta name=\"description\" content=\"Familiari e amici in ansia per la sorte del giovane che ha fatto perdere le sue tracce marted\u00ec mattina, dopo aver lasciato l&#039;auto nei pressi del luogo di lavoro\" \/>\n<meta name=\"robots\" content=\"noindex, follow, max-snippet:-1, max-image-preview:large, max-video-preview:-1\" \/>\n<meta property=\"og:locale\" content=\"it_IT\" \/>\n<meta property=\"og:type\" content=\"article\" \/>\n<meta property=\"og:title\" content=\"Svanito nel nulla, ancora nessuna traccia di Matteo\" \/>\n<meta property=\"og:description\" content=\"Familiari e amici in ansia per la sorte del giovane che ha fatto perdere le sue tracce marted\u00ec mattina, dopo aver lasciato l&#039;auto nei pressi del luogo di lavoro\" \/>\n<meta property=\"og:url\" content=\"https:\/\/staging.varesenews.it\/2016\/02\/svanito-nel-nulla-ancora-nessuna-traccia-di-matteo\/490594\/\" \/>\n<meta property=\"og:site_name\" content=\"VareseNews\" \/>\n<meta property=\"article:publisher\" content=\"https:\/\/www.facebook.com\/varesenews\" \/>\n<meta property=\"article:published_time\" content=\"2016-02-26T11:15:34+00:00\" \/>\n<meta name=\"author\" content=\"Orlando Mastrillo\" \/>\n<meta name=\"twitter:card\" content=\"summary_large_image\" \/>\n<meta name=\"twitter:creator\" content=\"@nando_mastrillo\" \/>\n<meta name=\"twitter:site\" content=\"@varesenews\" \/>\n<meta name=\"twitter:label1\" content=\"Scritto da\" \/>\n\t<meta name=\"twitter:data1\" content=\"Orlando Mastrillo\" \/>\n\t<meta name=\"twitter:label2\" content=\"Tempo di lettura stimato\" \/>\n\t<meta name=\"twitter:data2\" content=\"1 minuto\" \/>\n<script type=\"application\/ld+json\" class=\"yoast-schema-graph\">{\"@context\":\"https:\/\/schema.org\",\"@graph\":[{\"@type\":\"WebPage\",\"@id\":\"https:\/\/staging.varesenews.it\/2016\/02\/svanito-nel-nulla-ancora-nessuna-traccia-di-matteo\/490594\/\",\"url\":\"https:\/\/staging.varesenews.it\/2016\/02\/svanito-nel-nulla-ancora-nessuna-traccia-di-matteo\/490594\/\",\"name\":\"Svanito nel nulla, ancora nessuna traccia di Matteo\",\"isPartOf\":{\"@id\":\"https:\/\/staging.varesenews.it\/#website\"},\"datePublished\":\"2016-02-26T11:15:34+00:00\",\"dateModified\":\"2016-02-26T11:15:34+00:00\",\"author\":{\"@id\":\"https:\/\/staging.varesenews.it\/#\/schema\/person\/14c47ccce537a9058dddce296f10b296\"},\"description\":\"Familiari e amici in ansia per la sorte del giovane che ha fatto perdere le sue tracce marted\u00ec mattina, dopo aver lasciato l'auto nei pressi del luogo di lavoro\",\"breadcrumb\":{\"@id\":\"https:\/\/staging.varesenews.it\/2016\/02\/svanito-nel-nulla-ancora-nessuna-traccia-di-matteo\/490594\/#breadcrumb\"},\"inLanguage\":\"it-IT\",\"potentialAction\":[{\"@type\":\"ReadAction\",\"target\":[\"https:\/\/staging.varesenews.it\/2016\/02\/svanito-nel-nulla-ancora-nessuna-traccia-di-matteo\/490594\/\"]}]},{\"@type\":\"BreadcrumbList\",\"@id\":\"https:\/\/staging.varesenews.it\/2016\/02\/svanito-nel-nulla-ancora-nessuna-traccia-di-matteo\/490594\/#breadcrumb\",\"itemListElement\":[{\"@type\":\"ListItem\",\"position\":1,\"name\":\"Home\",\"item\":\"https:\/\/www.varesenews.it\/\"},{\"@type\":\"ListItem\",\"position\":2,\"name\":\"Svanito nel nulla, ancora nessuna traccia di Matteo\"}]},{\"@type\":\"WebSite\",\"@id\":\"https:\/\/staging.varesenews.it\/#website\",\"url\":\"https:\/\/staging.varesenews.it\/\",\"name\":\"VareseNews\",\"description\":\"\",\"potentialAction\":[{\"@type\":\"SearchAction\",\"target\":{\"@type\":\"EntryPoint\",\"urlTemplate\":\"https:\/\/staging.varesenews.it\/?s={search_term_string}\"},\"query-input\":\"required name=search_term_string\"}],\"inLanguage\":\"it-IT\"},{\"@type\":\"Person\",\"@id\":\"https:\/\/staging.varesenews.it\/#\/schema\/person\/14c47ccce537a9058dddce296f10b296\",\"name\":\"Orlando Mastrillo\",\"image\":{\"@type\":\"ImageObject\",\"inLanguage\":\"it-IT\",\"@id\":\"https:\/\/staging.varesenews.it\/#\/schema\/person\/image\/\",\"url\":\"https:\/\/staging.varesenews.it\/wp-content\/uploads\/2020\/12\/orlando_mastrillo_colori_500.jpg\",\"contentUrl\":\"https:\/\/staging.varesenews.it\/wp-content\/uploads\/2020\/12\/orlando_mastrillo_colori_500.jpg\",\"caption\":\"Orlando Mastrillo\"},\"description\":\"Nasco a Luino nel 1981, ho iniziato questo lavoro nell'estate del 2003 nella redazione de Il Giorno di Varese e dall'anno successivo ho intrapreso la collaborazione con VareseNews. Dopo anni nell'Alto Varesotto mi sono trasferito a Busto Arsizio nel 2007, territorio che ho iniziato a seguire e che seguo tutt'oggi. Nel 2013 sono diventato giornalista professionista. Mi occupo di cronaca politica, giudiziaria e nera in una vasta area che comprende anche parte della Valle Olona e il Legnanese. Sono sposato con Valeria Arini e ho due splendide figlie.\",\"sameAs\":[\"or_ma\",\"https:\/\/twitter.com\/nando_mastrillo\"],\"url\":\"https:\/\/staging.varesenews.it\/persona\/orlando-mastrillo1\/\"}]}<\/script>\n<!-- \/ Yoast SEO plugin. -->","yoast_head_json":{"title":"Svanito nel nulla, ancora nessuna traccia di Matteo","description":"Familiari e amici in ansia per la sorte del giovane che ha fatto perdere le sue tracce marted\u00ec mattina, dopo aver lasciato l'auto nei pressi del luogo di lavoro","robots":{"index":"noindex","follow":"follow","max-snippet":"max-snippet:-1","max-image-preview":"max-image-preview:large","max-video-preview":"max-video-preview:-1"},"og_locale":"it_IT","og_type":"article","og_title":"Svanito nel nulla, ancora nessuna traccia di Matteo","og_description":"Familiari e amici in ansia per la sorte del giovane che ha fatto perdere le sue tracce marted\u00ec mattina, dopo aver lasciato l'auto nei pressi del luogo di lavoro","og_url":"https:\/\/staging.varesenews.it\/2016\/02\/svanito-nel-nulla-ancora-nessuna-traccia-di-matteo\/490594\/","og_site_name":"VareseNews","article_publisher":"https:\/\/www.facebook.com\/varesenews","article_published_time":"2016-02-26T11:15:34+00:00","author":"Orlando Mastrillo","twitter_card":"summary_large_image","twitter_creator":"@nando_mastrillo","twitter_site":"@varesenews","twitter_misc":{"Scritto da":"Orlando Mastrillo","Tempo di lettura stimato":"1 minuto"},"schema":{"@context":"https:\/\/schema.org","@graph":[{"@type":"WebPage","@id":"https:\/\/staging.varesenews.it\/2016\/02\/svanito-nel-nulla-ancora-nessuna-traccia-di-matteo\/490594\/","url":"https:\/\/staging.varesenews.it\/2016\/02\/svanito-nel-nulla-ancora-nessuna-traccia-di-matteo\/490594\/","name":"Svanito nel nulla, ancora nessuna traccia di Matteo","isPartOf":{"@id":"https:\/\/staging.varesenews.it\/#website"},"datePublished":"2016-02-26T11:15:34+00:00","dateModified":"2016-02-26T11:15:34+00:00","author":{"@id":"https:\/\/staging.varesenews.it\/#\/schema\/person\/14c47ccce537a9058dddce296f10b296"},"description":"Familiari e amici in ansia per la sorte del giovane che ha fatto perdere le sue tracce marted\u00ec mattina, dopo aver lasciato l'auto nei pressi del luogo di lavoro","breadcrumb":{"@id":"https:\/\/staging.varesenews.it\/2016\/02\/svanito-nel-nulla-ancora-nessuna-traccia-di-matteo\/490594\/#breadcrumb"},"inLanguage":"it-IT","potentialAction":[{"@type":"ReadAction","target":["https:\/\/staging.varesenews.it\/2016\/02\/svanito-nel-nulla-ancora-nessuna-traccia-di-matteo\/490594\/"]}]},{"@type":"BreadcrumbList","@id":"https:\/\/staging.varesenews.it\/2016\/02\/svanito-nel-nulla-ancora-nessuna-traccia-di-matteo\/490594\/#breadcrumb","itemListElement":[{"@type":"ListItem","position":1,"name":"Home","item":"https:\/\/www.varesenews.it\/"},{"@type":"ListItem","position":2,"name":"Svanito nel nulla, ancora nessuna traccia di Matteo"}]},{"@type":"WebSite","@id":"https:\/\/staging.varesenews.it\/#website","url":"https:\/\/staging.varesenews.it\/","name":"VareseNews","description":"","potentialAction":[{"@type":"SearchAction","target":{"@type":"EntryPoint","urlTemplate":"https:\/\/staging.varesenews.it\/?s={search_term_string}"},"query-input":"required name=search_term_string"}],"inLanguage":"it-IT"},{"@type":"Person","@id":"https:\/\/staging.varesenews.it\/#\/schema\/person\/14c47ccce537a9058dddce296f10b296","name":"Orlando Mastrillo","image":{"@type":"ImageObject","inLanguage":"it-IT","@id":"https:\/\/staging.varesenews.it\/#\/schema\/person\/image\/","url":"https:\/\/staging.varesenews.it\/wp-content\/uploads\/2020\/12\/orlando_mastrillo_colori_500.jpg","contentUrl":"https:\/\/staging.varesenews.it\/wp-content\/uploads\/2020\/12\/orlando_mastrillo_colori_500.jpg","caption":"Orlando Mastrillo"},"description":"Nasco a Luino nel 1981, ho iniziato questo lavoro nell'estate del 2003 nella redazione de Il Giorno di Varese e dall'anno successivo ho intrapreso la collaborazione con VareseNews. Dopo anni nell'Alto Varesotto mi sono trasferito a Busto Arsizio nel 2007, territorio che ho iniziato a seguire e che seguo tutt'oggi. Nel 2013 sono diventato giornalista professionista. Mi occupo di cronaca politica, giudiziaria e nera in una vasta area che comprende anche parte della Valle Olona e il Legnanese. Sono sposato con Valeria Arini e ho due splendide figlie.","sameAs":["or_ma","https:\/\/twitter.com\/nando_mastrillo"],"url":"https:\/\/staging.varesenews.it\/persona\/orlando-mastrillo1\/"}]}},"post_meta":{"_edit_lock":"1456485206:47","_edit_last":"47","ratings_users":"0","ratings_score":"0","ratings_average":"0","_category_permalink":"","wdfb_og_title":"","wdfb_og_type":"","wdfb_og_description":"","wdfb_og_images":"a:1:{i:0;s:0:\"\";}","wdfb_og_custom_name":"a:1:{i:0;s:0:\"\";}","wdfb_og_custom_value":"a:1:{i:0;s:0:\"\";}","foto":"518034","argomento":"Busto Arsizio","_yoast_wpseo_focuskw":"matteo fregnan","_jd_twitter":"","_jd_tweet_this":"yes","_wpt_short_url":"http:\/\/www.varesenews.it\/2016\/02\/svanito-nel-nulla-ancora-nessuna-traccia-di-matteo\/490594\/","_wp_jd_target":"http:\/\/www.varesenews.it\/2016\/02\/svanito-nel-nulla-ancora-nessuna-traccia-di-matteo\/490594\/","_jd_wp_twitter":"a:1:{i:0;s:154:\"Svanito nel nulla, ancora nessuna traccia di Matteo http:\/\/www.varesenews.it\/2016\/02\/svanito-nel-nulla-ancora-nessuna-traccia-di-matteo\/490594\/ #scomparso\";}","_wpt_status_message":"Tweet inviato con successo.","_yoast_wpseo_linkdex":"48"},"photos":[{"original":"https:\/\/staging.varesenews.it\/photogallery_new\/images\/2016\/02\/matteo-fregnan-scomparso-busto-arsizio-518034.jpg","full":"https:\/\/staging.varesenews.it\/photogallery_new\/images\/2016\/02\/matteo-fregnan-scomparso-busto-arsizio-518034.1024x768.jpg","large":"https:\/\/staging.varesenews.it\/photogallery_new\/images\/2016\/02\/matteo-fregnan-scomparso-busto-arsizio-518034.610x431.jpg"}],"_links":{"self":[{"href":"https:\/\/staging.varesenews.it\/swgapi\/v1\/wp\/v2\/posts\/490594"}],"collection":[{"href":"https:\/\/staging.varesenews.it\/swgapi\/v1\/wp\/v2\/posts"}],"about":[{"href":"https:\/\/staging.varesenews.it\/swgapi\/v1\/wp\/v2\/types\/post"}],"author":[{"embeddable":true,"href":"https:\/\/staging.varesenews.it\/swgapi\/v1\/wp\/v2\/users\/47"}],"replies":[{"embeddable":true,"href":"https:\/\/staging.varesenews.it\/swgapi\/v1\/wp\/v2\/comments?post=490594"}],"version-history":[{"count":0,"href":"https:\/\/staging.varesenews.it\/swgapi\/v1\/wp\/v2\/posts\/490594\/revisions"}],"wp:attachment":[{"href":"https:\/\/staging.varesenews.it\/swgapi\/v1\/wp\/v2\/media?parent=490594"}],"wp:term":[{"taxonomy":"category","embeddable":true,"href":"https:\/\/staging.varesenews.it\/swgapi\/v1\/wp\/v2\/categories?post=490594"},{"taxonomy":"post_tag","embeddable":true,"href":"https:\/\/staging.varesenews.it\/swgapi\/v1\/wp\/v2\/tags?post=490594"}],"curies":[{"name":"wp","href":"https:\/\/api.w.org\/{rel}","templated":true}]}}