{"id":49137,"date":"2013-10-27T00:00:00","date_gmt":"2013-10-27T00:00:00","guid":{"rendered":""},"modified":"2013-10-27T00:00:00","modified_gmt":"2013-10-27T00:00:00","slug":"al-belvedere-per-guardare-la-cometa-ison","status":"publish","type":"post","link":"https:\/\/staging.varesenews.it\/2013\/10\/al-belvedere-per-guardare-la-cometa-ison\/49137\/","title":{"rendered":"Al belvedere per guardare la Cometa Ison"},"content":{"rendered":"<p><img loading=\"lazy\" decoding=\"async\" width=\"300\" vspace=\"5\" hspace=\"5\" height=\"203\" border=\"1\" align=\"left\" src=\"https:\/\/www3.varesenews.it\/immagini_articoli\/201310\/cometa_ison_schiaparelli.jpg\" alt=\"\" \/>Luned&igrave; 28 novembre prossimo la cometa ISON raggiunger&agrave; la sua minima distanza dal Sole (perielio) ad una distanza di circa un milione di km dalla sua superficie. Questo valore pu&ograve; sembrare elevato, ma se pensiamo che la Terra ne dista mediamente 150 possiamo ben capire l&#8217;estrema vicinanza alla nostra stella, con tutte le conseguenze connesse.<br \/>\nLe comete sono infatti dei blocchi pi&ugrave; o meno densi di roccia e ghiaccio, e transitare cos&igrave; vicino al Sole rappresenta un pericolo sotto almeno due fronti: il calore, con il possibile scioglimento del nucleo, e la forza mareale (o gravitazionale) solare, che tende a disgregarlo.<br \/>\nPer quanto riguarda la prima eventualit&agrave; possiamo stare piuttosto tranquilli, perch&eacute; la cometa ha un diametro stimato in circa 5km, troppi affinch&eacute; si sciolga completamente sebbene la temperatura per diverse ore sar&agrave; prossima ai 3.000 gradi. Pi&ugrave; incerto invece l&#8217;effetto della gravit&agrave; solare, perch&eacute; non conosciamo a priori la densit&agrave; della cometa.<br \/>\nPer informazioni ed aggiornamenti continui sulla cometa,<a target=\"_blank\" href=\"http:\/\/www.astrogeo.va.it\/astronomia\/comete\/C2012S1_ISON.php\"> potete visitare la nostra pagina.<\/a><br \/>\nSe la cometa dovesse effettivamente sopravvivere al perielio, potrebbe davvero rappresentare un bello spettacolo ad occhio nudo poco prima dell&#8217;alba a inizio dicembre, ed ovviamente <strong>la Societ&agrave; Astronomica Schiaparelli non mancher&agrave; l&#8217;occasione di organizzare delle osservazioni divulgative.<\/strong><br \/>\nData l&#8217;incertezza sulla sorte della ISON organizzeremo un&#8217;osservazione della cometa anche prima del passaggio al perielio, <strong>in una data compresa tra il 17 e il 20 novembre.<\/strong> La cornice non sar&agrave; l&#8217;Osservatorio al Campo dei Fiori ma il bellissimo<strong> belvedere Paolo VI del Sacro Monte di Varese.<\/strong><br \/>\nL&#8217;orario non sar&agrave; dei pi&ugrave; comodi, perch&eacute; la cometa si vedr&agrave; prima dell&#8217;alba, dalle ore 5.30 alle ore 6.30 del mattino. La data esatta potremo saperla solo un paio di giorni prima, a seconda del meteo, e di conseguenza vi invitiamo a visionare il nostro sito internet  HYPERLINK &quot;http:\/\/www.astrogeo.va.it\/&quot;www.astrogeo.va.it per ulteriori aggiornamenti.<br \/>\nUna cometa brillante &egrave; sempre oggetto di studio, sia per gli astronomi professionisti sia per gli astrofili. In occasione della cometa PANSTARRS, a marzo di quest&#8217;anno il nostro Osservatorio ha collaborato per osservazioni s<a target=\"_blank\" href=\"http:\/\/www3.varesenews.it\/varese\/la-schiaparelli-e-l-inaf-per-la-cometa-panstrarrs-274376.html\">pettroscopiche ad alta risoluzione con astronomi dell&#8217;Osservatorio astronomico di Trieste, che fa capo all&#8217;INAF. <\/a><\/p>\n","protected":false},"excerpt":{"rendered":"<p>La Societ\u00e0 Schiapparelli organizzer\u00e0 due appuntamenti, tra il 17 e il 20 novembre per vedere la cometa che si avviciner\u00e0 al Sole<\/p>\n","protected":false},"author":10,"featured_media":0,"comment_status":"open","ping_status":"open","sticky":false,"template":"","format":"standard","meta":{"footnotes":""},"categories":[21,2],"tags":[2822,12080],"acf":[],"yoast_head":"<!-- This site is optimized with the Yoast SEO plugin v20.1 - https:\/\/yoast.com\/wordpress\/plugins\/seo\/ -->\n<title>Al belvedere per guardare la Cometa Ison<\/title>\n<meta name=\"description\" content=\"La Societ\u00e0 Schiapparelli organizzer\u00e0 due appuntamenti, tra il 17 e il 20 novembre per vedere la cometa che si avviciner\u00e0 al Sole\" \/>\n<meta name=\"robots\" content=\"noindex, follow, max-snippet:-1, max-image-preview:large, max-video-preview:-1\" \/>\n<meta property=\"og:locale\" content=\"it_IT\" \/>\n<meta property=\"og:type\" content=\"article\" \/>\n<meta property=\"og:title\" content=\"Al belvedere per guardare la Cometa Ison\" \/>\n<meta property=\"og:description\" content=\"La Societ\u00e0 Schiapparelli organizzer\u00e0 due appuntamenti, tra il 17 e il 20 novembre per vedere la cometa che si avviciner\u00e0 al Sole\" \/>\n<meta property=\"og:url\" content=\"https:\/\/staging.varesenews.it\/2013\/10\/al-belvedere-per-guardare-la-cometa-ison\/49137\/\" \/>\n<meta property=\"og:site_name\" content=\"VareseNews\" \/>\n<meta property=\"article:publisher\" content=\"https:\/\/www.facebook.com\/varesenews\" \/>\n<meta property=\"article:published_time\" content=\"2013-10-27T00:00:00+00:00\" \/>\n<meta property=\"og:image\" content=\"https:\/\/www3.varesenews.it\/immagini_articoli\/201310\/cometa_ison_schiaparelli.jpg\" \/>\n<meta name=\"author\" content=\"Redazione VareseNews\" \/>\n<meta name=\"twitter:card\" content=\"summary_large_image\" \/>\n<meta name=\"twitter:creator\" content=\"@varesenews\" \/>\n<meta name=\"twitter:site\" content=\"@varesenews\" \/>\n<meta name=\"twitter:label1\" content=\"Scritto da\" \/>\n\t<meta name=\"twitter:data1\" content=\"Redazione VareseNews\" \/>\n\t<meta name=\"twitter:label2\" content=\"Tempo di lettura stimato\" \/>\n\t<meta name=\"twitter:data2\" content=\"2 minuti\" \/>\n<script type=\"application\/ld+json\" class=\"yoast-schema-graph\">{\"@context\":\"https:\/\/schema.org\",\"@graph\":[{\"@type\":\"WebPage\",\"@id\":\"https:\/\/staging.varesenews.it\/2013\/10\/al-belvedere-per-guardare-la-cometa-ison\/49137\/\",\"url\":\"https:\/\/staging.varesenews.it\/2013\/10\/al-belvedere-per-guardare-la-cometa-ison\/49137\/\",\"name\":\"Al belvedere per guardare la Cometa Ison\",\"isPartOf\":{\"@id\":\"https:\/\/staging.varesenews.it\/#website\"},\"datePublished\":\"2013-10-27T00:00:00+00:00\",\"dateModified\":\"2013-10-27T00:00:00+00:00\",\"author\":{\"@id\":\"https:\/\/staging.varesenews.it\/#\/schema\/person\/fb20c4da0b7b16c291707a20db73e169\"},\"description\":\"La Societ\u00e0 Schiapparelli organizzer\u00e0 due appuntamenti, tra il 17 e il 20 novembre per vedere la cometa che si avviciner\u00e0 al Sole\",\"breadcrumb\":{\"@id\":\"https:\/\/staging.varesenews.it\/2013\/10\/al-belvedere-per-guardare-la-cometa-ison\/49137\/#breadcrumb\"},\"inLanguage\":\"it-IT\",\"potentialAction\":[{\"@type\":\"ReadAction\",\"target\":[\"https:\/\/staging.varesenews.it\/2013\/10\/al-belvedere-per-guardare-la-cometa-ison\/49137\/\"]}]},{\"@type\":\"BreadcrumbList\",\"@id\":\"https:\/\/staging.varesenews.it\/2013\/10\/al-belvedere-per-guardare-la-cometa-ison\/49137\/#breadcrumb\",\"itemListElement\":[{\"@type\":\"ListItem\",\"position\":1,\"name\":\"Home\",\"item\":\"https:\/\/www.varesenews.it\/\"},{\"@type\":\"ListItem\",\"position\":2,\"name\":\"Al belvedere per guardare la Cometa Ison\"}]},{\"@type\":\"WebSite\",\"@id\":\"https:\/\/staging.varesenews.it\/#website\",\"url\":\"https:\/\/staging.varesenews.it\/\",\"name\":\"VareseNews\",\"description\":\"\",\"potentialAction\":[{\"@type\":\"SearchAction\",\"target\":{\"@type\":\"EntryPoint\",\"urlTemplate\":\"https:\/\/staging.varesenews.it\/?s={search_term_string}\"},\"query-input\":\"required name=search_term_string\"}],\"inLanguage\":\"it-IT\"},{\"@type\":\"Person\",\"@id\":\"https:\/\/staging.varesenews.it\/#\/schema\/person\/fb20c4da0b7b16c291707a20db73e169\",\"name\":\"Redazione VareseNews\",\"image\":{\"@type\":\"ImageObject\",\"inLanguage\":\"it-IT\",\"@id\":\"https:\/\/staging.varesenews.it\/#\/schema\/person\/image\/\",\"url\":\"https:\/\/staging.varesenews.it\/wp-content\/uploads\/2020\/12\/logo_VN_colori_500.png\",\"contentUrl\":\"https:\/\/staging.varesenews.it\/wp-content\/uploads\/2020\/12\/logo_VN_colori_500.png\",\"caption\":\"Redazione VareseNews\"},\"url\":\"https:\/\/staging.varesenews.it\/persona\/redazione1\/\"}]}<\/script>\n<!-- \/ Yoast SEO plugin. -->","yoast_head_json":{"title":"Al belvedere per guardare la Cometa Ison","description":"La Societ\u00e0 Schiapparelli organizzer\u00e0 due appuntamenti, tra il 17 e il 20 novembre per vedere la cometa che si avviciner\u00e0 al Sole","robots":{"index":"noindex","follow":"follow","max-snippet":"max-snippet:-1","max-image-preview":"max-image-preview:large","max-video-preview":"max-video-preview:-1"},"og_locale":"it_IT","og_type":"article","og_title":"Al belvedere per guardare la Cometa Ison","og_description":"La Societ\u00e0 Schiapparelli organizzer\u00e0 due appuntamenti, tra il 17 e il 20 novembre per vedere la cometa che si avviciner\u00e0 al Sole","og_url":"https:\/\/staging.varesenews.it\/2013\/10\/al-belvedere-per-guardare-la-cometa-ison\/49137\/","og_site_name":"VareseNews","article_publisher":"https:\/\/www.facebook.com\/varesenews","article_published_time":"2013-10-27T00:00:00+00:00","og_image":[{"url":"https:\/\/www3.varesenews.it\/immagini_articoli\/201310\/cometa_ison_schiaparelli.jpg"}],"author":"Redazione VareseNews","twitter_card":"summary_large_image","twitter_creator":"@varesenews","twitter_site":"@varesenews","twitter_misc":{"Scritto da":"Redazione VareseNews","Tempo di lettura stimato":"2 minuti"},"schema":{"@context":"https:\/\/schema.org","@graph":[{"@type":"WebPage","@id":"https:\/\/staging.varesenews.it\/2013\/10\/al-belvedere-per-guardare-la-cometa-ison\/49137\/","url":"https:\/\/staging.varesenews.it\/2013\/10\/al-belvedere-per-guardare-la-cometa-ison\/49137\/","name":"Al belvedere per guardare la Cometa Ison","isPartOf":{"@id":"https:\/\/staging.varesenews.it\/#website"},"datePublished":"2013-10-27T00:00:00+00:00","dateModified":"2013-10-27T00:00:00+00:00","author":{"@id":"https:\/\/staging.varesenews.it\/#\/schema\/person\/fb20c4da0b7b16c291707a20db73e169"},"description":"La Societ\u00e0 Schiapparelli organizzer\u00e0 due appuntamenti, tra il 17 e il 20 novembre per vedere la cometa che si avviciner\u00e0 al Sole","breadcrumb":{"@id":"https:\/\/staging.varesenews.it\/2013\/10\/al-belvedere-per-guardare-la-cometa-ison\/49137\/#breadcrumb"},"inLanguage":"it-IT","potentialAction":[{"@type":"ReadAction","target":["https:\/\/staging.varesenews.it\/2013\/10\/al-belvedere-per-guardare-la-cometa-ison\/49137\/"]}]},{"@type":"BreadcrumbList","@id":"https:\/\/staging.varesenews.it\/2013\/10\/al-belvedere-per-guardare-la-cometa-ison\/49137\/#breadcrumb","itemListElement":[{"@type":"ListItem","position":1,"name":"Home","item":"https:\/\/www.varesenews.it\/"},{"@type":"ListItem","position":2,"name":"Al belvedere per guardare la Cometa Ison"}]},{"@type":"WebSite","@id":"https:\/\/staging.varesenews.it\/#website","url":"https:\/\/staging.varesenews.it\/","name":"VareseNews","description":"","potentialAction":[{"@type":"SearchAction","target":{"@type":"EntryPoint","urlTemplate":"https:\/\/staging.varesenews.it\/?s={search_term_string}"},"query-input":"required name=search_term_string"}],"inLanguage":"it-IT"},{"@type":"Person","@id":"https:\/\/staging.varesenews.it\/#\/schema\/person\/fb20c4da0b7b16c291707a20db73e169","name":"Redazione VareseNews","image":{"@type":"ImageObject","inLanguage":"it-IT","@id":"https:\/\/staging.varesenews.it\/#\/schema\/person\/image\/","url":"https:\/\/staging.varesenews.it\/wp-content\/uploads\/2020\/12\/logo_VN_colori_500.png","contentUrl":"https:\/\/staging.varesenews.it\/wp-content\/uploads\/2020\/12\/logo_VN_colori_500.png","caption":"Redazione VareseNews"},"url":"https:\/\/staging.varesenews.it\/persona\/redazione1\/"}]}},"post_meta":{"id_old":"274452","argomento":"Sacro Monte"},"photos":[],"_links":{"self":[{"href":"https:\/\/staging.varesenews.it\/swgapi\/v1\/wp\/v2\/posts\/49137"}],"collection":[{"href":"https:\/\/staging.varesenews.it\/swgapi\/v1\/wp\/v2\/posts"}],"about":[{"href":"https:\/\/staging.varesenews.it\/swgapi\/v1\/wp\/v2\/types\/post"}],"author":[{"embeddable":true,"href":"https:\/\/staging.varesenews.it\/swgapi\/v1\/wp\/v2\/users\/10"}],"replies":[{"embeddable":true,"href":"https:\/\/staging.varesenews.it\/swgapi\/v1\/wp\/v2\/comments?post=49137"}],"version-history":[{"count":0,"href":"https:\/\/staging.varesenews.it\/swgapi\/v1\/wp\/v2\/posts\/49137\/revisions"}],"wp:attachment":[{"href":"https:\/\/staging.varesenews.it\/swgapi\/v1\/wp\/v2\/media?parent=49137"}],"wp:term":[{"taxonomy":"category","embeddable":true,"href":"https:\/\/staging.varesenews.it\/swgapi\/v1\/wp\/v2\/categories?post=49137"},{"taxonomy":"post_tag","embeddable":true,"href":"https:\/\/staging.varesenews.it\/swgapi\/v1\/wp\/v2\/tags?post=49137"}],"curies":[{"name":"wp","href":"https:\/\/api.w.org\/{rel}","templated":true}]}}