{"id":491637,"date":"2016-03-01T10:49:50","date_gmt":"2016-03-01T09:49:50","guid":{"rendered":"http:\/\/www.varesenews.it\/?p=491637"},"modified":"2016-03-02T11:09:22","modified_gmt":"2016-03-02T10:09:22","slug":"centrodestra-ultima-chiamata-per-andrea-cassani","status":"publish","type":"post","link":"https:\/\/staging.varesenews.it\/2016\/03\/centrodestra-ultima-chiamata-per-andrea-cassani\/491637\/","title":{"rendered":"Centrodestra, ultima chiamata per Andrea Cassani"},"content":{"rendered":"<p><strong>Nuovo round di consultazioni nel centrodestra di Gallarate<\/strong>: quello di questa sera &#8211; marted\u00ec 1 marzo &#8211; doveva essere il tavolo definitivo, per capire il destino dell&#8217;alleanza da contrapporre all&#8217;amministrazione uscente di Edoardo Guenzani (sostenuto dal <a href=\"http:\/\/www.varesenews.it\/2015\/12\/altre-liste-civiche-guenzani-dice-che-nel-2016-si-riparte-dallattuale-coalizione\/467378\/\">centrosinistra nell&#8217;assetto del 2011<\/a>) e ai vari candidati civici (gioved\u00ec la <a title=\"Gioved\u00ec Gallarate 9.9 apre la corsa del candidato sindaco\" href=\"http:\/\/www.varesenews.it\/2016\/02\/giovedi-gallarate-9-9-apre-corsa-del-candidato-sindaco\/491326\/\">presentazione del nome di Gallarate 9.9<\/a>). Marted\u00ec &#8220;doveva&#8221; essere il tavolo definitivo, perch\u00e9 il vertice\u00a0 a met\u00e0 giornata \u00e8 stato annullato, rinviato ancora di qualche giorno.<\/p>\n<p>La <strong>Lega Nord ha il suo candidato<\/strong> gi\u00e0 proposto, individuato in <strong>Andrea Cassani<\/strong>, 35 anni, funzionario del Carroccio e a lungo segretario della Circoscrizione del Gallaratese (nella foto in alto, durante la notte elettorale delle Regionali 2013, con Salvini e Maroni). La segreteria cittadina ha ribadito la sua scelta nel fine settimana, sostenuta anche dalla nuova lista civica d&#8217;area, &#8220;Gente di Gallarate&#8221; (<a title=\"Gente di Gallarate: \u201cAndrea Cassani candidato per il rinnovamento\u201d\" href=\"http:\/\/www.varesenews.it\/2016\/02\/gente-di-gallarate-andrea-cassani-candidato-per-il-rinnovamento\/490892\/\">qui il comunicato<\/a>). <strong>L&#8217;altra opzione? <\/strong><a href=\"http:\/\/www.varesenews.it\/wp-content\/uploads\/2016\/03\/mario-montonati-consiglio-camera-commercio-2007-2012-376090.jpg\"><img loading=\"lazy\" decoding=\"async\" class=\"alignleft  wp-image-491651\" src=\"http:\/\/www.varesenews.it\/wp-content\/uploads\/2016\/03\/mario-montonati-consiglio-camera-commercio-2007-2012-376090.jpg\" alt=\"mario-montonati-consiglio-camera-commercio-2007-2012-376090\" width=\"344\" height=\"258\" srcset=\"https:\/\/staging.varesenews.it\/wp-content\/uploads\/2016\/03\/mario-montonati-consiglio-camera-commercio-2007-2012-376090.jpg 400w, https:\/\/staging.varesenews.it\/wp-content\/uploads\/2016\/03\/mario-montonati-consiglio-camera-commercio-2007-2012-376090-300x225.jpg 300w\" sizes=\"(max-width: 344px) 100vw, 344px\" \/><\/a><strong>Si parla in questi giorni di Mario Montonati,<\/strong> manager del settore tessile (dal 1977 alla <strong>Tintoria Giovanni Clerici<\/strong>), gi\u00e0 nel direttivo dell&#8217;Unione Industriali della provincia di Varese, in Camera di Commercio e Centro Tessile Cotoniero. Una opzione che non sarebbe confermata dal diretto interessato, non portata al tavolo ufficialmente da nessuna forza politica, ma portato alla ribalta a suon di <em>rumors<\/em> e notizie stampa: nella logica dei sostenitori sarebbe un nome conosciuto, ben radicato nella Gallarate borghese, portato all&#8217;attenzione dei vertici provinciali del Carroccio nella speranza di far fuori Cassani, considerato troppo &#8220;identitario&#8221; per parlare a tutta la citt\u00e0. Il segretario del Carroccio Andrea Zibetti &#8211; che con Cassani domenica ha visto Salvini &#8211; ha ribadito la posizione della sezione cittadina: \u00ab\u00c8 irrispettoso far credere che Montonati sia sostenuto da qualcuno della Lega gallaratese, che ha gi\u00e0 espresso la sua scelta\u00bb.<\/p>\n<p><a href=\"http:\/\/www.varesenews.it\/tag\/gallarate-2016\/\" target=\"_blank\"><strong>Tutte le notizie sulle elezioni amministrative 2016 a Gallarate<\/strong><\/a><\/p>\n<p>Sar\u00e0 vero? A questo punto<strong> i giochi a livello cittadino sono fatti, la palla passa al livelllo provinciale<\/strong>, dove contano anche gli accordi e gli equilibri pi\u00f9 ampi di coalizione: a Varese c&#8217;\u00e8 Paolo Orrigoni, un candidato condiviso e &#8220;civico&#8221;, ma che \u00e8 anche stato indicato in un primo momento dalla Lega (e che quindi qualcuno nel centrodestra considera in &#8220;quota Lega&#8221;). Rimangono le &#8220;caselle&#8221; di Busto e Gallarate, dove Lega, Forza Italia, Ncd e Fratelli d&#8217;Italia devono trovare una quadra tra equlibri e garanzie recipriche (senza contare le varie &#8220;civiche&#8221;). A Gallarate la spunter\u00e0 il candidato ufficiale della Lega? O si aprir\u00e0 un nuovo round? Altri si stanno nel frattempo preparando: <a title=\"Fratelli d\u2019Italia: \u201cProporremo un nostro candidato\u201d\" href=\"http:\/\/www.varesenews.it\/2016\/03\/fratelli-ditalia-proporremo-un-nostro-candidato\/491562\/\">Fratelli d&#8217;Italia per esempio invoca anche le primarie e dice di avere un suo candidato<\/a>. Senza contare chi nel centrodestra &#8211; come Gianni Sparacia &#8211; sembra definitivamente orientato ad una corsa solitaria, per &#8220;saggiare&#8221; le proprie forze.<\/p>\n","protected":false},"excerpt":{"rendered":"<p>La segreteria cittadina della Lega Nord e una lista collaterale hanno il loro candidato ufficiale<\/p>\n","protected":false},"author":46,"featured_media":0,"comment_status":"open","ping_status":"open","sticky":false,"template":"","format":"standard","meta":{"footnotes":""},"categories":[3,16],"tags":[41324,56682,781],"acf":[],"yoast_head":"<!-- This site is optimized with the Yoast SEO plugin v20.1 - https:\/\/yoast.com\/wordpress\/plugins\/seo\/ -->\n<title>Centrodestra, ultima chiamata per Andrea Cassani<\/title>\n<meta name=\"description\" content=\"La segreteria cittadina della Lega Nord e una lista collaterale hanno il loro candidato ufficiale\" \/>\n<meta name=\"robots\" content=\"noindex, follow, max-snippet:-1, max-image-preview:large, max-video-preview:-1\" \/>\n<meta property=\"og:locale\" content=\"it_IT\" \/>\n<meta property=\"og:type\" content=\"article\" \/>\n<meta property=\"og:title\" content=\"Centrodestra, ultima chiamata per Andrea Cassani\" \/>\n<meta property=\"og:description\" content=\"La segreteria cittadina della Lega Nord e una lista collaterale hanno il loro candidato ufficiale\" \/>\n<meta property=\"og:url\" content=\"https:\/\/staging.varesenews.it\/2016\/03\/centrodestra-ultima-chiamata-per-andrea-cassani\/491637\/\" \/>\n<meta property=\"og:site_name\" content=\"VareseNews\" \/>\n<meta property=\"article:publisher\" content=\"https:\/\/www.facebook.com\/varesenews\" \/>\n<meta property=\"article:published_time\" content=\"2016-03-01T09:49:50+00:00\" \/>\n<meta property=\"article:modified_time\" content=\"2016-03-02T10:09:22+00:00\" \/>\n<meta property=\"og:image\" content=\"http:\/\/www.varesenews.it\/wp-content\/uploads\/2016\/03\/mario-montonati-consiglio-camera-commercio-2007-2012-376090.jpg\" \/>\n<meta name=\"author\" content=\"Roberto Morandi\" \/>\n<meta name=\"twitter:card\" content=\"summary_large_image\" \/>\n<meta name=\"twitter:creator\" content=\"@ilmorands\" \/>\n<meta name=\"twitter:site\" content=\"@varesenews\" \/>\n<meta name=\"twitter:label1\" content=\"Scritto da\" \/>\n\t<meta name=\"twitter:data1\" content=\"Roberto Morandi\" \/>\n\t<meta name=\"twitter:label2\" content=\"Tempo di lettura stimato\" \/>\n\t<meta name=\"twitter:data2\" content=\"2 minuti\" \/>\n<script type=\"application\/ld+json\" class=\"yoast-schema-graph\">{\"@context\":\"https:\/\/schema.org\",\"@graph\":[{\"@type\":\"WebPage\",\"@id\":\"https:\/\/staging.varesenews.it\/2016\/03\/centrodestra-ultima-chiamata-per-andrea-cassani\/491637\/\",\"url\":\"https:\/\/staging.varesenews.it\/2016\/03\/centrodestra-ultima-chiamata-per-andrea-cassani\/491637\/\",\"name\":\"Centrodestra, ultima chiamata per Andrea Cassani\",\"isPartOf\":{\"@id\":\"https:\/\/staging.varesenews.it\/#website\"},\"datePublished\":\"2016-03-01T09:49:50+00:00\",\"dateModified\":\"2016-03-02T10:09:22+00:00\",\"author\":{\"@id\":\"https:\/\/staging.varesenews.it\/#\/schema\/person\/efe592ae4c76536b551f89d8b6674bc3\"},\"description\":\"La segreteria cittadina della Lega Nord e una lista collaterale hanno il loro candidato ufficiale\",\"breadcrumb\":{\"@id\":\"https:\/\/staging.varesenews.it\/2016\/03\/centrodestra-ultima-chiamata-per-andrea-cassani\/491637\/#breadcrumb\"},\"inLanguage\":\"it-IT\",\"potentialAction\":[{\"@type\":\"ReadAction\",\"target\":[\"https:\/\/staging.varesenews.it\/2016\/03\/centrodestra-ultima-chiamata-per-andrea-cassani\/491637\/\"]}]},{\"@type\":\"BreadcrumbList\",\"@id\":\"https:\/\/staging.varesenews.it\/2016\/03\/centrodestra-ultima-chiamata-per-andrea-cassani\/491637\/#breadcrumb\",\"itemListElement\":[{\"@type\":\"ListItem\",\"position\":1,\"name\":\"Home\",\"item\":\"https:\/\/www.varesenews.it\/\"},{\"@type\":\"ListItem\",\"position\":2,\"name\":\"Centrodestra, ultima chiamata per Andrea Cassani\"}]},{\"@type\":\"WebSite\",\"@id\":\"https:\/\/staging.varesenews.it\/#website\",\"url\":\"https:\/\/staging.varesenews.it\/\",\"name\":\"VareseNews\",\"description\":\"\",\"potentialAction\":[{\"@type\":\"SearchAction\",\"target\":{\"@type\":\"EntryPoint\",\"urlTemplate\":\"https:\/\/staging.varesenews.it\/?s={search_term_string}\"},\"query-input\":\"required name=search_term_string\"}],\"inLanguage\":\"it-IT\"},{\"@type\":\"Person\",\"@id\":\"https:\/\/staging.varesenews.it\/#\/schema\/person\/efe592ae4c76536b551f89d8b6674bc3\",\"name\":\"Roberto Morandi\",\"image\":{\"@type\":\"ImageObject\",\"inLanguage\":\"it-IT\",\"@id\":\"https:\/\/staging.varesenews.it\/#\/schema\/person\/image\/\",\"url\":\"https:\/\/staging.varesenews.it\/wp-content\/uploads\/2020\/12\/roberto_morandi_colori_500.jpg\",\"contentUrl\":\"https:\/\/staging.varesenews.it\/wp-content\/uploads\/2020\/12\/roberto_morandi_colori_500.jpg\",\"caption\":\"Roberto Morandi\"},\"description\":\"Classe 1980, laureato in storia, mi occupo dell&rsquo;area di Gallarate e di Malpensa, di trasporti e mobilit&agrave;. Amo molto la dimensione della citt&agrave;, come luogo d&rsquo;incontro di persone diverse e come organismo che si trasforma costantemente. Mi piace anche raccontare le piccole e grandi vicende, anche locali, che compongono la Storia con la S maiuscola. Appassionato di bicicletta: la macchina perfetta per muoversi in citt&agrave; e per viaggiare.\",\"sameAs\":[\"https:\/\/twitter.com\/ilmorands\"],\"url\":\"https:\/\/staging.varesenews.it\/persona\/roberto-morandi1\/\"}]}<\/script>\n<!-- \/ Yoast SEO plugin. -->","yoast_head_json":{"title":"Centrodestra, ultima chiamata per Andrea Cassani","description":"La segreteria cittadina della Lega Nord e una lista collaterale hanno il loro candidato ufficiale","robots":{"index":"noindex","follow":"follow","max-snippet":"max-snippet:-1","max-image-preview":"max-image-preview:large","max-video-preview":"max-video-preview:-1"},"og_locale":"it_IT","og_type":"article","og_title":"Centrodestra, ultima chiamata per Andrea Cassani","og_description":"La segreteria cittadina della Lega Nord e una lista collaterale hanno il loro candidato ufficiale","og_url":"https:\/\/staging.varesenews.it\/2016\/03\/centrodestra-ultima-chiamata-per-andrea-cassani\/491637\/","og_site_name":"VareseNews","article_publisher":"https:\/\/www.facebook.com\/varesenews","article_published_time":"2016-03-01T09:49:50+00:00","article_modified_time":"2016-03-02T10:09:22+00:00","og_image":[{"url":"http:\/\/www.varesenews.it\/wp-content\/uploads\/2016\/03\/mario-montonati-consiglio-camera-commercio-2007-2012-376090.jpg"}],"author":"Roberto Morandi","twitter_card":"summary_large_image","twitter_creator":"@ilmorands","twitter_site":"@varesenews","twitter_misc":{"Scritto da":"Roberto Morandi","Tempo di lettura stimato":"2 minuti"},"schema":{"@context":"https:\/\/schema.org","@graph":[{"@type":"WebPage","@id":"https:\/\/staging.varesenews.it\/2016\/03\/centrodestra-ultima-chiamata-per-andrea-cassani\/491637\/","url":"https:\/\/staging.varesenews.it\/2016\/03\/centrodestra-ultima-chiamata-per-andrea-cassani\/491637\/","name":"Centrodestra, ultima chiamata per Andrea Cassani","isPartOf":{"@id":"https:\/\/staging.varesenews.it\/#website"},"datePublished":"2016-03-01T09:49:50+00:00","dateModified":"2016-03-02T10:09:22+00:00","author":{"@id":"https:\/\/staging.varesenews.it\/#\/schema\/person\/efe592ae4c76536b551f89d8b6674bc3"},"description":"La segreteria cittadina della Lega Nord e una lista collaterale hanno il loro candidato ufficiale","breadcrumb":{"@id":"https:\/\/staging.varesenews.it\/2016\/03\/centrodestra-ultima-chiamata-per-andrea-cassani\/491637\/#breadcrumb"},"inLanguage":"it-IT","potentialAction":[{"@type":"ReadAction","target":["https:\/\/staging.varesenews.it\/2016\/03\/centrodestra-ultima-chiamata-per-andrea-cassani\/491637\/"]}]},{"@type":"BreadcrumbList","@id":"https:\/\/staging.varesenews.it\/2016\/03\/centrodestra-ultima-chiamata-per-andrea-cassani\/491637\/#breadcrumb","itemListElement":[{"@type":"ListItem","position":1,"name":"Home","item":"https:\/\/www.varesenews.it\/"},{"@type":"ListItem","position":2,"name":"Centrodestra, ultima chiamata per Andrea Cassani"}]},{"@type":"WebSite","@id":"https:\/\/staging.varesenews.it\/#website","url":"https:\/\/staging.varesenews.it\/","name":"VareseNews","description":"","potentialAction":[{"@type":"SearchAction","target":{"@type":"EntryPoint","urlTemplate":"https:\/\/staging.varesenews.it\/?s={search_term_string}"},"query-input":"required name=search_term_string"}],"inLanguage":"it-IT"},{"@type":"Person","@id":"https:\/\/staging.varesenews.it\/#\/schema\/person\/efe592ae4c76536b551f89d8b6674bc3","name":"Roberto Morandi","image":{"@type":"ImageObject","inLanguage":"it-IT","@id":"https:\/\/staging.varesenews.it\/#\/schema\/person\/image\/","url":"https:\/\/staging.varesenews.it\/wp-content\/uploads\/2020\/12\/roberto_morandi_colori_500.jpg","contentUrl":"https:\/\/staging.varesenews.it\/wp-content\/uploads\/2020\/12\/roberto_morandi_colori_500.jpg","caption":"Roberto Morandi"},"description":"Classe 1980, laureato in storia, mi occupo dell&rsquo;area di Gallarate e di Malpensa, di trasporti e mobilit&agrave;. Amo molto la dimensione della citt&agrave;, come luogo d&rsquo;incontro di persone diverse e come organismo che si trasforma costantemente. Mi piace anche raccontare le piccole e grandi vicende, anche locali, che compongono la Storia con la S maiuscola. Appassionato di bicicletta: la macchina perfetta per muoversi in citt&agrave; e per viaggiare.","sameAs":["https:\/\/twitter.com\/ilmorands"],"url":"https:\/\/staging.varesenews.it\/persona\/roberto-morandi1\/"}]}},"post_meta":{"_edit_lock":"1456916126:46","_edit_last":"46","ratings_users":"0","ratings_score":"0","ratings_average":"0","_category_permalink":"","wdfb_og_title":"","wdfb_og_type":"","wdfb_og_description":"","wdfb_og_images":"a:1:{i:0;s:0:\"\";}","wdfb_og_custom_name":"a:1:{i:0;s:0:\"\";}","wdfb_og_custom_value":"a:1:{i:0;s:0:\"\";}","foto":"519803","argomento":"Gallarate","_jd_twitter":"","_jd_tweet_this":"yes","_wpt_short_url":"http:\/\/www.varesenews.it\/2016\/03\/centrodestra-ultima-chiamata-per-andrea-cassani\/491637\/","_wp_jd_target":"http:\/\/www.varesenews.it\/2016\/03\/centrodestra-ultima-chiamata-per-andrea-cassani\/491637\/","_jd_wp_twitter":"a:1:{i:0;s:173:\"Centrodestra, ultima chiamata per Andrea Cassani http:\/\/www.varesenews.it\/2016\/03\/centrodestra-ultima-chiamata-per-andrea-cassani\/491637\/ #gallarate #gallarate2016 #politica\";}","_wpt_status_message":"Tweet inviato con successo.","_oembed_cfa22ad44d54b0aee1f80e93dc1ac71b":"{{unknown}}"},"photos":[{"original":"https:\/\/staging.varesenews.it\/photogallery_new\/images\/2016\/03\/politica-varia-519803.jpg","full":"https:\/\/staging.varesenews.it\/photogallery_new\/images\/2016\/03\/politica-varia-519803.1024x768.jpg","large":"https:\/\/staging.varesenews.it\/photogallery_new\/images\/2016\/03\/politica-varia-519803.610x431.jpg"}],"_links":{"self":[{"href":"https:\/\/staging.varesenews.it\/swgapi\/v1\/wp\/v2\/posts\/491637"}],"collection":[{"href":"https:\/\/staging.varesenews.it\/swgapi\/v1\/wp\/v2\/posts"}],"about":[{"href":"https:\/\/staging.varesenews.it\/swgapi\/v1\/wp\/v2\/types\/post"}],"author":[{"embeddable":true,"href":"https:\/\/staging.varesenews.it\/swgapi\/v1\/wp\/v2\/users\/46"}],"replies":[{"embeddable":true,"href":"https:\/\/staging.varesenews.it\/swgapi\/v1\/wp\/v2\/comments?post=491637"}],"version-history":[{"count":0,"href":"https:\/\/staging.varesenews.it\/swgapi\/v1\/wp\/v2\/posts\/491637\/revisions"}],"wp:attachment":[{"href":"https:\/\/staging.varesenews.it\/swgapi\/v1\/wp\/v2\/media?parent=491637"}],"wp:term":[{"taxonomy":"category","embeddable":true,"href":"https:\/\/staging.varesenews.it\/swgapi\/v1\/wp\/v2\/categories?post=491637"},{"taxonomy":"post_tag","embeddable":true,"href":"https:\/\/staging.varesenews.it\/swgapi\/v1\/wp\/v2\/tags?post=491637"}],"curies":[{"name":"wp","href":"https:\/\/api.w.org\/{rel}","templated":true}]}}