{"id":492188,"date":"2016-03-02T12:18:45","date_gmt":"2016-03-02T11:18:45","guid":{"rendered":"http:\/\/www.varesenews.it\/?p=492188"},"modified":"2016-03-02T12:18:45","modified_gmt":"2016-03-02T11:18:45","slug":"favole-guidate-lolistica-entra-allasilo","status":"publish","type":"post","link":"https:\/\/staging.varesenews.it\/2016\/03\/favole-guidate-lolistica-entra-allasilo\/492188\/","title":{"rendered":"Favole guidate, l&#8217;olistica entra all&#8217;asilo"},"content":{"rendered":"<p>Vi siete mai chiesti cosa sia l&#8217;olistica? L&#8217;olistica \u00e8 una disciplina che si occupa di trattare ogni individuo come un&#8217;unit\u00e0 totalitaria tra corpo, mente e spirito. Negli ultimi anni \u00e8 aumentata questa consapevolezza e con essa, anche il numero di servizi per adulti interessati a questo approccio.\u00a0E allora perch\u00e8 non allargare quest&#8217;idea ad attivit\u00e0 per bambini?<\/p>\n<p>Ci hanno pensato Luca Doveri e Vanessa Salmoiraghi che, con i loro studi e la loro esperienza, organizzano svariati appuntamenti sul genere per i pi\u00f9 piccini.\u00a0Con il nome di Favole Guidate, i due giovani, offrono degli spazi itineranti in tutta Italia per bambini, dedicati all&#8217;ascolto, al rilassamento e a viaggiare con l&#8217;immaginazione.<\/p>\n<p>Proprio\u00a0domenica scorsa (28 febbraio), con la preziosa collaborazione del movie maker Alessandro Console, si \u00e8 tenuta all&#8217;asilo San Carlo e Terzaghi di Gorla Minore, una giornata di Favole Guidate, propedeutica alla realizzazione di un video riguardante queste iniziative.<\/p>\n<p>I 14 bambini partecipanti, si sono cos\u00ec cimentati nella sperimentazione di questo nuovo tipo di \u201cgioco\u201d in un ambiente a telecamere nascoste.\u00a0Il risultato \u00e8 stato davvero soprendente anche agli occhi delle mamme che, sicure di trovare i due operatori sconvolti e l&#8217;asilo sottosopra, si sono trovate davanti al silenzio di un cerchio di bambini che, gioiosamente, condividevano le loro esperienze di viaggio all&#8217;interno dell&#8217;immaginazione.<\/p>\n<p>Oltre a momenti collettivi di racconto, i bambini hanno potuto sperimentare le Favole Guidate anche singolarmente o in coppia, in modo da rendere ancora pi\u00f9 intima e intesa questa particolare esperienza.\u00a0Attraverso questi giochi di ascolto attivo, hanno potuto esplorare il mondo della loro immaginazione e dare vita a scenari e personaggi che hanno poi reso attraverso disegni e produzioni creative.<\/p>\n<p>Valore aggiunto della giornata \u00e8 stato dato dalla presenza di alcuni ragazzi della Cooperativa Sociale Gruppo Amicizia che, come gi\u00e0 di consueto nei loro progetti di formazione, hanno affiancato le attivit\u00e0 artistiche dei bambini.\u00a0Gli scopi di Luca e Vanessa sono chiaramente espressi nel programma col quale si presentano: sostenere il riconoscimento e l&#8217;esternazione degli stati d&#8217;animo nel bambino.\u00a0Aumentare la crescita della consapevolezza nel bambino per poter esprimere le proprie emozioni e le proprie fantasie nella realt\u00e0 di tutti i giorni.\u00a0Aiutare il bambino a valorizzare i piani del sogno e della fantasia per portarli in un contesto pi\u00f9 accessibile.\u00a0Fornire ai formatori una nuova metodologia per giocare e investire il tempo in modo sereno e costruttivo.<\/p>\n<p>I due ragazzi, oltre a organizzare incontri di una giornata su tutto il territorio nazionale, hanno anche ideato campus olistici itineranti per bambini nei tre mesi di giugno, luglio e agosto. Inoltre sono prossimi alla pubblicazione del loro primo libro a quattro mani: una meravigliosa avventura di formazione in cui un&#8217;aquila insegna a un bambino ad esplorare la propria immaginazione attraverso le Favole Guidate.<\/p>\n<p>E&#8217; possibile contattarli e seguire il calendario delle loro attivit\u00e0 attraverso la pagina di facebook Favole Guidate, dove a breve troverete anche il video.<\/p>\n","protected":false},"excerpt":{"rendered":"<p>I bambini si sono cimentati nella sperimentazione di questo nuovo tipo di \u201cgioco\u201d in un ambiente a telecamere nascoste. Il risultato \u00e8 stato davvero soprendente <\/p>\n","protected":false},"author":47,"featured_media":0,"comment_status":"open","ping_status":"open","sticky":false,"template":"","format":"standard","meta":{"footnotes":""},"categories":[23,4],"tags":[58384],"acf":[],"yoast_head":"<!-- This site is optimized with the Yoast SEO plugin v20.1 - https:\/\/yoast.com\/wordpress\/plugins\/seo\/ -->\n<title>Favole guidate, l&#039;olistica entra all&#039;asilo<\/title>\n<meta name=\"description\" content=\"I bambini si sono cimentati nella sperimentazione di questo nuovo tipo di \u201cgioco\u201d in un ambiente a telecamere nascoste. Il risultato \u00e8 stato davvero soprendente\" \/>\n<meta name=\"robots\" content=\"noindex, follow, max-snippet:-1, max-image-preview:large, max-video-preview:-1\" \/>\n<meta property=\"og:locale\" content=\"it_IT\" \/>\n<meta property=\"og:type\" content=\"article\" \/>\n<meta property=\"og:title\" content=\"Favole guidate, l&#039;olistica entra all&#039;asilo\" \/>\n<meta property=\"og:description\" content=\"I bambini si sono cimentati nella sperimentazione di questo nuovo tipo di \u201cgioco\u201d in un ambiente a telecamere nascoste. Il risultato \u00e8 stato davvero soprendente\" \/>\n<meta property=\"og:url\" content=\"https:\/\/staging.varesenews.it\/2016\/03\/favole-guidate-lolistica-entra-allasilo\/492188\/\" \/>\n<meta property=\"og:site_name\" content=\"VareseNews\" \/>\n<meta property=\"article:publisher\" content=\"https:\/\/www.facebook.com\/varesenews\" \/>\n<meta property=\"article:published_time\" content=\"2016-03-02T11:18:45+00:00\" \/>\n<meta name=\"author\" content=\"Orlando Mastrillo\" \/>\n<meta name=\"twitter:card\" content=\"summary_large_image\" \/>\n<meta name=\"twitter:creator\" content=\"@nando_mastrillo\" \/>\n<meta name=\"twitter:site\" content=\"@varesenews\" \/>\n<meta name=\"twitter:label1\" content=\"Scritto da\" \/>\n\t<meta name=\"twitter:data1\" content=\"Orlando Mastrillo\" \/>\n\t<meta name=\"twitter:label2\" content=\"Tempo di lettura stimato\" \/>\n\t<meta name=\"twitter:data2\" content=\"2 minuti\" \/>\n<script type=\"application\/ld+json\" class=\"yoast-schema-graph\">{\"@context\":\"https:\/\/schema.org\",\"@graph\":[{\"@type\":\"WebPage\",\"@id\":\"https:\/\/staging.varesenews.it\/2016\/03\/favole-guidate-lolistica-entra-allasilo\/492188\/\",\"url\":\"https:\/\/staging.varesenews.it\/2016\/03\/favole-guidate-lolistica-entra-allasilo\/492188\/\",\"name\":\"Favole guidate, l'olistica entra all'asilo\",\"isPartOf\":{\"@id\":\"https:\/\/staging.varesenews.it\/#website\"},\"datePublished\":\"2016-03-02T11:18:45+00:00\",\"dateModified\":\"2016-03-02T11:18:45+00:00\",\"author\":{\"@id\":\"https:\/\/staging.varesenews.it\/#\/schema\/person\/14c47ccce537a9058dddce296f10b296\"},\"description\":\"I bambini si sono cimentati nella sperimentazione di questo nuovo tipo di \u201cgioco\u201d in un ambiente a telecamere nascoste. Il risultato \u00e8 stato davvero soprendente\",\"breadcrumb\":{\"@id\":\"https:\/\/staging.varesenews.it\/2016\/03\/favole-guidate-lolistica-entra-allasilo\/492188\/#breadcrumb\"},\"inLanguage\":\"it-IT\",\"potentialAction\":[{\"@type\":\"ReadAction\",\"target\":[\"https:\/\/staging.varesenews.it\/2016\/03\/favole-guidate-lolistica-entra-allasilo\/492188\/\"]}]},{\"@type\":\"BreadcrumbList\",\"@id\":\"https:\/\/staging.varesenews.it\/2016\/03\/favole-guidate-lolistica-entra-allasilo\/492188\/#breadcrumb\",\"itemListElement\":[{\"@type\":\"ListItem\",\"position\":1,\"name\":\"Home\",\"item\":\"https:\/\/www.varesenews.it\/\"},{\"@type\":\"ListItem\",\"position\":2,\"name\":\"Favole guidate, l&#8217;olistica entra all&#8217;asilo\"}]},{\"@type\":\"WebSite\",\"@id\":\"https:\/\/staging.varesenews.it\/#website\",\"url\":\"https:\/\/staging.varesenews.it\/\",\"name\":\"VareseNews\",\"description\":\"\",\"potentialAction\":[{\"@type\":\"SearchAction\",\"target\":{\"@type\":\"EntryPoint\",\"urlTemplate\":\"https:\/\/staging.varesenews.it\/?s={search_term_string}\"},\"query-input\":\"required name=search_term_string\"}],\"inLanguage\":\"it-IT\"},{\"@type\":\"Person\",\"@id\":\"https:\/\/staging.varesenews.it\/#\/schema\/person\/14c47ccce537a9058dddce296f10b296\",\"name\":\"Orlando Mastrillo\",\"image\":{\"@type\":\"ImageObject\",\"inLanguage\":\"it-IT\",\"@id\":\"https:\/\/staging.varesenews.it\/#\/schema\/person\/image\/\",\"url\":\"https:\/\/staging.varesenews.it\/wp-content\/uploads\/2020\/12\/orlando_mastrillo_colori_500.jpg\",\"contentUrl\":\"https:\/\/staging.varesenews.it\/wp-content\/uploads\/2020\/12\/orlando_mastrillo_colori_500.jpg\",\"caption\":\"Orlando Mastrillo\"},\"description\":\"Nasco a Luino nel 1981, ho iniziato questo lavoro nell'estate del 2003 nella redazione de Il Giorno di Varese e dall'anno successivo ho intrapreso la collaborazione con VareseNews. Dopo anni nell'Alto Varesotto mi sono trasferito a Busto Arsizio nel 2007, territorio che ho iniziato a seguire e che seguo tutt'oggi. Nel 2013 sono diventato giornalista professionista. Mi occupo di cronaca politica, giudiziaria e nera in una vasta area che comprende anche parte della Valle Olona e il Legnanese. Sono sposato con Valeria Arini e ho due splendide figlie.\",\"sameAs\":[\"or_ma\",\"https:\/\/twitter.com\/nando_mastrillo\"],\"url\":\"https:\/\/staging.varesenews.it\/persona\/orlando-mastrillo1\/\"}]}<\/script>\n<!-- \/ Yoast SEO plugin. -->","yoast_head_json":{"title":"Favole guidate, l'olistica entra all'asilo","description":"I bambini si sono cimentati nella sperimentazione di questo nuovo tipo di \u201cgioco\u201d in un ambiente a telecamere nascoste. Il risultato \u00e8 stato davvero soprendente","robots":{"index":"noindex","follow":"follow","max-snippet":"max-snippet:-1","max-image-preview":"max-image-preview:large","max-video-preview":"max-video-preview:-1"},"og_locale":"it_IT","og_type":"article","og_title":"Favole guidate, l'olistica entra all'asilo","og_description":"I bambini si sono cimentati nella sperimentazione di questo nuovo tipo di \u201cgioco\u201d in un ambiente a telecamere nascoste. Il risultato \u00e8 stato davvero soprendente","og_url":"https:\/\/staging.varesenews.it\/2016\/03\/favole-guidate-lolistica-entra-allasilo\/492188\/","og_site_name":"VareseNews","article_publisher":"https:\/\/www.facebook.com\/varesenews","article_published_time":"2016-03-02T11:18:45+00:00","author":"Orlando Mastrillo","twitter_card":"summary_large_image","twitter_creator":"@nando_mastrillo","twitter_site":"@varesenews","twitter_misc":{"Scritto da":"Orlando Mastrillo","Tempo di lettura stimato":"2 minuti"},"schema":{"@context":"https:\/\/schema.org","@graph":[{"@type":"WebPage","@id":"https:\/\/staging.varesenews.it\/2016\/03\/favole-guidate-lolistica-entra-allasilo\/492188\/","url":"https:\/\/staging.varesenews.it\/2016\/03\/favole-guidate-lolistica-entra-allasilo\/492188\/","name":"Favole guidate, l'olistica entra all'asilo","isPartOf":{"@id":"https:\/\/staging.varesenews.it\/#website"},"datePublished":"2016-03-02T11:18:45+00:00","dateModified":"2016-03-02T11:18:45+00:00","author":{"@id":"https:\/\/staging.varesenews.it\/#\/schema\/person\/14c47ccce537a9058dddce296f10b296"},"description":"I bambini si sono cimentati nella sperimentazione di questo nuovo tipo di \u201cgioco\u201d in un ambiente a telecamere nascoste. Il risultato \u00e8 stato davvero soprendente","breadcrumb":{"@id":"https:\/\/staging.varesenews.it\/2016\/03\/favole-guidate-lolistica-entra-allasilo\/492188\/#breadcrumb"},"inLanguage":"it-IT","potentialAction":[{"@type":"ReadAction","target":["https:\/\/staging.varesenews.it\/2016\/03\/favole-guidate-lolistica-entra-allasilo\/492188\/"]}]},{"@type":"BreadcrumbList","@id":"https:\/\/staging.varesenews.it\/2016\/03\/favole-guidate-lolistica-entra-allasilo\/492188\/#breadcrumb","itemListElement":[{"@type":"ListItem","position":1,"name":"Home","item":"https:\/\/www.varesenews.it\/"},{"@type":"ListItem","position":2,"name":"Favole guidate, l&#8217;olistica entra all&#8217;asilo"}]},{"@type":"WebSite","@id":"https:\/\/staging.varesenews.it\/#website","url":"https:\/\/staging.varesenews.it\/","name":"VareseNews","description":"","potentialAction":[{"@type":"SearchAction","target":{"@type":"EntryPoint","urlTemplate":"https:\/\/staging.varesenews.it\/?s={search_term_string}"},"query-input":"required name=search_term_string"}],"inLanguage":"it-IT"},{"@type":"Person","@id":"https:\/\/staging.varesenews.it\/#\/schema\/person\/14c47ccce537a9058dddce296f10b296","name":"Orlando Mastrillo","image":{"@type":"ImageObject","inLanguage":"it-IT","@id":"https:\/\/staging.varesenews.it\/#\/schema\/person\/image\/","url":"https:\/\/staging.varesenews.it\/wp-content\/uploads\/2020\/12\/orlando_mastrillo_colori_500.jpg","contentUrl":"https:\/\/staging.varesenews.it\/wp-content\/uploads\/2020\/12\/orlando_mastrillo_colori_500.jpg","caption":"Orlando Mastrillo"},"description":"Nasco a Luino nel 1981, ho iniziato questo lavoro nell'estate del 2003 nella redazione de Il Giorno di Varese e dall'anno successivo ho intrapreso la collaborazione con VareseNews. Dopo anni nell'Alto Varesotto mi sono trasferito a Busto Arsizio nel 2007, territorio che ho iniziato a seguire e che seguo tutt'oggi. Nel 2013 sono diventato giornalista professionista. Mi occupo di cronaca politica, giudiziaria e nera in una vasta area che comprende anche parte della Valle Olona e il Legnanese. Sono sposato con Valeria Arini e ho due splendide figlie.","sameAs":["or_ma","https:\/\/twitter.com\/nando_mastrillo"],"url":"https:\/\/staging.varesenews.it\/persona\/orlando-mastrillo1\/"}]}},"post_meta":{"_edit_lock":"1456917667:47","_edit_last":"47","ratings_users":"0","ratings_score":"0","ratings_average":"0","_category_permalink":"","wdfb_og_title":"","wdfb_og_type":"","wdfb_og_description":"","wdfb_og_images":"a:1:{i:0;s:0:\"\";}","wdfb_og_custom_name":"a:1:{i:0;s:0:\"\";}","wdfb_og_custom_value":"a:1:{i:0;s:0:\"\";}","foto":"520309","argomento":"Gorla Minore","_yoast_wpseo_focuskw":"favole guidate","_jd_twitter":"","_jd_tweet_this":"yes","_wpt_short_url":"http:\/\/www.varesenews.it\/2016\/03\/favole-guidate-lolistica-entra-allasilo\/492188\/","_wp_jd_target":"http:\/\/www.varesenews.it\/2016\/03\/favole-guidate-lolistica-entra-allasilo\/492188\/","_jd_wp_twitter":"a:1:{i:0;s:124:\"Favole guidate, l'olistica entra all'asilo http:\/\/www.varesenews.it\/2016\/03\/favole-guidate-lolistica-entra-allasilo\/492188\/ \";}","_wpt_status_message":"Tweet inviato con successo.","_yoast_wpseo_linkdex":"81"},"photos":[{"original":"https:\/\/staging.varesenews.it\/photogallery_new\/images\/2016\/03\/asilo-gorla-minore-520309.jpg","full":"https:\/\/staging.varesenews.it\/photogallery_new\/images\/2016\/03\/asilo-gorla-minore-520309.1024x768.jpg","large":"https:\/\/staging.varesenews.it\/photogallery_new\/images\/2016\/03\/asilo-gorla-minore-520309.610x431.jpg"}],"_links":{"self":[{"href":"https:\/\/staging.varesenews.it\/swgapi\/v1\/wp\/v2\/posts\/492188"}],"collection":[{"href":"https:\/\/staging.varesenews.it\/swgapi\/v1\/wp\/v2\/posts"}],"about":[{"href":"https:\/\/staging.varesenews.it\/swgapi\/v1\/wp\/v2\/types\/post"}],"author":[{"embeddable":true,"href":"https:\/\/staging.varesenews.it\/swgapi\/v1\/wp\/v2\/users\/47"}],"replies":[{"embeddable":true,"href":"https:\/\/staging.varesenews.it\/swgapi\/v1\/wp\/v2\/comments?post=492188"}],"version-history":[{"count":0,"href":"https:\/\/staging.varesenews.it\/swgapi\/v1\/wp\/v2\/posts\/492188\/revisions"}],"wp:attachment":[{"href":"https:\/\/staging.varesenews.it\/swgapi\/v1\/wp\/v2\/media?parent=492188"}],"wp:term":[{"taxonomy":"category","embeddable":true,"href":"https:\/\/staging.varesenews.it\/swgapi\/v1\/wp\/v2\/categories?post=492188"},{"taxonomy":"post_tag","embeddable":true,"href":"https:\/\/staging.varesenews.it\/swgapi\/v1\/wp\/v2\/tags?post=492188"}],"curies":[{"name":"wp","href":"https:\/\/api.w.org\/{rel}","templated":true}]}}