{"id":494137,"date":"2016-03-07T14:54:37","date_gmt":"2016-03-07T13:54:37","guid":{"rendered":"http:\/\/www.varesenews.it\/?p=494137"},"modified":"2016-03-07T14:54:37","modified_gmt":"2016-03-07T13:54:37","slug":"pizzica-comici-e-risate-gli-appuntamenti-al-caffe-teatro","status":"publish","type":"post","link":"https:\/\/staging.varesenews.it\/2016\/03\/pizzica-comici-e-risate-gli-appuntamenti-al-caffe-teatro\/494137\/","title":{"rendered":"Pizzica, comici e risate: gli appuntamenti al Caff\u00e8 Teatro"},"content":{"rendered":"<p>Nasce da un racconto degli aspetti pi\u00f9 grotteschi della societ\u00e0 italiana, capace di alternare un realismo ai limiti del paradossale al pi\u00f9 estroso dei nonsense, la comicit\u00e0 di <strong>Luca Klobas, protagonista sul palcoscenico del Caff\u00e9 Teatro nella serata di sabato 12 marzo.<\/strong> Uno spettacolo che si nutre di personaggi insoliti, figli di un presente lucidamente sezionato.<\/p>\n<p>Al secolo Gianluca Clobaz, veneziano della Giudecca, Klobas ha iniziato la sua carriera artistica nella prima met\u00e0 degli anni Ottanta formandosi all&#8217;accademia dell&#8217;arte dell&#8217;Avogaria. La sua carriera ha alternato l&#8217;impegno televisivo, diverse le sue apparizioni a Zelig nel corso degli anni, a quello teatrale. Senza tralasciare il cinema: la sua ultima apparizione risale al 2012, quando partecip\u00f2 a \u201cColpi di fulmine\u201d di Neri Parenti. Lo spettacolo avr\u00e0 inizio alle 22.30. Ingresso a 10 euro, cena a 35 spettacolo compreso.<\/p>\n<p>Profumo di Salento, <strong>venerd\u00ec 11 marzo, al Caff\u00e9 Teatro<\/strong>. Sul palco di via Indipendenza salir\u00e0 infatti <strong>PizziKanti, un gruppo di musicisti nato nel Nord Italia con l&#8217;obiettivo di promuovere e diffondere la cultura della pizzica salentina.<\/strong> Una tradizione che negli ultimi anni sta conoscendo una grande rinascita, ma che affonda le sue radici nella notte dei tempi: suonata nei momenti di festa che coinvolgono le comunit\u00e0 del Salento, \u00e8 nata come strumento terapeutico per guarire coloro che si consideravano morsicati, o meglio \u201cpizzicati\u201d dalla tarantola. Attivo nelle province della Lombardia, del Piemonte e del Veneto, il gruppo ha avuto modo di esibirsi anche in Francia ed in Svizzera. Lo spettacolo avr\u00e0 inizio alle 21.30. Ingresso libero, cena a 20 euro.<\/p>\n<p>Sar\u00e0 la magia a festeggiare <strong>l&#8217;8 marzo al Caff\u00e9 Teatro.<\/strong> Protagonisti della serata organizzata per la <strong>Festa della Donna sar\u00e0 il Duo&amp;Mezzo (Alessandro Bellotto, Michael Timaco e Andrea Tin\u00e8)<\/strong>: \u201cLa magia \u00e8 donna\u201d il titolo dello spettacolo che alterner\u00e0 momenti di magia a sprazzi di comicit\u00e0. Lo spettacolo avr\u00e0 inizio alle 21.30. Ingresso a 10 euro, cena a 35 spettacolo compreso.<\/p>\n<p>Gioved\u00ec 10 marzo torna<strong> invece \u201cMaghi ce lo ha fatto fare\u201d, il laboratorio ideato condotto dal Duo&amp;Mezzo<\/strong> che porter\u00e0 sul palcoscenico di via Indipendenza illusionisti e comici per una serata al confine tra magia e cabaret. Ospiti di questa settimana due cabarettisti di primissimo piano come Bruce Ketta e Leonardo Manera. Lo spettacolo avr\u00e0 inizio alle 21.30. Ingresso 5 euro, cena a 25 spettacolo compreso. Il costo della cena, servita dalle 20 (ad eccezione del sabato quando il servizio inizia alle 20.30), include il prezzo del biglietto. Bevande escluse. Informazioni e prenotazioni, anche via sms, al 331.2682965.<\/p>\n","protected":false},"excerpt":{"rendered":"<p>Luca Klobas, protagonista sul palcoscenico sabato 12 marzo ma gli appuntamenti sono tanti anche in settimana<\/p>\n","protected":false},"author":32,"featured_media":0,"comment_status":"open","ping_status":"open","sticky":false,"template":"","format":"standard","meta":{"footnotes":""},"categories":[3,21],"tags":[1821,14534,58631,158],"acf":[],"yoast_head":"<!-- This site is optimized with the Yoast SEO plugin v20.1 - https:\/\/yoast.com\/wordpress\/plugins\/seo\/ -->\n<title>Pizzica, comici e risate: gli appuntamenti al Caff\u00e8 Teatro<\/title>\n<meta name=\"description\" content=\"Luca Klobas, protagonista sul palcoscenico sabato 12 marzo ma gli appuntamenti sono tanti anche in settimana\" \/>\n<meta name=\"robots\" content=\"noindex, follow, max-snippet:-1, max-image-preview:large, max-video-preview:-1\" \/>\n<meta property=\"og:locale\" content=\"it_IT\" \/>\n<meta property=\"og:type\" content=\"article\" \/>\n<meta property=\"og:title\" content=\"Pizzica, comici e risate: gli appuntamenti al Caff\u00e8 Teatro\" \/>\n<meta property=\"og:description\" content=\"Luca Klobas, protagonista sul palcoscenico sabato 12 marzo ma gli appuntamenti sono tanti anche in settimana\" \/>\n<meta property=\"og:url\" content=\"https:\/\/staging.varesenews.it\/2016\/03\/pizzica-comici-e-risate-gli-appuntamenti-al-caffe-teatro\/494137\/\" \/>\n<meta property=\"og:site_name\" content=\"VareseNews\" \/>\n<meta property=\"article:publisher\" content=\"https:\/\/www.facebook.com\/varesenews\" \/>\n<meta property=\"article:published_time\" content=\"2016-03-07T13:54:37+00:00\" \/>\n<meta name=\"author\" content=\"Adelia Brigo\" \/>\n<meta name=\"twitter:card\" content=\"summary_large_image\" \/>\n<meta name=\"twitter:creator\" content=\"@AdeliaBrigo\" \/>\n<meta name=\"twitter:site\" content=\"@varesenews\" \/>\n<meta name=\"twitter:label1\" content=\"Scritto da\" \/>\n\t<meta name=\"twitter:data1\" content=\"Adelia Brigo\" \/>\n\t<meta name=\"twitter:label2\" content=\"Tempo di lettura stimato\" \/>\n\t<meta name=\"twitter:data2\" content=\"2 minuti\" \/>\n<script type=\"application\/ld+json\" class=\"yoast-schema-graph\">{\"@context\":\"https:\/\/schema.org\",\"@graph\":[{\"@type\":\"WebPage\",\"@id\":\"https:\/\/staging.varesenews.it\/2016\/03\/pizzica-comici-e-risate-gli-appuntamenti-al-caffe-teatro\/494137\/\",\"url\":\"https:\/\/staging.varesenews.it\/2016\/03\/pizzica-comici-e-risate-gli-appuntamenti-al-caffe-teatro\/494137\/\",\"name\":\"Pizzica, comici e risate: gli appuntamenti al Caff\u00e8 Teatro\",\"isPartOf\":{\"@id\":\"https:\/\/staging.varesenews.it\/#website\"},\"datePublished\":\"2016-03-07T13:54:37+00:00\",\"dateModified\":\"2016-03-07T13:54:37+00:00\",\"author\":{\"@id\":\"https:\/\/staging.varesenews.it\/#\/schema\/person\/272ac0f5b2dbfd572218c2d86e013f1a\"},\"description\":\"Luca Klobas, protagonista sul palcoscenico sabato 12 marzo ma gli appuntamenti sono tanti anche in settimana\",\"breadcrumb\":{\"@id\":\"https:\/\/staging.varesenews.it\/2016\/03\/pizzica-comici-e-risate-gli-appuntamenti-al-caffe-teatro\/494137\/#breadcrumb\"},\"inLanguage\":\"it-IT\",\"potentialAction\":[{\"@type\":\"ReadAction\",\"target\":[\"https:\/\/staging.varesenews.it\/2016\/03\/pizzica-comici-e-risate-gli-appuntamenti-al-caffe-teatro\/494137\/\"]}]},{\"@type\":\"BreadcrumbList\",\"@id\":\"https:\/\/staging.varesenews.it\/2016\/03\/pizzica-comici-e-risate-gli-appuntamenti-al-caffe-teatro\/494137\/#breadcrumb\",\"itemListElement\":[{\"@type\":\"ListItem\",\"position\":1,\"name\":\"Home\",\"item\":\"https:\/\/www.varesenews.it\/\"},{\"@type\":\"ListItem\",\"position\":2,\"name\":\"Pizzica, comici e risate: gli appuntamenti al Caff\u00e8 Teatro\"}]},{\"@type\":\"WebSite\",\"@id\":\"https:\/\/staging.varesenews.it\/#website\",\"url\":\"https:\/\/staging.varesenews.it\/\",\"name\":\"VareseNews\",\"description\":\"\",\"potentialAction\":[{\"@type\":\"SearchAction\",\"target\":{\"@type\":\"EntryPoint\",\"urlTemplate\":\"https:\/\/staging.varesenews.it\/?s={search_term_string}\"},\"query-input\":\"required name=search_term_string\"}],\"inLanguage\":\"it-IT\"},{\"@type\":\"Person\",\"@id\":\"https:\/\/staging.varesenews.it\/#\/schema\/person\/272ac0f5b2dbfd572218c2d86e013f1a\",\"name\":\"Adelia Brigo\",\"image\":{\"@type\":\"ImageObject\",\"inLanguage\":\"it-IT\",\"@id\":\"https:\/\/staging.varesenews.it\/#\/schema\/person\/image\/\",\"url\":\"https:\/\/staging.varesenews.it\/wp-content\/uploads\/2020\/12\/adelia_brigo_colori_500.jpg\",\"contentUrl\":\"https:\/\/staging.varesenews.it\/wp-content\/uploads\/2020\/12\/adelia_brigo_colori_500.jpg\",\"caption\":\"Adelia Brigo\"},\"description\":\"Giornalista pubblicista, lavoro a VareseNews dal 2007 e mi occupo di cronaca locale e del settore dedicato alla cultura. In questi anni ho seguito diversi progetti di comunicazione, amo sperimentare strategie per i Social Network e raccontare storie. Varesina, classe 1984, sono laureata in Scienze della Comunicazione.&nbsp;\",\"sameAs\":[\"AdeliaBrigo\",\"https:\/\/twitter.com\/AdeliaBrigo\"],\"url\":\"https:\/\/staging.varesenews.it\/persona\/adelia_brigo\/\"}]}<\/script>\n<!-- \/ Yoast SEO plugin. -->","yoast_head_json":{"title":"Pizzica, comici e risate: gli appuntamenti al Caff\u00e8 Teatro","description":"Luca Klobas, protagonista sul palcoscenico sabato 12 marzo ma gli appuntamenti sono tanti anche in settimana","robots":{"index":"noindex","follow":"follow","max-snippet":"max-snippet:-1","max-image-preview":"max-image-preview:large","max-video-preview":"max-video-preview:-1"},"og_locale":"it_IT","og_type":"article","og_title":"Pizzica, comici e risate: gli appuntamenti al Caff\u00e8 Teatro","og_description":"Luca Klobas, protagonista sul palcoscenico sabato 12 marzo ma gli appuntamenti sono tanti anche in settimana","og_url":"https:\/\/staging.varesenews.it\/2016\/03\/pizzica-comici-e-risate-gli-appuntamenti-al-caffe-teatro\/494137\/","og_site_name":"VareseNews","article_publisher":"https:\/\/www.facebook.com\/varesenews","article_published_time":"2016-03-07T13:54:37+00:00","author":"Adelia Brigo","twitter_card":"summary_large_image","twitter_creator":"@AdeliaBrigo","twitter_site":"@varesenews","twitter_misc":{"Scritto da":"Adelia Brigo","Tempo di lettura stimato":"2 minuti"},"schema":{"@context":"https:\/\/schema.org","@graph":[{"@type":"WebPage","@id":"https:\/\/staging.varesenews.it\/2016\/03\/pizzica-comici-e-risate-gli-appuntamenti-al-caffe-teatro\/494137\/","url":"https:\/\/staging.varesenews.it\/2016\/03\/pizzica-comici-e-risate-gli-appuntamenti-al-caffe-teatro\/494137\/","name":"Pizzica, comici e risate: gli appuntamenti al Caff\u00e8 Teatro","isPartOf":{"@id":"https:\/\/staging.varesenews.it\/#website"},"datePublished":"2016-03-07T13:54:37+00:00","dateModified":"2016-03-07T13:54:37+00:00","author":{"@id":"https:\/\/staging.varesenews.it\/#\/schema\/person\/272ac0f5b2dbfd572218c2d86e013f1a"},"description":"Luca Klobas, protagonista sul palcoscenico sabato 12 marzo ma gli appuntamenti sono tanti anche in settimana","breadcrumb":{"@id":"https:\/\/staging.varesenews.it\/2016\/03\/pizzica-comici-e-risate-gli-appuntamenti-al-caffe-teatro\/494137\/#breadcrumb"},"inLanguage":"it-IT","potentialAction":[{"@type":"ReadAction","target":["https:\/\/staging.varesenews.it\/2016\/03\/pizzica-comici-e-risate-gli-appuntamenti-al-caffe-teatro\/494137\/"]}]},{"@type":"BreadcrumbList","@id":"https:\/\/staging.varesenews.it\/2016\/03\/pizzica-comici-e-risate-gli-appuntamenti-al-caffe-teatro\/494137\/#breadcrumb","itemListElement":[{"@type":"ListItem","position":1,"name":"Home","item":"https:\/\/www.varesenews.it\/"},{"@type":"ListItem","position":2,"name":"Pizzica, comici e risate: gli appuntamenti al Caff\u00e8 Teatro"}]},{"@type":"WebSite","@id":"https:\/\/staging.varesenews.it\/#website","url":"https:\/\/staging.varesenews.it\/","name":"VareseNews","description":"","potentialAction":[{"@type":"SearchAction","target":{"@type":"EntryPoint","urlTemplate":"https:\/\/staging.varesenews.it\/?s={search_term_string}"},"query-input":"required name=search_term_string"}],"inLanguage":"it-IT"},{"@type":"Person","@id":"https:\/\/staging.varesenews.it\/#\/schema\/person\/272ac0f5b2dbfd572218c2d86e013f1a","name":"Adelia Brigo","image":{"@type":"ImageObject","inLanguage":"it-IT","@id":"https:\/\/staging.varesenews.it\/#\/schema\/person\/image\/","url":"https:\/\/staging.varesenews.it\/wp-content\/uploads\/2020\/12\/adelia_brigo_colori_500.jpg","contentUrl":"https:\/\/staging.varesenews.it\/wp-content\/uploads\/2020\/12\/adelia_brigo_colori_500.jpg","caption":"Adelia Brigo"},"description":"Giornalista pubblicista, lavoro a VareseNews dal 2007 e mi occupo di cronaca locale e del settore dedicato alla cultura. In questi anni ho seguito diversi progetti di comunicazione, amo sperimentare strategie per i Social Network e raccontare storie. Varesina, classe 1984, sono laureata in Scienze della Comunicazione.&nbsp;","sameAs":["AdeliaBrigo","https:\/\/twitter.com\/AdeliaBrigo"],"url":"https:\/\/staging.varesenews.it\/persona\/adelia_brigo\/"}]}},"post_meta":{"_edit_lock":"1457358781:32","_edit_last":"32","_category_permalink":"21","ratings_users":"0","ratings_score":"0","ratings_average":"0","wdfb_og_title":"","wdfb_og_type":"","wdfb_og_description":"","wdfb_og_images":"a:1:{i:0;s:0:\"\";}","wdfb_og_custom_name":"a:1:{i:0;s:0:\"\";}","wdfb_og_custom_value":"a:1:{i:0;s:0:\"\";}","foto":"521834","firma_come_redazione":"1","argomento":"Samarate","_jd_twitter":"","_jd_tweet_this":"yes","_wpt_short_url":"http:\/\/www.varesenews.it\/2016\/03\/pizzica-comici-e-risate-gli-appuntamenti-al-caffe-teatro\/494137\/","_wp_jd_target":"http:\/\/www.varesenews.it\/2016\/03\/pizzica-comici-e-risate-gli-appuntamenti-al-caffe-teatro\/494137\/","_jd_wp_twitter":"a:1:{i:0;s:188:\"Pizzica, comici e risate: gli appuntamenti al Caff\u00e8 Teatro http:\/\/www.varesenews.it\/2016\/03\/pizzica-comici-e-risate-gli-appuntamenti-al-caffe-teatro\/494137\/ #caff\u00e8teatro #comici #teatroc\";}","_wpt_status_message":"Tweet inviato con successo."},"photos":[{"original":"https:\/\/staging.varesenews.it\/photogallery_new\/images\/2016\/03\/attori-e-attrici-521834.jpg","full":"https:\/\/staging.varesenews.it\/photogallery_new\/images\/2016\/03\/attori-e-attrici-521834.1024x768.jpg","large":"https:\/\/staging.varesenews.it\/photogallery_new\/images\/2016\/03\/attori-e-attrici-521834.610x431.jpg"}],"_links":{"self":[{"href":"https:\/\/staging.varesenews.it\/swgapi\/v1\/wp\/v2\/posts\/494137"}],"collection":[{"href":"https:\/\/staging.varesenews.it\/swgapi\/v1\/wp\/v2\/posts"}],"about":[{"href":"https:\/\/staging.varesenews.it\/swgapi\/v1\/wp\/v2\/types\/post"}],"author":[{"embeddable":true,"href":"https:\/\/staging.varesenews.it\/swgapi\/v1\/wp\/v2\/users\/32"}],"replies":[{"embeddable":true,"href":"https:\/\/staging.varesenews.it\/swgapi\/v1\/wp\/v2\/comments?post=494137"}],"version-history":[{"count":0,"href":"https:\/\/staging.varesenews.it\/swgapi\/v1\/wp\/v2\/posts\/494137\/revisions"}],"wp:attachment":[{"href":"https:\/\/staging.varesenews.it\/swgapi\/v1\/wp\/v2\/media?parent=494137"}],"wp:term":[{"taxonomy":"category","embeddable":true,"href":"https:\/\/staging.varesenews.it\/swgapi\/v1\/wp\/v2\/categories?post=494137"},{"taxonomy":"post_tag","embeddable":true,"href":"https:\/\/staging.varesenews.it\/swgapi\/v1\/wp\/v2\/tags?post=494137"}],"curies":[{"name":"wp","href":"https:\/\/api.w.org\/{rel}","templated":true}]}}