{"id":495229,"date":"2016-03-09T17:22:02","date_gmt":"2016-03-09T16:22:02","guid":{"rendered":"http:\/\/www.varesenews.it\/?p=495229"},"modified":"2016-03-10T10:39:42","modified_gmt":"2016-03-10T09:39:42","slug":"reguzzoni-e-antonelli-si-preparano-alla-sfida-inedita","status":"publish","type":"post","link":"https:\/\/staging.varesenews.it\/2016\/03\/reguzzoni-e-antonelli-si-preparano-alla-sfida-inedita\/495229\/","title":{"rendered":"Reguzzoni e Antonelli si preparano alla sfida inedita"},"content":{"rendered":"<p>I due principali contendenti delle primarie del centrodestra mettono le mani avanti: <strong>\u00abNon \u00e8 un duello tra Paola Reguzzoni ed Emanuele Antonelli\u00bb<\/strong>. Difficile credere che non sar\u00e0 una sfida tra questi due nomi che si dividono la scena ormai da settimane e proprio da questo dualismo \u00e8 nata la necessit\u00e0 di chiedere agli elettori di esprimere una preferenza su chi dovr\u00e0 essere il candidato sindaco del centrodestra.<\/p>\n<p><strong>Emanuele Antonelli<\/strong> auspica una \u00abcompetizione corretta e con regole chiare\u00bb , l&#8217;ex-coordinatore del defunto Pdl punta sul\u00absostegno\u00a0delle liste civiche che hanno gi\u00e0 espresso il loro appoggio (Busto Grande e Risvegliamo Busto, ndr) e<strong> mi auguro che il partito sia unito sul mio nome<\/strong>\u00bb sottolineando che \u00a0ha\u00a0\u00abun buon ricordo di tutti nei 4 anni di lavoro come coordinatore del Pdl\u00bb.<\/p>\n<p><strong>Paola Reguzzoni<\/strong> dal canto suo sottolinea come \u00ababbia chiesto le primarie in tempi non sospetti, uno strumento che ritengo importante per far emergere le differenze e i punti di contatto tra le componenti della coalizione ma anche la qualit\u00e0 degli aspiranti candidati sindaco\u00bb e demanda alle segreterie provinciali \u00abla scelta delle regole per lo svolgimento della consultazione \u00e8 compito dei vertici e non dei partecipanti, non ho preferenze per le modalit\u00e0 di svolgimento\u00bb.<\/p>\n<p><strong>Altri candidati<\/strong> all&#8217;orizzonte che possano spostare gli equilibri, al momento, non se ne vedono. Vignati di Indipendenti di Centro\u00a0\u00a0non sembra poter impensierire pi\u00f9 di tanto mentre resta da capire se da\u00a0Forza Italia possa uscire un secondo nome.<strong> A parte quello di Franco Castiglioni, che il coordinatore di Forza Italia Alessandro Chiesa ha bollato come \u00abimprobabile\u00bb<\/strong> bisogna capire se qualcun&#8217;altro abbia intenzione di aggiungere del pepe ad una sfida che si preannuncia gi\u00e0 bollente.<\/p>\n","protected":false},"excerpt":{"rendered":"<p>I due principali contendenti si dicono pronti all&#8217;appuntamento. Se la Reguzzoni ha gi\u00e0 l&#8217;appoggio incondizionato del suo partito, Antonelli dovr\u00e0 fare i conti con le divisioni in Forza Italia<\/p>\n","protected":false},"author":47,"featured_media":0,"comment_status":"open","ping_status":"open","sticky":false,"template":"","format":"standard","meta":{"footnotes":""},"categories":[4,16],"tags":[53568,58768],"acf":[],"yoast_head":"<!-- This site is optimized with the Yoast SEO plugin v20.1 - https:\/\/yoast.com\/wordpress\/plugins\/seo\/ -->\n<title>Reguzzoni e Antonelli si preparano alla sfida inedita<\/title>\n<meta name=\"description\" content=\"I due principali contendenti si dicono pronti all&#039;appuntamento. Se la Reguzzoni ha gi\u00e0 l&#039;appoggio incondizionato del suo partito, Antonelli dovr\u00e0 fare i conti con le divisioni in Forza Italia\" \/>\n<meta name=\"robots\" content=\"noindex, follow, max-snippet:-1, max-image-preview:large, max-video-preview:-1\" \/>\n<meta property=\"og:locale\" content=\"it_IT\" \/>\n<meta property=\"og:type\" content=\"article\" \/>\n<meta property=\"og:title\" content=\"Reguzzoni e Antonelli si preparano alla sfida inedita\" \/>\n<meta property=\"og:description\" content=\"I due principali contendenti si dicono pronti all&#039;appuntamento. Se la Reguzzoni ha gi\u00e0 l&#039;appoggio incondizionato del suo partito, Antonelli dovr\u00e0 fare i conti con le divisioni in Forza Italia\" \/>\n<meta property=\"og:url\" content=\"https:\/\/staging.varesenews.it\/2016\/03\/reguzzoni-e-antonelli-si-preparano-alla-sfida-inedita\/495229\/\" \/>\n<meta property=\"og:site_name\" content=\"VareseNews\" \/>\n<meta property=\"article:publisher\" content=\"https:\/\/www.facebook.com\/varesenews\" \/>\n<meta property=\"article:published_time\" content=\"2016-03-09T16:22:02+00:00\" \/>\n<meta property=\"article:modified_time\" content=\"2016-03-10T09:39:42+00:00\" \/>\n<meta name=\"author\" content=\"Orlando Mastrillo\" \/>\n<meta name=\"twitter:card\" content=\"summary_large_image\" \/>\n<meta name=\"twitter:creator\" content=\"@nando_mastrillo\" \/>\n<meta name=\"twitter:site\" content=\"@varesenews\" \/>\n<meta name=\"twitter:label1\" content=\"Scritto da\" \/>\n\t<meta name=\"twitter:data1\" content=\"Orlando Mastrillo\" \/>\n\t<meta name=\"twitter:label2\" content=\"Tempo di lettura stimato\" \/>\n\t<meta name=\"twitter:data2\" content=\"1 minuto\" \/>\n<script type=\"application\/ld+json\" class=\"yoast-schema-graph\">{\"@context\":\"https:\/\/schema.org\",\"@graph\":[{\"@type\":\"WebPage\",\"@id\":\"https:\/\/staging.varesenews.it\/2016\/03\/reguzzoni-e-antonelli-si-preparano-alla-sfida-inedita\/495229\/\",\"url\":\"https:\/\/staging.varesenews.it\/2016\/03\/reguzzoni-e-antonelli-si-preparano-alla-sfida-inedita\/495229\/\",\"name\":\"Reguzzoni e Antonelli si preparano alla sfida inedita\",\"isPartOf\":{\"@id\":\"https:\/\/staging.varesenews.it\/#website\"},\"datePublished\":\"2016-03-09T16:22:02+00:00\",\"dateModified\":\"2016-03-10T09:39:42+00:00\",\"author\":{\"@id\":\"https:\/\/staging.varesenews.it\/#\/schema\/person\/14c47ccce537a9058dddce296f10b296\"},\"description\":\"I due principali contendenti si dicono pronti all'appuntamento. Se la Reguzzoni ha gi\u00e0 l'appoggio incondizionato del suo partito, Antonelli dovr\u00e0 fare i conti con le divisioni in Forza Italia\",\"breadcrumb\":{\"@id\":\"https:\/\/staging.varesenews.it\/2016\/03\/reguzzoni-e-antonelli-si-preparano-alla-sfida-inedita\/495229\/#breadcrumb\"},\"inLanguage\":\"it-IT\",\"potentialAction\":[{\"@type\":\"ReadAction\",\"target\":[\"https:\/\/staging.varesenews.it\/2016\/03\/reguzzoni-e-antonelli-si-preparano-alla-sfida-inedita\/495229\/\"]}]},{\"@type\":\"BreadcrumbList\",\"@id\":\"https:\/\/staging.varesenews.it\/2016\/03\/reguzzoni-e-antonelli-si-preparano-alla-sfida-inedita\/495229\/#breadcrumb\",\"itemListElement\":[{\"@type\":\"ListItem\",\"position\":1,\"name\":\"Home\",\"item\":\"https:\/\/www.varesenews.it\/\"},{\"@type\":\"ListItem\",\"position\":2,\"name\":\"Reguzzoni e Antonelli si preparano alla sfida inedita\"}]},{\"@type\":\"WebSite\",\"@id\":\"https:\/\/staging.varesenews.it\/#website\",\"url\":\"https:\/\/staging.varesenews.it\/\",\"name\":\"VareseNews\",\"description\":\"\",\"potentialAction\":[{\"@type\":\"SearchAction\",\"target\":{\"@type\":\"EntryPoint\",\"urlTemplate\":\"https:\/\/staging.varesenews.it\/?s={search_term_string}\"},\"query-input\":\"required name=search_term_string\"}],\"inLanguage\":\"it-IT\"},{\"@type\":\"Person\",\"@id\":\"https:\/\/staging.varesenews.it\/#\/schema\/person\/14c47ccce537a9058dddce296f10b296\",\"name\":\"Orlando Mastrillo\",\"image\":{\"@type\":\"ImageObject\",\"inLanguage\":\"it-IT\",\"@id\":\"https:\/\/staging.varesenews.it\/#\/schema\/person\/image\/\",\"url\":\"https:\/\/staging.varesenews.it\/wp-content\/uploads\/2020\/12\/orlando_mastrillo_colori_500.jpg\",\"contentUrl\":\"https:\/\/staging.varesenews.it\/wp-content\/uploads\/2020\/12\/orlando_mastrillo_colori_500.jpg\",\"caption\":\"Orlando Mastrillo\"},\"description\":\"Nasco a Luino nel 1981, ho iniziato questo lavoro nell'estate del 2003 nella redazione de Il Giorno di Varese e dall'anno successivo ho intrapreso la collaborazione con VareseNews. Dopo anni nell'Alto Varesotto mi sono trasferito a Busto Arsizio nel 2007, territorio che ho iniziato a seguire e che seguo tutt'oggi. Nel 2013 sono diventato giornalista professionista. Mi occupo di cronaca politica, giudiziaria e nera in una vasta area che comprende anche parte della Valle Olona e il Legnanese. Sono sposato con Valeria Arini e ho due splendide figlie.\",\"sameAs\":[\"or_ma\",\"https:\/\/twitter.com\/nando_mastrillo\"],\"url\":\"https:\/\/staging.varesenews.it\/persona\/orlando-mastrillo1\/\"}]}<\/script>\n<!-- \/ Yoast SEO plugin. -->","yoast_head_json":{"title":"Reguzzoni e Antonelli si preparano alla sfida inedita","description":"I due principali contendenti si dicono pronti all'appuntamento. Se la Reguzzoni ha gi\u00e0 l'appoggio incondizionato del suo partito, Antonelli dovr\u00e0 fare i conti con le divisioni in Forza Italia","robots":{"index":"noindex","follow":"follow","max-snippet":"max-snippet:-1","max-image-preview":"max-image-preview:large","max-video-preview":"max-video-preview:-1"},"og_locale":"it_IT","og_type":"article","og_title":"Reguzzoni e Antonelli si preparano alla sfida inedita","og_description":"I due principali contendenti si dicono pronti all'appuntamento. Se la Reguzzoni ha gi\u00e0 l'appoggio incondizionato del suo partito, Antonelli dovr\u00e0 fare i conti con le divisioni in Forza Italia","og_url":"https:\/\/staging.varesenews.it\/2016\/03\/reguzzoni-e-antonelli-si-preparano-alla-sfida-inedita\/495229\/","og_site_name":"VareseNews","article_publisher":"https:\/\/www.facebook.com\/varesenews","article_published_time":"2016-03-09T16:22:02+00:00","article_modified_time":"2016-03-10T09:39:42+00:00","author":"Orlando Mastrillo","twitter_card":"summary_large_image","twitter_creator":"@nando_mastrillo","twitter_site":"@varesenews","twitter_misc":{"Scritto da":"Orlando Mastrillo","Tempo di lettura stimato":"1 minuto"},"schema":{"@context":"https:\/\/schema.org","@graph":[{"@type":"WebPage","@id":"https:\/\/staging.varesenews.it\/2016\/03\/reguzzoni-e-antonelli-si-preparano-alla-sfida-inedita\/495229\/","url":"https:\/\/staging.varesenews.it\/2016\/03\/reguzzoni-e-antonelli-si-preparano-alla-sfida-inedita\/495229\/","name":"Reguzzoni e Antonelli si preparano alla sfida inedita","isPartOf":{"@id":"https:\/\/staging.varesenews.it\/#website"},"datePublished":"2016-03-09T16:22:02+00:00","dateModified":"2016-03-10T09:39:42+00:00","author":{"@id":"https:\/\/staging.varesenews.it\/#\/schema\/person\/14c47ccce537a9058dddce296f10b296"},"description":"I due principali contendenti si dicono pronti all'appuntamento. Se la Reguzzoni ha gi\u00e0 l'appoggio incondizionato del suo partito, Antonelli dovr\u00e0 fare i conti con le divisioni in Forza Italia","breadcrumb":{"@id":"https:\/\/staging.varesenews.it\/2016\/03\/reguzzoni-e-antonelli-si-preparano-alla-sfida-inedita\/495229\/#breadcrumb"},"inLanguage":"it-IT","potentialAction":[{"@type":"ReadAction","target":["https:\/\/staging.varesenews.it\/2016\/03\/reguzzoni-e-antonelli-si-preparano-alla-sfida-inedita\/495229\/"]}]},{"@type":"BreadcrumbList","@id":"https:\/\/staging.varesenews.it\/2016\/03\/reguzzoni-e-antonelli-si-preparano-alla-sfida-inedita\/495229\/#breadcrumb","itemListElement":[{"@type":"ListItem","position":1,"name":"Home","item":"https:\/\/www.varesenews.it\/"},{"@type":"ListItem","position":2,"name":"Reguzzoni e Antonelli si preparano alla sfida inedita"}]},{"@type":"WebSite","@id":"https:\/\/staging.varesenews.it\/#website","url":"https:\/\/staging.varesenews.it\/","name":"VareseNews","description":"","potentialAction":[{"@type":"SearchAction","target":{"@type":"EntryPoint","urlTemplate":"https:\/\/staging.varesenews.it\/?s={search_term_string}"},"query-input":"required name=search_term_string"}],"inLanguage":"it-IT"},{"@type":"Person","@id":"https:\/\/staging.varesenews.it\/#\/schema\/person\/14c47ccce537a9058dddce296f10b296","name":"Orlando Mastrillo","image":{"@type":"ImageObject","inLanguage":"it-IT","@id":"https:\/\/staging.varesenews.it\/#\/schema\/person\/image\/","url":"https:\/\/staging.varesenews.it\/wp-content\/uploads\/2020\/12\/orlando_mastrillo_colori_500.jpg","contentUrl":"https:\/\/staging.varesenews.it\/wp-content\/uploads\/2020\/12\/orlando_mastrillo_colori_500.jpg","caption":"Orlando Mastrillo"},"description":"Nasco a Luino nel 1981, ho iniziato questo lavoro nell'estate del 2003 nella redazione de Il Giorno di Varese e dall'anno successivo ho intrapreso la collaborazione con VareseNews. Dopo anni nell'Alto Varesotto mi sono trasferito a Busto Arsizio nel 2007, territorio che ho iniziato a seguire e che seguo tutt'oggi. Nel 2013 sono diventato giornalista professionista. Mi occupo di cronaca politica, giudiziaria e nera in una vasta area che comprende anche parte della Valle Olona e il Legnanese. Sono sposato con Valeria Arini e ho due splendide figlie.","sameAs":["or_ma","https:\/\/twitter.com\/nando_mastrillo"],"url":"https:\/\/staging.varesenews.it\/persona\/orlando-mastrillo1\/"}]}},"post_meta":{"_edit_lock":"1457603964:47","_edit_last":"47","ratings_users":"0","ratings_score":"0","ratings_average":"0","_category_permalink":"","wdfb_og_title":"","wdfb_og_type":"","wdfb_og_description":"","wdfb_og_images":"a:1:{i:0;s:0:\"\";}","wdfb_og_custom_name":"a:1:{i:0;s:0:\"\";}","wdfb_og_custom_value":"a:1:{i:0;s:0:\"\";}","foto":"513423","argomento":"Primarie a Busto","_jd_twitter":"","_jd_tweet_this":"yes","_wpt_short_url":"http:\/\/www.varesenews.it\/2016\/03\/reguzzoni-e-antonelli-si-preparano-alla-sfida-inedita\/495229\/","_wp_jd_target":"http:\/\/www.varesenews.it\/2016\/03\/reguzzoni-e-antonelli-si-preparano-alla-sfida-inedita\/495229\/","_jd_wp_twitter":"a:1:{i:0;s:149:\"Reguzzoni e Antonelli si preparano alla sfida inedita http:\/\/www.varesenews.it\/2016\/03\/reguzzoni-e-antonelli-si-preparano-alla-sfida-inedita\/495229\/ \";}","_wpt_status_message":"Tweet inviato con successo.","id_leggi_anche":"495419,495875"},"photos":[{"original":"https:\/\/staging.varesenews.it\/photogallery_new\/images\/2016\/02\/emanuele-antonelli-paola-reguzzoni-513423.jpg","full":"https:\/\/staging.varesenews.it\/photogallery_new\/images\/2016\/02\/emanuele-antonelli-paola-reguzzoni-513423.1024x768.jpg","large":"https:\/\/staging.varesenews.it\/photogallery_new\/images\/2016\/02\/emanuele-antonelli-paola-reguzzoni-513423.610x431.jpg"}],"_links":{"self":[{"href":"https:\/\/staging.varesenews.it\/swgapi\/v1\/wp\/v2\/posts\/495229"}],"collection":[{"href":"https:\/\/staging.varesenews.it\/swgapi\/v1\/wp\/v2\/posts"}],"about":[{"href":"https:\/\/staging.varesenews.it\/swgapi\/v1\/wp\/v2\/types\/post"}],"author":[{"embeddable":true,"href":"https:\/\/staging.varesenews.it\/swgapi\/v1\/wp\/v2\/users\/47"}],"replies":[{"embeddable":true,"href":"https:\/\/staging.varesenews.it\/swgapi\/v1\/wp\/v2\/comments?post=495229"}],"version-history":[{"count":0,"href":"https:\/\/staging.varesenews.it\/swgapi\/v1\/wp\/v2\/posts\/495229\/revisions"}],"wp:attachment":[{"href":"https:\/\/staging.varesenews.it\/swgapi\/v1\/wp\/v2\/media?parent=495229"}],"wp:term":[{"taxonomy":"category","embeddable":true,"href":"https:\/\/staging.varesenews.it\/swgapi\/v1\/wp\/v2\/categories?post=495229"},{"taxonomy":"post_tag","embeddable":true,"href":"https:\/\/staging.varesenews.it\/swgapi\/v1\/wp\/v2\/tags?post=495229"}],"curies":[{"name":"wp","href":"https:\/\/api.w.org\/{rel}","templated":true}]}}