{"id":495428,"date":"2016-03-10T09:28:35","date_gmt":"2016-03-10T08:28:35","guid":{"rendered":"http:\/\/www.varesenews.it\/?p=495428"},"modified":"2016-03-10T09:50:27","modified_gmt":"2016-03-10T08:50:27","slug":"galimberti-riunisce-la-lista-venerdi-si-parte","status":"publish","type":"post","link":"https:\/\/staging.varesenews.it\/2016\/03\/galimberti-riunisce-la-lista-venerdi-si-parte\/495428\/","title":{"rendered":"Galimberti riunisce la lista, venerd\u00ec si parte"},"content":{"rendered":"<p><strong>Incontro serrato mercoled\u00ec sera<\/strong> nella sede del Pd di via Milano per la lista del candidato sindaco del centrosinistra Davide Galimberti. La riunione doveva restare segreta, ma alla fine \u00e8 trapelato qualcosa. Presenti alcuni dei nomi contattati <strong>dall&#8217;avvocato varesino<\/strong> per entrare nella compagine che porter\u00e0 il suo nome, la cosiddetta lista del sindaco. Tra questi il blogger Mauro Gregori, fondatore della pagina Facebook &#8220;Varese sporcizia e degrado&#8221;. Un primo gruppo di cittadini,<strong> 8 nomi,<\/strong> che si schiereranno a sostegno del candidato sindaco sar\u00e0 presentato venerd\u00ec mattina in una conferenza stampa al bar La cupola di via Donizetti.<\/p>\n<p>Cosa ha detto al Twiggy il 2 marzo<\/p>\n<blockquote><p>Nelle parole del candidato sindaco del centrosinistra i cittadini diventano protagonisti: \u00abNon mi rivolgo alle forze politiche per allargare la nostra coalizione, ma<strong> direttamente ai varesini.<\/strong> Voglio parlare a tutti e andare oltre i partiti. Con me, insieme al Pd ci saranno gli amici di Varese 2.0, la mia lista \u00e8 quella intorno a Dino De Simone\u00bb.<\/p><\/blockquote>\n<p>Cosa ha detto il 19 febbraio alla Cupola<\/p>\n<blockquote><p>\u00abIn questi due mesi dallo svolgimento delle primarie abbiamo incontrato i cittadini per conoscere ancor pi\u00f9 a fondo le loro esigenze. La richiesta \u00e8 quella del cambiamento perch\u00e9 la citt\u00e0 \u00e8 ferma da dieci anni\u00bb.<\/p><\/blockquote>\n","protected":false},"excerpt":{"rendered":"<p>Sta per essere presentata una parte della lista civica del candidato sindaco<\/p>\n","protected":false},"author":50,"featured_media":0,"comment_status":"open","ping_status":"open","sticky":false,"template":"","format":"standard","meta":{"footnotes":""},"categories":[16,2],"tags":[53522],"acf":[],"yoast_head":"<!-- This site is optimized with the Yoast SEO plugin v20.1 - https:\/\/yoast.com\/wordpress\/plugins\/seo\/ -->\n<title>Galimberti riunisce la lista, venerd\u00ec si parte<\/title>\n<meta name=\"description\" content=\"Sta per essere presentata una parte della lista civica del candidato sindaco\" \/>\n<meta name=\"robots\" content=\"noindex, follow, max-snippet:-1, max-image-preview:large, max-video-preview:-1\" \/>\n<meta property=\"og:locale\" content=\"it_IT\" \/>\n<meta property=\"og:type\" content=\"article\" \/>\n<meta property=\"og:title\" content=\"Galimberti riunisce la lista, venerd\u00ec si parte\" \/>\n<meta property=\"og:description\" content=\"Sta per essere presentata una parte della lista civica del candidato sindaco\" \/>\n<meta property=\"og:url\" content=\"https:\/\/staging.varesenews.it\/2016\/03\/galimberti-riunisce-la-lista-venerdi-si-parte\/495428\/\" \/>\n<meta property=\"og:site_name\" content=\"VareseNews\" \/>\n<meta property=\"article:publisher\" content=\"https:\/\/www.facebook.com\/varesenews\" \/>\n<meta property=\"article:published_time\" content=\"2016-03-10T08:28:35+00:00\" \/>\n<meta property=\"article:modified_time\" content=\"2016-03-10T08:50:27+00:00\" \/>\n<meta name=\"author\" content=\"Roberto Rotondo\" \/>\n<meta name=\"twitter:card\" content=\"summary_large_image\" \/>\n<meta name=\"twitter:creator\" content=\"@robertorotondo\" \/>\n<meta name=\"twitter:site\" content=\"@varesenews\" \/>\n<meta name=\"twitter:label1\" content=\"Scritto da\" \/>\n\t<meta name=\"twitter:data1\" content=\"Roberto Rotondo\" \/>\n\t<meta name=\"twitter:label2\" content=\"Tempo di lettura stimato\" \/>\n\t<meta name=\"twitter:data2\" content=\"1 minuto\" \/>\n<script type=\"application\/ld+json\" class=\"yoast-schema-graph\">{\"@context\":\"https:\/\/schema.org\",\"@graph\":[{\"@type\":\"WebPage\",\"@id\":\"https:\/\/staging.varesenews.it\/2016\/03\/galimberti-riunisce-la-lista-venerdi-si-parte\/495428\/\",\"url\":\"https:\/\/staging.varesenews.it\/2016\/03\/galimberti-riunisce-la-lista-venerdi-si-parte\/495428\/\",\"name\":\"Galimberti riunisce la lista, venerd\u00ec si parte\",\"isPartOf\":{\"@id\":\"https:\/\/staging.varesenews.it\/#website\"},\"datePublished\":\"2016-03-10T08:28:35+00:00\",\"dateModified\":\"2016-03-10T08:50:27+00:00\",\"author\":{\"@id\":\"https:\/\/staging.varesenews.it\/#\/schema\/person\/bace96b9ce1b4905df659e51a83c17fe\"},\"description\":\"Sta per essere presentata una parte della lista civica del candidato sindaco\",\"breadcrumb\":{\"@id\":\"https:\/\/staging.varesenews.it\/2016\/03\/galimberti-riunisce-la-lista-venerdi-si-parte\/495428\/#breadcrumb\"},\"inLanguage\":\"it-IT\",\"potentialAction\":[{\"@type\":\"ReadAction\",\"target\":[\"https:\/\/staging.varesenews.it\/2016\/03\/galimberti-riunisce-la-lista-venerdi-si-parte\/495428\/\"]}]},{\"@type\":\"BreadcrumbList\",\"@id\":\"https:\/\/staging.varesenews.it\/2016\/03\/galimberti-riunisce-la-lista-venerdi-si-parte\/495428\/#breadcrumb\",\"itemListElement\":[{\"@type\":\"ListItem\",\"position\":1,\"name\":\"Home\",\"item\":\"https:\/\/www.varesenews.it\/\"},{\"@type\":\"ListItem\",\"position\":2,\"name\":\"Galimberti riunisce la lista, venerd\u00ec si parte\"}]},{\"@type\":\"WebSite\",\"@id\":\"https:\/\/staging.varesenews.it\/#website\",\"url\":\"https:\/\/staging.varesenews.it\/\",\"name\":\"VareseNews\",\"description\":\"\",\"potentialAction\":[{\"@type\":\"SearchAction\",\"target\":{\"@type\":\"EntryPoint\",\"urlTemplate\":\"https:\/\/staging.varesenews.it\/?s={search_term_string}\"},\"query-input\":\"required name=search_term_string\"}],\"inLanguage\":\"it-IT\"},{\"@type\":\"Person\",\"@id\":\"https:\/\/staging.varesenews.it\/#\/schema\/person\/bace96b9ce1b4905df659e51a83c17fe\",\"name\":\"Roberto Rotondo\",\"image\":{\"@type\":\"ImageObject\",\"inLanguage\":\"it-IT\",\"@id\":\"https:\/\/staging.varesenews.it\/#\/schema\/person\/image\/\",\"url\":\"https:\/\/staging.varesenews.it\/wp-content\/uploads\/2015\/03\/10888676_10204734543537926_609787919772941341_n.jpg\",\"contentUrl\":\"https:\/\/staging.varesenews.it\/wp-content\/uploads\/2015\/03\/10888676_10204734543537926_609787919772941341_n.jpg\",\"caption\":\"Roberto Rotondo\"},\"description\":\"Nato a Varese nel 1972. Laureato in Storia alla Statale di Milano. A Varese News dal 1998. Ho iniziato a scrivere su riviste locali, poi sono entrato nel progetto di Varese News quando ancora era agli inizi. Nel frattempo mi sono occupato di ricerca storica e ho collaborato con un settimanale e un quotidiano della Svizzera italiana scrivendo di cronaca e politica. Mi sono preso una pausa da Varese nel 2004. Ho lavorato per alcuni anni a Milano all'agenzia di stampa Adnkronos, con qualche stage a Roma nei palazzi della politica. Lanci di agenzia e servizi tv multimediali erano tra i miei compiti. In quegli anni ho lavorato per alcune radio anche nazionali, Radio Capital su tutte, come corrispondente locale. Ho scritto anche per un settimanale di gossip, ma sempre cronaca nera. Ed eccomi qui. Dal 2007 lavoro anche per il Corriere della sera, di cui sono corrispondente. A Varesenews sono ormai uno dei senatori. Mi occupo di cronaca nera, giudiziaria e di politica e della cronaca cittadina di Varese.\",\"sameAs\":[\"robertorotondo\",\"https:\/\/twitter.com\/robertorotondo\"],\"url\":\"https:\/\/staging.varesenews.it\/persona\/roberto-rotondo\/\"}]}<\/script>\n<!-- \/ Yoast SEO plugin. -->","yoast_head_json":{"title":"Galimberti riunisce la lista, venerd\u00ec si parte","description":"Sta per essere presentata una parte della lista civica del candidato sindaco","robots":{"index":"noindex","follow":"follow","max-snippet":"max-snippet:-1","max-image-preview":"max-image-preview:large","max-video-preview":"max-video-preview:-1"},"og_locale":"it_IT","og_type":"article","og_title":"Galimberti riunisce la lista, venerd\u00ec si parte","og_description":"Sta per essere presentata una parte della lista civica del candidato sindaco","og_url":"https:\/\/staging.varesenews.it\/2016\/03\/galimberti-riunisce-la-lista-venerdi-si-parte\/495428\/","og_site_name":"VareseNews","article_publisher":"https:\/\/www.facebook.com\/varesenews","article_published_time":"2016-03-10T08:28:35+00:00","article_modified_time":"2016-03-10T08:50:27+00:00","author":"Roberto Rotondo","twitter_card":"summary_large_image","twitter_creator":"@robertorotondo","twitter_site":"@varesenews","twitter_misc":{"Scritto da":"Roberto Rotondo","Tempo di lettura stimato":"1 minuto"},"schema":{"@context":"https:\/\/schema.org","@graph":[{"@type":"WebPage","@id":"https:\/\/staging.varesenews.it\/2016\/03\/galimberti-riunisce-la-lista-venerdi-si-parte\/495428\/","url":"https:\/\/staging.varesenews.it\/2016\/03\/galimberti-riunisce-la-lista-venerdi-si-parte\/495428\/","name":"Galimberti riunisce la lista, venerd\u00ec si parte","isPartOf":{"@id":"https:\/\/staging.varesenews.it\/#website"},"datePublished":"2016-03-10T08:28:35+00:00","dateModified":"2016-03-10T08:50:27+00:00","author":{"@id":"https:\/\/staging.varesenews.it\/#\/schema\/person\/bace96b9ce1b4905df659e51a83c17fe"},"description":"Sta per essere presentata una parte della lista civica del candidato sindaco","breadcrumb":{"@id":"https:\/\/staging.varesenews.it\/2016\/03\/galimberti-riunisce-la-lista-venerdi-si-parte\/495428\/#breadcrumb"},"inLanguage":"it-IT","potentialAction":[{"@type":"ReadAction","target":["https:\/\/staging.varesenews.it\/2016\/03\/galimberti-riunisce-la-lista-venerdi-si-parte\/495428\/"]}]},{"@type":"BreadcrumbList","@id":"https:\/\/staging.varesenews.it\/2016\/03\/galimberti-riunisce-la-lista-venerdi-si-parte\/495428\/#breadcrumb","itemListElement":[{"@type":"ListItem","position":1,"name":"Home","item":"https:\/\/www.varesenews.it\/"},{"@type":"ListItem","position":2,"name":"Galimberti riunisce la lista, venerd\u00ec si parte"}]},{"@type":"WebSite","@id":"https:\/\/staging.varesenews.it\/#website","url":"https:\/\/staging.varesenews.it\/","name":"VareseNews","description":"","potentialAction":[{"@type":"SearchAction","target":{"@type":"EntryPoint","urlTemplate":"https:\/\/staging.varesenews.it\/?s={search_term_string}"},"query-input":"required name=search_term_string"}],"inLanguage":"it-IT"},{"@type":"Person","@id":"https:\/\/staging.varesenews.it\/#\/schema\/person\/bace96b9ce1b4905df659e51a83c17fe","name":"Roberto Rotondo","image":{"@type":"ImageObject","inLanguage":"it-IT","@id":"https:\/\/staging.varesenews.it\/#\/schema\/person\/image\/","url":"https:\/\/staging.varesenews.it\/wp-content\/uploads\/2015\/03\/10888676_10204734543537926_609787919772941341_n.jpg","contentUrl":"https:\/\/staging.varesenews.it\/wp-content\/uploads\/2015\/03\/10888676_10204734543537926_609787919772941341_n.jpg","caption":"Roberto Rotondo"},"description":"Nato a Varese nel 1972. Laureato in Storia alla Statale di Milano. A Varese News dal 1998. Ho iniziato a scrivere su riviste locali, poi sono entrato nel progetto di Varese News quando ancora era agli inizi. Nel frattempo mi sono occupato di ricerca storica e ho collaborato con un settimanale e un quotidiano della Svizzera italiana scrivendo di cronaca e politica. Mi sono preso una pausa da Varese nel 2004. Ho lavorato per alcuni anni a Milano all'agenzia di stampa Adnkronos, con qualche stage a Roma nei palazzi della politica. Lanci di agenzia e servizi tv multimediali erano tra i miei compiti. In quegli anni ho lavorato per alcune radio anche nazionali, Radio Capital su tutte, come corrispondente locale. Ho scritto anche per un settimanale di gossip, ma sempre cronaca nera. Ed eccomi qui. Dal 2007 lavoro anche per il Corriere della sera, di cui sono corrispondente. A Varesenews sono ormai uno dei senatori. Mi occupo di cronaca nera, giudiziaria e di politica e della cronaca cittadina di Varese.","sameAs":["robertorotondo","https:\/\/twitter.com\/robertorotondo"],"url":"https:\/\/staging.varesenews.it\/persona\/roberto-rotondo\/"}]}},"post_meta":{"_edit_lock":"1457599960:50","_edit_last":"50","ratings_users":"0","ratings_score":"0","ratings_average":"0","_category_permalink":"16","wdfb_og_title":"","wdfb_og_type":"","wdfb_og_description":"","wdfb_og_images":"a:1:{i:0;s:0:\"\";}","wdfb_og_custom_name":"a:1:{i:0;s:0:\"\";}","wdfb_og_custom_value":"a:1:{i:0;s:0:\"\";}","id_leggi_anche":"488089,494843,493284,492411,491877,491402,491101","foto":"520473","_yoast_wpseo_focuskw":"Galimberti","_jd_twitter":"","_jd_tweet_this":"yes","_wpt_short_url":"http:\/\/www.varesenews.it\/2016\/03\/galimberti-riunisce-la-lista-venerdi-si-parte\/495428\/","_wp_jd_target":"http:\/\/www.varesenews.it\/2016\/03\/galimberti-riunisce-la-lista-venerdi-si-parte\/495428\/","_jd_wp_twitter":"a:1:{i:0;s:135:\"Galimberti riunisce la lista, venerd\u00ec si parte http:\/\/www.varesenews.it\/2016\/03\/galimberti-riunisce-la-lista-venerdi-si-parte\/495428\/ \";}","_wpt_status_message":"Tweet inviato con successo.","_yoast_wpseo_linkdex":"65"},"photos":[{"original":"https:\/\/staging.varesenews.it\/photogallery_new\/images\/2016\/03\/galimberti-al-twiggy-520473.jpg","full":"https:\/\/staging.varesenews.it\/photogallery_new\/images\/2016\/03\/galimberti-al-twiggy-520473.1024x768.jpg","large":"https:\/\/staging.varesenews.it\/photogallery_new\/images\/2016\/03\/galimberti-al-twiggy-520473.610x431.jpg"}],"_links":{"self":[{"href":"https:\/\/staging.varesenews.it\/swgapi\/v1\/wp\/v2\/posts\/495428"}],"collection":[{"href":"https:\/\/staging.varesenews.it\/swgapi\/v1\/wp\/v2\/posts"}],"about":[{"href":"https:\/\/staging.varesenews.it\/swgapi\/v1\/wp\/v2\/types\/post"}],"author":[{"embeddable":true,"href":"https:\/\/staging.varesenews.it\/swgapi\/v1\/wp\/v2\/users\/50"}],"replies":[{"embeddable":true,"href":"https:\/\/staging.varesenews.it\/swgapi\/v1\/wp\/v2\/comments?post=495428"}],"version-history":[{"count":0,"href":"https:\/\/staging.varesenews.it\/swgapi\/v1\/wp\/v2\/posts\/495428\/revisions"}],"wp:attachment":[{"href":"https:\/\/staging.varesenews.it\/swgapi\/v1\/wp\/v2\/media?parent=495428"}],"wp:term":[{"taxonomy":"category","embeddable":true,"href":"https:\/\/staging.varesenews.it\/swgapi\/v1\/wp\/v2\/categories?post=495428"},{"taxonomy":"post_tag","embeddable":true,"href":"https:\/\/staging.varesenews.it\/swgapi\/v1\/wp\/v2\/tags?post=495428"}],"curies":[{"name":"wp","href":"https:\/\/api.w.org\/{rel}","templated":true}]}}