{"id":495585,"date":"2016-03-10T15:08:27","date_gmt":"2016-03-10T14:08:27","guid":{"rendered":"http:\/\/www.varesenews.it\/?p=495585"},"modified":"2016-03-10T15:09:55","modified_gmt":"2016-03-10T14:09:55","slug":"filosofarti-da-record-superate-le-14-000-persone","status":"publish","type":"post","link":"https:\/\/staging.varesenews.it\/2016\/03\/filosofarti-da-record-superate-le-14-000-persone\/495585\/","title":{"rendered":"Filosofarti da record: &#8220;Superate le 14.000 persone&#8221;"},"content":{"rendered":"<p>Filosofarti ha sempre insegnato che per la cultura moltissime persone sono ancora disposte a muoversi, ma il risultato di quest&#8217;ultima edizione ha sorpreso anche l&#8217;organizzazione. <strong>Complessivamente infatti sono stati oltre 11.000 le persone che hanno preso parte agli eventi del festival a cui poi vanno aggiunte i 3.600 studenti<\/strong> arrivati da tutta provincia per il calendario di attivit\u00e0 a loro dedicato. Totale: 14.600 persone (almeno).<\/p>\n<p>Un dato di presenze elevatissimo che non solo conferma il trend di successo degli ultimi 5 anni e supera ogni pi\u00f9 rosea previsione, anche per quanto riguarda il sostentamento del festival. Se infatti\u00a0i\u00a0contributi economici arrivati dal Comune di Gallarate, dalla Fondazione Cariplo e da quella\u00a0del varesotto hanno coperto circa un terzo delle spese totali del festival, \u00e8 stata la generosit\u00e0 di chi ha preso parte agli eventi ad aver fatto il resto. Le donazioni dei privati, l&#8217;acquisto dei gadget, l\u2019autosostegno delle realt\u00e0 culturali che hanno partecipato e la preziosa collaborazione di sponsor come Yamamay hanno infatti permesso di coprire complessivamente i costi<strong> e questo fa ben sperare per le prossime edizioni.<\/strong><\/p>\n<p>\u00abQuest\u2019anno \u2013commenta l\u2019ideatrice e direttore artistico di Filosofarti, Cristina Boracchi \u2013 l\u2019esito \u00e8 stato di un\u2019altissima qualit\u00e0 e di una grande unit\u00e0 di senso: si \u00e8 sviluppato un percorso organico a livello culturale ma accessibile a tutti, in grado di intercettare diverse tipologie di pubblico, dall\u2019amante della letteratura all\u2019appassionato di filosofia. <strong>Ed essere riusciti ancora una volta a rispondere a un bisogno della popolazione ci rende molto fiduciosi<\/strong> di una possibile continuit\u00e0 dell\u2019iniziativa e di una rinnovata fiducia del territorio interregionale alla manifestazione\u00bb. Quest\u2019anno poi il festival si \u00e8 allargato anche ad altre realt\u00e0 del territorio, dal Busto Arsizio Film Festival al Festival fotografico europeo\u00a0passando anche per il centro di promozione della legalit\u00e0\u00a0della provincia di Varese.<\/p>\n<p>Un festival che mai come quest&#8217;anno \u00e8 stato social, <strong>con l&#8217;hashtag #Filosofarti2016 che \u00e8 anche entrato nei top trend di twitter<\/strong>. VareseNews in collaborazione con il social team di Officina Contemporanea, la rete culturale di Gallarate, ha seguito in diretta il festival con un liveblog che potete consultare <a title=\"Filosofarti, il festival in diretta\" href=\"http:\/\/www.varesenews.it\/2016\/02\/filosofarti-il-festival-in-diretta\/488654\/\" target=\"_blank\">cliccando qui<\/a>. Potete anche guardare il meglio del racconto sui social con lo storify realizzato da Officina Contemporanea <a href=\"http:\/\/www.officinacontemporanea.it\/2016\/03\/filosofarti-2016-storify-delledizione\/\" target=\"_blank\">cliccando qui<\/a>.<\/p>\n","protected":false},"excerpt":{"rendered":"<p>I numeri dell&#8217;edizione hanno sorpreso anche l&#8217;organizzazione, anche per quanto riguarda il finanziamento del festival. Cristina Boracchi: &#8220;Tutto questo fa ben sperare per gli anni prossimi&#8221;<\/p>\n","protected":false},"author":42,"featured_media":0,"comment_status":"open","ping_status":"open","sticky":false,"template":"","format":"standard","meta":{"footnotes":""},"categories":[4,18,3,21],"tags":[8801,483],"acf":[],"yoast_head":"<!-- This site is optimized with the Yoast SEO plugin v20.1 - https:\/\/yoast.com\/wordpress\/plugins\/seo\/ -->\n<title>Filosofarti da record: &quot;Superate le 14.000 persone&quot;<\/title>\n<meta name=\"description\" content=\"I numeri dell&#039;edizione hanno sorpreso anche l&#039;organizzazione, anche per quanto riguarda il finanziamento del festival. Cristina Boracchi: &quot;Tutto questo fa ben sperare per gli anni prossimi&quot;\" \/>\n<meta name=\"robots\" content=\"noindex, follow, max-snippet:-1, max-image-preview:large, max-video-preview:-1\" \/>\n<meta property=\"og:locale\" content=\"it_IT\" \/>\n<meta property=\"og:type\" content=\"article\" \/>\n<meta property=\"og:title\" content=\"Filosofarti da record: &quot;Superate le 14.000 persone&quot;\" \/>\n<meta property=\"og:description\" content=\"I numeri dell&#039;edizione hanno sorpreso anche l&#039;organizzazione, anche per quanto riguarda il finanziamento del festival. Cristina Boracchi: &quot;Tutto questo fa ben sperare per gli anni prossimi&quot;\" \/>\n<meta property=\"og:url\" content=\"https:\/\/staging.varesenews.it\/2016\/03\/filosofarti-da-record-superate-le-14-000-persone\/495585\/\" \/>\n<meta property=\"og:site_name\" content=\"VareseNews\" \/>\n<meta property=\"article:publisher\" content=\"https:\/\/www.facebook.com\/varesenews\" \/>\n<meta property=\"article:published_time\" content=\"2016-03-10T14:08:27+00:00\" \/>\n<meta property=\"article:modified_time\" content=\"2016-03-10T14:09:55+00:00\" \/>\n<meta name=\"author\" content=\"Marco Corso\" \/>\n<meta name=\"twitter:card\" content=\"summary_large_image\" \/>\n<meta name=\"twitter:creator\" content=\"@varesenews\" \/>\n<meta name=\"twitter:site\" content=\"@varesenews\" \/>\n<meta name=\"twitter:label1\" content=\"Scritto da\" \/>\n\t<meta name=\"twitter:data1\" content=\"Marco Corso\" \/>\n\t<meta name=\"twitter:label2\" content=\"Tempo di lettura stimato\" \/>\n\t<meta name=\"twitter:data2\" content=\"2 minuti\" \/>\n<script type=\"application\/ld+json\" class=\"yoast-schema-graph\">{\"@context\":\"https:\/\/schema.org\",\"@graph\":[{\"@type\":\"WebPage\",\"@id\":\"https:\/\/staging.varesenews.it\/2016\/03\/filosofarti-da-record-superate-le-14-000-persone\/495585\/\",\"url\":\"https:\/\/staging.varesenews.it\/2016\/03\/filosofarti-da-record-superate-le-14-000-persone\/495585\/\",\"name\":\"Filosofarti da record: \\\"Superate le 14.000 persone\\\"\",\"isPartOf\":{\"@id\":\"https:\/\/staging.varesenews.it\/#website\"},\"datePublished\":\"2016-03-10T14:08:27+00:00\",\"dateModified\":\"2016-03-10T14:09:55+00:00\",\"author\":{\"@id\":\"https:\/\/staging.varesenews.it\/#\/schema\/person\/f0b866bf1a4a7b2b1558574309a927fa\"},\"description\":\"I numeri dell'edizione hanno sorpreso anche l'organizzazione, anche per quanto riguarda il finanziamento del festival. Cristina Boracchi: \\\"Tutto questo fa ben sperare per gli anni prossimi\\\"\",\"breadcrumb\":{\"@id\":\"https:\/\/staging.varesenews.it\/2016\/03\/filosofarti-da-record-superate-le-14-000-persone\/495585\/#breadcrumb\"},\"inLanguage\":\"it-IT\",\"potentialAction\":[{\"@type\":\"ReadAction\",\"target\":[\"https:\/\/staging.varesenews.it\/2016\/03\/filosofarti-da-record-superate-le-14-000-persone\/495585\/\"]}]},{\"@type\":\"BreadcrumbList\",\"@id\":\"https:\/\/staging.varesenews.it\/2016\/03\/filosofarti-da-record-superate-le-14-000-persone\/495585\/#breadcrumb\",\"itemListElement\":[{\"@type\":\"ListItem\",\"position\":1,\"name\":\"Home\",\"item\":\"https:\/\/www.varesenews.it\/\"},{\"@type\":\"ListItem\",\"position\":2,\"name\":\"Filosofarti da record: &#8220;Superate le 14.000 persone&#8221;\"}]},{\"@type\":\"WebSite\",\"@id\":\"https:\/\/staging.varesenews.it\/#website\",\"url\":\"https:\/\/staging.varesenews.it\/\",\"name\":\"VareseNews\",\"description\":\"\",\"potentialAction\":[{\"@type\":\"SearchAction\",\"target\":{\"@type\":\"EntryPoint\",\"urlTemplate\":\"https:\/\/staging.varesenews.it\/?s={search_term_string}\"},\"query-input\":\"required name=search_term_string\"}],\"inLanguage\":\"it-IT\"},{\"@type\":\"Person\",\"@id\":\"https:\/\/staging.varesenews.it\/#\/schema\/person\/f0b866bf1a4a7b2b1558574309a927fa\",\"name\":\"Marco Corso\",\"image\":{\"@type\":\"ImageObject\",\"inLanguage\":\"it-IT\",\"@id\":\"https:\/\/staging.varesenews.it\/#\/schema\/person\/image\/\",\"url\":\"https:\/\/staging.varesenews.it\/wp-content\/uploads\/2020\/12\/marco_corso_colori_500.jpg\",\"contentUrl\":\"https:\/\/staging.varesenews.it\/wp-content\/uploads\/2020\/12\/marco_corso_colori_500.jpg\",\"caption\":\"Marco Corso\"},\"description\":\"Classe 91, per diversi anni mi sono fregiato del titolo di pi&ugrave; giovane della redazione, ma adesso faccio il fratello maggiore alle nuove leve. Mi sono laureato nel 2013 in Scienze Sociali per la Globalizzazione alla Statale di Milano e nel 2015 mi sono diplomato in videogiornalismo alla Civica Scuola di Cinema di Milano. A VareseNews da 10 anni, ho seguito da sempre diversi progetti, partendo dalla mia Busto Arsizio per attraversare tutta la provincia. Adesso la \\\"sorvolo\\\" anche con il mio drone, regalando alle mie riprese sempre un punto di vista emozionale e narrativo sui luoghi e le vicende che racconto, ma rimanendo fedele alla cronaca. Quando non faccio il giornalista viaggio o mi arrampico sui monti, per guardare il mondo da altri punti di vista.\",\"sameAs\":[\"mar_corso\"],\"url\":\"https:\/\/staging.varesenews.it\/persona\/marco-corso1\/\"}]}<\/script>\n<!-- \/ Yoast SEO plugin. -->","yoast_head_json":{"title":"Filosofarti da record: \"Superate le 14.000 persone\"","description":"I numeri dell'edizione hanno sorpreso anche l'organizzazione, anche per quanto riguarda il finanziamento del festival. Cristina Boracchi: \"Tutto questo fa ben sperare per gli anni prossimi\"","robots":{"index":"noindex","follow":"follow","max-snippet":"max-snippet:-1","max-image-preview":"max-image-preview:large","max-video-preview":"max-video-preview:-1"},"og_locale":"it_IT","og_type":"article","og_title":"Filosofarti da record: \"Superate le 14.000 persone\"","og_description":"I numeri dell'edizione hanno sorpreso anche l'organizzazione, anche per quanto riguarda il finanziamento del festival. Cristina Boracchi: \"Tutto questo fa ben sperare per gli anni prossimi\"","og_url":"https:\/\/staging.varesenews.it\/2016\/03\/filosofarti-da-record-superate-le-14-000-persone\/495585\/","og_site_name":"VareseNews","article_publisher":"https:\/\/www.facebook.com\/varesenews","article_published_time":"2016-03-10T14:08:27+00:00","article_modified_time":"2016-03-10T14:09:55+00:00","author":"Marco Corso","twitter_card":"summary_large_image","twitter_creator":"@varesenews","twitter_site":"@varesenews","twitter_misc":{"Scritto da":"Marco Corso","Tempo di lettura stimato":"2 minuti"},"schema":{"@context":"https:\/\/schema.org","@graph":[{"@type":"WebPage","@id":"https:\/\/staging.varesenews.it\/2016\/03\/filosofarti-da-record-superate-le-14-000-persone\/495585\/","url":"https:\/\/staging.varesenews.it\/2016\/03\/filosofarti-da-record-superate-le-14-000-persone\/495585\/","name":"Filosofarti da record: \"Superate le 14.000 persone\"","isPartOf":{"@id":"https:\/\/staging.varesenews.it\/#website"},"datePublished":"2016-03-10T14:08:27+00:00","dateModified":"2016-03-10T14:09:55+00:00","author":{"@id":"https:\/\/staging.varesenews.it\/#\/schema\/person\/f0b866bf1a4a7b2b1558574309a927fa"},"description":"I numeri dell'edizione hanno sorpreso anche l'organizzazione, anche per quanto riguarda il finanziamento del festival. Cristina Boracchi: \"Tutto questo fa ben sperare per gli anni prossimi\"","breadcrumb":{"@id":"https:\/\/staging.varesenews.it\/2016\/03\/filosofarti-da-record-superate-le-14-000-persone\/495585\/#breadcrumb"},"inLanguage":"it-IT","potentialAction":[{"@type":"ReadAction","target":["https:\/\/staging.varesenews.it\/2016\/03\/filosofarti-da-record-superate-le-14-000-persone\/495585\/"]}]},{"@type":"BreadcrumbList","@id":"https:\/\/staging.varesenews.it\/2016\/03\/filosofarti-da-record-superate-le-14-000-persone\/495585\/#breadcrumb","itemListElement":[{"@type":"ListItem","position":1,"name":"Home","item":"https:\/\/www.varesenews.it\/"},{"@type":"ListItem","position":2,"name":"Filosofarti da record: &#8220;Superate le 14.000 persone&#8221;"}]},{"@type":"WebSite","@id":"https:\/\/staging.varesenews.it\/#website","url":"https:\/\/staging.varesenews.it\/","name":"VareseNews","description":"","potentialAction":[{"@type":"SearchAction","target":{"@type":"EntryPoint","urlTemplate":"https:\/\/staging.varesenews.it\/?s={search_term_string}"},"query-input":"required name=search_term_string"}],"inLanguage":"it-IT"},{"@type":"Person","@id":"https:\/\/staging.varesenews.it\/#\/schema\/person\/f0b866bf1a4a7b2b1558574309a927fa","name":"Marco Corso","image":{"@type":"ImageObject","inLanguage":"it-IT","@id":"https:\/\/staging.varesenews.it\/#\/schema\/person\/image\/","url":"https:\/\/staging.varesenews.it\/wp-content\/uploads\/2020\/12\/marco_corso_colori_500.jpg","contentUrl":"https:\/\/staging.varesenews.it\/wp-content\/uploads\/2020\/12\/marco_corso_colori_500.jpg","caption":"Marco Corso"},"description":"Classe 91, per diversi anni mi sono fregiato del titolo di pi&ugrave; giovane della redazione, ma adesso faccio il fratello maggiore alle nuove leve. Mi sono laureato nel 2013 in Scienze Sociali per la Globalizzazione alla Statale di Milano e nel 2015 mi sono diplomato in videogiornalismo alla Civica Scuola di Cinema di Milano. A VareseNews da 10 anni, ho seguito da sempre diversi progetti, partendo dalla mia Busto Arsizio per attraversare tutta la provincia. Adesso la \"sorvolo\" anche con il mio drone, regalando alle mie riprese sempre un punto di vista emozionale e narrativo sui luoghi e le vicende che racconto, ma rimanendo fedele alla cronaca. Quando non faccio il giornalista viaggio o mi arrampico sui monti, per guardare il mondo da altri punti di vista.","sameAs":["mar_corso"],"url":"https:\/\/staging.varesenews.it\/persona\/marco-corso1\/"}]}},"post_meta":{"_edit_lock":"1457620920:42","_edit_last":"42","_category_permalink":"18","wdfb_og_title":"","wdfb_og_type":"","wdfb_og_description":"","wdfb_og_images":"a:1:{i:0;s:0:\"\";}","wdfb_og_custom_name":"a:1:{i:0;s:0:\"\";}","wdfb_og_custom_value":"a:1:{i:0;s:0:\"\";}","foto":"519540","argomento":"Cultura","_jd_twitter":"","_jd_tweet_this":"yes","ratings_users":"0","ratings_score":"0","ratings_average":"0","_wpt_short_url":"http:\/\/www.varesenews.it\/2016\/03\/filosofarti-da-record-superate-le-14-000-persone\/495585\/","_wp_jd_target":"http:\/\/www.varesenews.it\/2016\/03\/filosofarti-da-record-superate-le-14-000-persone\/495585\/","_jd_wp_twitter":"a:1:{i:0;s:154:\"Filosofarti da record: \"Superate le 14.000 persone\" http:\/\/www.varesenews.it\/2016\/03\/filosofarti-da-record-superate-le-14-000-persone\/495585\/ #filosofarti\";}","_wpt_status_message":"Tweet inviato con successo."},"photos":[{"original":"https:\/\/staging.varesenews.it\/photogallery_new\/images\/2016\/02\/varie-519540.jpg","full":"https:\/\/staging.varesenews.it\/photogallery_new\/images\/2016\/02\/varie-519540.1024x768.jpg","large":"https:\/\/staging.varesenews.it\/photogallery_new\/images\/2016\/02\/varie-519540.610x431.jpg"}],"_links":{"self":[{"href":"https:\/\/staging.varesenews.it\/swgapi\/v1\/wp\/v2\/posts\/495585"}],"collection":[{"href":"https:\/\/staging.varesenews.it\/swgapi\/v1\/wp\/v2\/posts"}],"about":[{"href":"https:\/\/staging.varesenews.it\/swgapi\/v1\/wp\/v2\/types\/post"}],"author":[{"embeddable":true,"href":"https:\/\/staging.varesenews.it\/swgapi\/v1\/wp\/v2\/users\/42"}],"replies":[{"embeddable":true,"href":"https:\/\/staging.varesenews.it\/swgapi\/v1\/wp\/v2\/comments?post=495585"}],"version-history":[{"count":0,"href":"https:\/\/staging.varesenews.it\/swgapi\/v1\/wp\/v2\/posts\/495585\/revisions"}],"wp:attachment":[{"href":"https:\/\/staging.varesenews.it\/swgapi\/v1\/wp\/v2\/media?parent=495585"}],"wp:term":[{"taxonomy":"category","embeddable":true,"href":"https:\/\/staging.varesenews.it\/swgapi\/v1\/wp\/v2\/categories?post=495585"},{"taxonomy":"post_tag","embeddable":true,"href":"https:\/\/staging.varesenews.it\/swgapi\/v1\/wp\/v2\/tags?post=495585"}],"curies":[{"name":"wp","href":"https:\/\/api.w.org\/{rel}","templated":true}]}}