{"id":496016,"date":"2016-03-11T15:24:28","date_gmt":"2016-03-11T14:24:28","guid":{"rendered":"http:\/\/www.varesenews.it\/?p=496016"},"modified":"2016-03-11T19:25:58","modified_gmt":"2016-03-11T18:25:58","slug":"con-il-nuovo-portale-e-il-comune-che-va-dal-cittadino","status":"publish","type":"post","link":"https:\/\/staging.varesenews.it\/2016\/03\/con-il-nuovo-portale-e-il-comune-che-va-dal-cittadino\/496016\/","title":{"rendered":"Con il nuovo portale \u00e8 il Comune che va dal cittadino"},"content":{"rendered":"<p>\u00ab\u00c8 l&#8217;ufficio che va dal cittadino non pi\u00f9 il contrario\u00bb. L&#8217;immagine del\u00a0\u00ab<strong>self service amministrativo<\/strong>\u00bb \u00e8 sicuramente la pi\u00f9 efficace, perch\u00e9 racchiude in s\u00e9 il cuore dell&#8217;operazione fatta dal comune di Varese con il nuovo portale <a href=\"http:\/\/www.comune.varese.it\"><strong>www.comune.varese.it<\/strong>\u00a0<\/a>, uno strumento che cambia in meglio\u00a0la qualit\u00e0 del rapporto tra <strong>Comune e cittadino.<\/strong> Si tratta di un&#8217;operazione innovativa dal punto di vista tecnologico perch\u00e9 Varese \u00e8 tra i primi comuni \u00a0in Italia a utilizzare la tecnologia <strong>Spid<\/strong>, <strong>acronimo che significa\u00a0Sistema Pubblico per la gestione dell&#8217;Identit\u00e0 Digitale,<\/strong> sistema con cui le pubbliche amministrazioni consentono l&#8217;accesso in rete ai propri servizi. <div class=\"related-posts related-01\"><h4>Leggi anche<\/h4><ul><li><a title=\"Mi sono registrato per primo\" target=\"_blank\" href=\"https:\/\/staging.varesenews.it\/2016\/03\/mi-sono-registrato-per-primo\/496106\/\"><strong>Varese <\/strong> - Mi sono registrato per primo<\/a><\/li><\/ul><\/div><\/p>\n<p>Il nuovo portale \u00e8 il frutto della partnership tra l&#8217;amministrazione comunale e la societ\u00e0 <strong>Engineering<\/strong>. \u00ab Vorrei ringraziare l&#8217;amministratore delegato <strong>Paolo Pandozy<\/strong> &#8211; ha commentato il sindaco <strong>Attilio Fontana<\/strong> &#8211; che ha regalato tutto questo alla citt\u00e0\u00a0permettendoci di realizzare un prodotto di cos\u00ec alta qualit\u00e0 che d\u00e0 la possibilit\u00e0\u00a0al cittadino di interagire in modo immediato con l&#8217;ente. La Engineering \u00e8 la dimostrazione che c&#8217;\u00e8 privato e privato\u00bb.<\/p>\n<p>Una collaborazione tra pubblico e privato, per il momento, a costo zero\u00a0e in grado di incidere subito sulla qualit\u00e0 del rapporto tra cittadino e amministrazione pubblica. \u00abPer la comunit\u00e0 \u00e8 molto importante il &#8220;<strong>fascicolo del cittadino<\/strong>&#8220;, perch\u00e9 \u00a0qui i residenti possono accedere a\u00a0tutti i dati che li riguardano collegandosi da casa, evitando code e perdite di tempo\u00bb ha detto <strong>Antonella Perrotta<\/strong>, responsabile Protocollo, comunicazione \u00a0e relazioni con il pubblico del Comune di Varese, che ha seguito passo dopo passo, con i tecnici della Engineering, la costruzione del portale.<\/p>\n<p>Il portale \u00e8 suddiviso in <strong>cinque\u00a0sezioni principali:<\/strong> il comune si presenta, servizi, cultura, turismo e<strong> my varese<\/strong>. Quest&#8217;ultima sezione contiene il sistema di autenticazione unico a tutti i servizi online (spid), il sistema Varese Login che mostra l&#8217;accesso profilato e personalizzato alla visura dei dati catastali, anagrafici e tributari, l&#8217;agenda del cittadino (scadenze, adempimenti, appuntamenti amministrativi etc. etc), le notifiche \u00a0multicanale (stati avanzamenti pratiche, servizi, eventi).<br \/>\nAmpio spazio anche ai contenuti culturali, al turismo e alla bellezza paesaggistica con gallery fotografiche e agenda degli appuntamenti.<\/p>\n<p>\u00abQuesto non \u00e8\u00a0solo un nuovo sito\u00a0&#8211; \u00a0ha dichiarato <strong>Roberto Maroni,<\/strong> presidente della Regione Lombardia &#8211; , ma un portale che offre informazioni e\u00a0servizi. Rappresenta una sperimentazione importante, che guardo\u00a0con grande favore perch\u00e9 puo&#8217; essere estesa a tutti i Comuni\u00a0della Lombardia. \u00c8\u00a0un&#8217;altra innovazione utile per rendere pi\u00f9&#8217;\u00a0facile la vita ai cittadini. Un passo in avanti verso la\u00a0semplificazione e verso un significativo risparmio per\u00a0l&#8217;amministrazione pubblica\u00bb.<\/p>\n","protected":false},"excerpt":{"rendered":"<p>\u00c8 online il nuovo portale del Comune di Varese. Meno code per i cittadini e pi\u00f9 efficienza. \u00c8 tra i primi in Italia a usare  la tecnologia Spid (Sistema Pubblico per la gestione dell&#8217;Identit\u00e0 Digitale)<\/p>\n","protected":false},"author":45,"featured_media":0,"comment_status":"open","ping_status":"open","sticky":false,"template":"","format":"standard","meta":{"footnotes":""},"categories":[2],"tags":[19792],"acf":[],"yoast_head":"<!-- This site is optimized with the Yoast SEO plugin v20.1 - https:\/\/yoast.com\/wordpress\/plugins\/seo\/ -->\n<title>Con il nuovo portale \u00e8 il Comune che va dal cittadino<\/title>\n<meta name=\"description\" content=\"\u00c8 online il nuovo portale del Comune di Varese. Meno code per i cittadini e pi\u00f9 efficienza. \u00c8 tra i primi in Italia a usare la tecnologia Spid (Sistema Pubblico per la gestione dell&#039;Identit\u00e0 Digitale)\" \/>\n<meta name=\"robots\" content=\"noindex, follow, max-snippet:-1, max-image-preview:large, max-video-preview:-1\" \/>\n<meta property=\"og:locale\" content=\"it_IT\" \/>\n<meta property=\"og:type\" content=\"article\" \/>\n<meta property=\"og:title\" content=\"Con il nuovo portale \u00e8 il Comune che va dal cittadino\" \/>\n<meta property=\"og:description\" content=\"\u00c8 online il nuovo portale del Comune di Varese. Meno code per i cittadini e pi\u00f9 efficienza. \u00c8 tra i primi in Italia a usare la tecnologia Spid (Sistema Pubblico per la gestione dell&#039;Identit\u00e0 Digitale)\" \/>\n<meta property=\"og:url\" content=\"https:\/\/www.varesenews.it\/2016\/03\/con-il-nuovo-portale-e-il-comune-che-va-dal-cittadino\/496016\/\" \/>\n<meta property=\"og:site_name\" content=\"VareseNews\" \/>\n<meta property=\"article:publisher\" content=\"https:\/\/www.facebook.com\/varesenews\" \/>\n<meta property=\"article:author\" content=\"https:\/\/www.facebook.com\/michele.mancino.5\" \/>\n<meta property=\"article:published_time\" content=\"2016-03-11T14:24:28+00:00\" \/>\n<meta property=\"article:modified_time\" content=\"2016-03-11T18:25:58+00:00\" \/>\n<meta name=\"author\" content=\"Michele Mancino\" \/>\n<meta name=\"twitter:card\" content=\"summary_large_image\" \/>\n<meta name=\"twitter:creator\" content=\"@micmancio\" \/>\n<meta name=\"twitter:site\" content=\"@varesenews\" \/>\n<meta name=\"twitter:label1\" content=\"Scritto da\" \/>\n\t<meta name=\"twitter:data1\" content=\"Michele Mancino\" \/>\n\t<meta name=\"twitter:label2\" content=\"Tempo di lettura stimato\" \/>\n\t<meta name=\"twitter:data2\" content=\"2 minuti\" \/>\n<script type=\"application\/ld+json\" class=\"yoast-schema-graph\">{\"@context\":\"https:\/\/schema.org\",\"@graph\":[{\"@type\":\"WebPage\",\"@id\":\"https:\/\/www.varesenews.it\/2016\/03\/con-il-nuovo-portale-e-il-comune-che-va-dal-cittadino\/496016\/\",\"url\":\"https:\/\/www.varesenews.it\/2016\/03\/con-il-nuovo-portale-e-il-comune-che-va-dal-cittadino\/496016\/\",\"name\":\"Con il nuovo portale \u00e8 il Comune che va dal cittadino\",\"isPartOf\":{\"@id\":\"https:\/\/staging.varesenews.it\/#website\"},\"datePublished\":\"2016-03-11T14:24:28+00:00\",\"dateModified\":\"2016-03-11T18:25:58+00:00\",\"author\":{\"@id\":\"https:\/\/staging.varesenews.it\/#\/schema\/person\/308b491d3cb680ead199e5ff6c6ce540\"},\"description\":\"\u00c8 online il nuovo portale del Comune di Varese. Meno code per i cittadini e pi\u00f9 efficienza. \u00c8 tra i primi in Italia a usare la tecnologia Spid (Sistema Pubblico per la gestione dell'Identit\u00e0 Digitale)\",\"breadcrumb\":{\"@id\":\"https:\/\/www.varesenews.it\/2016\/03\/con-il-nuovo-portale-e-il-comune-che-va-dal-cittadino\/496016\/#breadcrumb\"},\"inLanguage\":\"it-IT\",\"potentialAction\":[{\"@type\":\"ReadAction\",\"target\":[\"https:\/\/www.varesenews.it\/2016\/03\/con-il-nuovo-portale-e-il-comune-che-va-dal-cittadino\/496016\/\"]}]},{\"@type\":\"BreadcrumbList\",\"@id\":\"https:\/\/www.varesenews.it\/2016\/03\/con-il-nuovo-portale-e-il-comune-che-va-dal-cittadino\/496016\/#breadcrumb\",\"itemListElement\":[{\"@type\":\"ListItem\",\"position\":1,\"name\":\"Home\",\"item\":\"https:\/\/www.varesenews.it\/\"},{\"@type\":\"ListItem\",\"position\":2,\"name\":\"Con il nuovo portale \u00e8 il Comune che va dal cittadino\"}]},{\"@type\":\"WebSite\",\"@id\":\"https:\/\/staging.varesenews.it\/#website\",\"url\":\"https:\/\/staging.varesenews.it\/\",\"name\":\"VareseNews\",\"description\":\"\",\"potentialAction\":[{\"@type\":\"SearchAction\",\"target\":{\"@type\":\"EntryPoint\",\"urlTemplate\":\"https:\/\/staging.varesenews.it\/?s={search_term_string}\"},\"query-input\":\"required name=search_term_string\"}],\"inLanguage\":\"it-IT\"},{\"@type\":\"Person\",\"@id\":\"https:\/\/staging.varesenews.it\/#\/schema\/person\/308b491d3cb680ead199e5ff6c6ce540\",\"name\":\"Michele Mancino\",\"image\":{\"@type\":\"ImageObject\",\"inLanguage\":\"it-IT\",\"@id\":\"https:\/\/staging.varesenews.it\/#\/schema\/person\/image\/\",\"url\":\"https:\/\/staging.varesenews.it\/wp-content\/uploads\/2020\/12\/michele_mancino_colori_500.jpg\",\"contentUrl\":\"https:\/\/staging.varesenews.it\/wp-content\/uploads\/2020\/12\/michele_mancino_colori_500.jpg\",\"caption\":\"Michele Mancino\"},\"description\":\"Sono a VareseNews da prima che nascesse. Ho inserito le prime notizie in una stringa di codice html, la lingua di internet. Aprivo i computer, cambiavo schede di rete e portavo i server dal provider. A met&agrave; degli anni &rsquo;90 il giornalista online doveva saper fare anche questo. Ho vissuto gli anni drammatici della bolla speculativa di Internet e quelli entusiastici della crescita, anni in cui VareseNews era un Davide in mezzo a tanti Golia. Poi sono arrivati i social, le nuove piattaforme e soprattutto gli smartphone, una postazione di lavoro racchiusa in una mano. Una nuova rivoluzione. Insomma, &egrave; stata, ed &egrave; ancora, un&rsquo;avventura entusiasmante perch&eacute; mi insegna giorno dopo giorno che il cambiamento &egrave; l&rsquo;unica certezza di questa fragile esistenza.\",\"sameAs\":[\"https:\/\/www.facebook.com\/michele.mancino.5\",\"micmancio\",\"Aggiorna le impostazioni del tuo profilo pubblicoit.linkedin.com\/pub\/michele-mancino\/28\/b71\/890\/it\",\"https:\/\/twitter.com\/micmancio\"],\"url\":\"https:\/\/staging.varesenews.it\/persona\/michele_mancino\/\"}]}<\/script>\n<!-- \/ Yoast SEO plugin. -->","yoast_head_json":{"title":"Con il nuovo portale \u00e8 il Comune che va dal cittadino","description":"\u00c8 online il nuovo portale del Comune di Varese. Meno code per i cittadini e pi\u00f9 efficienza. \u00c8 tra i primi in Italia a usare la tecnologia Spid (Sistema Pubblico per la gestione dell'Identit\u00e0 Digitale)","robots":{"index":"noindex","follow":"follow","max-snippet":"max-snippet:-1","max-image-preview":"max-image-preview:large","max-video-preview":"max-video-preview:-1"},"og_locale":"it_IT","og_type":"article","og_title":"Con il nuovo portale \u00e8 il Comune che va dal cittadino","og_description":"\u00c8 online il nuovo portale del Comune di Varese. Meno code per i cittadini e pi\u00f9 efficienza. \u00c8 tra i primi in Italia a usare la tecnologia Spid (Sistema Pubblico per la gestione dell'Identit\u00e0 Digitale)","og_url":"https:\/\/www.varesenews.it\/2016\/03\/con-il-nuovo-portale-e-il-comune-che-va-dal-cittadino\/496016\/","og_site_name":"VareseNews","article_publisher":"https:\/\/www.facebook.com\/varesenews","article_author":"https:\/\/www.facebook.com\/michele.mancino.5","article_published_time":"2016-03-11T14:24:28+00:00","article_modified_time":"2016-03-11T18:25:58+00:00","author":"Michele Mancino","twitter_card":"summary_large_image","twitter_creator":"@micmancio","twitter_site":"@varesenews","twitter_misc":{"Scritto da":"Michele Mancino","Tempo di lettura stimato":"2 minuti"},"schema":{"@context":"https:\/\/schema.org","@graph":[{"@type":"WebPage","@id":"https:\/\/www.varesenews.it\/2016\/03\/con-il-nuovo-portale-e-il-comune-che-va-dal-cittadino\/496016\/","url":"https:\/\/www.varesenews.it\/2016\/03\/con-il-nuovo-portale-e-il-comune-che-va-dal-cittadino\/496016\/","name":"Con il nuovo portale \u00e8 il Comune che va dal cittadino","isPartOf":{"@id":"https:\/\/staging.varesenews.it\/#website"},"datePublished":"2016-03-11T14:24:28+00:00","dateModified":"2016-03-11T18:25:58+00:00","author":{"@id":"https:\/\/staging.varesenews.it\/#\/schema\/person\/308b491d3cb680ead199e5ff6c6ce540"},"description":"\u00c8 online il nuovo portale del Comune di Varese. Meno code per i cittadini e pi\u00f9 efficienza. \u00c8 tra i primi in Italia a usare la tecnologia Spid (Sistema Pubblico per la gestione dell'Identit\u00e0 Digitale)","breadcrumb":{"@id":"https:\/\/www.varesenews.it\/2016\/03\/con-il-nuovo-portale-e-il-comune-che-va-dal-cittadino\/496016\/#breadcrumb"},"inLanguage":"it-IT","potentialAction":[{"@type":"ReadAction","target":["https:\/\/www.varesenews.it\/2016\/03\/con-il-nuovo-portale-e-il-comune-che-va-dal-cittadino\/496016\/"]}]},{"@type":"BreadcrumbList","@id":"https:\/\/www.varesenews.it\/2016\/03\/con-il-nuovo-portale-e-il-comune-che-va-dal-cittadino\/496016\/#breadcrumb","itemListElement":[{"@type":"ListItem","position":1,"name":"Home","item":"https:\/\/www.varesenews.it\/"},{"@type":"ListItem","position":2,"name":"Con il nuovo portale \u00e8 il Comune che va dal cittadino"}]},{"@type":"WebSite","@id":"https:\/\/staging.varesenews.it\/#website","url":"https:\/\/staging.varesenews.it\/","name":"VareseNews","description":"","potentialAction":[{"@type":"SearchAction","target":{"@type":"EntryPoint","urlTemplate":"https:\/\/staging.varesenews.it\/?s={search_term_string}"},"query-input":"required name=search_term_string"}],"inLanguage":"it-IT"},{"@type":"Person","@id":"https:\/\/staging.varesenews.it\/#\/schema\/person\/308b491d3cb680ead199e5ff6c6ce540","name":"Michele Mancino","image":{"@type":"ImageObject","inLanguage":"it-IT","@id":"https:\/\/staging.varesenews.it\/#\/schema\/person\/image\/","url":"https:\/\/staging.varesenews.it\/wp-content\/uploads\/2020\/12\/michele_mancino_colori_500.jpg","contentUrl":"https:\/\/staging.varesenews.it\/wp-content\/uploads\/2020\/12\/michele_mancino_colori_500.jpg","caption":"Michele Mancino"},"description":"Sono a VareseNews da prima che nascesse. Ho inserito le prime notizie in una stringa di codice html, la lingua di internet. Aprivo i computer, cambiavo schede di rete e portavo i server dal provider. A met&agrave; degli anni &rsquo;90 il giornalista online doveva saper fare anche questo. Ho vissuto gli anni drammatici della bolla speculativa di Internet e quelli entusiastici della crescita, anni in cui VareseNews era un Davide in mezzo a tanti Golia. Poi sono arrivati i social, le nuove piattaforme e soprattutto gli smartphone, una postazione di lavoro racchiusa in una mano. Una nuova rivoluzione. Insomma, &egrave; stata, ed &egrave; ancora, un&rsquo;avventura entusiasmante perch&eacute; mi insegna giorno dopo giorno che il cambiamento &egrave; l&rsquo;unica certezza di questa fragile esistenza.","sameAs":["https:\/\/www.facebook.com\/michele.mancino.5","micmancio","Aggiorna le impostazioni del tuo profilo pubblicoit.linkedin.com\/pub\/michele-mancino\/28\/b71\/890\/it","https:\/\/twitter.com\/micmancio"],"url":"https:\/\/staging.varesenews.it\/persona\/michele_mancino\/"}]}},"post_meta":{"_edit_lock":"1458223514:45","_edit_last":"45","ratings_users":"0","ratings_score":"0","ratings_average":"0","_category_permalink":"","wdfb_og_title":"","wdfb_og_type":"","wdfb_og_description":"","wdfb_og_images":"a:1:{i:0;s:0:\"\";}","wdfb_og_custom_name":"a:1:{i:0;s:0:\"\";}","wdfb_og_custom_value":"a:1:{i:0;s:0:\"\";}","foto":"523122","firma_come_redazione":"1","argomento":"Varese","_jd_twitter":"","_jd_tweet_this":"yes","_wpt_short_url":"http:\/\/www.varesenews.it\/2016\/03\/con-il-nuovo-portale-e-il-comune-che-va-dal-cittadino\/496016\/","_wp_jd_target":"http:\/\/www.varesenews.it\/2016\/03\/con-il-nuovo-portale-e-il-comune-che-va-dal-cittadino\/496016\/","_jd_wp_twitter":"a:1:{i:0;s:159:\"Con il nuovo portale \u00e8 il Comune che va dal cittadino http:\/\/www.varesenews.it\/2016\/03\/con-il-nuovo-portale-e-il-comune-che-va-dal-cittadino\/496016\/ #digitale\";}","_wpt_status_message":"Tweet inviato con successo.","id_leggi_anche":"496106","id_link_fotogallery":"495957"},"photos":[{"original":"https:\/\/staging.varesenews.it\/photogallery_new\/images\/2016\/03\/varese-digitale-523122.jpg","full":"https:\/\/staging.varesenews.it\/photogallery_new\/images\/2016\/03\/varese-digitale-523122.1024x768.jpg","large":"https:\/\/staging.varesenews.it\/photogallery_new\/images\/2016\/03\/varese-digitale-523122.610x431.jpg"}],"_links":{"self":[{"href":"https:\/\/staging.varesenews.it\/swgapi\/v1\/wp\/v2\/posts\/496016"}],"collection":[{"href":"https:\/\/staging.varesenews.it\/swgapi\/v1\/wp\/v2\/posts"}],"about":[{"href":"https:\/\/staging.varesenews.it\/swgapi\/v1\/wp\/v2\/types\/post"}],"author":[{"embeddable":true,"href":"https:\/\/staging.varesenews.it\/swgapi\/v1\/wp\/v2\/users\/45"}],"replies":[{"embeddable":true,"href":"https:\/\/staging.varesenews.it\/swgapi\/v1\/wp\/v2\/comments?post=496016"}],"version-history":[{"count":0,"href":"https:\/\/staging.varesenews.it\/swgapi\/v1\/wp\/v2\/posts\/496016\/revisions"}],"wp:attachment":[{"href":"https:\/\/staging.varesenews.it\/swgapi\/v1\/wp\/v2\/media?parent=496016"}],"wp:term":[{"taxonomy":"category","embeddable":true,"href":"https:\/\/staging.varesenews.it\/swgapi\/v1\/wp\/v2\/categories?post=496016"},{"taxonomy":"post_tag","embeddable":true,"href":"https:\/\/staging.varesenews.it\/swgapi\/v1\/wp\/v2\/tags?post=496016"}],"curies":[{"name":"wp","href":"https:\/\/api.w.org\/{rel}","templated":true}]}}