{"id":497908,"date":"2016-03-16T15:56:29","date_gmt":"2016-03-16T14:56:29","guid":{"rendered":"http:\/\/www.varesenews.it\/?p=497908"},"modified":"2016-03-16T15:59:16","modified_gmt":"2016-03-16T14:59:16","slug":"elisabetta-pellini-e-il-volto-dei-30-anni-del-centro-gulliver","status":"publish","type":"post","link":"https:\/\/staging.varesenews.it\/2016\/03\/elisabetta-pellini-e-il-volto-dei-30-anni-del-centro-gulliver\/497908\/","title":{"rendered":"Elisabetta Pellini \u00e8 il volto dei 30 anni del Centro Gulliver"},"content":{"rendered":"<p>Ieri, marted\u00ec 15 marzo, c\u2019\u00e8 stato un incontro importante al Centro Gulliver: Don Michele Barban fondatore e Presidente del Centro Gullier ha incontrato l<strong>\u2019attrice varesina Elisabetta Pellini, accompagnata da Sonia Milani,<\/strong> titolare dell\u2019agenzia 23&amp;20.<\/p>\n<p>L\u2019incontro \u00e8 durato circa 1 ora e mezza ed \u00e8 stato indirizzato sull\u2019organizzazione del<strong> 30^ anniversario del Centro Gulliver.<\/strong><\/p>\n<p>Al termine dell\u2019incontro, una sorridente Elisabetta Pellini ha raccontato: \u00abOggi ho conosciuto Don Barban, un uomo di grande intelligenza, carisma e sensibilit\u00e0. <strong>Ho scoperto le attivit\u00e0 del Centro Gulliver i<\/strong>n tutte le loro sfaccettature e non posso che essere entusiasta ed onorata di fare da Testimonial ai suoi 30 anni nel territorio Varesino. Devo ringraziare Sonia Milani per avermi coinvolta in questa avventura, perch\u00e9 ho scoperto una realt\u00e0 che mi ha da subito interessata ed appassionata. E, poi, Varese resta sempre la mia citt\u00e0 ed ogni realt\u00e0 del territorio mi \u00e8 particolarmente cara\u00bb.<\/p>\n<p>\u00abE io voglio ringraziare di cuore Elisabetta \u2013 interviene Don Barban \u2013 per aver accolto il nostro invito a questo incontro ed averci raggiunto da Roma per ascoltare ci\u00f2 che avevamo da raccontare. <strong>E oggi non posso che essere soddisfatto di saperla parte della nostra squadra!<\/strong> Sul Centro Gulliver ci sono ancora tante \u2018riserve\u2019, ma noi abbiamo la voglia di farci conoscere dalla gente e di far capire ai nostri concittadini quanto siano importanti le relazioni e quanto la comunit\u00e0 sia necessaria per il processo riabilitativo da una dipendenza e per restituire autostima. Questi festeggiamenti saranno il pretesto per avvicinare Varese al Centro Gulliver ed Elisabetta Pellini sar\u00e0 il volto di questo trait d\u2019union. Ringrazio anche Sonia Milani, che con la 23&amp;20 sar\u00e0 al nostro fianco per il supporto organizzativo e la comunicazione delle nostre iniziative, condividendo con noi la missione di questi festeggiamenti\u00bb.<\/p>\n<p>\u00abE io ringrazio sia Don Barban per averci coinvolti, che l\u2019amica Elisabetta Pellini per la sua grande disponibilit\u00e0 \u2013 <strong>conclude Sonia Milani<\/strong> \u2013 sono certa che, attraverso la sinergia che abbiamo creato, unendo due mondi solo in apparenza diversi, ma che si sono riscoperti vicini ed accomunati dagli stessi ideali, realizzeremo una grande festa per il Centro Gulliver, la \u201ccomunit\u00e0 che cura\u201d\u00bb.<\/p>\n<p><strong>Un calendario ricco di eventi quello che si prospetta per festeggiare i 30 anni<\/strong> della struttura, che da Aprile a Dicembre, con numerose iniziative, coinvolger\u00e0 gioiosamente i varesini attraverso un percorso di spettacolo, cultura ed arte, nelle forme pi\u00f9 originali e coinvolgenti.<\/p>\n<p>E che avr\u00e0 il volto di Elisabetta Pellini, brava attrice varesina, <strong>ormai conosciuta su tutto il territorio nazionale grazie ai suoi numerosi ruoli cinematografici e televisivi,<\/strong> che promette di essere presente quanto pi\u00f9 le sar\u00e0 possibile, ad ogni appuntamento programmato dei festeggiamenti.<\/p>\n","protected":false},"excerpt":{"rendered":"<p>L&#8217;attrice varesina ha incontrato marted\u00ec 15 marzo don Barban e Sonia Milani della 23&#038;20 eventi<\/p>\n","protected":false},"author":37,"featured_media":0,"comment_status":"open","ping_status":"open","sticky":false,"template":"","format":"standard","meta":{"footnotes":""},"categories":[2],"tags":[59082,2561],"acf":[],"yoast_head":"<!-- This site is optimized with the Yoast SEO plugin v20.1 - https:\/\/yoast.com\/wordpress\/plugins\/seo\/ -->\n<title>Elisabetta Pellini \u00e8 il volto dei 30 anni del Centro Gulliver<\/title>\n<meta name=\"description\" content=\"L&#039;attrice varesina ha incontrato marted\u00ec 15 marzo don Barban e Sonia Milani della 23&amp;20 eventi\" \/>\n<meta name=\"robots\" content=\"noindex, follow, max-snippet:-1, max-image-preview:large, max-video-preview:-1\" \/>\n<meta property=\"og:locale\" content=\"it_IT\" \/>\n<meta property=\"og:type\" content=\"article\" \/>\n<meta property=\"og:title\" content=\"Elisabetta Pellini \u00e8 il volto dei 30 anni del Centro Gulliver\" \/>\n<meta property=\"og:description\" content=\"L&#039;attrice varesina ha incontrato marted\u00ec 15 marzo don Barban e Sonia Milani della 23&amp;20 eventi\" \/>\n<meta property=\"og:url\" content=\"https:\/\/staging.varesenews.it\/2016\/03\/elisabetta-pellini-e-il-volto-dei-30-anni-del-centro-gulliver\/497908\/\" \/>\n<meta property=\"og:site_name\" content=\"VareseNews\" \/>\n<meta property=\"article:publisher\" content=\"https:\/\/www.facebook.com\/varesenews\" \/>\n<meta property=\"article:published_time\" content=\"2016-03-16T14:56:29+00:00\" \/>\n<meta property=\"article:modified_time\" content=\"2016-03-16T14:59:16+00:00\" \/>\n<meta name=\"author\" content=\"Francesco Mazzoleni\" \/>\n<meta name=\"twitter:card\" content=\"summary_large_image\" \/>\n<meta name=\"twitter:creator\" content=\"@fmazzof\" \/>\n<meta name=\"twitter:site\" content=\"@varesenews\" \/>\n<meta name=\"twitter:label1\" content=\"Scritto da\" \/>\n\t<meta name=\"twitter:data1\" content=\"Francesco Mazzoleni\" \/>\n\t<meta name=\"twitter:label2\" content=\"Tempo di lettura stimato\" \/>\n\t<meta name=\"twitter:data2\" content=\"2 minuti\" \/>\n<script type=\"application\/ld+json\" class=\"yoast-schema-graph\">{\"@context\":\"https:\/\/schema.org\",\"@graph\":[{\"@type\":\"WebPage\",\"@id\":\"https:\/\/staging.varesenews.it\/2016\/03\/elisabetta-pellini-e-il-volto-dei-30-anni-del-centro-gulliver\/497908\/\",\"url\":\"https:\/\/staging.varesenews.it\/2016\/03\/elisabetta-pellini-e-il-volto-dei-30-anni-del-centro-gulliver\/497908\/\",\"name\":\"Elisabetta Pellini \u00e8 il volto dei 30 anni del Centro Gulliver\",\"isPartOf\":{\"@id\":\"https:\/\/staging.varesenews.it\/#website\"},\"datePublished\":\"2016-03-16T14:56:29+00:00\",\"dateModified\":\"2016-03-16T14:59:16+00:00\",\"author\":{\"@id\":\"https:\/\/staging.varesenews.it\/#\/schema\/person\/e82236e79160d30d4e1f942004ac3038\"},\"description\":\"L'attrice varesina ha incontrato marted\u00ec 15 marzo don Barban e Sonia Milani della 23&20 eventi\",\"breadcrumb\":{\"@id\":\"https:\/\/staging.varesenews.it\/2016\/03\/elisabetta-pellini-e-il-volto-dei-30-anni-del-centro-gulliver\/497908\/#breadcrumb\"},\"inLanguage\":\"it-IT\",\"potentialAction\":[{\"@type\":\"ReadAction\",\"target\":[\"https:\/\/staging.varesenews.it\/2016\/03\/elisabetta-pellini-e-il-volto-dei-30-anni-del-centro-gulliver\/497908\/\"]}]},{\"@type\":\"BreadcrumbList\",\"@id\":\"https:\/\/staging.varesenews.it\/2016\/03\/elisabetta-pellini-e-il-volto-dei-30-anni-del-centro-gulliver\/497908\/#breadcrumb\",\"itemListElement\":[{\"@type\":\"ListItem\",\"position\":1,\"name\":\"Home\",\"item\":\"https:\/\/www.varesenews.it\/\"},{\"@type\":\"ListItem\",\"position\":2,\"name\":\"Elisabetta Pellini \u00e8 il volto dei 30 anni del Centro Gulliver\"}]},{\"@type\":\"WebSite\",\"@id\":\"https:\/\/staging.varesenews.it\/#website\",\"url\":\"https:\/\/staging.varesenews.it\/\",\"name\":\"VareseNews\",\"description\":\"\",\"potentialAction\":[{\"@type\":\"SearchAction\",\"target\":{\"@type\":\"EntryPoint\",\"urlTemplate\":\"https:\/\/staging.varesenews.it\/?s={search_term_string}\"},\"query-input\":\"required name=search_term_string\"}],\"inLanguage\":\"it-IT\"},{\"@type\":\"Person\",\"@id\":\"https:\/\/staging.varesenews.it\/#\/schema\/person\/e82236e79160d30d4e1f942004ac3038\",\"name\":\"Francesco Mazzoleni\",\"image\":{\"@type\":\"ImageObject\",\"inLanguage\":\"it-IT\",\"@id\":\"https:\/\/staging.varesenews.it\/#\/schema\/person\/image\/\",\"url\":\"https:\/\/staging.varesenews.it\/wp-content\/uploads\/2020\/12\/francesco_mazzoleni_colori_500-1.jpg\",\"contentUrl\":\"https:\/\/staging.varesenews.it\/wp-content\/uploads\/2020\/12\/francesco_mazzoleni_colori_500-1.jpg\",\"caption\":\"Francesco Mazzoleni\"},\"description\":\"\\\"Uomo di campo\\\" della redazione sportiva. Nutro una vera passione per il calcio, che sia ad alti livelli, sui campi di provincia o in altri continenti. Sono nato a Varese nel 1984, vivo da sempre a Malnate e ho una laurea in Scienze Motorie. Ho mosso i primi passi a VareseNews da stagista nel 2002; nel 2008 ho iniziato a collaborare con maggiore continuit\u00e0 e dal 2018 sono giornalista professionista. Orgoglioso pap\u00e0 di Federico e Adelaide.\",\"sameAs\":[\"fmazzof\",\"it.linkedin.com\/in\/francescomazzolenif\",\"https:\/\/twitter.com\/fmazzof\"],\"url\":\"https:\/\/staging.varesenews.it\/persona\/francesco_mazzoleniferracini\/\"}]}<\/script>\n<!-- \/ Yoast SEO plugin. -->","yoast_head_json":{"title":"Elisabetta Pellini \u00e8 il volto dei 30 anni del Centro Gulliver","description":"L'attrice varesina ha incontrato marted\u00ec 15 marzo don Barban e Sonia Milani della 23&20 eventi","robots":{"index":"noindex","follow":"follow","max-snippet":"max-snippet:-1","max-image-preview":"max-image-preview:large","max-video-preview":"max-video-preview:-1"},"og_locale":"it_IT","og_type":"article","og_title":"Elisabetta Pellini \u00e8 il volto dei 30 anni del Centro Gulliver","og_description":"L'attrice varesina ha incontrato marted\u00ec 15 marzo don Barban e Sonia Milani della 23&20 eventi","og_url":"https:\/\/staging.varesenews.it\/2016\/03\/elisabetta-pellini-e-il-volto-dei-30-anni-del-centro-gulliver\/497908\/","og_site_name":"VareseNews","article_publisher":"https:\/\/www.facebook.com\/varesenews","article_published_time":"2016-03-16T14:56:29+00:00","article_modified_time":"2016-03-16T14:59:16+00:00","author":"Francesco Mazzoleni","twitter_card":"summary_large_image","twitter_creator":"@fmazzof","twitter_site":"@varesenews","twitter_misc":{"Scritto da":"Francesco Mazzoleni","Tempo di lettura stimato":"2 minuti"},"schema":{"@context":"https:\/\/schema.org","@graph":[{"@type":"WebPage","@id":"https:\/\/staging.varesenews.it\/2016\/03\/elisabetta-pellini-e-il-volto-dei-30-anni-del-centro-gulliver\/497908\/","url":"https:\/\/staging.varesenews.it\/2016\/03\/elisabetta-pellini-e-il-volto-dei-30-anni-del-centro-gulliver\/497908\/","name":"Elisabetta Pellini \u00e8 il volto dei 30 anni del Centro Gulliver","isPartOf":{"@id":"https:\/\/staging.varesenews.it\/#website"},"datePublished":"2016-03-16T14:56:29+00:00","dateModified":"2016-03-16T14:59:16+00:00","author":{"@id":"https:\/\/staging.varesenews.it\/#\/schema\/person\/e82236e79160d30d4e1f942004ac3038"},"description":"L'attrice varesina ha incontrato marted\u00ec 15 marzo don Barban e Sonia Milani della 23&20 eventi","breadcrumb":{"@id":"https:\/\/staging.varesenews.it\/2016\/03\/elisabetta-pellini-e-il-volto-dei-30-anni-del-centro-gulliver\/497908\/#breadcrumb"},"inLanguage":"it-IT","potentialAction":[{"@type":"ReadAction","target":["https:\/\/staging.varesenews.it\/2016\/03\/elisabetta-pellini-e-il-volto-dei-30-anni-del-centro-gulliver\/497908\/"]}]},{"@type":"BreadcrumbList","@id":"https:\/\/staging.varesenews.it\/2016\/03\/elisabetta-pellini-e-il-volto-dei-30-anni-del-centro-gulliver\/497908\/#breadcrumb","itemListElement":[{"@type":"ListItem","position":1,"name":"Home","item":"https:\/\/www.varesenews.it\/"},{"@type":"ListItem","position":2,"name":"Elisabetta Pellini \u00e8 il volto dei 30 anni del Centro Gulliver"}]},{"@type":"WebSite","@id":"https:\/\/staging.varesenews.it\/#website","url":"https:\/\/staging.varesenews.it\/","name":"VareseNews","description":"","potentialAction":[{"@type":"SearchAction","target":{"@type":"EntryPoint","urlTemplate":"https:\/\/staging.varesenews.it\/?s={search_term_string}"},"query-input":"required name=search_term_string"}],"inLanguage":"it-IT"},{"@type":"Person","@id":"https:\/\/staging.varesenews.it\/#\/schema\/person\/e82236e79160d30d4e1f942004ac3038","name":"Francesco Mazzoleni","image":{"@type":"ImageObject","inLanguage":"it-IT","@id":"https:\/\/staging.varesenews.it\/#\/schema\/person\/image\/","url":"https:\/\/staging.varesenews.it\/wp-content\/uploads\/2020\/12\/francesco_mazzoleni_colori_500-1.jpg","contentUrl":"https:\/\/staging.varesenews.it\/wp-content\/uploads\/2020\/12\/francesco_mazzoleni_colori_500-1.jpg","caption":"Francesco Mazzoleni"},"description":"\"Uomo di campo\" della redazione sportiva. Nutro una vera passione per il calcio, che sia ad alti livelli, sui campi di provincia o in altri continenti. Sono nato a Varese nel 1984, vivo da sempre a Malnate e ho una laurea in Scienze Motorie. Ho mosso i primi passi a VareseNews da stagista nel 2002; nel 2008 ho iniziato a collaborare con maggiore continuit\u00e0 e dal 2018 sono giornalista professionista. Orgoglioso pap\u00e0 di Federico e Adelaide.","sameAs":["fmazzof","it.linkedin.com\/in\/francescomazzolenif","https:\/\/twitter.com\/fmazzof"],"url":"https:\/\/staging.varesenews.it\/persona\/francesco_mazzoleniferracini\/"}]}},"post_meta":{"_edit_lock":"1458140238:37","_edit_last":"37","_category_permalink":"2","ratings_users":"0","ratings_score":"0","ratings_average":"0","wdfb_og_title":"","wdfb_og_type":"","wdfb_og_description":"","wdfb_og_images":"a:1:{i:0;s:0:\"\";}","wdfb_og_custom_name":"a:1:{i:0;s:0:\"\";}","wdfb_og_custom_value":"a:1:{i:0;s:0:\"\";}","foto":"524560","argomento":"Varese","_jd_twitter":"","_jd_tweet_this":"yes","_wpt_short_url":"http:\/\/www.varesenews.it\/2016\/03\/elisabetta-pellini-e-il-volto-dei-30-anni-del-centro-gulliver\/497908\/","_wp_jd_target":"http:\/\/www.varesenews.it\/2016\/03\/elisabetta-pellini-e-il-volto-dei-30-anni-del-centro-gulliver\/497908\/","_jd_wp_twitter":"a:1:{i:0;s:196:\"Elisabetta Pellini \u00e8 il volto dei 30 anni del Centro Gulliver http:\/\/www.varesenews.it\/2016\/03\/elisabetta-pellini-e-il-volto-dei-30-anni-del-centro-gulliver\/497908\/ #23amp20eventi #centrogulliver\";}","_wpt_status_message":"Tweet inviato con successo.","firma_come_redazione":"1","id_leggi_anche":"512925"},"photos":[{"original":"https:\/\/staging.varesenews.it\/photogallery_new\/images\/2016\/03\/elisabetta-pellini-sonia-milani-don-michele-barban-gulliver-524560.jpg","full":"https:\/\/staging.varesenews.it\/photogallery_new\/images\/2016\/03\/elisabetta-pellini-sonia-milani-don-michele-barban-gulliver-524560.1024x768.jpg","large":"https:\/\/staging.varesenews.it\/photogallery_new\/images\/2016\/03\/elisabetta-pellini-sonia-milani-don-michele-barban-gulliver-524560.610x431.jpg"}],"_links":{"self":[{"href":"https:\/\/staging.varesenews.it\/swgapi\/v1\/wp\/v2\/posts\/497908"}],"collection":[{"href":"https:\/\/staging.varesenews.it\/swgapi\/v1\/wp\/v2\/posts"}],"about":[{"href":"https:\/\/staging.varesenews.it\/swgapi\/v1\/wp\/v2\/types\/post"}],"author":[{"embeddable":true,"href":"https:\/\/staging.varesenews.it\/swgapi\/v1\/wp\/v2\/users\/37"}],"replies":[{"embeddable":true,"href":"https:\/\/staging.varesenews.it\/swgapi\/v1\/wp\/v2\/comments?post=497908"}],"version-history":[{"count":0,"href":"https:\/\/staging.varesenews.it\/swgapi\/v1\/wp\/v2\/posts\/497908\/revisions"}],"wp:attachment":[{"href":"https:\/\/staging.varesenews.it\/swgapi\/v1\/wp\/v2\/media?parent=497908"}],"wp:term":[{"taxonomy":"category","embeddable":true,"href":"https:\/\/staging.varesenews.it\/swgapi\/v1\/wp\/v2\/categories?post=497908"},{"taxonomy":"post_tag","embeddable":true,"href":"https:\/\/staging.varesenews.it\/swgapi\/v1\/wp\/v2\/tags?post=497908"}],"curies":[{"name":"wp","href":"https:\/\/api.w.org\/{rel}","templated":true}]}}