{"id":497969,"date":"2016-03-16T17:04:41","date_gmt":"2016-03-16T16:04:41","guid":{"rendered":"http:\/\/www.varesenews.it\/?p=497969"},"modified":"2016-03-16T17:04:41","modified_gmt":"2016-03-16T16:04:41","slug":"caccia-e-pesca-i-controlli-restano-alla-provincia","status":"publish","type":"post","link":"https:\/\/staging.varesenews.it\/2016\/03\/caccia-e-pesca-i-controlli-restano-alla-provincia\/497969\/","title":{"rendered":"Caccia e pesca, i controlli restano alla Provincia"},"content":{"rendered":"<p>\u00ab<strong>Caccia e pesca: la vigilanza torna in capo alle Province, ma Regione deve compiere un atto di responsabilit\u00e0<\/strong>, perch\u00e9 non pu\u00f2 continuare a giocare sulla pelle dei lavoratori e dei cittadini\u00bb.<\/p>\n<p>E\u2019 questo il commento del Consigliere provinciale alla Sicurezza Fabrizio Mirabelli davanti alla decisione del consiglio regionale.<\/p>\n<p>\u00ab<strong>E\u2019 un anno che Regione Lombardia ci prende in giro<\/strong> \u2013 continua Mirabelli &#8211; Dal luglio scorso infatti le competenze relative a caccia, pesca, agricoltura e controllo del territorio sono passate al Pirellone. Una scelta quella di Regione Lombardia differente da quella che hanno fatto per esempio, Piemonte e Veneto (quest\u2019ultima governata da Luca Zaia, leghista proprio come Roberto Maroni) e che ha pregiudicato sia la serenit\u00e0 dei lavoratori, costretti a prestare servizio con questa spada di Damocle sopra le testa di non conoscere il proprio futuro, sia la qualit\u00e0 e la quantit\u00e0 dei servizi.<br \/>\nUna decisione che ha inciso soprattutto su una serie di attivit\u00e0 specifiche svolte dalla Provincia, ovvero le <strong>operazioni anti bracconaggio e gli interventi in caso di incidenti con fauna selvatica<\/strong>\u00bb.<\/p>\n<p>Quella di Regione \u00e8 una decisione che non lascia per nulla tranquillo il Consigliere Mirabelli, il quale teme che \u00abquesta decisione si possa trasformare in un\u2019ulteriore presa in giro, visto che <strong>il Pirellone restituisce alle Provincie la funzione, ma pretende\u00a0<\/strong><strong>di pagare solo una parte di agenti in servizio<\/strong>. Se davvero ci\u00f2 accadesse sarebbe un grandissimo problema per tutto il nostro territorio, poich\u00e9 dei 18 agenti operativi, solo a 13 verrebbe garantito lo stipendio. Una situazione insostenibile, visto che stiamo parlando di una provincia, quella di Varese, che ha un territorio molto grande e complesso da controllare e per il quale le forze attualmente operative sono appena sufficienti. Pensare di poter garantire i medesimi servizi in termini di quantit\u00e0 e qualit\u00e0 con ben 5 agenti in meno \u00e8 una vera follia. L\u2019auspicio \u00e8 che Regione si rende conto dei danni arrecati sino ad oggi a causa delle decisioni assunte e come Provincia <strong>faremo tutto il possibile affinch\u00e9 vengano garantiti da parte del Pirellone i fondi necessari per pagare tutto il personale oggi in servizio<\/strong>\u00bb.<\/p>\n","protected":false},"excerpt":{"rendered":"<p>Ma il consigliere delegato Mirabelli chiede alla Regione che assieme alle competenze vengano dati anche i fondi per la copertura dei costi<\/p>\n","protected":false},"author":34,"featured_media":0,"comment_status":"open","ping_status":"open","sticky":false,"template":"","format":"standard","meta":{"footnotes":""},"categories":[2],"tags":[2102,617,9575],"acf":[],"yoast_head":"<!-- This site is optimized with the Yoast SEO plugin v20.1 - https:\/\/yoast.com\/wordpress\/plugins\/seo\/ -->\n<title>Caccia e pesca, i controlli restano alla Provincia<\/title>\n<meta name=\"description\" content=\"Caccia e pesca, i controlli restano alla Provincia\" \/>\n<meta name=\"robots\" content=\"noindex, follow, max-snippet:-1, max-image-preview:large, max-video-preview:-1\" \/>\n<meta property=\"og:locale\" content=\"it_IT\" \/>\n<meta property=\"og:type\" content=\"article\" \/>\n<meta property=\"og:title\" content=\"Caccia e pesca, i controlli restano alla Provincia\" \/>\n<meta property=\"og:description\" content=\"Caccia e pesca, i controlli restano alla Provincia\" \/>\n<meta property=\"og:url\" content=\"https:\/\/staging.varesenews.it\/2016\/03\/caccia-e-pesca-i-controlli-restano-alla-provincia\/497969\/\" \/>\n<meta property=\"og:site_name\" content=\"VareseNews\" \/>\n<meta property=\"article:publisher\" content=\"https:\/\/www.facebook.com\/varesenews\" \/>\n<meta property=\"article:author\" content=\"https:\/\/www.facebook.com\/andrea.camurani?fref=photo\" \/>\n<meta property=\"article:published_time\" content=\"2016-03-16T16:04:41+00:00\" \/>\n<meta name=\"author\" content=\"Andrea Camurani\" \/>\n<meta name=\"twitter:card\" content=\"summary_large_image\" \/>\n<meta name=\"twitter:creator\" content=\"@AndreaCamurani\" \/>\n<meta name=\"twitter:site\" content=\"@varesenews\" \/>\n<meta name=\"twitter:label1\" content=\"Scritto da\" \/>\n\t<meta name=\"twitter:data1\" content=\"Andrea Camurani\" \/>\n\t<meta name=\"twitter:label2\" content=\"Tempo di lettura stimato\" \/>\n\t<meta name=\"twitter:data2\" content=\"2 minuti\" \/>\n<script type=\"application\/ld+json\" class=\"yoast-schema-graph\">{\"@context\":\"https:\/\/schema.org\",\"@graph\":[{\"@type\":\"WebPage\",\"@id\":\"https:\/\/staging.varesenews.it\/2016\/03\/caccia-e-pesca-i-controlli-restano-alla-provincia\/497969\/\",\"url\":\"https:\/\/staging.varesenews.it\/2016\/03\/caccia-e-pesca-i-controlli-restano-alla-provincia\/497969\/\",\"name\":\"Caccia e pesca, i controlli restano alla Provincia\",\"isPartOf\":{\"@id\":\"https:\/\/staging.varesenews.it\/#website\"},\"datePublished\":\"2016-03-16T16:04:41+00:00\",\"dateModified\":\"2016-03-16T16:04:41+00:00\",\"author\":{\"@id\":\"https:\/\/staging.varesenews.it\/#\/schema\/person\/3eb5832c6beae763de8d9596fdbe8c49\"},\"description\":\"Caccia e pesca, i controlli restano alla Provincia\",\"breadcrumb\":{\"@id\":\"https:\/\/staging.varesenews.it\/2016\/03\/caccia-e-pesca-i-controlli-restano-alla-provincia\/497969\/#breadcrumb\"},\"inLanguage\":\"it-IT\",\"potentialAction\":[{\"@type\":\"ReadAction\",\"target\":[\"https:\/\/staging.varesenews.it\/2016\/03\/caccia-e-pesca-i-controlli-restano-alla-provincia\/497969\/\"]}]},{\"@type\":\"BreadcrumbList\",\"@id\":\"https:\/\/staging.varesenews.it\/2016\/03\/caccia-e-pesca-i-controlli-restano-alla-provincia\/497969\/#breadcrumb\",\"itemListElement\":[{\"@type\":\"ListItem\",\"position\":1,\"name\":\"Home\",\"item\":\"https:\/\/www.varesenews.it\/\"},{\"@type\":\"ListItem\",\"position\":2,\"name\":\"Caccia e pesca, i controlli restano alla Provincia\"}]},{\"@type\":\"WebSite\",\"@id\":\"https:\/\/staging.varesenews.it\/#website\",\"url\":\"https:\/\/staging.varesenews.it\/\",\"name\":\"VareseNews\",\"description\":\"\",\"potentialAction\":[{\"@type\":\"SearchAction\",\"target\":{\"@type\":\"EntryPoint\",\"urlTemplate\":\"https:\/\/staging.varesenews.it\/?s={search_term_string}\"},\"query-input\":\"required name=search_term_string\"}],\"inLanguage\":\"it-IT\"},{\"@type\":\"Person\",\"@id\":\"https:\/\/staging.varesenews.it\/#\/schema\/person\/3eb5832c6beae763de8d9596fdbe8c49\",\"name\":\"Andrea Camurani\",\"image\":{\"@type\":\"ImageObject\",\"inLanguage\":\"it-IT\",\"@id\":\"https:\/\/staging.varesenews.it\/#\/schema\/person\/image\/\",\"url\":\"https:\/\/staging.varesenews.it\/wp-content\/uploads\/2020\/12\/andrea_camurani_colori_500.jpg\",\"contentUrl\":\"https:\/\/staging.varesenews.it\/wp-content\/uploads\/2020\/12\/andrea_camurani_colori_500.jpg\",\"caption\":\"Andrea Camurani\"},\"description\":\"Sono figlio degli anni Settanta e di Milano, dove ho imparato a riconoscere buoni e cattivi. Laurea in scienze politiche, lavoro a VareseNews dal 2000. Racconto quel che trovo quando incontro chi vuole lasciare al mondo un pezzetto di vita, che si chiama cronaca. &ldquo;...perch&eacute; &egrave; la gente il pi&ugrave; grande spettacolo del mondo. E non si paga il biglietto...&rdquo; (Charles Bukowsky)\",\"sameAs\":[\"https:\/\/www.facebook.com\/andrea.camurani?fref=photo\",\"andreacamurani\",\"https:\/\/www.linkedin.com\/hp\/?dnr=A9a84RfzsLdo9xg4NcGV4dLiMknoc9ms4WM\",\"https:\/\/twitter.com\/AndreaCamurani\"],\"url\":\"https:\/\/staging.varesenews.it\/persona\/andrea_camurani\/\"}]}<\/script>\n<!-- \/ Yoast SEO plugin. -->","yoast_head_json":{"title":"Caccia e pesca, i controlli restano alla Provincia","description":"Caccia e pesca, i controlli restano alla Provincia","robots":{"index":"noindex","follow":"follow","max-snippet":"max-snippet:-1","max-image-preview":"max-image-preview:large","max-video-preview":"max-video-preview:-1"},"og_locale":"it_IT","og_type":"article","og_title":"Caccia e pesca, i controlli restano alla Provincia","og_description":"Caccia e pesca, i controlli restano alla Provincia","og_url":"https:\/\/staging.varesenews.it\/2016\/03\/caccia-e-pesca-i-controlli-restano-alla-provincia\/497969\/","og_site_name":"VareseNews","article_publisher":"https:\/\/www.facebook.com\/varesenews","article_author":"https:\/\/www.facebook.com\/andrea.camurani?fref=photo","article_published_time":"2016-03-16T16:04:41+00:00","author":"Andrea Camurani","twitter_card":"summary_large_image","twitter_creator":"@AndreaCamurani","twitter_site":"@varesenews","twitter_misc":{"Scritto da":"Andrea Camurani","Tempo di lettura stimato":"2 minuti"},"schema":{"@context":"https:\/\/schema.org","@graph":[{"@type":"WebPage","@id":"https:\/\/staging.varesenews.it\/2016\/03\/caccia-e-pesca-i-controlli-restano-alla-provincia\/497969\/","url":"https:\/\/staging.varesenews.it\/2016\/03\/caccia-e-pesca-i-controlli-restano-alla-provincia\/497969\/","name":"Caccia e pesca, i controlli restano alla Provincia","isPartOf":{"@id":"https:\/\/staging.varesenews.it\/#website"},"datePublished":"2016-03-16T16:04:41+00:00","dateModified":"2016-03-16T16:04:41+00:00","author":{"@id":"https:\/\/staging.varesenews.it\/#\/schema\/person\/3eb5832c6beae763de8d9596fdbe8c49"},"description":"Caccia e pesca, i controlli restano alla Provincia","breadcrumb":{"@id":"https:\/\/staging.varesenews.it\/2016\/03\/caccia-e-pesca-i-controlli-restano-alla-provincia\/497969\/#breadcrumb"},"inLanguage":"it-IT","potentialAction":[{"@type":"ReadAction","target":["https:\/\/staging.varesenews.it\/2016\/03\/caccia-e-pesca-i-controlli-restano-alla-provincia\/497969\/"]}]},{"@type":"BreadcrumbList","@id":"https:\/\/staging.varesenews.it\/2016\/03\/caccia-e-pesca-i-controlli-restano-alla-provincia\/497969\/#breadcrumb","itemListElement":[{"@type":"ListItem","position":1,"name":"Home","item":"https:\/\/www.varesenews.it\/"},{"@type":"ListItem","position":2,"name":"Caccia e pesca, i controlli restano alla Provincia"}]},{"@type":"WebSite","@id":"https:\/\/staging.varesenews.it\/#website","url":"https:\/\/staging.varesenews.it\/","name":"VareseNews","description":"","potentialAction":[{"@type":"SearchAction","target":{"@type":"EntryPoint","urlTemplate":"https:\/\/staging.varesenews.it\/?s={search_term_string}"},"query-input":"required name=search_term_string"}],"inLanguage":"it-IT"},{"@type":"Person","@id":"https:\/\/staging.varesenews.it\/#\/schema\/person\/3eb5832c6beae763de8d9596fdbe8c49","name":"Andrea Camurani","image":{"@type":"ImageObject","inLanguage":"it-IT","@id":"https:\/\/staging.varesenews.it\/#\/schema\/person\/image\/","url":"https:\/\/staging.varesenews.it\/wp-content\/uploads\/2020\/12\/andrea_camurani_colori_500.jpg","contentUrl":"https:\/\/staging.varesenews.it\/wp-content\/uploads\/2020\/12\/andrea_camurani_colori_500.jpg","caption":"Andrea Camurani"},"description":"Sono figlio degli anni Settanta e di Milano, dove ho imparato a riconoscere buoni e cattivi. Laurea in scienze politiche, lavoro a VareseNews dal 2000. Racconto quel che trovo quando incontro chi vuole lasciare al mondo un pezzetto di vita, che si chiama cronaca. &ldquo;...perch&eacute; &egrave; la gente il pi&ugrave; grande spettacolo del mondo. E non si paga il biglietto...&rdquo; (Charles Bukowsky)","sameAs":["https:\/\/www.facebook.com\/andrea.camurani?fref=photo","andreacamurani","https:\/\/www.linkedin.com\/hp\/?dnr=A9a84RfzsLdo9xg4NcGV4dLiMknoc9ms4WM","https:\/\/twitter.com\/AndreaCamurani"],"url":"https:\/\/staging.varesenews.it\/persona\/andrea_camurani\/"}]}},"post_meta":{"_edit_lock":"1458144214:34","_edit_last":"34","ratings_users":"0","ratings_score":"0","ratings_average":"0","_category_permalink":"","wdfb_og_title":"","wdfb_og_type":"","wdfb_og_description":"","wdfb_og_images":"a:1:{i:0;s:0:\"\";}","wdfb_og_custom_name":"a:1:{i:0;s:0:\"\";}","wdfb_og_custom_value":"a:1:{i:0;s:0:\"\";}","foto":"263230","firma_come_redazione":"1","argomento":"Varese","_yoast_wpseo_focuskw":"Caccia e pesca, i controlli restano alla Provincia","_yoast_wpseo_metadesc":"Caccia e pesca, i controlli restano alla Provincia","_jd_twitter":"","_jd_tweet_this":"yes","_wpt_short_url":"http:\/\/www.varesenews.it\/2016\/03\/caccia-e-pesca-i-controlli-restano-alla-provincia\/497969\/","_wp_jd_target":"http:\/\/www.varesenews.it\/2016\/03\/caccia-e-pesca-i-controlli-restano-alla-provincia\/497969\/","_jd_wp_twitter":"a:1:{i:0;s:156:\"Caccia e pesca, i controlli restano alla Provincia http:\/\/www.varesenews.it\/2016\/03\/caccia-e-pesca-i-controlli-restano-alla-provincia\/497969\/ #caccia #pesca\";}","_wpt_status_message":"Tweet inviato con successo.","_yoast_wpseo_linkdex":"75"},"photos":[{"original":"https:\/\/staging.varesenews.it\/photogallery_new\/images\/2010\/09\/cacciatore-prima-alta-263230.jpg","full":"https:\/\/staging.varesenews.it\/photogallery_new\/images\/2010\/09\/cacciatore-prima-alta-263230.1024x768.jpg","large":"https:\/\/staging.varesenews.it\/photogallery_new\/images\/2010\/09\/cacciatore-prima-alta-263230.610x431.jpg"}],"_links":{"self":[{"href":"https:\/\/staging.varesenews.it\/swgapi\/v1\/wp\/v2\/posts\/497969"}],"collection":[{"href":"https:\/\/staging.varesenews.it\/swgapi\/v1\/wp\/v2\/posts"}],"about":[{"href":"https:\/\/staging.varesenews.it\/swgapi\/v1\/wp\/v2\/types\/post"}],"author":[{"embeddable":true,"href":"https:\/\/staging.varesenews.it\/swgapi\/v1\/wp\/v2\/users\/34"}],"replies":[{"embeddable":true,"href":"https:\/\/staging.varesenews.it\/swgapi\/v1\/wp\/v2\/comments?post=497969"}],"version-history":[{"count":0,"href":"https:\/\/staging.varesenews.it\/swgapi\/v1\/wp\/v2\/posts\/497969\/revisions"}],"wp:attachment":[{"href":"https:\/\/staging.varesenews.it\/swgapi\/v1\/wp\/v2\/media?parent=497969"}],"wp:term":[{"taxonomy":"category","embeddable":true,"href":"https:\/\/staging.varesenews.it\/swgapi\/v1\/wp\/v2\/categories?post=497969"},{"taxonomy":"post_tag","embeddable":true,"href":"https:\/\/staging.varesenews.it\/swgapi\/v1\/wp\/v2\/tags?post=497969"}],"curies":[{"name":"wp","href":"https:\/\/api.w.org\/{rel}","templated":true}]}}