{"id":498460,"date":"2016-03-17T23:42:14","date_gmt":"2016-03-17T22:42:14","guid":{"rendered":"http:\/\/www.varesenews.it\/?p=498460"},"modified":"2016-03-17T23:42:14","modified_gmt":"2016-03-17T22:42:14","slug":"exodus-riapre-villa-calderara","status":"publish","type":"post","link":"https:\/\/staging.varesenews.it\/2016\/03\/exodus-riapre-villa-calderara\/498460\/","title":{"rendered":"Exodus riapre villa Calderara"},"content":{"rendered":"<p><strong>Dopo quasi un anno di lavori, rinasce lo spazio di Villa Calderara<\/strong>, sulla collina tra Cedrate e Cassano: \u00abun presidio educativo e formativo\u00bb che sar\u00e0 gestito da Exodus in collaborazione con parrocchie e welfare locale, ma anche uno spazio che sar\u00e0 anche aperto alla citt\u00e0.<\/p>\n<p>Esattamente un anno fa, i richiedenti asilo ospitati hanno lasciato gli spazi di Villa Calderara (durante il soggiorno sulla collina <a href=\"http:\/\/www.varesenews.it\/2015\/03\/il-parco-nascosto-sulla-collina-rinato-grazie-ai-profughi\/358468\/\">avevano gi\u00e0 &#8220;riaperto&#8221; il parco<\/a>) e si \u00e8 aperto il cantiere gestito da Exodus. A distanza di un anno, il primo lotto di lavori \u00e8 concluso: nella mattina di <strong>gioved\u00ec 17 marzo si \u00e8 tenuta la cerimonia di riapertura<\/strong>, con la partecipazione di <strong>don Antonio Mazzi<\/strong> &#8220;anima&#8221; di Exodus, il sindaco di Gallarate <strong>Edoardo Guenzani<\/strong>, il vicario episcopale monsignor <strong>Franco Agnesi<\/strong>, il decano monsignor Ivano Valagussa e tante persone e associazioni coinvolte.<\/p>\n<p>L&#8217;idea di affidare ad Exodus l&#8217;edificio comunale di Villa Calderara &#8211; sulla base di un accordo decennale in cui la Fondazione si fa carico del restauro dell&#8217;edificio &#8211; \u00e8 stata avanzata ormai da tre anni e ora trova compimento, dopo la prima fase di lavori (curati dagli architetti Lovetti e Albano). Nel tempo il progetto si \u00e8 evoluto e<strong> oggi la villa diventa \u00abun presidio educativo e formativo\u00bb<\/strong>, come ha spiegato <strong>Franco Taverna<\/strong>, educatore di Exodus. \u00abUn luogo &#8211; ha ggiunto <strong>Bruna Dentella<\/strong> &#8211; per promuovere benessere nel territorio, in rete con i servizi sociali, le parrocchie, le associazioni\u00bb. La villa diventa sede di progetti sociali come il Don Milani 2 (contrasto alla dispersione scolastica, <a href=\"http:\/\/www.varesenews.it\/2016\/02\/progetto-don-milani-a-scuola-fuori-dalla-scuola\/490027\/\">vedi qui<\/a>), di attivit\u00e0 educative, laboratori e corsi rivolti ai ragazzi, di ritrovo e orientamento educativo per adulti, genitori, famiglie. E infine anche un luogo aperto alla citt\u00e0 (e al territorio in generale) per iniziative culturali, artistiche, momenti conviviali (la villa ha anche l&#8217;ampio parco recuperato).<\/p>\n<p>Il progetto ridefinito ha <strong>consentito di superare anche i timori emersi<\/strong> inizialmente tra i residenti del piccolo quartiere sulla collina, che temevano attivit\u00e0 di recupero di tossicodipendenti (&#8220;vocazione&#8221; originaria di Exodus). L&#8217;ha ricordato il sindaco Guenzani, parlando di un progetto attuale che \u00abha suscitato supporto da parte della popolazione del quartiere\u00bb. Il contributo dato alla citt\u00e0 si arricchier\u00e0 successivamente (terzo lotto) anche di<strong> \u00abdue alloggi per i servizi sociali\u00bb<\/strong>, destinati dunque \u00abper le esigenze del bisogno nella nostra citt\u00e0\u00bb.<\/p>\n<p>Nel suo intervento, con i consueti modi vivaci, <strong>don Mazzi ha ricordato \u00abl&#8217;affetto particolare per Gallarate\u00bb<\/strong>, dove la Fondazione \u00e8 attiva da vent&#8217;anni. \u00abL&#8217;esperienza a Gallarate \u00e8 nata &#8220;di pancia&#8221;, se fosse nata &#8220;di testa&#8221; non ci sarebbe nulla di tutto questo. Siamo partiti senza progetto, il progetto era solo salvare chi non aveva speranza\u00bb ha esordito il sacerdote, ricordando gli anni in cui la grande emergenza erano le droghe pesanti (esperienza, diretta e indiretta, oggi quasi rimossa dalla memoria collettiva). \u00ab<strong>Oggi parte il domani di Exodus<\/strong>\u00bb.<\/p>\n","protected":false},"excerpt":{"rendered":"<p>Don Mazzi ha partecipato all&#8217;incontro di presentazione della villa comunale affidata a Exodus: oggi un presidio educativo, in futuro anche  anche alloggi per chi \u00e8 in difficot\u00e0<\/p>\n","protected":false},"author":46,"featured_media":0,"comment_status":"open","ping_status":"open","sticky":false,"template":"","format":"standard","meta":{"footnotes":""},"categories":[3],"tags":[7726,41324,8345],"acf":[],"yoast_head":"<!-- This site is optimized with the Yoast SEO plugin v20.1 - https:\/\/yoast.com\/wordpress\/plugins\/seo\/ -->\n<title>Exodus riapre villa Calderara<\/title>\n<meta name=\"description\" content=\"Don Mazzi ha partecipato all&#039;incontro di presentazione della villa comunale affidata a Exodus: oggi un presidio educativo, in futuro anche anche alloggi per chi \u00e8 in difficot\u00e0\" \/>\n<meta name=\"robots\" content=\"noindex, follow, max-snippet:-1, max-image-preview:large, max-video-preview:-1\" \/>\n<meta property=\"og:locale\" content=\"it_IT\" \/>\n<meta property=\"og:type\" content=\"article\" \/>\n<meta property=\"og:title\" content=\"Exodus riapre villa Calderara\" \/>\n<meta property=\"og:description\" content=\"Don Mazzi ha partecipato all&#039;incontro di presentazione della villa comunale affidata a Exodus: oggi un presidio educativo, in futuro anche anche alloggi per chi \u00e8 in difficot\u00e0\" \/>\n<meta property=\"og:url\" content=\"https:\/\/staging.varesenews.it\/2016\/03\/exodus-riapre-villa-calderara\/498460\/\" \/>\n<meta property=\"og:site_name\" content=\"VareseNews\" \/>\n<meta property=\"article:publisher\" content=\"https:\/\/www.facebook.com\/varesenews\" \/>\n<meta property=\"article:published_time\" content=\"2016-03-17T22:42:14+00:00\" \/>\n<meta name=\"author\" content=\"Roberto Morandi\" \/>\n<meta name=\"twitter:card\" content=\"summary_large_image\" \/>\n<meta name=\"twitter:creator\" content=\"@ilmorands\" \/>\n<meta name=\"twitter:site\" content=\"@varesenews\" \/>\n<meta name=\"twitter:label1\" content=\"Scritto da\" \/>\n\t<meta name=\"twitter:data1\" content=\"Roberto Morandi\" \/>\n\t<meta name=\"twitter:label2\" content=\"Tempo di lettura stimato\" \/>\n\t<meta name=\"twitter:data2\" content=\"2 minuti\" \/>\n<script type=\"application\/ld+json\" class=\"yoast-schema-graph\">{\"@context\":\"https:\/\/schema.org\",\"@graph\":[{\"@type\":\"WebPage\",\"@id\":\"https:\/\/staging.varesenews.it\/2016\/03\/exodus-riapre-villa-calderara\/498460\/\",\"url\":\"https:\/\/staging.varesenews.it\/2016\/03\/exodus-riapre-villa-calderara\/498460\/\",\"name\":\"Exodus riapre villa Calderara\",\"isPartOf\":{\"@id\":\"https:\/\/staging.varesenews.it\/#website\"},\"datePublished\":\"2016-03-17T22:42:14+00:00\",\"dateModified\":\"2016-03-17T22:42:14+00:00\",\"author\":{\"@id\":\"https:\/\/staging.varesenews.it\/#\/schema\/person\/efe592ae4c76536b551f89d8b6674bc3\"},\"description\":\"Don Mazzi ha partecipato all'incontro di presentazione della villa comunale affidata a Exodus: oggi un presidio educativo, in futuro anche anche alloggi per chi \u00e8 in difficot\u00e0\",\"breadcrumb\":{\"@id\":\"https:\/\/staging.varesenews.it\/2016\/03\/exodus-riapre-villa-calderara\/498460\/#breadcrumb\"},\"inLanguage\":\"it-IT\",\"potentialAction\":[{\"@type\":\"ReadAction\",\"target\":[\"https:\/\/staging.varesenews.it\/2016\/03\/exodus-riapre-villa-calderara\/498460\/\"]}]},{\"@type\":\"BreadcrumbList\",\"@id\":\"https:\/\/staging.varesenews.it\/2016\/03\/exodus-riapre-villa-calderara\/498460\/#breadcrumb\",\"itemListElement\":[{\"@type\":\"ListItem\",\"position\":1,\"name\":\"Home\",\"item\":\"https:\/\/www.varesenews.it\/\"},{\"@type\":\"ListItem\",\"position\":2,\"name\":\"Exodus riapre villa Calderara\"}]},{\"@type\":\"WebSite\",\"@id\":\"https:\/\/staging.varesenews.it\/#website\",\"url\":\"https:\/\/staging.varesenews.it\/\",\"name\":\"VareseNews\",\"description\":\"\",\"potentialAction\":[{\"@type\":\"SearchAction\",\"target\":{\"@type\":\"EntryPoint\",\"urlTemplate\":\"https:\/\/staging.varesenews.it\/?s={search_term_string}\"},\"query-input\":\"required name=search_term_string\"}],\"inLanguage\":\"it-IT\"},{\"@type\":\"Person\",\"@id\":\"https:\/\/staging.varesenews.it\/#\/schema\/person\/efe592ae4c76536b551f89d8b6674bc3\",\"name\":\"Roberto Morandi\",\"image\":{\"@type\":\"ImageObject\",\"inLanguage\":\"it-IT\",\"@id\":\"https:\/\/staging.varesenews.it\/#\/schema\/person\/image\/\",\"url\":\"https:\/\/staging.varesenews.it\/wp-content\/uploads\/2020\/12\/roberto_morandi_colori_500.jpg\",\"contentUrl\":\"https:\/\/staging.varesenews.it\/wp-content\/uploads\/2020\/12\/roberto_morandi_colori_500.jpg\",\"caption\":\"Roberto Morandi\"},\"description\":\"Classe 1980, laureato in storia, mi occupo dell&rsquo;area di Gallarate e di Malpensa, di trasporti e mobilit&agrave;. Amo molto la dimensione della citt&agrave;, come luogo d&rsquo;incontro di persone diverse e come organismo che si trasforma costantemente. Mi piace anche raccontare le piccole e grandi vicende, anche locali, che compongono la Storia con la S maiuscola. Appassionato di bicicletta: la macchina perfetta per muoversi in citt&agrave; e per viaggiare.\",\"sameAs\":[\"https:\/\/twitter.com\/ilmorands\"],\"url\":\"https:\/\/staging.varesenews.it\/persona\/roberto-morandi1\/\"}]}<\/script>\n<!-- \/ Yoast SEO plugin. -->","yoast_head_json":{"title":"Exodus riapre villa Calderara","description":"Don Mazzi ha partecipato all'incontro di presentazione della villa comunale affidata a Exodus: oggi un presidio educativo, in futuro anche anche alloggi per chi \u00e8 in difficot\u00e0","robots":{"index":"noindex","follow":"follow","max-snippet":"max-snippet:-1","max-image-preview":"max-image-preview:large","max-video-preview":"max-video-preview:-1"},"og_locale":"it_IT","og_type":"article","og_title":"Exodus riapre villa Calderara","og_description":"Don Mazzi ha partecipato all'incontro di presentazione della villa comunale affidata a Exodus: oggi un presidio educativo, in futuro anche anche alloggi per chi \u00e8 in difficot\u00e0","og_url":"https:\/\/staging.varesenews.it\/2016\/03\/exodus-riapre-villa-calderara\/498460\/","og_site_name":"VareseNews","article_publisher":"https:\/\/www.facebook.com\/varesenews","article_published_time":"2016-03-17T22:42:14+00:00","author":"Roberto Morandi","twitter_card":"summary_large_image","twitter_creator":"@ilmorands","twitter_site":"@varesenews","twitter_misc":{"Scritto da":"Roberto Morandi","Tempo di lettura stimato":"2 minuti"},"schema":{"@context":"https:\/\/schema.org","@graph":[{"@type":"WebPage","@id":"https:\/\/staging.varesenews.it\/2016\/03\/exodus-riapre-villa-calderara\/498460\/","url":"https:\/\/staging.varesenews.it\/2016\/03\/exodus-riapre-villa-calderara\/498460\/","name":"Exodus riapre villa Calderara","isPartOf":{"@id":"https:\/\/staging.varesenews.it\/#website"},"datePublished":"2016-03-17T22:42:14+00:00","dateModified":"2016-03-17T22:42:14+00:00","author":{"@id":"https:\/\/staging.varesenews.it\/#\/schema\/person\/efe592ae4c76536b551f89d8b6674bc3"},"description":"Don Mazzi ha partecipato all'incontro di presentazione della villa comunale affidata a Exodus: oggi un presidio educativo, in futuro anche anche alloggi per chi \u00e8 in difficot\u00e0","breadcrumb":{"@id":"https:\/\/staging.varesenews.it\/2016\/03\/exodus-riapre-villa-calderara\/498460\/#breadcrumb"},"inLanguage":"it-IT","potentialAction":[{"@type":"ReadAction","target":["https:\/\/staging.varesenews.it\/2016\/03\/exodus-riapre-villa-calderara\/498460\/"]}]},{"@type":"BreadcrumbList","@id":"https:\/\/staging.varesenews.it\/2016\/03\/exodus-riapre-villa-calderara\/498460\/#breadcrumb","itemListElement":[{"@type":"ListItem","position":1,"name":"Home","item":"https:\/\/www.varesenews.it\/"},{"@type":"ListItem","position":2,"name":"Exodus riapre villa Calderara"}]},{"@type":"WebSite","@id":"https:\/\/staging.varesenews.it\/#website","url":"https:\/\/staging.varesenews.it\/","name":"VareseNews","description":"","potentialAction":[{"@type":"SearchAction","target":{"@type":"EntryPoint","urlTemplate":"https:\/\/staging.varesenews.it\/?s={search_term_string}"},"query-input":"required name=search_term_string"}],"inLanguage":"it-IT"},{"@type":"Person","@id":"https:\/\/staging.varesenews.it\/#\/schema\/person\/efe592ae4c76536b551f89d8b6674bc3","name":"Roberto Morandi","image":{"@type":"ImageObject","inLanguage":"it-IT","@id":"https:\/\/staging.varesenews.it\/#\/schema\/person\/image\/","url":"https:\/\/staging.varesenews.it\/wp-content\/uploads\/2020\/12\/roberto_morandi_colori_500.jpg","contentUrl":"https:\/\/staging.varesenews.it\/wp-content\/uploads\/2020\/12\/roberto_morandi_colori_500.jpg","caption":"Roberto Morandi"},"description":"Classe 1980, laureato in storia, mi occupo dell&rsquo;area di Gallarate e di Malpensa, di trasporti e mobilit&agrave;. Amo molto la dimensione della citt&agrave;, come luogo d&rsquo;incontro di persone diverse e come organismo che si trasforma costantemente. Mi piace anche raccontare le piccole e grandi vicende, anche locali, che compongono la Storia con la S maiuscola. Appassionato di bicicletta: la macchina perfetta per muoversi in citt&agrave; e per viaggiare.","sameAs":["https:\/\/twitter.com\/ilmorands"],"url":"https:\/\/staging.varesenews.it\/persona\/roberto-morandi1\/"}]}},"post_meta":{"_edit_lock":"1458254900:46","_edit_last":"46","_category_permalink":"3","ratings_users":"0","ratings_score":"0","ratings_average":"0","wdfb_og_title":"","wdfb_og_type":"","wdfb_og_description":"","wdfb_og_images":"a:1:{i:0;s:0:\"\";}","wdfb_og_custom_name":"a:1:{i:0;s:0:\"\";}","wdfb_og_custom_value":"a:1:{i:0;s:0:\"\";}","foto":"525035","id_link_fotogallery":"498462","video":"358533","argomento":"Gallarate","_jd_twitter":"","_jd_tweet_this":"yes","_wpt_short_url":"http:\/\/www.varesenews.it\/2016\/03\/exodus-riapre-villa-calderara\/498460\/","_wp_jd_target":"http:\/\/www.varesenews.it\/2016\/03\/exodus-riapre-villa-calderara\/498460\/","_jd_wp_twitter":"a:1:{i:0;s:135:\"Exodus riapre villa Calderara http:\/\/www.varesenews.it\/2016\/03\/exodus-riapre-villa-calderara\/498460\/ #exodus #gallarate #villacalderara\";}","_wpt_status_message":"Tweet inviato con successo."},"photos":[{"original":"https:\/\/staging.varesenews.it\/photogallery_new\/images\/2016\/03\/villa-calderara-rinnovata-525035.jpg","full":"https:\/\/staging.varesenews.it\/photogallery_new\/images\/2016\/03\/villa-calderara-rinnovata-525035.1024x768.jpg","large":"https:\/\/staging.varesenews.it\/photogallery_new\/images\/2016\/03\/villa-calderara-rinnovata-525035.610x431.jpg"}],"_links":{"self":[{"href":"https:\/\/staging.varesenews.it\/swgapi\/v1\/wp\/v2\/posts\/498460"}],"collection":[{"href":"https:\/\/staging.varesenews.it\/swgapi\/v1\/wp\/v2\/posts"}],"about":[{"href":"https:\/\/staging.varesenews.it\/swgapi\/v1\/wp\/v2\/types\/post"}],"author":[{"embeddable":true,"href":"https:\/\/staging.varesenews.it\/swgapi\/v1\/wp\/v2\/users\/46"}],"replies":[{"embeddable":true,"href":"https:\/\/staging.varesenews.it\/swgapi\/v1\/wp\/v2\/comments?post=498460"}],"version-history":[{"count":0,"href":"https:\/\/staging.varesenews.it\/swgapi\/v1\/wp\/v2\/posts\/498460\/revisions"}],"wp:attachment":[{"href":"https:\/\/staging.varesenews.it\/swgapi\/v1\/wp\/v2\/media?parent=498460"}],"wp:term":[{"taxonomy":"category","embeddable":true,"href":"https:\/\/staging.varesenews.it\/swgapi\/v1\/wp\/v2\/categories?post=498460"},{"taxonomy":"post_tag","embeddable":true,"href":"https:\/\/staging.varesenews.it\/swgapi\/v1\/wp\/v2\/tags?post=498460"}],"curies":[{"name":"wp","href":"https:\/\/api.w.org\/{rel}","templated":true}]}}