{"id":498657,"date":"2016-03-18T12:03:15","date_gmt":"2016-03-18T11:03:15","guid":{"rendered":"http:\/\/www.varesenews.it\/?p=498657"},"modified":"2018-03-28T15:34:29","modified_gmt":"2018-03-28T13:34:29","slug":"lecodesign-varesino-di-giorgio-caporaso-a-fa-la-cosa-giusta-2016","status":"publish","type":"post","link":"https:\/\/staging.varesenews.it\/2016\/03\/lecodesign-varesino-di-giorgio-caporaso-a-fa-la-cosa-giusta-2016\/498657\/","title":{"rendered":"L\u2019ecodesign varesino di Giorgio Caporaso a \u201cFa\u2019 la Cosa Giusta 2016\u201d"},"content":{"rendered":"<p><strong>Dal 18 al 20 marzo, gli arredi ecosostenibili dell\u2019architetto e designer varesino Giorgio Caporaso<\/strong> <strong>tornano per la terza volta<\/strong> alla grande fiera italiana dedicata al consumo critico e agli stili di vita sostenibili:<strong> \u201cFa\u2019 La Cosa Giusta\u201d.<\/strong><\/p>\n<p>Il brand <strong>LESSMORE<\/strong>, di cui Caporaso \u00e8 designer e Direttore Artistico, \u00e8 presente in tre scenari differenti: con un proprio stand all\u2019interno della Piazza di<strong> Giacimenti Urbani<\/strong> nel Pad. 4, all\u2019interno dello stand di <strong>Legambiente<\/strong> e in quello dell\u2019azienda <strong>Novamont<\/strong> in qualit\u00e0 di partner tecnico. Dunque uno spazio dedicato e due allestimenti, che mostrano la filosofia da cui nasce ogni pezzo di Lessmore, concepito sempre come oggetto \u2018pro-attivo\u2019 orientato verso nuove abitudini.<\/p>\n<p>Cambiare silenziosamente il proprio stile di vita in modo consapevole, con gusto e sensibilit\u00e0 verso la personalit\u00e0 del singolo, \u00e8 la visione che da quasi dieci anni anima il percorso del designer Giorgio Caporaso. Un\u2019ispirazione che continua ad esprimersi attraverso la linea \u2018Ecodesign Collection\u2019 di Lessmore, che con la sua costante ricerca sull\u2019applicazione di forme e materiali (anche abbinati al cartone) continua a cercare soluzioni per un modo di abitare innovativo e rispettoso dell\u2019ambiente. Nel segno di un made in Italy di qualit\u00e0.<\/p>\n<p>Lessmore sar\u00e0 presente nel padiglione 4, all\u2019interno dell\u2019area dell\u2019associazione<strong> Giacimenti Urbani<\/strong>: una realt\u00e0 fondata sui principi di cooperazione, rispetto per l\u2019ambiente, del territorio e delle persone. Giacimenti Urbani ha come scopo lo sviluppo di un \u201cCircuito delle attivit\u00e0 virtuose\u201d atto a facilitare e a mettere in relazione i soggetti che svolgono un ruolo attivo nella promozione del vivere sostenibile, attraverso un corretto uso dell\u2019energia, della riduzione dei rifiuti, della mobilit\u00e0 dolce e tutti gli stili di vita coerenti con questo obiettivo. Nell\u2019ambito dei laboratori che si terranno presso la Piazza dei Giacimenti Urbani, domenica 20 dalle 12 alle 13, Lessmore dar\u00e0 una dimostrazione pratica di come \u00e8 possibile assemblare e disassemblare le librerie in cartone.<\/p>\n<p>Nello stand di Legambiente nazionale sono esposti e utilizzati sedie Varese in varie finiture, tavolino Tappo e i mitici \u2018cubi\u2019 combinabili della serie Moretto. In questa edizione di Fa\u2019 La Cosa giusta, l\u2019associazione ambientalista che da anni si occupa della tutela del territorio e dei mari italiani, affronta come di consueto tematiche importanti attraverso numerosi incontri e attivit\u00e0.<\/p>\n<p>Presso lo stand di Novamont, impresa italiana leader nel settore delle bio plastiche nota per il Mater-Bi, si possono trovare tavoli, sedie e sistemi modulari appartenenti alla Ecodesign Collection di Lessmore, che fanno da scenografia a tutti gli eventi e iniziative organizzate nel corso della fiera. Novamont \u00e8 una realt\u00e0 industriale che affonda le proprie radici nella Scuola di Scienza dei Materiali Montedison da dove alcuni ricercatori hanno iniziato a sviluppare il progetto ambizioso di integrazione fra chimica, ambiente e agricoltura: la \u201cChimica vivente per la qualit\u00e0 della vita\u201d.<\/p>\n","protected":false},"excerpt":{"rendered":"<p>Dal 18 al 20 marzo gli arredi green di Lessmore alla fiera del consumo critico e degli stili di vita sostenibili a Fieramilanocity<\/p>\n","protected":false},"author":36,"featured_media":0,"comment_status":"open","ping_status":"open","sticky":false,"template":"","format":"standard","meta":{"footnotes":""},"categories":[18,26,7],"tags":[59173,2762,158],"acf":[],"yoast_head":"<!-- This site is optimized with the Yoast SEO plugin v20.1 - https:\/\/yoast.com\/wordpress\/plugins\/seo\/ -->\n<title>L\u2019ecodesign varesino di Giorgio Caporaso a \u201cFa\u2019 la Cosa Giusta 2016\u201d<\/title>\n<meta name=\"description\" content=\"Dal 18 al 20 marzo gli arredi green di Lessmore alla fiera del consumo critico e degli stili di vita sostenibili a Fieramilanocity\" \/>\n<meta name=\"robots\" content=\"noindex, follow, max-snippet:-1, max-image-preview:large, max-video-preview:-1\" \/>\n<meta property=\"og:locale\" content=\"it_IT\" \/>\n<meta property=\"og:type\" content=\"article\" \/>\n<meta property=\"og:title\" content=\"L\u2019ecodesign varesino di Giorgio Caporaso a \u201cFa\u2019 la Cosa Giusta 2016\u201d\" \/>\n<meta property=\"og:description\" content=\"Dal 18 al 20 marzo gli arredi green di Lessmore alla fiera del consumo critico e degli stili di vita sostenibili a Fieramilanocity\" \/>\n<meta property=\"og:url\" content=\"https:\/\/staging.varesenews.it\/2016\/03\/lecodesign-varesino-di-giorgio-caporaso-a-fa-la-cosa-giusta-2016\/498657\/\" \/>\n<meta property=\"og:site_name\" content=\"VareseNews\" \/>\n<meta property=\"article:publisher\" content=\"https:\/\/www.facebook.com\/varesenews\" \/>\n<meta property=\"article:published_time\" content=\"2016-03-18T11:03:15+00:00\" \/>\n<meta property=\"article:modified_time\" content=\"2018-03-28T13:34:29+00:00\" \/>\n<meta name=\"author\" content=\"Erika La Rosa\" \/>\n<meta name=\"twitter:card\" content=\"summary_large_image\" \/>\n<meta name=\"twitter:creator\" content=\"@twerirosa\" \/>\n<meta name=\"twitter:site\" content=\"@varesenews\" \/>\n<meta name=\"twitter:label1\" content=\"Scritto da\" \/>\n\t<meta name=\"twitter:data1\" content=\"Erika La Rosa\" \/>\n\t<meta name=\"twitter:label2\" content=\"Tempo di lettura stimato\" \/>\n\t<meta name=\"twitter:data2\" content=\"2 minuti\" \/>\n<script type=\"application\/ld+json\" class=\"yoast-schema-graph\">{\"@context\":\"https:\/\/schema.org\",\"@graph\":[{\"@type\":\"WebPage\",\"@id\":\"https:\/\/staging.varesenews.it\/2016\/03\/lecodesign-varesino-di-giorgio-caporaso-a-fa-la-cosa-giusta-2016\/498657\/\",\"url\":\"https:\/\/staging.varesenews.it\/2016\/03\/lecodesign-varesino-di-giorgio-caporaso-a-fa-la-cosa-giusta-2016\/498657\/\",\"name\":\"L\u2019ecodesign varesino di Giorgio Caporaso a \u201cFa\u2019 la Cosa Giusta 2016\u201d\",\"isPartOf\":{\"@id\":\"https:\/\/staging.varesenews.it\/#website\"},\"datePublished\":\"2016-03-18T11:03:15+00:00\",\"dateModified\":\"2018-03-28T13:34:29+00:00\",\"author\":{\"@id\":\"https:\/\/staging.varesenews.it\/#\/schema\/person\/0512a4cda1d8b4f14c19f86d1016dc18\"},\"description\":\"Dal 18 al 20 marzo gli arredi green di Lessmore alla fiera del consumo critico e degli stili di vita sostenibili a Fieramilanocity\",\"breadcrumb\":{\"@id\":\"https:\/\/staging.varesenews.it\/2016\/03\/lecodesign-varesino-di-giorgio-caporaso-a-fa-la-cosa-giusta-2016\/498657\/#breadcrumb\"},\"inLanguage\":\"it-IT\",\"potentialAction\":[{\"@type\":\"ReadAction\",\"target\":[\"https:\/\/staging.varesenews.it\/2016\/03\/lecodesign-varesino-di-giorgio-caporaso-a-fa-la-cosa-giusta-2016\/498657\/\"]}]},{\"@type\":\"BreadcrumbList\",\"@id\":\"https:\/\/staging.varesenews.it\/2016\/03\/lecodesign-varesino-di-giorgio-caporaso-a-fa-la-cosa-giusta-2016\/498657\/#breadcrumb\",\"itemListElement\":[{\"@type\":\"ListItem\",\"position\":1,\"name\":\"Home\",\"item\":\"https:\/\/www.varesenews.it\/\"},{\"@type\":\"ListItem\",\"position\":2,\"name\":\"L\u2019ecodesign varesino di Giorgio Caporaso a \u201cFa\u2019 la Cosa Giusta 2016\u201d\"}]},{\"@type\":\"WebSite\",\"@id\":\"https:\/\/staging.varesenews.it\/#website\",\"url\":\"https:\/\/staging.varesenews.it\/\",\"name\":\"VareseNews\",\"description\":\"\",\"potentialAction\":[{\"@type\":\"SearchAction\",\"target\":{\"@type\":\"EntryPoint\",\"urlTemplate\":\"https:\/\/staging.varesenews.it\/?s={search_term_string}\"},\"query-input\":\"required name=search_term_string\"}],\"inLanguage\":\"it-IT\"},{\"@type\":\"Person\",\"@id\":\"https:\/\/staging.varesenews.it\/#\/schema\/person\/0512a4cda1d8b4f14c19f86d1016dc18\",\"name\":\"Erika La Rosa\",\"image\":{\"@type\":\"ImageObject\",\"inLanguage\":\"it-IT\",\"@id\":\"https:\/\/staging.varesenews.it\/#\/schema\/person\/image\/\",\"url\":\"https:\/\/staging.varesenews.it\/wp-content\/uploads\/2020\/12\/erika_larosa_colori_500.jpg\",\"contentUrl\":\"https:\/\/staging.varesenews.it\/wp-content\/uploads\/2020\/12\/erika_larosa_colori_500.jpg\",\"caption\":\"Erika La Rosa\"},\"description\":\"Giornalista pubblicista, collaboro con VareseNews dal lontano 1997 quando la redazione piccolissima ma l&rsquo;entusiasmo era tanto e la sfida titanica. Da allora siamo cresciuti, la redazione &egrave; diventata pi&ugrave; grande ma l&rsquo;entusiasmo &egrave; rimato lo stesso. Mi piace guardare il mondo attraverso gli occhi degli artisti, per questo scrivo, leggo e mi nutro di arte seguendo per il giornale le pagine dedicate alle mostre e agli artisti. Ho collaborato con diversi Musei e Istituzioni culturali italiane e svizzere. Da oltre dieci anni mi occupo di strategie e comunicazione sui social media di enti pubblici e privati. Vivo il presente e non dimentico mai che quando c&rsquo;&egrave; una meta, anche il deserto diventa una strada.\",\"sameAs\":[\"https:\/\/www.linkedin.com\/profile\/view?id=93070756&trk=nav_responsive_tab_profile_pic\",\"https:\/\/twitter.com\/twerirosa\"],\"url\":\"https:\/\/staging.varesenews.it\/persona\/erika_larosa\/\"}]}<\/script>\n<!-- \/ Yoast SEO plugin. -->","yoast_head_json":{"title":"L\u2019ecodesign varesino di Giorgio Caporaso a \u201cFa\u2019 la Cosa Giusta 2016\u201d","description":"Dal 18 al 20 marzo gli arredi green di Lessmore alla fiera del consumo critico e degli stili di vita sostenibili a Fieramilanocity","robots":{"index":"noindex","follow":"follow","max-snippet":"max-snippet:-1","max-image-preview":"max-image-preview:large","max-video-preview":"max-video-preview:-1"},"og_locale":"it_IT","og_type":"article","og_title":"L\u2019ecodesign varesino di Giorgio Caporaso a \u201cFa\u2019 la Cosa Giusta 2016\u201d","og_description":"Dal 18 al 20 marzo gli arredi green di Lessmore alla fiera del consumo critico e degli stili di vita sostenibili a Fieramilanocity","og_url":"https:\/\/staging.varesenews.it\/2016\/03\/lecodesign-varesino-di-giorgio-caporaso-a-fa-la-cosa-giusta-2016\/498657\/","og_site_name":"VareseNews","article_publisher":"https:\/\/www.facebook.com\/varesenews","article_published_time":"2016-03-18T11:03:15+00:00","article_modified_time":"2018-03-28T13:34:29+00:00","author":"Erika La Rosa","twitter_card":"summary_large_image","twitter_creator":"@twerirosa","twitter_site":"@varesenews","twitter_misc":{"Scritto da":"Erika La Rosa","Tempo di lettura stimato":"2 minuti"},"schema":{"@context":"https:\/\/schema.org","@graph":[{"@type":"WebPage","@id":"https:\/\/staging.varesenews.it\/2016\/03\/lecodesign-varesino-di-giorgio-caporaso-a-fa-la-cosa-giusta-2016\/498657\/","url":"https:\/\/staging.varesenews.it\/2016\/03\/lecodesign-varesino-di-giorgio-caporaso-a-fa-la-cosa-giusta-2016\/498657\/","name":"L\u2019ecodesign varesino di Giorgio Caporaso a \u201cFa\u2019 la Cosa Giusta 2016\u201d","isPartOf":{"@id":"https:\/\/staging.varesenews.it\/#website"},"datePublished":"2016-03-18T11:03:15+00:00","dateModified":"2018-03-28T13:34:29+00:00","author":{"@id":"https:\/\/staging.varesenews.it\/#\/schema\/person\/0512a4cda1d8b4f14c19f86d1016dc18"},"description":"Dal 18 al 20 marzo gli arredi green di Lessmore alla fiera del consumo critico e degli stili di vita sostenibili a Fieramilanocity","breadcrumb":{"@id":"https:\/\/staging.varesenews.it\/2016\/03\/lecodesign-varesino-di-giorgio-caporaso-a-fa-la-cosa-giusta-2016\/498657\/#breadcrumb"},"inLanguage":"it-IT","potentialAction":[{"@type":"ReadAction","target":["https:\/\/staging.varesenews.it\/2016\/03\/lecodesign-varesino-di-giorgio-caporaso-a-fa-la-cosa-giusta-2016\/498657\/"]}]},{"@type":"BreadcrumbList","@id":"https:\/\/staging.varesenews.it\/2016\/03\/lecodesign-varesino-di-giorgio-caporaso-a-fa-la-cosa-giusta-2016\/498657\/#breadcrumb","itemListElement":[{"@type":"ListItem","position":1,"name":"Home","item":"https:\/\/www.varesenews.it\/"},{"@type":"ListItem","position":2,"name":"L\u2019ecodesign varesino di Giorgio Caporaso a \u201cFa\u2019 la Cosa Giusta 2016\u201d"}]},{"@type":"WebSite","@id":"https:\/\/staging.varesenews.it\/#website","url":"https:\/\/staging.varesenews.it\/","name":"VareseNews","description":"","potentialAction":[{"@type":"SearchAction","target":{"@type":"EntryPoint","urlTemplate":"https:\/\/staging.varesenews.it\/?s={search_term_string}"},"query-input":"required name=search_term_string"}],"inLanguage":"it-IT"},{"@type":"Person","@id":"https:\/\/staging.varesenews.it\/#\/schema\/person\/0512a4cda1d8b4f14c19f86d1016dc18","name":"Erika La Rosa","image":{"@type":"ImageObject","inLanguage":"it-IT","@id":"https:\/\/staging.varesenews.it\/#\/schema\/person\/image\/","url":"https:\/\/staging.varesenews.it\/wp-content\/uploads\/2020\/12\/erika_larosa_colori_500.jpg","contentUrl":"https:\/\/staging.varesenews.it\/wp-content\/uploads\/2020\/12\/erika_larosa_colori_500.jpg","caption":"Erika La Rosa"},"description":"Giornalista pubblicista, collaboro con VareseNews dal lontano 1997 quando la redazione piccolissima ma l&rsquo;entusiasmo era tanto e la sfida titanica. Da allora siamo cresciuti, la redazione &egrave; diventata pi&ugrave; grande ma l&rsquo;entusiasmo &egrave; rimato lo stesso. Mi piace guardare il mondo attraverso gli occhi degli artisti, per questo scrivo, leggo e mi nutro di arte seguendo per il giornale le pagine dedicate alle mostre e agli artisti. Ho collaborato con diversi Musei e Istituzioni culturali italiane e svizzere. Da oltre dieci anni mi occupo di strategie e comunicazione sui social media di enti pubblici e privati. Vivo il presente e non dimentico mai che quando c&rsquo;&egrave; una meta, anche il deserto diventa una strada.","sameAs":["https:\/\/www.linkedin.com\/profile\/view?id=93070756&trk=nav_responsive_tab_profile_pic","https:\/\/twitter.com\/twerirosa"],"url":"https:\/\/staging.varesenews.it\/persona\/erika_larosa\/"}]}},"post_meta":{"_edit_lock":"1522243935:5428","_edit_last":"5428","ratings_users":"0","ratings_score":"0","ratings_average":"0","_category_permalink":"a:1:{s:8:\"category\";s:0:\"\";}","wdfb_og_title":"","wdfb_og_type":"","wdfb_og_description":"","wdfb_og_images":"a:1:{i:0;s:0:\"\";}","wdfb_og_custom_name":"a:1:{i:0;s:0:\"\";}","wdfb_og_custom_value":"a:1:{i:0;s:0:\"\";}","foto":"525251","firma_come_redazione":"1","argomento":"Milano","_jd_tweet_this":"yes","_wpt_short_url":"http:\/\/www.varesenews.it\/2016\/03\/lecodesign-varesino-di-giorgio-caporaso-a-fa-la-cosa-giusta-2016\/498657\/","_wp_jd_target":"http:\/\/www.varesenews.it\/2016\/03\/lecodesign-varesino-di-giorgio-caporaso-a-fa-la-cosa-giusta-2016\/498657\/","_jd_wp_twitter":"a:1:{i:0;s:201:\"L\u2019ecodesign varesino di Giorgio Caporaso a \u201cFa\u2019 la Cosa Giusta 2016\u201d http:\/\/www.varesenews.it\/2016\/03\/lecodesign-varesino-di-giorgio-caporaso-a-fa-la-cosa-giusta-2016\/498657\/ #lessmore #weekend\";}","_wpt_status_message":"Tweet inviato con successo.","id_link_fotogallery":"498663","_yoast_wpseo_content_score":"30"},"photos":[{"original":"https:\/\/staging.varesenews.it\/photogallery_new\/images\/2016\/03\/arte-mostre-525251.jpg","full":"https:\/\/staging.varesenews.it\/photogallery_new\/images\/2016\/03\/arte-mostre-525251.1024x768.jpg","large":"https:\/\/staging.varesenews.it\/photogallery_new\/images\/2016\/03\/arte-mostre-525251.610x431.jpg"}],"_links":{"self":[{"href":"https:\/\/staging.varesenews.it\/swgapi\/v1\/wp\/v2\/posts\/498657"}],"collection":[{"href":"https:\/\/staging.varesenews.it\/swgapi\/v1\/wp\/v2\/posts"}],"about":[{"href":"https:\/\/staging.varesenews.it\/swgapi\/v1\/wp\/v2\/types\/post"}],"author":[{"embeddable":true,"href":"https:\/\/staging.varesenews.it\/swgapi\/v1\/wp\/v2\/users\/36"}],"replies":[{"embeddable":true,"href":"https:\/\/staging.varesenews.it\/swgapi\/v1\/wp\/v2\/comments?post=498657"}],"version-history":[{"count":0,"href":"https:\/\/staging.varesenews.it\/swgapi\/v1\/wp\/v2\/posts\/498657\/revisions"}],"wp:attachment":[{"href":"https:\/\/staging.varesenews.it\/swgapi\/v1\/wp\/v2\/media?parent=498657"}],"wp:term":[{"taxonomy":"category","embeddable":true,"href":"https:\/\/staging.varesenews.it\/swgapi\/v1\/wp\/v2\/categories?post=498657"},{"taxonomy":"post_tag","embeddable":true,"href":"https:\/\/staging.varesenews.it\/swgapi\/v1\/wp\/v2\/tags?post=498657"}],"curies":[{"name":"wp","href":"https:\/\/api.w.org\/{rel}","templated":true}]}}