{"id":499184,"date":"2016-03-20T10:59:25","date_gmt":"2016-03-20T09:59:25","guid":{"rendered":"http:\/\/www.varesenews.it\/?p=499184"},"modified":"2016-03-20T10:59:25","modified_gmt":"2016-03-20T09:59:25","slug":"anno-bisestile-la-primavera-comincia-prima","status":"publish","type":"post","link":"https:\/\/staging.varesenews.it\/2016\/03\/anno-bisestile-la-primavera-comincia-prima\/499184\/","title":{"rendered":"Anno bisestile, la primavera comincia prima"},"content":{"rendered":"<p>Essendo il 2016 anno bisestile, la primavera non comincia il 21 marzo ma un giorno prima, precisamente oggi, <strong>domenica mattina, 20 Marzo, alle 6,30 ora locale.<\/strong> Dal punto di vista astronomico questo significa che esattamente alle 6,30 il Sole, nel suo moto annuale lungo l\u2019eclittica, attraversa l\u2019equatore celeste (ossia il prolungamento del cielo dell\u2019equatore terrestre).<\/p>\n<p>2100 anni fa l\u2019intersezione tra eclittica ed equatore celeste si trovava nella costellazione dell\u2019Ariete: per questo l\u2019inizio della primavera si faceva coincidere col punto d\u2019Ariete. Ma oggi, a causa della precessione degli equinozi, il Sole si trova all\u2019inizio della primavera nella costellazione dei Pesci, per poi passare nell\u2019Aquario attorno all\u2019anno 2700 e cos\u00ec via.<\/p>\n<p>Una cosa per\u00f2 non cambia mai in corrispondenza dell\u2019inizio della primavera: il fatto che il Sole sorge esattamente ad Est e tramonta esattamente ad Ovest rimanendo sopra l\u2019orizzonte quasi esattamente 12 ore (da qui la terminologia di EQUI-nozio, giorno uguale alla notte). E\u2019 molto bello (se il tempo lo permette e se l\u2019orizzonte e sgombro !) fotografare il tramonto del Sole nel giorno dell\u2019 equinozio: si pu\u00f2 costatare che il Sole scende sotto l\u2019orizzonte in un punto (corrispondente con punto cardinale Ovest)\u00a0esattamente equidistante tra la posizione del tramonto al solstizio d\u2019inverno (21 Dicembre) e la posizione del tramonto al solstizio d\u2018estate (21 Giugno). Un esercizio sul campo che il GAT, Gruppo Astronomico Tradatese, suggerisce sempre a studenti di ogni ordine e grado, specie adesso che tutti dispongono di telefonini e macchine digitali ultramoderne. Senza dimenticare \u2013 specie in questi giorni di tempo splendido- che le notti di Primavera ci riserveranno un grande spettacolo celeste: quello di tutti i pianeti principali contemporaneamente visibili nel cielo. Di prima sera a dominare \u00e8 Giove (tra il Leone e la Vergine), poi, dopo la mezzanotte sorgono da Est Marte ( nella Bilancia ) e Saturno ( nello Scorpione ). Infine , nelle prime luci dell\u2019alba appare sfavillante Venere. Con il passare delle settimane il sorgere di Marte e Saturno si anticiper\u00e0 sempre di pi\u00f9, rendendone sempre pi\u00f9 comoda la visibilit\u00e0 per tutta la notte. Una menzione particolare merita Marte perch\u00e9 il 22 Maggio sar\u00e0 in opposizione (Sole-Terra-Marte) quindi \u2018vicino\u2019 alla Terra e visibile in maniera spettacolare, con la sua colorazione rosso-arancio, anche con un piccolo telescopio.<\/p>\n","protected":false},"excerpt":{"rendered":"<p>Essendo il 2016 anno bisestile \u00e8 iniziata oggi 20 marzo, alle 6,30 ora locale. Il Gruppo Astronomico Tradatese spiega il perch\u00e8 <\/p>\n","protected":false},"author":36,"featured_media":0,"comment_status":"open","ping_status":"open","sticky":false,"template":"","format":"standard","meta":{"footnotes":""},"categories":[9,21],"tags":[620,1428,3051],"acf":[],"yoast_head":"<!-- This site is optimized with the Yoast SEO plugin v20.1 - https:\/\/yoast.com\/wordpress\/plugins\/seo\/ -->\n<title>Anno bisestile, la primavera comincia prima<\/title>\n<meta name=\"description\" content=\"Essendo il 2016 anno bisestile \u00e8 iniziata oggi 20 marzo, alle 6,30 ora locale. Il Gruppo Astronomico Tradatese spiega il perch\u00e8\" \/>\n<meta name=\"robots\" content=\"noindex, follow, max-snippet:-1, max-image-preview:large, max-video-preview:-1\" \/>\n<meta property=\"og:locale\" content=\"it_IT\" \/>\n<meta property=\"og:type\" content=\"article\" \/>\n<meta property=\"og:title\" content=\"Anno bisestile, la primavera comincia prima\" \/>\n<meta property=\"og:description\" content=\"Essendo il 2016 anno bisestile \u00e8 iniziata oggi 20 marzo, alle 6,30 ora locale. Il Gruppo Astronomico Tradatese spiega il perch\u00e8\" \/>\n<meta property=\"og:url\" content=\"https:\/\/staging.varesenews.it\/2016\/03\/anno-bisestile-la-primavera-comincia-prima\/499184\/\" \/>\n<meta property=\"og:site_name\" content=\"VareseNews\" \/>\n<meta property=\"article:publisher\" content=\"https:\/\/www.facebook.com\/varesenews\" \/>\n<meta property=\"article:published_time\" content=\"2016-03-20T09:59:25+00:00\" \/>\n<meta name=\"author\" content=\"Erika La Rosa\" \/>\n<meta name=\"twitter:card\" content=\"summary_large_image\" \/>\n<meta name=\"twitter:creator\" content=\"@twerirosa\" \/>\n<meta name=\"twitter:site\" content=\"@varesenews\" \/>\n<meta name=\"twitter:label1\" content=\"Scritto da\" \/>\n\t<meta name=\"twitter:data1\" content=\"Erika La Rosa\" \/>\n\t<meta name=\"twitter:label2\" content=\"Tempo di lettura stimato\" \/>\n\t<meta name=\"twitter:data2\" content=\"2 minuti\" \/>\n<script type=\"application\/ld+json\" class=\"yoast-schema-graph\">{\"@context\":\"https:\/\/schema.org\",\"@graph\":[{\"@type\":\"WebPage\",\"@id\":\"https:\/\/staging.varesenews.it\/2016\/03\/anno-bisestile-la-primavera-comincia-prima\/499184\/\",\"url\":\"https:\/\/staging.varesenews.it\/2016\/03\/anno-bisestile-la-primavera-comincia-prima\/499184\/\",\"name\":\"Anno bisestile, la primavera comincia prima\",\"isPartOf\":{\"@id\":\"https:\/\/staging.varesenews.it\/#website\"},\"datePublished\":\"2016-03-20T09:59:25+00:00\",\"dateModified\":\"2016-03-20T09:59:25+00:00\",\"author\":{\"@id\":\"https:\/\/staging.varesenews.it\/#\/schema\/person\/0512a4cda1d8b4f14c19f86d1016dc18\"},\"description\":\"Essendo il 2016 anno bisestile \u00e8 iniziata oggi 20 marzo, alle 6,30 ora locale. Il Gruppo Astronomico Tradatese spiega il perch\u00e8\",\"breadcrumb\":{\"@id\":\"https:\/\/staging.varesenews.it\/2016\/03\/anno-bisestile-la-primavera-comincia-prima\/499184\/#breadcrumb\"},\"inLanguage\":\"it-IT\",\"potentialAction\":[{\"@type\":\"ReadAction\",\"target\":[\"https:\/\/staging.varesenews.it\/2016\/03\/anno-bisestile-la-primavera-comincia-prima\/499184\/\"]}]},{\"@type\":\"BreadcrumbList\",\"@id\":\"https:\/\/staging.varesenews.it\/2016\/03\/anno-bisestile-la-primavera-comincia-prima\/499184\/#breadcrumb\",\"itemListElement\":[{\"@type\":\"ListItem\",\"position\":1,\"name\":\"Home\",\"item\":\"https:\/\/www.varesenews.it\/\"},{\"@type\":\"ListItem\",\"position\":2,\"name\":\"Anno bisestile, la primavera comincia prima\"}]},{\"@type\":\"WebSite\",\"@id\":\"https:\/\/staging.varesenews.it\/#website\",\"url\":\"https:\/\/staging.varesenews.it\/\",\"name\":\"VareseNews\",\"description\":\"\",\"potentialAction\":[{\"@type\":\"SearchAction\",\"target\":{\"@type\":\"EntryPoint\",\"urlTemplate\":\"https:\/\/staging.varesenews.it\/?s={search_term_string}\"},\"query-input\":\"required name=search_term_string\"}],\"inLanguage\":\"it-IT\"},{\"@type\":\"Person\",\"@id\":\"https:\/\/staging.varesenews.it\/#\/schema\/person\/0512a4cda1d8b4f14c19f86d1016dc18\",\"name\":\"Erika La Rosa\",\"image\":{\"@type\":\"ImageObject\",\"inLanguage\":\"it-IT\",\"@id\":\"https:\/\/staging.varesenews.it\/#\/schema\/person\/image\/\",\"url\":\"https:\/\/staging.varesenews.it\/wp-content\/uploads\/2020\/12\/erika_larosa_colori_500.jpg\",\"contentUrl\":\"https:\/\/staging.varesenews.it\/wp-content\/uploads\/2020\/12\/erika_larosa_colori_500.jpg\",\"caption\":\"Erika La Rosa\"},\"description\":\"Giornalista pubblicista, collaboro con VareseNews dal lontano 1997 quando la redazione piccolissima ma l&rsquo;entusiasmo era tanto e la sfida titanica. Da allora siamo cresciuti, la redazione &egrave; diventata pi&ugrave; grande ma l&rsquo;entusiasmo &egrave; rimato lo stesso. Mi piace guardare il mondo attraverso gli occhi degli artisti, per questo scrivo, leggo e mi nutro di arte seguendo per il giornale le pagine dedicate alle mostre e agli artisti. Ho collaborato con diversi Musei e Istituzioni culturali italiane e svizzere. Da oltre dieci anni mi occupo di strategie e comunicazione sui social media di enti pubblici e privati. Vivo il presente e non dimentico mai che quando c&rsquo;&egrave; una meta, anche il deserto diventa una strada.\",\"sameAs\":[\"https:\/\/www.linkedin.com\/profile\/view?id=93070756&trk=nav_responsive_tab_profile_pic\",\"https:\/\/twitter.com\/twerirosa\"],\"url\":\"https:\/\/staging.varesenews.it\/persona\/erika_larosa\/\"}]}<\/script>\n<!-- \/ Yoast SEO plugin. -->","yoast_head_json":{"title":"Anno bisestile, la primavera comincia prima","description":"Essendo il 2016 anno bisestile \u00e8 iniziata oggi 20 marzo, alle 6,30 ora locale. Il Gruppo Astronomico Tradatese spiega il perch\u00e8","robots":{"index":"noindex","follow":"follow","max-snippet":"max-snippet:-1","max-image-preview":"max-image-preview:large","max-video-preview":"max-video-preview:-1"},"og_locale":"it_IT","og_type":"article","og_title":"Anno bisestile, la primavera comincia prima","og_description":"Essendo il 2016 anno bisestile \u00e8 iniziata oggi 20 marzo, alle 6,30 ora locale. Il Gruppo Astronomico Tradatese spiega il perch\u00e8","og_url":"https:\/\/staging.varesenews.it\/2016\/03\/anno-bisestile-la-primavera-comincia-prima\/499184\/","og_site_name":"VareseNews","article_publisher":"https:\/\/www.facebook.com\/varesenews","article_published_time":"2016-03-20T09:59:25+00:00","author":"Erika La Rosa","twitter_card":"summary_large_image","twitter_creator":"@twerirosa","twitter_site":"@varesenews","twitter_misc":{"Scritto da":"Erika La Rosa","Tempo di lettura stimato":"2 minuti"},"schema":{"@context":"https:\/\/schema.org","@graph":[{"@type":"WebPage","@id":"https:\/\/staging.varesenews.it\/2016\/03\/anno-bisestile-la-primavera-comincia-prima\/499184\/","url":"https:\/\/staging.varesenews.it\/2016\/03\/anno-bisestile-la-primavera-comincia-prima\/499184\/","name":"Anno bisestile, la primavera comincia prima","isPartOf":{"@id":"https:\/\/staging.varesenews.it\/#website"},"datePublished":"2016-03-20T09:59:25+00:00","dateModified":"2016-03-20T09:59:25+00:00","author":{"@id":"https:\/\/staging.varesenews.it\/#\/schema\/person\/0512a4cda1d8b4f14c19f86d1016dc18"},"description":"Essendo il 2016 anno bisestile \u00e8 iniziata oggi 20 marzo, alle 6,30 ora locale. Il Gruppo Astronomico Tradatese spiega il perch\u00e8","breadcrumb":{"@id":"https:\/\/staging.varesenews.it\/2016\/03\/anno-bisestile-la-primavera-comincia-prima\/499184\/#breadcrumb"},"inLanguage":"it-IT","potentialAction":[{"@type":"ReadAction","target":["https:\/\/staging.varesenews.it\/2016\/03\/anno-bisestile-la-primavera-comincia-prima\/499184\/"]}]},{"@type":"BreadcrumbList","@id":"https:\/\/staging.varesenews.it\/2016\/03\/anno-bisestile-la-primavera-comincia-prima\/499184\/#breadcrumb","itemListElement":[{"@type":"ListItem","position":1,"name":"Home","item":"https:\/\/www.varesenews.it\/"},{"@type":"ListItem","position":2,"name":"Anno bisestile, la primavera comincia prima"}]},{"@type":"WebSite","@id":"https:\/\/staging.varesenews.it\/#website","url":"https:\/\/staging.varesenews.it\/","name":"VareseNews","description":"","potentialAction":[{"@type":"SearchAction","target":{"@type":"EntryPoint","urlTemplate":"https:\/\/staging.varesenews.it\/?s={search_term_string}"},"query-input":"required name=search_term_string"}],"inLanguage":"it-IT"},{"@type":"Person","@id":"https:\/\/staging.varesenews.it\/#\/schema\/person\/0512a4cda1d8b4f14c19f86d1016dc18","name":"Erika La Rosa","image":{"@type":"ImageObject","inLanguage":"it-IT","@id":"https:\/\/staging.varesenews.it\/#\/schema\/person\/image\/","url":"https:\/\/staging.varesenews.it\/wp-content\/uploads\/2020\/12\/erika_larosa_colori_500.jpg","contentUrl":"https:\/\/staging.varesenews.it\/wp-content\/uploads\/2020\/12\/erika_larosa_colori_500.jpg","caption":"Erika La Rosa"},"description":"Giornalista pubblicista, collaboro con VareseNews dal lontano 1997 quando la redazione piccolissima ma l&rsquo;entusiasmo era tanto e la sfida titanica. Da allora siamo cresciuti, la redazione &egrave; diventata pi&ugrave; grande ma l&rsquo;entusiasmo &egrave; rimato lo stesso. Mi piace guardare il mondo attraverso gli occhi degli artisti, per questo scrivo, leggo e mi nutro di arte seguendo per il giornale le pagine dedicate alle mostre e agli artisti. Ho collaborato con diversi Musei e Istituzioni culturali italiane e svizzere. Da oltre dieci anni mi occupo di strategie e comunicazione sui social media di enti pubblici e privati. Vivo il presente e non dimentico mai che quando c&rsquo;&egrave; una meta, anche il deserto diventa una strada.","sameAs":["https:\/\/www.linkedin.com\/profile\/view?id=93070756&trk=nav_responsive_tab_profile_pic","https:\/\/twitter.com\/twerirosa"],"url":"https:\/\/staging.varesenews.it\/persona\/erika_larosa\/"}]}},"post_meta":{"_edit_lock":"1458467864:36","_edit_last":"36","_category_permalink":"21","ratings_users":"0","ratings_score":"0","ratings_average":"0","wdfb_og_title":"","wdfb_og_type":"","wdfb_og_description":"","wdfb_og_images":"a:1:{i:0;s:0:\"\";}","wdfb_og_custom_name":"a:1:{i:0;s:0:\"\";}","wdfb_og_custom_value":"a:1:{i:0;s:0:\"\";}","foto":"525524","firma_come_redazione":"1","argomento":"Astronomia","_jd_twitter":"","_jd_tweet_this":"yes","_wpt_short_url":"http:\/\/www.varesenews.it\/2016\/03\/anno-bisestile-la-primavera-comincia-prima\/499184\/","_wp_jd_target":"http:\/\/www.varesenews.it\/2016\/03\/anno-bisestile-la-primavera-comincia-prima\/499184\/","_jd_wp_twitter":"a:1:{i:0;s:155:\"Anno bisestile, la primavera comincia prima http:\/\/www.varesenews.it\/2016\/03\/anno-bisestile-la-primavera-comincia-prima\/499184\/ #astronomia #gat #primavera\";}","_wpt_status_message":"Tweet inviato con successo."},"photos":[{"original":"https:\/\/staging.varesenews.it\/photogallery_new\/images\/2016\/03\/primavera-gat-525524.jpg","full":"https:\/\/staging.varesenews.it\/photogallery_new\/images\/2016\/03\/primavera-gat-525524.1024x768.jpg","large":"https:\/\/staging.varesenews.it\/photogallery_new\/images\/2016\/03\/primavera-gat-525524.610x431.jpg"}],"_links":{"self":[{"href":"https:\/\/staging.varesenews.it\/swgapi\/v1\/wp\/v2\/posts\/499184"}],"collection":[{"href":"https:\/\/staging.varesenews.it\/swgapi\/v1\/wp\/v2\/posts"}],"about":[{"href":"https:\/\/staging.varesenews.it\/swgapi\/v1\/wp\/v2\/types\/post"}],"author":[{"embeddable":true,"href":"https:\/\/staging.varesenews.it\/swgapi\/v1\/wp\/v2\/users\/36"}],"replies":[{"embeddable":true,"href":"https:\/\/staging.varesenews.it\/swgapi\/v1\/wp\/v2\/comments?post=499184"}],"version-history":[{"count":0,"href":"https:\/\/staging.varesenews.it\/swgapi\/v1\/wp\/v2\/posts\/499184\/revisions"}],"wp:attachment":[{"href":"https:\/\/staging.varesenews.it\/swgapi\/v1\/wp\/v2\/media?parent=499184"}],"wp:term":[{"taxonomy":"category","embeddable":true,"href":"https:\/\/staging.varesenews.it\/swgapi\/v1\/wp\/v2\/categories?post=499184"},{"taxonomy":"post_tag","embeddable":true,"href":"https:\/\/staging.varesenews.it\/swgapi\/v1\/wp\/v2\/tags?post=499184"}],"curies":[{"name":"wp","href":"https:\/\/api.w.org\/{rel}","templated":true}]}}