{"id":500011,"date":"2016-03-22T15:42:19","date_gmt":"2016-03-22T14:42:19","guid":{"rendered":"http:\/\/www.varesenews.it\/?p=500011"},"modified":"2016-03-22T16:22:51","modified_gmt":"2016-03-22T15:22:51","slug":"legambiente-in-piazza-per-lacqua-e-contro-le-trivelle","status":"publish","type":"post","link":"https:\/\/staging.varesenews.it\/2016\/03\/legambiente-in-piazza-per-lacqua-e-contro-le-trivelle\/500011\/","title":{"rendered":"Legambiente in piazza per l&#8217;acqua e contro le trivelle"},"content":{"rendered":"<p>Il 22 aprile ricorre la Giornata Mondiale dell\u2019Acqua. In una data cos\u00ec significativa Legambiente intende richiamare l\u2019attenzione sul referendum popolare del 17 aprile contro le trivelle, quando il popolo italiano sar\u00e0 chiamato ad esprimersi sull\u2019abrogazione della normativa introdotta dall\u2019ultima legge di Stabilit\u00e0, che cancella la scadenza delle attuali concessioni di estrazione e ricerca di petrolio e gas nella zona di mare entro le 12 miglia dalla costa.<\/p>\n<p>Non solo il mare, per\u00f2, \u00e8 al centro dell\u2019attenzione. Anche in Lombardia esistono attualmente 15 permessi di ricerca di gas e 17 concessioni di estrazione. Se le norme di cui si richiede l&#8217;abrogazione non riguardano direttamente l&#8217;estrazione a terra, occorre per\u00f2 un segnale chiaro di volont\u00e0 popolare: le sfide del cambiamento climatico si basano sulla rinuncia a sfruttare giacimenti di combustibile fossile, puntando su nuove fonti energetiche. Se crediamo davvero negli impegni assunti dal nostro Paese, allora non ha nessun senso la corsa alla esplorazione e allo sfruttamento di nuovi giacimenti, dovunque essi si trovino. <img decoding=\"async\" loading=\"lazy\" fetchpriority=\"low\" width=\"610\" height=\"431\" src=\"https:\/\/staging.varesenews.it\/photogallery_new\/images\/2016\/03\/varie-526293.610x431.jpg\" alt=\"varie\"><\/p>\n<p>Manca una strategia concreta da parte del Governo sulla realizzazione degli obiettivi di riduzione delle emissioni, fissati dalla COP21 di Parigi per combattere i cambiamenti climatici, nella quale si \u00e8 sancita la volont\u00e0 di limitare l\u2019aumento del riscaldamento globale a 1,5 \u00b0C. \u00abLa vera sfida di questo Referendum \u00e8 mobilitare i cittadini perch\u00e9 si esprimano sulle scelte energetiche che deve compiere l\u2019Italia, optando per un\u2019economia pi\u00f9 giusta, rinnovabile, che porti fuori il nostro Paese dalla dipendenza da vecchie fonti fossili \u2013 sottolinea Barbara Meggetto, presidente di Legambiente Lombardia \u2013 Il Governo ha scelto di non accorpare il Referendum alle elezioni amministrative: una decisione che, oltre a sprecare 360 milioni di soldi pubblici, punta al fallimento per il non raggiungimento del quorum necessario per l\u2019abrogazione. Legambiente e il Comitato \u201cVota S\u00ec Per Fermare le Trivelle\u201d, invece, scommettono sulla partecipazione dei cittadini, che vorranno far sentire la loro voce scegliendo di andare a votare\u00bb.<\/p>\n<p>Legambiente e il Comitato Milanese Acquapubblica intendono mantenere alta l\u2019attenzione sull\u2019importanza dei referendum. Nella consultazione del giugno 2011, vinse il S\u00ec per impedire la privatizzazione dell\u2019acqua pubblica: ancora oggi la volont\u00e0 popolare espressa in quella consultazione risulta fortemente disattesa. \u00abA cinque anni dalla straordinaria vittoria referendaria del 2011 in cui 27 milioni di italiani si sono pronunciati per la gestione pubblica dell&#8217;acqua, il Governo, attraverso una serie di emendamenti e i decreti attuativi della legge Madia, intende stroncare la volont\u00e0 popolare consegnando l&#8217;acqua ai grandi interessi speculativi e finanziari \u2013 dichiara Erica Rodari, referente Comitato Milanese Acquapubblica \u2013 Questo \u00e8 un atto antidemocratico intollerabile che va respinto, perch\u00e9 \u00e8 un attacco non solo all&#8217;acqua pubblica, ma allo stesso istituto referendario\u00bb.<\/p>\n","protected":false},"excerpt":{"rendered":"<p>In una data cos\u00ec significativa Legambiente intende richiamare l\u2019attenzione su due referendum popolari che riguardano un bene particolarmente importante come l\u2019acqua<\/p>\n","protected":false},"author":39,"featured_media":0,"comment_status":"open","ping_status":"open","sticky":false,"template":"","format":"standard","meta":{"footnotes":""},"categories":[18,16,24,21,2],"tags":[258,879,58793],"acf":[],"yoast_head":"<!-- This site is optimized with the Yoast SEO plugin v20.1 - https:\/\/yoast.com\/wordpress\/plugins\/seo\/ -->\n<title>Legambiente in piazza per l&#039;acqua e contro le trivelle<\/title>\n<meta name=\"description\" content=\"In una data cos\u00ec significativa Legambiente intende richiamare l\u2019attenzione su due referendum popolari che riguardano un bene particolarmente importante come l\u2019acqua\" \/>\n<meta name=\"robots\" content=\"noindex, follow, max-snippet:-1, max-image-preview:large, max-video-preview:-1\" \/>\n<meta property=\"og:locale\" content=\"it_IT\" \/>\n<meta property=\"og:type\" content=\"article\" \/>\n<meta property=\"og:title\" content=\"Legambiente in piazza per l&#039;acqua e contro le trivelle\" \/>\n<meta property=\"og:description\" content=\"In una data cos\u00ec significativa Legambiente intende richiamare l\u2019attenzione su due referendum popolari che riguardano un bene particolarmente importante come l\u2019acqua\" \/>\n<meta property=\"og:url\" content=\"https:\/\/staging.varesenews.it\/2016\/03\/legambiente-in-piazza-per-lacqua-e-contro-le-trivelle\/500011\/\" \/>\n<meta property=\"og:site_name\" content=\"VareseNews\" \/>\n<meta property=\"article:publisher\" content=\"https:\/\/www.facebook.com\/varesenews\" \/>\n<meta property=\"article:author\" content=\"https:\/\/www.facebook.com\/tommaso.guidotti.7\" \/>\n<meta property=\"article:published_time\" content=\"2016-03-22T14:42:19+00:00\" \/>\n<meta property=\"article:modified_time\" content=\"2016-03-22T15:22:51+00:00\" \/>\n<meta name=\"author\" content=\"Tommaso Guidotti\" \/>\n<meta name=\"twitter:card\" content=\"summary_large_image\" \/>\n<meta name=\"twitter:creator\" content=\"@tomguidoz\" \/>\n<meta name=\"twitter:site\" content=\"@varesenews\" \/>\n<meta name=\"twitter:label1\" content=\"Scritto da\" \/>\n\t<meta name=\"twitter:data1\" content=\"Tommaso Guidotti\" \/>\n\t<meta name=\"twitter:label2\" content=\"Tempo di lettura stimato\" \/>\n\t<meta name=\"twitter:data2\" content=\"2 minuti\" \/>\n<script type=\"application\/ld+json\" class=\"yoast-schema-graph\">{\"@context\":\"https:\/\/schema.org\",\"@graph\":[{\"@type\":\"WebPage\",\"@id\":\"https:\/\/staging.varesenews.it\/2016\/03\/legambiente-in-piazza-per-lacqua-e-contro-le-trivelle\/500011\/\",\"url\":\"https:\/\/staging.varesenews.it\/2016\/03\/legambiente-in-piazza-per-lacqua-e-contro-le-trivelle\/500011\/\",\"name\":\"Legambiente in piazza per l'acqua e contro le trivelle\",\"isPartOf\":{\"@id\":\"https:\/\/staging.varesenews.it\/#website\"},\"datePublished\":\"2016-03-22T14:42:19+00:00\",\"dateModified\":\"2016-03-22T15:22:51+00:00\",\"author\":{\"@id\":\"https:\/\/staging.varesenews.it\/#\/schema\/person\/5ae9c65889c40fea73a6c40733b93f8a\"},\"description\":\"In una data cos\u00ec significativa Legambiente intende richiamare l\u2019attenzione su due referendum popolari che riguardano un bene particolarmente importante come l\u2019acqua\",\"breadcrumb\":{\"@id\":\"https:\/\/staging.varesenews.it\/2016\/03\/legambiente-in-piazza-per-lacqua-e-contro-le-trivelle\/500011\/#breadcrumb\"},\"inLanguage\":\"it-IT\",\"potentialAction\":[{\"@type\":\"ReadAction\",\"target\":[\"https:\/\/staging.varesenews.it\/2016\/03\/legambiente-in-piazza-per-lacqua-e-contro-le-trivelle\/500011\/\"]}]},{\"@type\":\"BreadcrumbList\",\"@id\":\"https:\/\/staging.varesenews.it\/2016\/03\/legambiente-in-piazza-per-lacqua-e-contro-le-trivelle\/500011\/#breadcrumb\",\"itemListElement\":[{\"@type\":\"ListItem\",\"position\":1,\"name\":\"Home\",\"item\":\"https:\/\/www.varesenews.it\/\"},{\"@type\":\"ListItem\",\"position\":2,\"name\":\"Legambiente in piazza per l&#8217;acqua e contro le trivelle\"}]},{\"@type\":\"WebSite\",\"@id\":\"https:\/\/staging.varesenews.it\/#website\",\"url\":\"https:\/\/staging.varesenews.it\/\",\"name\":\"VareseNews\",\"description\":\"\",\"potentialAction\":[{\"@type\":\"SearchAction\",\"target\":{\"@type\":\"EntryPoint\",\"urlTemplate\":\"https:\/\/staging.varesenews.it\/?s={search_term_string}\"},\"query-input\":\"required name=search_term_string\"}],\"inLanguage\":\"it-IT\"},{\"@type\":\"Person\",\"@id\":\"https:\/\/staging.varesenews.it\/#\/schema\/person\/5ae9c65889c40fea73a6c40733b93f8a\",\"name\":\"Tommaso Guidotti\",\"image\":{\"@type\":\"ImageObject\",\"inLanguage\":\"it-IT\",\"@id\":\"https:\/\/staging.varesenews.it\/#\/schema\/person\/image\/\",\"url\":\"https:\/\/staging.varesenews.it\/wp-content\/uploads\/2020\/12\/tommaso_guidotti_colori_500.jpg\",\"contentUrl\":\"https:\/\/staging.varesenews.it\/wp-content\/uploads\/2020\/12\/tommaso_guidotti_colori_500.jpg\",\"caption\":\"Tommaso Guidotti\"},\"description\":\"Nato a Milano e trasferito nel Varesotto in tenera et&agrave;, sposato con Chiara dal 2012 e padre di due figli, Lorenzo e Alice. Sono laureato in Scienze Politiche e ho nel mio bagaglio lontani studi classici al Liceo Cairoli di Varese. Amo leggere, le serie tv, i viaggi e mi piace sperimentare e conoscere. La passione pi&ugrave; grande? Il calcio, giocato, simulato e guardato: occupo parte del mio tempo libero con quella che &egrave; pi&ugrave; di una squadra di calcio, i Bidone, una vera e propria seconda famiglia con cui ho portato avanti tanti progetti sportivi e benefici. Faccio parte dal 2004 della squadra di VareseNews e sono giornalista professionista dal 2009: per dieci anni ho ricoperto il ruolo di caporedattore. Dal 2019 coordino insieme ad una redazione di giovani collaboratori il nuovo progetto del gruppo nella zona del Saronnese, il giornale SaronnoNews, spin-off di VareseNews, restando comunque radicato al territorio di Casciago, paese che mi ha adottato e che amo moltissimo come il lago di Varese e Cazzago Brabbia, il paese dove ho vissuto da giovane.\",\"sameAs\":[\"https:\/\/www.facebook.com\/tommaso.guidotti.7\",\"tomguidoz80\",\"https:\/\/www.linkedin.com\/profile\/view?id=36891883&authType=name&authToken=9pNm&locale=en_US&goback=npv_36891883_*1_*1_name_9pNm_*1_*1_*1_*1_*1_*1_*1_*1_*1_*1_*1_*1_*1_*1_*1_*1_*1_*1_*1_*1_*1_*1_*1_*1_*1_*1_*1_*1_*1_*1_*1_*1_*1\",\"https:\/\/twitter.com\/tomguidoz\"],\"url\":\"https:\/\/staging.varesenews.it\/persona\/tommaso_guidotti\/\"}]}<\/script>\n<!-- \/ Yoast SEO plugin. -->","yoast_head_json":{"title":"Legambiente in piazza per l'acqua e contro le trivelle","description":"In una data cos\u00ec significativa Legambiente intende richiamare l\u2019attenzione su due referendum popolari che riguardano un bene particolarmente importante come l\u2019acqua","robots":{"index":"noindex","follow":"follow","max-snippet":"max-snippet:-1","max-image-preview":"max-image-preview:large","max-video-preview":"max-video-preview:-1"},"og_locale":"it_IT","og_type":"article","og_title":"Legambiente in piazza per l'acqua e contro le trivelle","og_description":"In una data cos\u00ec significativa Legambiente intende richiamare l\u2019attenzione su due referendum popolari che riguardano un bene particolarmente importante come l\u2019acqua","og_url":"https:\/\/staging.varesenews.it\/2016\/03\/legambiente-in-piazza-per-lacqua-e-contro-le-trivelle\/500011\/","og_site_name":"VareseNews","article_publisher":"https:\/\/www.facebook.com\/varesenews","article_author":"https:\/\/www.facebook.com\/tommaso.guidotti.7","article_published_time":"2016-03-22T14:42:19+00:00","article_modified_time":"2016-03-22T15:22:51+00:00","author":"Tommaso Guidotti","twitter_card":"summary_large_image","twitter_creator":"@tomguidoz","twitter_site":"@varesenews","twitter_misc":{"Scritto da":"Tommaso Guidotti","Tempo di lettura stimato":"2 minuti"},"schema":{"@context":"https:\/\/schema.org","@graph":[{"@type":"WebPage","@id":"https:\/\/staging.varesenews.it\/2016\/03\/legambiente-in-piazza-per-lacqua-e-contro-le-trivelle\/500011\/","url":"https:\/\/staging.varesenews.it\/2016\/03\/legambiente-in-piazza-per-lacqua-e-contro-le-trivelle\/500011\/","name":"Legambiente in piazza per l'acqua e contro le trivelle","isPartOf":{"@id":"https:\/\/staging.varesenews.it\/#website"},"datePublished":"2016-03-22T14:42:19+00:00","dateModified":"2016-03-22T15:22:51+00:00","author":{"@id":"https:\/\/staging.varesenews.it\/#\/schema\/person\/5ae9c65889c40fea73a6c40733b93f8a"},"description":"In una data cos\u00ec significativa Legambiente intende richiamare l\u2019attenzione su due referendum popolari che riguardano un bene particolarmente importante come l\u2019acqua","breadcrumb":{"@id":"https:\/\/staging.varesenews.it\/2016\/03\/legambiente-in-piazza-per-lacqua-e-contro-le-trivelle\/500011\/#breadcrumb"},"inLanguage":"it-IT","potentialAction":[{"@type":"ReadAction","target":["https:\/\/staging.varesenews.it\/2016\/03\/legambiente-in-piazza-per-lacqua-e-contro-le-trivelle\/500011\/"]}]},{"@type":"BreadcrumbList","@id":"https:\/\/staging.varesenews.it\/2016\/03\/legambiente-in-piazza-per-lacqua-e-contro-le-trivelle\/500011\/#breadcrumb","itemListElement":[{"@type":"ListItem","position":1,"name":"Home","item":"https:\/\/www.varesenews.it\/"},{"@type":"ListItem","position":2,"name":"Legambiente in piazza per l&#8217;acqua e contro le trivelle"}]},{"@type":"WebSite","@id":"https:\/\/staging.varesenews.it\/#website","url":"https:\/\/staging.varesenews.it\/","name":"VareseNews","description":"","potentialAction":[{"@type":"SearchAction","target":{"@type":"EntryPoint","urlTemplate":"https:\/\/staging.varesenews.it\/?s={search_term_string}"},"query-input":"required name=search_term_string"}],"inLanguage":"it-IT"},{"@type":"Person","@id":"https:\/\/staging.varesenews.it\/#\/schema\/person\/5ae9c65889c40fea73a6c40733b93f8a","name":"Tommaso Guidotti","image":{"@type":"ImageObject","inLanguage":"it-IT","@id":"https:\/\/staging.varesenews.it\/#\/schema\/person\/image\/","url":"https:\/\/staging.varesenews.it\/wp-content\/uploads\/2020\/12\/tommaso_guidotti_colori_500.jpg","contentUrl":"https:\/\/staging.varesenews.it\/wp-content\/uploads\/2020\/12\/tommaso_guidotti_colori_500.jpg","caption":"Tommaso Guidotti"},"description":"Nato a Milano e trasferito nel Varesotto in tenera et&agrave;, sposato con Chiara dal 2012 e padre di due figli, Lorenzo e Alice. Sono laureato in Scienze Politiche e ho nel mio bagaglio lontani studi classici al Liceo Cairoli di Varese. Amo leggere, le serie tv, i viaggi e mi piace sperimentare e conoscere. La passione pi&ugrave; grande? Il calcio, giocato, simulato e guardato: occupo parte del mio tempo libero con quella che &egrave; pi&ugrave; di una squadra di calcio, i Bidone, una vera e propria seconda famiglia con cui ho portato avanti tanti progetti sportivi e benefici. Faccio parte dal 2004 della squadra di VareseNews e sono giornalista professionista dal 2009: per dieci anni ho ricoperto il ruolo di caporedattore. Dal 2019 coordino insieme ad una redazione di giovani collaboratori il nuovo progetto del gruppo nella zona del Saronnese, il giornale SaronnoNews, spin-off di VareseNews, restando comunque radicato al territorio di Casciago, paese che mi ha adottato e che amo moltissimo come il lago di Varese e Cazzago Brabbia, il paese dove ho vissuto da giovane.","sameAs":["https:\/\/www.facebook.com\/tommaso.guidotti.7","tomguidoz80","https:\/\/www.linkedin.com\/profile\/view?id=36891883&authType=name&authToken=9pNm&locale=en_US&goback=npv_36891883_*1_*1_name_9pNm_*1_*1_*1_*1_*1_*1_*1_*1_*1_*1_*1_*1_*1_*1_*1_*1_*1_*1_*1_*1_*1_*1_*1_*1_*1_*1_*1_*1_*1_*1_*1_*1_*1","https:\/\/twitter.com\/tomguidoz"],"url":"https:\/\/staging.varesenews.it\/persona\/tommaso_guidotti\/"}]}},"post_meta":{"foto":"526293","_edit_lock":"1458661384:39","_edit_last":"39","ratings_users":"0","ratings_score":"0","ratings_average":"0","_category_permalink":"","wdfb_og_title":"","wdfb_og_type":"","wdfb_og_description":"","wdfb_og_images":"a:1:{i:0;s:0:\"\";}","wdfb_og_custom_name":"a:1:{i:0;s:0:\"\";}","wdfb_og_custom_value":"a:1:{i:0;s:0:\"\";}","id_video_vzaar":"6656933","firma_come_redazione":"1","argomento":"Milano","_jd_twitter":"","_jd_tweet_this":"yes","_wpt_short_url":"http:\/\/www.varesenews.it\/2016\/03\/legambiente-in-piazza-per-lacqua-e-contro-le-trivelle\/500011\/","_wp_jd_target":"http:\/\/www.varesenews.it\/2016\/03\/legambiente-in-piazza-per-lacqua-e-contro-le-trivelle\/500011\/","_jd_wp_twitter":"a:1:{i:0;s:184:\"Legambiente in piazza per l'acqua e contro le trivelle http:\/\/www.varesenews.it\/2016\/03\/legambiente-in-piazza-per-lacqua-e-contro-le-trivelle\/500011\/ #legambiente #referendum #trivelle\";}","_wpt_status_message":"Tweet inviato con successo."},"photos":[{"original":"https:\/\/staging.varesenews.it\/photogallery_new\/images\/2016\/03\/varie-526293.jpg","full":"https:\/\/staging.varesenews.it\/photogallery_new\/images\/2016\/03\/varie-526293.1024x768.jpg","large":"https:\/\/staging.varesenews.it\/photogallery_new\/images\/2016\/03\/varie-526293.610x431.jpg"}],"_links":{"self":[{"href":"https:\/\/staging.varesenews.it\/swgapi\/v1\/wp\/v2\/posts\/500011"}],"collection":[{"href":"https:\/\/staging.varesenews.it\/swgapi\/v1\/wp\/v2\/posts"}],"about":[{"href":"https:\/\/staging.varesenews.it\/swgapi\/v1\/wp\/v2\/types\/post"}],"author":[{"embeddable":true,"href":"https:\/\/staging.varesenews.it\/swgapi\/v1\/wp\/v2\/users\/39"}],"replies":[{"embeddable":true,"href":"https:\/\/staging.varesenews.it\/swgapi\/v1\/wp\/v2\/comments?post=500011"}],"version-history":[{"count":0,"href":"https:\/\/staging.varesenews.it\/swgapi\/v1\/wp\/v2\/posts\/500011\/revisions"}],"wp:attachment":[{"href":"https:\/\/staging.varesenews.it\/swgapi\/v1\/wp\/v2\/media?parent=500011"}],"wp:term":[{"taxonomy":"category","embeddable":true,"href":"https:\/\/staging.varesenews.it\/swgapi\/v1\/wp\/v2\/categories?post=500011"},{"taxonomy":"post_tag","embeddable":true,"href":"https:\/\/staging.varesenews.it\/swgapi\/v1\/wp\/v2\/tags?post=500011"}],"curies":[{"name":"wp","href":"https:\/\/api.w.org\/{rel}","templated":true}]}}