{"id":501084,"date":"2016-03-25T11:49:55","date_gmt":"2016-03-25T10:49:55","guid":{"rendered":"http:\/\/www.varesenews.it\/?p=501084"},"modified":"2016-03-25T11:49:55","modified_gmt":"2016-03-25T10:49:55","slug":"due-laboratori-dedicati-alla-musica-e-allarte","status":"publish","type":"post","link":"https:\/\/staging.varesenews.it\/2016\/03\/due-laboratori-dedicati-alla-musica-e-allarte\/501084\/","title":{"rendered":"Due laboratori dedicati alla musica e all&#8217;arte"},"content":{"rendered":"<p class=\"p1\">Prosegue la rassegna <strong>\u201cIl Ben-Essere del bambino\u201d,<\/strong> ciclo di incontri curati dalla <strong>dottoressa Anna Rabbi,<\/strong> medico chirurgo specializzato in omeopatia e medicina antroposofica.<\/p>\n<p class=\"p1\"><strong>Venerd\u00ec 29 aprile alle 20.30<\/strong> la dottoressa Rabbi terr\u00e0 un incontro dal titolo<strong> \u201cIl significato del gioco nell&#8217;armonico sviluppo del bambino: dalla fisiologia alla fantasia\u201d.<\/strong> Una serata per spiegare che il gioco non rappresenta esclusivamente un momento di divertimento, ma \u00e8 invece un&#8217;esperienza fondamentale perch\u00e9 \u00e8 l&#8217;ambito all&#8217;interno del quale il bambino \u00e8 in grado di porre le fondamenta della sua futura capacit\u00e0 di azione. Ingresso libero.<\/p>\n<p class=\"p1\"><strong>Sabato 2 aprile \u00e8 in programma \u201cCantintondo\u201d,<\/strong> un laboratorio tutto dedicato al girotondo. Marta Bonomi insegner\u00e0 a genitori e bambini tante filastrocche per accompagnare un gioco che \u00e8 un simbolo di equit\u00e0, di uguali diritti ma anche di spontaneit\u00e0<strong>. Il laboratorio si svolger\u00e0 dalle 10 alle 12.30 per un minimo di 4 partecipanti ed un massimo di 12.<\/strong> L&#8217;iscrizione ha un costo di 10 euro per gli adulti e di 5 per i bambini.<\/p>\n<p class=\"p1\"><strong>Quattro appuntamenti per conoscere l&#8217;arte.<\/strong> Questo \u00e8 <strong>\u201cIl muro che racconta\u201d,<\/strong> laboratorio curato da <strong>Greta Andreoli<\/strong> in programma nelle giornate di <strong>sabato 9, 16, 23 e 30 aprile dalle 10 alle 12.30.<\/strong> Il progetto nasce dall&#8217;idea di avvicinare i partecipanti all&#8217;arte, ma soprattutto di dare loro la possibilit\u00e0 di lasciare un segno che dura nel tempo. Avvicinare i pi\u00f9 piccoli alla creazione artistica \u00e8 un modo di permettere loro di sperimentare tecniche nuove e di esprimere i loro sentimenti e pensieri. La partecipazione ha un costo di <strong>100 euro per ogni coppia genitore bambino<\/strong> ed \u00e8 comprensiva di tutti i materiali utilizzati durante gli incontri.<\/p>\n<p class=\"p1\">Per informazioni e iscrizioni ai laboratori \u00e8 possibile <strong>telefonare allo 0332.310538,<\/strong> oppure inviare un&#8217;email all&#8217;indirizzo info@percorsipercrescere.it.<\/p>\n","protected":false},"excerpt":{"rendered":"<p>Due incontri in programma con la dottoressa Anna Rabbi nell&#8217;ambito del ciclo il &#8220;Ben-essere del bambino&#8221;. Ad aprile 4 incontri sull&#8217;arte<\/p>\n","protected":false},"author":33,"featured_media":0,"comment_status":"open","ping_status":"open","sticky":false,"template":"","format":"standard","meta":{"footnotes":""},"categories":[23,21],"tags":[183,158],"acf":[],"yoast_head":"<!-- This site is optimized with the Yoast SEO plugin v20.1 - https:\/\/yoast.com\/wordpress\/plugins\/seo\/ -->\n<title>Due laboratori dedicati alla musica e all&#039;arte<\/title>\n<meta name=\"description\" content=\"Due incontri in programma con la dottoressa Anna Rabbi nell&#039;ambito del ciclo il &quot;Ben-essere del bambino&quot;. Ad aprile 4 incontri sull&#039;arte\" \/>\n<meta name=\"robots\" content=\"noindex, follow, max-snippet:-1, max-image-preview:large, max-video-preview:-1\" \/>\n<meta property=\"og:locale\" content=\"it_IT\" \/>\n<meta property=\"og:type\" content=\"article\" \/>\n<meta property=\"og:title\" content=\"Due laboratori dedicati alla musica e all&#039;arte\" \/>\n<meta property=\"og:description\" content=\"Due incontri in programma con la dottoressa Anna Rabbi nell&#039;ambito del ciclo il &quot;Ben-essere del bambino&quot;. Ad aprile 4 incontri sull&#039;arte\" \/>\n<meta property=\"og:url\" content=\"https:\/\/staging.varesenews.it\/2016\/03\/due-laboratori-dedicati-alla-musica-e-allarte\/501084\/\" \/>\n<meta property=\"og:site_name\" content=\"VareseNews\" \/>\n<meta property=\"article:publisher\" content=\"https:\/\/www.facebook.com\/varesenews\" \/>\n<meta property=\"article:author\" content=\"alessandra.toni7\" \/>\n<meta property=\"article:published_time\" content=\"2016-03-25T10:49:55+00:00\" \/>\n<meta name=\"author\" content=\"Alessandra Toni\" \/>\n<meta name=\"twitter:card\" content=\"summary_large_image\" \/>\n<meta name=\"twitter:creator\" content=\"@alessandra_toni\" \/>\n<meta name=\"twitter:site\" content=\"@varesenews\" \/>\n<meta name=\"twitter:label1\" content=\"Scritto da\" \/>\n\t<meta name=\"twitter:data1\" content=\"Alessandra Toni\" \/>\n\t<meta name=\"twitter:label2\" content=\"Tempo di lettura stimato\" \/>\n\t<meta name=\"twitter:data2\" content=\"1 minuto\" \/>\n<script type=\"application\/ld+json\" class=\"yoast-schema-graph\">{\"@context\":\"https:\/\/schema.org\",\"@graph\":[{\"@type\":\"WebPage\",\"@id\":\"https:\/\/staging.varesenews.it\/2016\/03\/due-laboratori-dedicati-alla-musica-e-allarte\/501084\/\",\"url\":\"https:\/\/staging.varesenews.it\/2016\/03\/due-laboratori-dedicati-alla-musica-e-allarte\/501084\/\",\"name\":\"Due laboratori dedicati alla musica e all'arte\",\"isPartOf\":{\"@id\":\"https:\/\/staging.varesenews.it\/#website\"},\"datePublished\":\"2016-03-25T10:49:55+00:00\",\"dateModified\":\"2016-03-25T10:49:55+00:00\",\"author\":{\"@id\":\"https:\/\/staging.varesenews.it\/#\/schema\/person\/2643ce123d4a3c9511e015dc548779b8\"},\"description\":\"Due incontri in programma con la dottoressa Anna Rabbi nell'ambito del ciclo il \\\"Ben-essere del bambino\\\". Ad aprile 4 incontri sull'arte\",\"breadcrumb\":{\"@id\":\"https:\/\/staging.varesenews.it\/2016\/03\/due-laboratori-dedicati-alla-musica-e-allarte\/501084\/#breadcrumb\"},\"inLanguage\":\"it-IT\",\"potentialAction\":[{\"@type\":\"ReadAction\",\"target\":[\"https:\/\/staging.varesenews.it\/2016\/03\/due-laboratori-dedicati-alla-musica-e-allarte\/501084\/\"]}]},{\"@type\":\"BreadcrumbList\",\"@id\":\"https:\/\/staging.varesenews.it\/2016\/03\/due-laboratori-dedicati-alla-musica-e-allarte\/501084\/#breadcrumb\",\"itemListElement\":[{\"@type\":\"ListItem\",\"position\":1,\"name\":\"Home\",\"item\":\"https:\/\/www.varesenews.it\/\"},{\"@type\":\"ListItem\",\"position\":2,\"name\":\"Due laboratori dedicati alla musica e all&#8217;arte\"}]},{\"@type\":\"WebSite\",\"@id\":\"https:\/\/staging.varesenews.it\/#website\",\"url\":\"https:\/\/staging.varesenews.it\/\",\"name\":\"VareseNews\",\"description\":\"\",\"potentialAction\":[{\"@type\":\"SearchAction\",\"target\":{\"@type\":\"EntryPoint\",\"urlTemplate\":\"https:\/\/staging.varesenews.it\/?s={search_term_string}\"},\"query-input\":\"required name=search_term_string\"}],\"inLanguage\":\"it-IT\"},{\"@type\":\"Person\",\"@id\":\"https:\/\/staging.varesenews.it\/#\/schema\/person\/2643ce123d4a3c9511e015dc548779b8\",\"name\":\"Alessandra Toni\",\"image\":{\"@type\":\"ImageObject\",\"inLanguage\":\"it-IT\",\"@id\":\"https:\/\/staging.varesenews.it\/#\/schema\/person\/image\/\",\"url\":\"https:\/\/staging.varesenews.it\/wp-content\/uploads\/2020\/12\/alessandra_toni_colori_500.jpg\",\"contentUrl\":\"https:\/\/staging.varesenews.it\/wp-content\/uploads\/2020\/12\/alessandra_toni_colori_500.jpg\",\"caption\":\"Alessandra Toni\"},\"description\":\"Sono entrata nella redazione di VareseNews nel lontano anno 2000. Ero reduce da una bellissima esperienza nella redazione giornalistica della TV Nuova Antennatre, sotto la direzione dell'indimenticabile direttore Adolfo Caldarini. Sono arrivata quando era ancora una piccola realt\u00e0 editoriale e insieme abbiamo fatto un lungo ed entusiasmante lavoro. Mi occupo prevalentemente di scuola e di sanit\u00e0, settori impegnativi di grande valore sociale.\u00a0\",\"sameAs\":[\"alessandra.toni7\",\"alessandra.toni\",\"https:\/\/twitter.com\/alessandra_toni\"],\"url\":\"https:\/\/staging.varesenews.it\/persona\/alessandra_toni1\/\"}]}<\/script>\n<!-- \/ Yoast SEO plugin. -->","yoast_head_json":{"title":"Due laboratori dedicati alla musica e all'arte","description":"Due incontri in programma con la dottoressa Anna Rabbi nell'ambito del ciclo il \"Ben-essere del bambino\". Ad aprile 4 incontri sull'arte","robots":{"index":"noindex","follow":"follow","max-snippet":"max-snippet:-1","max-image-preview":"max-image-preview:large","max-video-preview":"max-video-preview:-1"},"og_locale":"it_IT","og_type":"article","og_title":"Due laboratori dedicati alla musica e all'arte","og_description":"Due incontri in programma con la dottoressa Anna Rabbi nell'ambito del ciclo il \"Ben-essere del bambino\". Ad aprile 4 incontri sull'arte","og_url":"https:\/\/staging.varesenews.it\/2016\/03\/due-laboratori-dedicati-alla-musica-e-allarte\/501084\/","og_site_name":"VareseNews","article_publisher":"https:\/\/www.facebook.com\/varesenews","article_author":"alessandra.toni7","article_published_time":"2016-03-25T10:49:55+00:00","author":"Alessandra Toni","twitter_card":"summary_large_image","twitter_creator":"@alessandra_toni","twitter_site":"@varesenews","twitter_misc":{"Scritto da":"Alessandra Toni","Tempo di lettura stimato":"1 minuto"},"schema":{"@context":"https:\/\/schema.org","@graph":[{"@type":"WebPage","@id":"https:\/\/staging.varesenews.it\/2016\/03\/due-laboratori-dedicati-alla-musica-e-allarte\/501084\/","url":"https:\/\/staging.varesenews.it\/2016\/03\/due-laboratori-dedicati-alla-musica-e-allarte\/501084\/","name":"Due laboratori dedicati alla musica e all'arte","isPartOf":{"@id":"https:\/\/staging.varesenews.it\/#website"},"datePublished":"2016-03-25T10:49:55+00:00","dateModified":"2016-03-25T10:49:55+00:00","author":{"@id":"https:\/\/staging.varesenews.it\/#\/schema\/person\/2643ce123d4a3c9511e015dc548779b8"},"description":"Due incontri in programma con la dottoressa Anna Rabbi nell'ambito del ciclo il \"Ben-essere del bambino\". Ad aprile 4 incontri sull'arte","breadcrumb":{"@id":"https:\/\/staging.varesenews.it\/2016\/03\/due-laboratori-dedicati-alla-musica-e-allarte\/501084\/#breadcrumb"},"inLanguage":"it-IT","potentialAction":[{"@type":"ReadAction","target":["https:\/\/staging.varesenews.it\/2016\/03\/due-laboratori-dedicati-alla-musica-e-allarte\/501084\/"]}]},{"@type":"BreadcrumbList","@id":"https:\/\/staging.varesenews.it\/2016\/03\/due-laboratori-dedicati-alla-musica-e-allarte\/501084\/#breadcrumb","itemListElement":[{"@type":"ListItem","position":1,"name":"Home","item":"https:\/\/www.varesenews.it\/"},{"@type":"ListItem","position":2,"name":"Due laboratori dedicati alla musica e all&#8217;arte"}]},{"@type":"WebSite","@id":"https:\/\/staging.varesenews.it\/#website","url":"https:\/\/staging.varesenews.it\/","name":"VareseNews","description":"","potentialAction":[{"@type":"SearchAction","target":{"@type":"EntryPoint","urlTemplate":"https:\/\/staging.varesenews.it\/?s={search_term_string}"},"query-input":"required name=search_term_string"}],"inLanguage":"it-IT"},{"@type":"Person","@id":"https:\/\/staging.varesenews.it\/#\/schema\/person\/2643ce123d4a3c9511e015dc548779b8","name":"Alessandra Toni","image":{"@type":"ImageObject","inLanguage":"it-IT","@id":"https:\/\/staging.varesenews.it\/#\/schema\/person\/image\/","url":"https:\/\/staging.varesenews.it\/wp-content\/uploads\/2020\/12\/alessandra_toni_colori_500.jpg","contentUrl":"https:\/\/staging.varesenews.it\/wp-content\/uploads\/2020\/12\/alessandra_toni_colori_500.jpg","caption":"Alessandra Toni"},"description":"Sono entrata nella redazione di VareseNews nel lontano anno 2000. Ero reduce da una bellissima esperienza nella redazione giornalistica della TV Nuova Antennatre, sotto la direzione dell'indimenticabile direttore Adolfo Caldarini. Sono arrivata quando era ancora una piccola realt\u00e0 editoriale e insieme abbiamo fatto un lungo ed entusiasmante lavoro. Mi occupo prevalentemente di scuola e di sanit\u00e0, settori impegnativi di grande valore sociale.\u00a0","sameAs":["alessandra.toni7","alessandra.toni","https:\/\/twitter.com\/alessandra_toni"],"url":"https:\/\/staging.varesenews.it\/persona\/alessandra_toni1\/"}]}},"post_meta":{"_edit_lock":"1458903175:33","_edit_last":"33","_category_permalink":"23","wdfb_og_title":"","wdfb_og_type":"","wdfb_og_description":"","wdfb_og_images":"a:1:{i:0;s:0:\"\";}","wdfb_og_custom_name":"a:1:{i:0;s:0:\"\";}","wdfb_og_custom_value":"a:1:{i:0;s:0:\"\";}","foto":"524721","argomento":"Varese","_jd_twitter":"","_jd_tweet_this":"yes","ratings_users":"0","ratings_score":"0","ratings_average":"0","_wpt_short_url":"http:\/\/www.varesenews.it\/2016\/03\/due-laboratori-dedicati-alla-musica-e-allarte\/501084\/","_wp_jd_target":"http:\/\/www.varesenews.it\/2016\/03\/due-laboratori-dedicati-alla-musica-e-allarte\/501084\/","_jd_wp_twitter":"a:1:{i:0;s:152:\"Due laboratori dedicati alla musica e all'arte http:\/\/www.varesenews.it\/2016\/03\/due-laboratori-dedicati-alla-musica-e-allarte\/501084\/ #incontri #weekend\";}","_wpt_status_message":"Tweet inviato con successo."},"photos":[{"original":"https:\/\/staging.varesenews.it\/photogallery_new\/images\/2016\/03\/bambini-arte-524721.jpg","full":"https:\/\/staging.varesenews.it\/photogallery_new\/images\/2016\/03\/bambini-arte-524721.1024x768.jpg","large":"https:\/\/staging.varesenews.it\/photogallery_new\/images\/2016\/03\/bambini-arte-524721.610x431.jpg"}],"_links":{"self":[{"href":"https:\/\/staging.varesenews.it\/swgapi\/v1\/wp\/v2\/posts\/501084"}],"collection":[{"href":"https:\/\/staging.varesenews.it\/swgapi\/v1\/wp\/v2\/posts"}],"about":[{"href":"https:\/\/staging.varesenews.it\/swgapi\/v1\/wp\/v2\/types\/post"}],"author":[{"embeddable":true,"href":"https:\/\/staging.varesenews.it\/swgapi\/v1\/wp\/v2\/users\/33"}],"replies":[{"embeddable":true,"href":"https:\/\/staging.varesenews.it\/swgapi\/v1\/wp\/v2\/comments?post=501084"}],"version-history":[{"count":0,"href":"https:\/\/staging.varesenews.it\/swgapi\/v1\/wp\/v2\/posts\/501084\/revisions"}],"wp:attachment":[{"href":"https:\/\/staging.varesenews.it\/swgapi\/v1\/wp\/v2\/media?parent=501084"}],"wp:term":[{"taxonomy":"category","embeddable":true,"href":"https:\/\/staging.varesenews.it\/swgapi\/v1\/wp\/v2\/categories?post=501084"},{"taxonomy":"post_tag","embeddable":true,"href":"https:\/\/staging.varesenews.it\/swgapi\/v1\/wp\/v2\/tags?post=501084"}],"curies":[{"name":"wp","href":"https:\/\/api.w.org\/{rel}","templated":true}]}}