{"id":502481,"date":"2016-03-31T10:36:56","date_gmt":"2016-03-31T08:36:56","guid":{"rendered":"http:\/\/www.varesenews.it\/?p=502481"},"modified":"2016-03-31T10:41:29","modified_gmt":"2016-03-31T08:41:29","slug":"quasi-ultimata-la-rotatoria-sulla-statale","status":"publish","type":"post","link":"https:\/\/staging.varesenews.it\/2016\/03\/quasi-ultimata-la-rotatoria-sulla-statale\/502481\/","title":{"rendered":"Quasi ultimata la rotatoria sulla statale"},"content":{"rendered":"<p><strong>Un incrocio micidiale, su una strada dove molti sono stati vittima di incidenti stradali<\/strong>.<\/p>\n<p><strong>La statale 394 all\u2019altezza dell\u2019abitato di Mesenzana<\/strong> \u00e8 da sempre considerata pericolosa: immissioni \u201cT\u201d, poco spazio di manovra, stop da brivido. Da alcuni mesi questa situazione non sussiste pi\u00f9 perch\u00e9 \u00e8 stata realizzata la nuova rotatoria. L\u2019incrocio di fatto chiamato \u201cdella Malpensata\u201d che metteva in comunicazione statale con la sp 43 che scende da Grantola.<\/p>\n<p><strong>Un\u2019opera non ancora ultimata<\/strong> come conferma il sindaco Alberto Rossi, che necessita ancora di segnaletica e arredo urbano, vedi il verde pubblico che fa da contorno all\u2019opera. I lavori di realizzazione del fondo stradale sono quasi completati, la segnaletica sul fondo stradale \u00e8 ancora di colore giallo, provvisoria, ma gli automobilisti hanno gi\u00e0 preso confidenza.<br \/>\nLa forma della rotatoria \u00e8 allungata e si snoda su uno spartitraffico che oltre a rallentare l\u2019accesso ai centri abitati rende razionale la svolta verso il paese di Mesenzana o di Grantola. (<em><strong>nella foto sotto, il tratto in questione prima dell&#8217;intervento. Fonte: google street view<\/strong><\/em>)<\/p>\n<div class=\"photo-inside-post\"><img decoding=\"async\" loading=\"lazy\" fetchpriority=\"low\" width=\"610\" height=\"431\" src=\"https:\/\/staging.varesenews.it\/photogallery_new\/images\/2016\/03\/rotatoria-strada-statale-394-mesenzana-527924.610x431.jpg\" alt=\"rotatoria strada statale 394 mesenzana\"><\/div>\n<p><strong>Dal comune fanno sapere che fra le opere vi sar\u00e0 la ricostruzione della cappellina votiva sotto forma di edicola intitolata alla Madonna di Caravaggio.<\/strong><\/p>\n<div class=\"related-posts related-01\"><h4>Leggi anche<\/h4><ul><li><a title=\"Abbattuto il rudere alla Malpensata, rotonda nuova a ottobre\" target=\"_blank\" href=\"https:\/\/staging.varesenews.it\/2015\/06\/abbattuto-il-rudere-alla-malpensata-rotonda-nuova-a-ottobre\/382006\/\"><strong>Mesenzana <\/strong> - Abbattuto il rudere alla Malpensata, rotonda nuova a ottobre<\/a><\/li><li><a title=\"Rotonda della Malpensata, &#8220;anche col commissario si far\u00e0&#8221;\" target=\"_blank\" href=\"https:\/\/staging.varesenews.it\/2014\/02\/rotonda-della-malpensata-anche-col-commissario-si-fara\/41311\/\"><strong>Mesenzana  <\/strong> - Rotonda della Malpensata, &#8220;anche col commissario si far\u00e0&#8221;<\/a><\/li><\/ul><\/div>\n<p>In merito ai servizi per i pedoni, \u00e8 prevista <strong>la fermata del pullman in banchina<\/strong>. Una sicurezza in pi\u00f9 soprattutto per gli studenti che si servono al mattino e nelle ore del rientro della linea <strong>Luino-Cittiglio e Luino-Ghirla-Varese.<\/strong><\/p>\n","protected":false},"excerpt":{"rendered":"<p>L\u2019incrocio, ormai finito sul piano viabilistico, tra gli svincoli pi\u00f9 pericolosi della 394. Verr\u00e0 ricostruita la cappelletta votiva e il pullman delle scuole fermer\u00e0 in banchina<\/p>\n","protected":false},"author":34,"featured_media":0,"comment_status":"open","ping_status":"open","sticky":false,"template":"","format":"standard","meta":{"footnotes":""},"categories":[2],"tags":[59602,24148],"acf":[],"yoast_head":"<!-- This site is optimized with the Yoast SEO plugin v20.1 - https:\/\/yoast.com\/wordpress\/plugins\/seo\/ -->\n<title>Quasi ultimata la rotatoria sulla statale<\/title>\n<meta name=\"description\" content=\"Quasi ultimata la rotatoria sulla statale\" \/>\n<meta name=\"robots\" content=\"noindex, follow, max-snippet:-1, max-image-preview:large, max-video-preview:-1\" \/>\n<meta property=\"og:locale\" content=\"it_IT\" \/>\n<meta property=\"og:type\" content=\"article\" \/>\n<meta property=\"og:title\" content=\"Quasi ultimata la rotatoria sulla statale\" \/>\n<meta property=\"og:description\" content=\"Quasi ultimata la rotatoria sulla statale\" \/>\n<meta property=\"og:url\" content=\"https:\/\/staging.varesenews.it\/2016\/03\/quasi-ultimata-la-rotatoria-sulla-statale\/502481\/\" \/>\n<meta property=\"og:site_name\" content=\"VareseNews\" \/>\n<meta property=\"article:publisher\" content=\"https:\/\/www.facebook.com\/varesenews\" \/>\n<meta property=\"article:author\" content=\"https:\/\/www.facebook.com\/andrea.camurani?fref=photo\" \/>\n<meta property=\"article:published_time\" content=\"2016-03-31T08:36:56+00:00\" \/>\n<meta property=\"article:modified_time\" content=\"2016-03-31T08:41:29+00:00\" \/>\n<meta name=\"author\" content=\"Andrea Camurani\" \/>\n<meta name=\"twitter:card\" content=\"summary_large_image\" \/>\n<meta name=\"twitter:creator\" content=\"@AndreaCamurani\" \/>\n<meta name=\"twitter:site\" content=\"@varesenews\" \/>\n<meta name=\"twitter:label1\" content=\"Scritto da\" \/>\n\t<meta name=\"twitter:data1\" content=\"Andrea Camurani\" \/>\n\t<meta name=\"twitter:label2\" content=\"Tempo di lettura stimato\" \/>\n\t<meta name=\"twitter:data2\" content=\"1 minuto\" \/>\n<script type=\"application\/ld+json\" class=\"yoast-schema-graph\">{\"@context\":\"https:\/\/schema.org\",\"@graph\":[{\"@type\":\"WebPage\",\"@id\":\"https:\/\/staging.varesenews.it\/2016\/03\/quasi-ultimata-la-rotatoria-sulla-statale\/502481\/\",\"url\":\"https:\/\/staging.varesenews.it\/2016\/03\/quasi-ultimata-la-rotatoria-sulla-statale\/502481\/\",\"name\":\"Quasi ultimata la rotatoria sulla statale\",\"isPartOf\":{\"@id\":\"https:\/\/staging.varesenews.it\/#website\"},\"datePublished\":\"2016-03-31T08:36:56+00:00\",\"dateModified\":\"2016-03-31T08:41:29+00:00\",\"author\":{\"@id\":\"https:\/\/staging.varesenews.it\/#\/schema\/person\/3eb5832c6beae763de8d9596fdbe8c49\"},\"description\":\"Quasi ultimata la rotatoria sulla statale\",\"breadcrumb\":{\"@id\":\"https:\/\/staging.varesenews.it\/2016\/03\/quasi-ultimata-la-rotatoria-sulla-statale\/502481\/#breadcrumb\"},\"inLanguage\":\"it-IT\",\"potentialAction\":[{\"@type\":\"ReadAction\",\"target\":[\"https:\/\/staging.varesenews.it\/2016\/03\/quasi-ultimata-la-rotatoria-sulla-statale\/502481\/\"]}]},{\"@type\":\"BreadcrumbList\",\"@id\":\"https:\/\/staging.varesenews.it\/2016\/03\/quasi-ultimata-la-rotatoria-sulla-statale\/502481\/#breadcrumb\",\"itemListElement\":[{\"@type\":\"ListItem\",\"position\":1,\"name\":\"Home\",\"item\":\"https:\/\/www.varesenews.it\/\"},{\"@type\":\"ListItem\",\"position\":2,\"name\":\"Quasi ultimata la rotatoria sulla statale\"}]},{\"@type\":\"WebSite\",\"@id\":\"https:\/\/staging.varesenews.it\/#website\",\"url\":\"https:\/\/staging.varesenews.it\/\",\"name\":\"VareseNews\",\"description\":\"\",\"potentialAction\":[{\"@type\":\"SearchAction\",\"target\":{\"@type\":\"EntryPoint\",\"urlTemplate\":\"https:\/\/staging.varesenews.it\/?s={search_term_string}\"},\"query-input\":\"required name=search_term_string\"}],\"inLanguage\":\"it-IT\"},{\"@type\":\"Person\",\"@id\":\"https:\/\/staging.varesenews.it\/#\/schema\/person\/3eb5832c6beae763de8d9596fdbe8c49\",\"name\":\"Andrea Camurani\",\"image\":{\"@type\":\"ImageObject\",\"inLanguage\":\"it-IT\",\"@id\":\"https:\/\/staging.varesenews.it\/#\/schema\/person\/image\/\",\"url\":\"https:\/\/staging.varesenews.it\/wp-content\/uploads\/2020\/12\/andrea_camurani_colori_500.jpg\",\"contentUrl\":\"https:\/\/staging.varesenews.it\/wp-content\/uploads\/2020\/12\/andrea_camurani_colori_500.jpg\",\"caption\":\"Andrea Camurani\"},\"description\":\"Sono figlio degli anni Settanta e di Milano, dove ho imparato a riconoscere buoni e cattivi. Laurea in scienze politiche, lavoro a VareseNews dal 2000. Racconto quel che trovo quando incontro chi vuole lasciare al mondo un pezzetto di vita, che si chiama cronaca. &ldquo;...perch&eacute; &egrave; la gente il pi&ugrave; grande spettacolo del mondo. E non si paga il biglietto...&rdquo; (Charles Bukowsky)\",\"sameAs\":[\"https:\/\/www.facebook.com\/andrea.camurani?fref=photo\",\"andreacamurani\",\"https:\/\/www.linkedin.com\/hp\/?dnr=A9a84RfzsLdo9xg4NcGV4dLiMknoc9ms4WM\",\"https:\/\/twitter.com\/AndreaCamurani\"],\"url\":\"https:\/\/staging.varesenews.it\/persona\/andrea_camurani\/\"}]}<\/script>\n<!-- \/ Yoast SEO plugin. -->","yoast_head_json":{"title":"Quasi ultimata la rotatoria sulla statale","description":"Quasi ultimata la rotatoria sulla statale","robots":{"index":"noindex","follow":"follow","max-snippet":"max-snippet:-1","max-image-preview":"max-image-preview:large","max-video-preview":"max-video-preview:-1"},"og_locale":"it_IT","og_type":"article","og_title":"Quasi ultimata la rotatoria sulla statale","og_description":"Quasi ultimata la rotatoria sulla statale","og_url":"https:\/\/staging.varesenews.it\/2016\/03\/quasi-ultimata-la-rotatoria-sulla-statale\/502481\/","og_site_name":"VareseNews","article_publisher":"https:\/\/www.facebook.com\/varesenews","article_author":"https:\/\/www.facebook.com\/andrea.camurani?fref=photo","article_published_time":"2016-03-31T08:36:56+00:00","article_modified_time":"2016-03-31T08:41:29+00:00","author":"Andrea Camurani","twitter_card":"summary_large_image","twitter_creator":"@AndreaCamurani","twitter_site":"@varesenews","twitter_misc":{"Scritto da":"Andrea Camurani","Tempo di lettura stimato":"1 minuto"},"schema":{"@context":"https:\/\/schema.org","@graph":[{"@type":"WebPage","@id":"https:\/\/staging.varesenews.it\/2016\/03\/quasi-ultimata-la-rotatoria-sulla-statale\/502481\/","url":"https:\/\/staging.varesenews.it\/2016\/03\/quasi-ultimata-la-rotatoria-sulla-statale\/502481\/","name":"Quasi ultimata la rotatoria sulla statale","isPartOf":{"@id":"https:\/\/staging.varesenews.it\/#website"},"datePublished":"2016-03-31T08:36:56+00:00","dateModified":"2016-03-31T08:41:29+00:00","author":{"@id":"https:\/\/staging.varesenews.it\/#\/schema\/person\/3eb5832c6beae763de8d9596fdbe8c49"},"description":"Quasi ultimata la rotatoria sulla statale","breadcrumb":{"@id":"https:\/\/staging.varesenews.it\/2016\/03\/quasi-ultimata-la-rotatoria-sulla-statale\/502481\/#breadcrumb"},"inLanguage":"it-IT","potentialAction":[{"@type":"ReadAction","target":["https:\/\/staging.varesenews.it\/2016\/03\/quasi-ultimata-la-rotatoria-sulla-statale\/502481\/"]}]},{"@type":"BreadcrumbList","@id":"https:\/\/staging.varesenews.it\/2016\/03\/quasi-ultimata-la-rotatoria-sulla-statale\/502481\/#breadcrumb","itemListElement":[{"@type":"ListItem","position":1,"name":"Home","item":"https:\/\/www.varesenews.it\/"},{"@type":"ListItem","position":2,"name":"Quasi ultimata la rotatoria sulla statale"}]},{"@type":"WebSite","@id":"https:\/\/staging.varesenews.it\/#website","url":"https:\/\/staging.varesenews.it\/","name":"VareseNews","description":"","potentialAction":[{"@type":"SearchAction","target":{"@type":"EntryPoint","urlTemplate":"https:\/\/staging.varesenews.it\/?s={search_term_string}"},"query-input":"required name=search_term_string"}],"inLanguage":"it-IT"},{"@type":"Person","@id":"https:\/\/staging.varesenews.it\/#\/schema\/person\/3eb5832c6beae763de8d9596fdbe8c49","name":"Andrea Camurani","image":{"@type":"ImageObject","inLanguage":"it-IT","@id":"https:\/\/staging.varesenews.it\/#\/schema\/person\/image\/","url":"https:\/\/staging.varesenews.it\/wp-content\/uploads\/2020\/12\/andrea_camurani_colori_500.jpg","contentUrl":"https:\/\/staging.varesenews.it\/wp-content\/uploads\/2020\/12\/andrea_camurani_colori_500.jpg","caption":"Andrea Camurani"},"description":"Sono figlio degli anni Settanta e di Milano, dove ho imparato a riconoscere buoni e cattivi. Laurea in scienze politiche, lavoro a VareseNews dal 2000. Racconto quel che trovo quando incontro chi vuole lasciare al mondo un pezzetto di vita, che si chiama cronaca. &ldquo;...perch&eacute; &egrave; la gente il pi&ugrave; grande spettacolo del mondo. E non si paga il biglietto...&rdquo; (Charles Bukowsky)","sameAs":["https:\/\/www.facebook.com\/andrea.camurani?fref=photo","andreacamurani","https:\/\/www.linkedin.com\/hp\/?dnr=A9a84RfzsLdo9xg4NcGV4dLiMknoc9ms4WM","https:\/\/twitter.com\/AndreaCamurani"],"url":"https:\/\/staging.varesenews.it\/persona\/andrea_camurani\/"}]}},"post_meta":{"_edit_lock":"1459415104:34","_edit_last":"34","_category_permalink":"","wdfb_og_title":"","wdfb_og_type":"","wdfb_og_description":"","wdfb_og_images":"a:1:{i:0;s:0:\"\";}","wdfb_og_custom_name":"a:1:{i:0;s:0:\"\";}","wdfb_og_custom_value":"a:1:{i:0;s:0:\"\";}","foto":"527915","argomento":"Mesenzana","_yoast_wpseo_focuskw":"Quasi ultimata la rotatoria sulla statale","_yoast_wpseo_metadesc":"Quasi ultimata la rotatoria sulla statale","_jd_twitter":"","_jd_tweet_this":"yes","ratings_users":"0","ratings_score":"0","ratings_average":"0","_wpt_short_url":"http:\/\/www.varesenews.it\/2016\/03\/quasi-ultimata-la-rotatoria-sulla-statale\/502481\/","_wp_jd_target":"http:\/\/www.varesenews.it\/2016\/03\/quasi-ultimata-la-rotatoria-sulla-statale\/502481\/","_jd_wp_twitter":"a:1:{i:0;s:125:\"Quasi ultimata la rotatoria sulla statale http:\/\/www.varesenews.it\/2016\/03\/quasi-ultimata-la-rotatoria-sulla-statale\/502481\/ \";}","_wpt_status_message":"Tweet inviato con successo.","_yoast_wpseo_linkdex":"73","id_leggi_anche":"382006,41311","id_link_fotogallery":"502499"},"photos":[{"original":"https:\/\/staging.varesenews.it\/photogallery_new\/images\/2016\/03\/rotatoria-strada-statale-394-mesenzana-527915.jpg","full":"https:\/\/staging.varesenews.it\/photogallery_new\/images\/2016\/03\/rotatoria-strada-statale-394-mesenzana-527915.1024x768.jpg","large":"https:\/\/staging.varesenews.it\/photogallery_new\/images\/2016\/03\/rotatoria-strada-statale-394-mesenzana-527915.610x431.jpg"}],"_links":{"self":[{"href":"https:\/\/staging.varesenews.it\/swgapi\/v1\/wp\/v2\/posts\/502481"}],"collection":[{"href":"https:\/\/staging.varesenews.it\/swgapi\/v1\/wp\/v2\/posts"}],"about":[{"href":"https:\/\/staging.varesenews.it\/swgapi\/v1\/wp\/v2\/types\/post"}],"author":[{"embeddable":true,"href":"https:\/\/staging.varesenews.it\/swgapi\/v1\/wp\/v2\/users\/34"}],"replies":[{"embeddable":true,"href":"https:\/\/staging.varesenews.it\/swgapi\/v1\/wp\/v2\/comments?post=502481"}],"version-history":[{"count":0,"href":"https:\/\/staging.varesenews.it\/swgapi\/v1\/wp\/v2\/posts\/502481\/revisions"}],"wp:attachment":[{"href":"https:\/\/staging.varesenews.it\/swgapi\/v1\/wp\/v2\/media?parent=502481"}],"wp:term":[{"taxonomy":"category","embeddable":true,"href":"https:\/\/staging.varesenews.it\/swgapi\/v1\/wp\/v2\/categories?post=502481"},{"taxonomy":"post_tag","embeddable":true,"href":"https:\/\/staging.varesenews.it\/swgapi\/v1\/wp\/v2\/tags?post=502481"}],"curies":[{"name":"wp","href":"https:\/\/api.w.org\/{rel}","templated":true}]}}