{"id":50506,"date":"2013-10-08T00:00:00","date_gmt":"2013-10-08T00:00:00","guid":{"rendered":""},"modified":"2013-10-08T00:00:00","modified_gmt":"2013-10-08T00:00:00","slug":"un-talent-show-dedicato-alla-moda","status":"publish","type":"post","link":"https:\/\/staging.varesenews.it\/2013\/10\/un-talent-show-dedicato-alla-moda\/50506\/","title":{"rendered":"Un talent show dedicato alla moda"},"content":{"rendered":"<p><img loading=\"lazy\" decoding=\"async\" src=\"https:\/\/www3.varesenews.it\/immagini_articoli\/201310\/comon.jpg\" width=\"250\" height=\"190\" vspace=\"5\" hspace=\"5\" border=\"1\" align=\"left\" alt=\"\" \/>Inaugura domani, <strong>mercoled&igrave; 9 ottobre<\/strong> alle 18.30, presso lo Spazio Culturale Antonio Ratti a Como (Largo Spallino 1) la mostra con i lavori realizzati dagli studenti delle pi&ugrave; importanti universit&agrave; di moda italiane nell&rsquo;ambito del &ldquo;<strong>comON Fashion Talents&rdquo;<\/strong>.<br \/>\nSi tratta di un vero e proprio reality creativo che &ndash; unendo fashion, food e design &ndash; ha coinvolto le pi&ugrave; importanti universit&agrave; di moda italiane: Politecnico di Milano e FIT New York, NABA Nuova Accademia di Belle Arti di Milano, IED Istituto Europeo del Design di Milano, Istituto Carlo Secoli di Milano, Istituto Marangoni di Milano, Accademia Belle Arti Aldo Galli di Como.<\/p>\n<p>Ciascun istituto &egrave; stato abbinato ad una nazione diversa, scelta tra i principali destinatari dell&rsquo;export tessile comasco, e agli studenti &egrave; stato chiesto di realizzare due outfits, uno donna ed uno uomo, e di creare un brand come in un vero atelier facendosi influenzare dalla cultura, dai colori, dai sapori del Paese di riferimento.<\/p>\n<p>Questi gli abbinamenti scuola\/nazione: Politecnico di Milano (con FIT di New York)\/USA; NABA Nuova Accademia di Belle Arti di Milano\/Giappone; Accademia Belle Arti Aldo Galli di Como\/India; IED Istituto Europeo del Design di Milano\/Russia; Istituto Carlo Secoli di Milano\/Cina; Istituto Marangoni di Milano\/Francia.<\/p>\n<p>&laquo;Il progetto di <a href=\"http:\/\/www.comon-co.it\" target=\"_blank\">comON 2013<\/a> dedicato alle scuole &ndash; commenta <strong>Cristina Vigan&ograve;<\/strong>, referente del progetto &#8211; si basa come sempre, e ancor pi&ugrave; degli anni passati, sulla creativit&agrave; dei giovani, la loro fresca intuizione e il loro travolgente entusiasmo che vengono messi a confronto con le realt&agrave; lavorative nelle varie professioni tecnico-fashion. Il tema del cibo &egrave; il trend pi&ugrave; attuale (in vista anche di Expo2015) e motivo di identit&agrave;, individuale e collettiva, che unisce tutti i lavori realizzati nella filosofia, nei colori, nelle grafiche, nelle linee.Viene evidenziato ed esaltato, nella ferma convinzione della necessit&agrave; di una formazione continua, il rapporto di coinvolgimento e scambio tra le visioni dei giovani che assorbono valori e le esperienze dei cosiddetti grandi che ritrovano i sogni&raquo;.<\/p>\n<p>La mostra sar&agrave; aperta fino al 27 ottobre: dal luned&igrave; al venerd&igrave; dalle 10 alle 13, sabato e domenica dalle 10 alle 18.&nbsp;I migliori lavori verranno premiati in occasione di un evento internazionale a Villa d&rsquo;Este a Cernobbio (ingresso solo su invito), l&rsquo;11 ottobre, alla presenza dei rappresentanti diplomatici dei 6 Paesi a cui gli studenti delle scuole si sono ispirati nella realizzazione del progetto.<\/p>\n<p><\/p>\n","protected":false},"excerpt":{"rendered":"<p>Inaugura mercoled\u00ec 9 ottobre presso lo Spazio Culturale Antonio Ratti, la mostra con i lavori realizzati dagli studenti delle pi\u00f9 importanti universit\u00e0 di moda italiane nell\u2019ambito del \u201ccomON Fashion Talents\u201d<\/p>\n","protected":false},"author":10,"featured_media":0,"comment_status":"open","ping_status":"open","sticky":false,"template":"","format":"standard","meta":{"footnotes":""},"categories":[8,26,90],"tags":[132,73929,13339],"acf":[],"yoast_head":"<!-- This site is optimized with the Yoast SEO plugin v20.1 - https:\/\/yoast.com\/wordpress\/plugins\/seo\/ -->\n<title>Un talent show dedicato alla moda<\/title>\n<meta name=\"description\" content=\"Inaugura mercoled\u00ec 9 ottobre presso lo Spazio Culturale Antonio Ratti, la mostra con i lavori realizzati dagli studenti delle pi\u00f9 importanti universit\u00e0 di moda italiane nell\u2019ambito del \u201ccomON Fashion Talents\u201d\" \/>\n<meta name=\"robots\" content=\"noindex, follow, max-snippet:-1, max-image-preview:large, max-video-preview:-1\" \/>\n<meta property=\"og:locale\" content=\"it_IT\" \/>\n<meta property=\"og:type\" content=\"article\" \/>\n<meta property=\"og:title\" content=\"Un talent show dedicato alla moda\" \/>\n<meta property=\"og:description\" content=\"Inaugura mercoled\u00ec 9 ottobre presso lo Spazio Culturale Antonio Ratti, la mostra con i lavori realizzati dagli studenti delle pi\u00f9 importanti universit\u00e0 di moda italiane nell\u2019ambito del \u201ccomON Fashion Talents\u201d\" \/>\n<meta property=\"og:url\" content=\"https:\/\/staging.varesenews.it\/2013\/10\/un-talent-show-dedicato-alla-moda\/50506\/\" \/>\n<meta property=\"og:site_name\" content=\"VareseNews\" \/>\n<meta property=\"article:publisher\" content=\"https:\/\/www.facebook.com\/varesenews\" \/>\n<meta property=\"article:published_time\" content=\"2013-10-08T00:00:00+00:00\" \/>\n<meta property=\"og:image\" content=\"https:\/\/www3.varesenews.it\/immagini_articoli\/201310\/comon.jpg\" \/>\n<meta name=\"author\" content=\"Redazione VareseNews\" \/>\n<meta name=\"twitter:card\" content=\"summary_large_image\" \/>\n<meta name=\"twitter:creator\" content=\"@varesenews\" \/>\n<meta name=\"twitter:site\" content=\"@varesenews\" \/>\n<meta name=\"twitter:label1\" content=\"Scritto da\" \/>\n\t<meta name=\"twitter:data1\" content=\"Redazione VareseNews\" \/>\n\t<meta name=\"twitter:label2\" content=\"Tempo di lettura stimato\" \/>\n\t<meta name=\"twitter:data2\" content=\"2 minuti\" \/>\n<script type=\"application\/ld+json\" class=\"yoast-schema-graph\">{\"@context\":\"https:\/\/schema.org\",\"@graph\":[{\"@type\":\"WebPage\",\"@id\":\"https:\/\/staging.varesenews.it\/2013\/10\/un-talent-show-dedicato-alla-moda\/50506\/\",\"url\":\"https:\/\/staging.varesenews.it\/2013\/10\/un-talent-show-dedicato-alla-moda\/50506\/\",\"name\":\"Un talent show dedicato alla moda\",\"isPartOf\":{\"@id\":\"https:\/\/staging.varesenews.it\/#website\"},\"datePublished\":\"2013-10-08T00:00:00+00:00\",\"dateModified\":\"2013-10-08T00:00:00+00:00\",\"author\":{\"@id\":\"https:\/\/staging.varesenews.it\/#\/schema\/person\/fb20c4da0b7b16c291707a20db73e169\"},\"description\":\"Inaugura mercoled\u00ec 9 ottobre presso lo Spazio Culturale Antonio Ratti, la mostra con i lavori realizzati dagli studenti delle pi\u00f9 importanti universit\u00e0 di moda italiane nell\u2019ambito del \u201ccomON Fashion Talents\u201d\",\"breadcrumb\":{\"@id\":\"https:\/\/staging.varesenews.it\/2013\/10\/un-talent-show-dedicato-alla-moda\/50506\/#breadcrumb\"},\"inLanguage\":\"it-IT\",\"potentialAction\":[{\"@type\":\"ReadAction\",\"target\":[\"https:\/\/staging.varesenews.it\/2013\/10\/un-talent-show-dedicato-alla-moda\/50506\/\"]}]},{\"@type\":\"BreadcrumbList\",\"@id\":\"https:\/\/staging.varesenews.it\/2013\/10\/un-talent-show-dedicato-alla-moda\/50506\/#breadcrumb\",\"itemListElement\":[{\"@type\":\"ListItem\",\"position\":1,\"name\":\"Home\",\"item\":\"https:\/\/www.varesenews.it\/\"},{\"@type\":\"ListItem\",\"position\":2,\"name\":\"Un talent show dedicato alla moda\"}]},{\"@type\":\"WebSite\",\"@id\":\"https:\/\/staging.varesenews.it\/#website\",\"url\":\"https:\/\/staging.varesenews.it\/\",\"name\":\"VareseNews\",\"description\":\"\",\"potentialAction\":[{\"@type\":\"SearchAction\",\"target\":{\"@type\":\"EntryPoint\",\"urlTemplate\":\"https:\/\/staging.varesenews.it\/?s={search_term_string}\"},\"query-input\":\"required name=search_term_string\"}],\"inLanguage\":\"it-IT\"},{\"@type\":\"Person\",\"@id\":\"https:\/\/staging.varesenews.it\/#\/schema\/person\/fb20c4da0b7b16c291707a20db73e169\",\"name\":\"Redazione VareseNews\",\"image\":{\"@type\":\"ImageObject\",\"inLanguage\":\"it-IT\",\"@id\":\"https:\/\/staging.varesenews.it\/#\/schema\/person\/image\/\",\"url\":\"https:\/\/staging.varesenews.it\/wp-content\/uploads\/2020\/12\/logo_VN_colori_500.png\",\"contentUrl\":\"https:\/\/staging.varesenews.it\/wp-content\/uploads\/2020\/12\/logo_VN_colori_500.png\",\"caption\":\"Redazione VareseNews\"},\"url\":\"https:\/\/staging.varesenews.it\/persona\/redazione1\/\"}]}<\/script>\n<!-- \/ Yoast SEO plugin. -->","yoast_head_json":{"title":"Un talent show dedicato alla moda","description":"Inaugura mercoled\u00ec 9 ottobre presso lo Spazio Culturale Antonio Ratti, la mostra con i lavori realizzati dagli studenti delle pi\u00f9 importanti universit\u00e0 di moda italiane nell\u2019ambito del \u201ccomON Fashion Talents\u201d","robots":{"index":"noindex","follow":"follow","max-snippet":"max-snippet:-1","max-image-preview":"max-image-preview:large","max-video-preview":"max-video-preview:-1"},"og_locale":"it_IT","og_type":"article","og_title":"Un talent show dedicato alla moda","og_description":"Inaugura mercoled\u00ec 9 ottobre presso lo Spazio Culturale Antonio Ratti, la mostra con i lavori realizzati dagli studenti delle pi\u00f9 importanti universit\u00e0 di moda italiane nell\u2019ambito del \u201ccomON Fashion Talents\u201d","og_url":"https:\/\/staging.varesenews.it\/2013\/10\/un-talent-show-dedicato-alla-moda\/50506\/","og_site_name":"VareseNews","article_publisher":"https:\/\/www.facebook.com\/varesenews","article_published_time":"2013-10-08T00:00:00+00:00","og_image":[{"url":"https:\/\/www3.varesenews.it\/immagini_articoli\/201310\/comon.jpg"}],"author":"Redazione VareseNews","twitter_card":"summary_large_image","twitter_creator":"@varesenews","twitter_site":"@varesenews","twitter_misc":{"Scritto da":"Redazione VareseNews","Tempo di lettura stimato":"2 minuti"},"schema":{"@context":"https:\/\/schema.org","@graph":[{"@type":"WebPage","@id":"https:\/\/staging.varesenews.it\/2013\/10\/un-talent-show-dedicato-alla-moda\/50506\/","url":"https:\/\/staging.varesenews.it\/2013\/10\/un-talent-show-dedicato-alla-moda\/50506\/","name":"Un talent show dedicato alla moda","isPartOf":{"@id":"https:\/\/staging.varesenews.it\/#website"},"datePublished":"2013-10-08T00:00:00+00:00","dateModified":"2013-10-08T00:00:00+00:00","author":{"@id":"https:\/\/staging.varesenews.it\/#\/schema\/person\/fb20c4da0b7b16c291707a20db73e169"},"description":"Inaugura mercoled\u00ec 9 ottobre presso lo Spazio Culturale Antonio Ratti, la mostra con i lavori realizzati dagli studenti delle pi\u00f9 importanti universit\u00e0 di moda italiane nell\u2019ambito del \u201ccomON Fashion Talents\u201d","breadcrumb":{"@id":"https:\/\/staging.varesenews.it\/2013\/10\/un-talent-show-dedicato-alla-moda\/50506\/#breadcrumb"},"inLanguage":"it-IT","potentialAction":[{"@type":"ReadAction","target":["https:\/\/staging.varesenews.it\/2013\/10\/un-talent-show-dedicato-alla-moda\/50506\/"]}]},{"@type":"BreadcrumbList","@id":"https:\/\/staging.varesenews.it\/2013\/10\/un-talent-show-dedicato-alla-moda\/50506\/#breadcrumb","itemListElement":[{"@type":"ListItem","position":1,"name":"Home","item":"https:\/\/www.varesenews.it\/"},{"@type":"ListItem","position":2,"name":"Un talent show dedicato alla moda"}]},{"@type":"WebSite","@id":"https:\/\/staging.varesenews.it\/#website","url":"https:\/\/staging.varesenews.it\/","name":"VareseNews","description":"","potentialAction":[{"@type":"SearchAction","target":{"@type":"EntryPoint","urlTemplate":"https:\/\/staging.varesenews.it\/?s={search_term_string}"},"query-input":"required name=search_term_string"}],"inLanguage":"it-IT"},{"@type":"Person","@id":"https:\/\/staging.varesenews.it\/#\/schema\/person\/fb20c4da0b7b16c291707a20db73e169","name":"Redazione VareseNews","image":{"@type":"ImageObject","inLanguage":"it-IT","@id":"https:\/\/staging.varesenews.it\/#\/schema\/person\/image\/","url":"https:\/\/staging.varesenews.it\/wp-content\/uploads\/2020\/12\/logo_VN_colori_500.png","contentUrl":"https:\/\/staging.varesenews.it\/wp-content\/uploads\/2020\/12\/logo_VN_colori_500.png","caption":"Redazione VareseNews"},"url":"https:\/\/staging.varesenews.it\/persona\/redazione1\/"}]}},"post_meta":{"id_old":"273054","argomento":"Como"},"photos":[],"_links":{"self":[{"href":"https:\/\/staging.varesenews.it\/swgapi\/v1\/wp\/v2\/posts\/50506"}],"collection":[{"href":"https:\/\/staging.varesenews.it\/swgapi\/v1\/wp\/v2\/posts"}],"about":[{"href":"https:\/\/staging.varesenews.it\/swgapi\/v1\/wp\/v2\/types\/post"}],"author":[{"embeddable":true,"href":"https:\/\/staging.varesenews.it\/swgapi\/v1\/wp\/v2\/users\/10"}],"replies":[{"embeddable":true,"href":"https:\/\/staging.varesenews.it\/swgapi\/v1\/wp\/v2\/comments?post=50506"}],"version-history":[{"count":0,"href":"https:\/\/staging.varesenews.it\/swgapi\/v1\/wp\/v2\/posts\/50506\/revisions"}],"wp:attachment":[{"href":"https:\/\/staging.varesenews.it\/swgapi\/v1\/wp\/v2\/media?parent=50506"}],"wp:term":[{"taxonomy":"category","embeddable":true,"href":"https:\/\/staging.varesenews.it\/swgapi\/v1\/wp\/v2\/categories?post=50506"},{"taxonomy":"post_tag","embeddable":true,"href":"https:\/\/staging.varesenews.it\/swgapi\/v1\/wp\/v2\/tags?post=50506"}],"curies":[{"name":"wp","href":"https:\/\/api.w.org\/{rel}","templated":true}]}}