{"id":505263,"date":"2016-04-05T10:05:15","date_gmt":"2016-04-05T08:05:15","guid":{"rendered":"http:\/\/www.varesenews.it\/?p=505263"},"modified":"2016-04-05T10:05:15","modified_gmt":"2016-04-05T08:05:15","slug":"la-dafne-mezereo","status":"publish","type":"post","link":"https:\/\/staging.varesenews.it\/2016\/04\/la-dafne-mezereo\/505263\/","title":{"rendered":"La dafne mezereo"},"content":{"rendered":"<p>La scorsa settimana ho avuto qualche piccolo guaio a cominciare da un forte male ai denti che il dentista ha stabilito trattarsi di ascesso, il computer sul quale stavo lavorando con foto riprese al parco Morselli e nella villa Cagnola della Rasa, si \u00e8 stato reso inagibile da un programma che per mia distrazione ha potuto inserirsi, per farla breve mi sono trovato senza il materiale che potesse sostenere l\u2019articolo che stavo preparando. La decisione \u00e8 stata di aspettare il marted\u00ec per procurarmi del materiale nuovo.<\/p>\n<p>Marted\u00ec 29\/3 al mattino mi reco a Brinzio nella zona del laghetto e subito trovo la Dafne fiorita scatto le foto ma la macchina non funziona passa un conoscente, colgo l\u2019occasione per mostrargli la Dafne e scambiamo quattro chiacchere finch\u00e9 non veniamo raggiunti dalla nipote di lui che avverte che a casa \u00e8 aspettato per il pranzo, anche per me \u00e8 ora di tornare. Una volta a casa riprogrammo la macchina fotografica e mi accerto che funzioni, cos\u00ec\u00a0 subito dopo aver pranzato, torno a Brinzio a fotografare la Dafne mezereo (1, 2) (Daphne mezereum) questa Thymelecea particolarmente tossica in tutte le sue parti veniva utilizzata dalle giovani donne per la profumazione della biancheria staccando i piccoli rametti fioriti e mettendoli nei cassetti dove erano conservati gli indumenti, di queste cose si racconta ma \u00e8 mia convinzione che queste usanze siano diventate pi\u00f9 leggenda che realt\u00e0, invece ho avuto modo di constatare che gli uomini prendano questi arbusti per trapiantarli nei propri giardini e la cosa constatata pochi anni fa mi ha turbato abbastanza perch\u00e9 seppure bella la dafne \u00e8 un arbusto tossico in tutte le sue parti e, particolarmente i frutti sono ad altissima tossicit\u00e0.<\/p>\n<p>Vicino alla Dafne vi sono numerose piante di Scilla silvestre (3, 4)(Scilla bifolia) fotografo l\u2019esemplare cresciuto sul sentiero che essendo privo di fogliame consente una ottima visione d\u2019insieme di questa liliacea dai fiori blu sia nei petali sia negli stami ed anche il polline \u00e8 dello stesso colore. Mi allontano un poco per vedere segni di vita nella parte di lago prospiciente la strada ma ne rimango deluso, cos\u00ec decido di arrivare all\u2019acquedotto e li dove il terreno si presenta con un grado pi\u00f9 elevato di umidit\u00e0 vedo che spuntano ancora i Crochi bianchi (5, 6)(Crocus albiflorus),questa iridacea ricordo di averla fotografata almeno 3 settimane fa e non avrei mai pensato di vedere ancora dei bei fiori a questa distanza di tempo.<\/p>\n<p>Vedo un bellissimo una esemplare di Ranuncolo favagello (7) (Ranunculus ficaria), questa ranuncolacea non ha ancora messo i bulbilli bianchi che sono la sua caratteristica, vicino ci sono alcuni larici che portano i loro fiori ma non riesco a raggiungerli perch\u00e9 i rami si trovano ad oltre 2 m di altezza per cui non riesco a fare una foto che renda l\u2019idea della bellezza di questo fiore, vorr\u00e0 dire che la prossima settimana cercher\u00f2 in un sito con pendii quasi verticali di poterlo fotografare.<\/p>\n<p>Ma ecco un certo numero di viole con lo sperone pi\u00f9 chiaro dei petali i tratta della Viola di Rivinus (8) (Viola riviniana), non pensiate che sia un maniaco di viole ma semplicemente che ne esistono di diverse qualit\u00e0 e con caratteristiche differenti in ciascuna. Prima di tornare a casa noto una siepe di Bosso comune (9, 10)(Buxus sempervirens) pianta indigena che, nella\u00a0 vicina villa Cagnola, lo si pu\u00f2 vedere in forma arborea, fino a qualche anno fa veniva utilizzato come febbrifugo, successivamente abbandonato per l\u2019alta tossicit\u00e0.<\/p>\n<p>La domenica 3\/4 con mia moglie abbiamo deciso che saremmo andati al M.Chiusarella nella zona dell\u2019alpe Ravetta a verificare la situazione della vegetazione e dopo un breve giretto abbiamo concluso che a pochi giorni di distanza dovremmo assistere ad una vera e generalizzata fioritura di cui abbiamo colto i primi segnali fra cui la fioritura delle Vedovelle dei prati (11) (Globularia punctata) una bellissima globulariacea abbastanza comune nei prati secchi; la fioritura delle piante di Ginepro (12) (Juniperus communis) ricchissime di fiori sia le piante maschili come le femminili; anche il bocciolo del fiore del Pero corvino (13) (Amelanchier ovalis)ha gi\u00e0 perso tutta la peluria di copertura e mostra le striature rosa dei petali; anche il Prugnolo (14) (Prunus spinosa) \u00e8 tutto in fiore sostituendo il giallo del corniolo con il bel bianco dei propri fiori.<\/p>\n<p>Teresio Colombo<\/p>\n","protected":false},"excerpt":{"rendered":"<p>Nuova puntata del tour naturalistico del nostro lettore Teresio Colombo a spasso tra le bellezze del Varesotto<\/p>\n","protected":false},"author":39,"featured_media":0,"comment_status":"open","ping_status":"open","sticky":false,"template":"","format":"standard","meta":{"footnotes":""},"categories":[26,21,2],"tags":[1834,1229],"acf":[],"yoast_head":"<!-- This site is optimized with the Yoast SEO plugin v20.1 - https:\/\/yoast.com\/wordpress\/plugins\/seo\/ -->\n<title>La dafne mezereo<\/title>\n<meta name=\"description\" content=\"Nuova puntata del tour naturalistico del nostro lettore Teresio Colombo a spasso tra le bellezze del Varesotto\" \/>\n<meta name=\"robots\" content=\"noindex, follow, max-snippet:-1, max-image-preview:large, max-video-preview:-1\" \/>\n<meta property=\"og:locale\" content=\"it_IT\" \/>\n<meta property=\"og:type\" content=\"article\" \/>\n<meta property=\"og:title\" content=\"La dafne mezereo\" \/>\n<meta property=\"og:description\" content=\"Nuova puntata del tour naturalistico del nostro lettore Teresio Colombo a spasso tra le bellezze del Varesotto\" \/>\n<meta property=\"og:url\" content=\"https:\/\/staging.varesenews.it\/2016\/04\/la-dafne-mezereo\/505263\/\" \/>\n<meta property=\"og:site_name\" content=\"VareseNews\" \/>\n<meta property=\"article:publisher\" content=\"https:\/\/www.facebook.com\/varesenews\" \/>\n<meta property=\"article:author\" content=\"https:\/\/www.facebook.com\/tommaso.guidotti.7\" \/>\n<meta property=\"article:published_time\" content=\"2016-04-05T08:05:15+00:00\" \/>\n<meta name=\"author\" content=\"Tommaso Guidotti\" \/>\n<meta name=\"twitter:card\" content=\"summary_large_image\" \/>\n<meta name=\"twitter:creator\" content=\"@tomguidoz\" \/>\n<meta name=\"twitter:site\" content=\"@varesenews\" \/>\n<meta name=\"twitter:label1\" content=\"Scritto da\" \/>\n\t<meta name=\"twitter:data1\" content=\"Tommaso Guidotti\" \/>\n\t<meta name=\"twitter:label2\" content=\"Tempo di lettura stimato\" \/>\n\t<meta name=\"twitter:data2\" content=\"4 minuti\" \/>\n<script type=\"application\/ld+json\" class=\"yoast-schema-graph\">{\"@context\":\"https:\/\/schema.org\",\"@graph\":[{\"@type\":\"WebPage\",\"@id\":\"https:\/\/staging.varesenews.it\/2016\/04\/la-dafne-mezereo\/505263\/\",\"url\":\"https:\/\/staging.varesenews.it\/2016\/04\/la-dafne-mezereo\/505263\/\",\"name\":\"La dafne mezereo\",\"isPartOf\":{\"@id\":\"https:\/\/staging.varesenews.it\/#website\"},\"datePublished\":\"2016-04-05T08:05:15+00:00\",\"dateModified\":\"2016-04-05T08:05:15+00:00\",\"author\":{\"@id\":\"https:\/\/staging.varesenews.it\/#\/schema\/person\/5ae9c65889c40fea73a6c40733b93f8a\"},\"description\":\"Nuova puntata del tour naturalistico del nostro lettore Teresio Colombo a spasso tra le bellezze del Varesotto\",\"breadcrumb\":{\"@id\":\"https:\/\/staging.varesenews.it\/2016\/04\/la-dafne-mezereo\/505263\/#breadcrumb\"},\"inLanguage\":\"it-IT\",\"potentialAction\":[{\"@type\":\"ReadAction\",\"target\":[\"https:\/\/staging.varesenews.it\/2016\/04\/la-dafne-mezereo\/505263\/\"]}]},{\"@type\":\"BreadcrumbList\",\"@id\":\"https:\/\/staging.varesenews.it\/2016\/04\/la-dafne-mezereo\/505263\/#breadcrumb\",\"itemListElement\":[{\"@type\":\"ListItem\",\"position\":1,\"name\":\"Home\",\"item\":\"https:\/\/www.varesenews.it\/\"},{\"@type\":\"ListItem\",\"position\":2,\"name\":\"La dafne mezereo\"}]},{\"@type\":\"WebSite\",\"@id\":\"https:\/\/staging.varesenews.it\/#website\",\"url\":\"https:\/\/staging.varesenews.it\/\",\"name\":\"VareseNews\",\"description\":\"\",\"potentialAction\":[{\"@type\":\"SearchAction\",\"target\":{\"@type\":\"EntryPoint\",\"urlTemplate\":\"https:\/\/staging.varesenews.it\/?s={search_term_string}\"},\"query-input\":\"required name=search_term_string\"}],\"inLanguage\":\"it-IT\"},{\"@type\":\"Person\",\"@id\":\"https:\/\/staging.varesenews.it\/#\/schema\/person\/5ae9c65889c40fea73a6c40733b93f8a\",\"name\":\"Tommaso Guidotti\",\"image\":{\"@type\":\"ImageObject\",\"inLanguage\":\"it-IT\",\"@id\":\"https:\/\/staging.varesenews.it\/#\/schema\/person\/image\/\",\"url\":\"https:\/\/staging.varesenews.it\/wp-content\/uploads\/2020\/12\/tommaso_guidotti_colori_500.jpg\",\"contentUrl\":\"https:\/\/staging.varesenews.it\/wp-content\/uploads\/2020\/12\/tommaso_guidotti_colori_500.jpg\",\"caption\":\"Tommaso Guidotti\"},\"description\":\"Nato a Milano e trasferito nel Varesotto in tenera et&agrave;, sposato con Chiara dal 2012 e padre di due figli, Lorenzo e Alice. Sono laureato in Scienze Politiche e ho nel mio bagaglio lontani studi classici al Liceo Cairoli di Varese. Amo leggere, le serie tv, i viaggi e mi piace sperimentare e conoscere. La passione pi&ugrave; grande? Il calcio, giocato, simulato e guardato: occupo parte del mio tempo libero con quella che &egrave; pi&ugrave; di una squadra di calcio, i Bidone, una vera e propria seconda famiglia con cui ho portato avanti tanti progetti sportivi e benefici. Faccio parte dal 2004 della squadra di VareseNews e sono giornalista professionista dal 2009: per dieci anni ho ricoperto il ruolo di caporedattore. Dal 2019 coordino insieme ad una redazione di giovani collaboratori il nuovo progetto del gruppo nella zona del Saronnese, il giornale SaronnoNews, spin-off di VareseNews, restando comunque radicato al territorio di Casciago, paese che mi ha adottato e che amo moltissimo come il lago di Varese e Cazzago Brabbia, il paese dove ho vissuto da giovane.\",\"sameAs\":[\"https:\/\/www.facebook.com\/tommaso.guidotti.7\",\"tomguidoz80\",\"https:\/\/www.linkedin.com\/profile\/view?id=36891883&authType=name&authToken=9pNm&locale=en_US&goback=npv_36891883_*1_*1_name_9pNm_*1_*1_*1_*1_*1_*1_*1_*1_*1_*1_*1_*1_*1_*1_*1_*1_*1_*1_*1_*1_*1_*1_*1_*1_*1_*1_*1_*1_*1_*1_*1_*1_*1\",\"https:\/\/twitter.com\/tomguidoz\"],\"url\":\"https:\/\/staging.varesenews.it\/persona\/tommaso_guidotti\/\"}]}<\/script>\n<!-- \/ Yoast SEO plugin. -->","yoast_head_json":{"title":"La dafne mezereo","description":"Nuova puntata del tour naturalistico del nostro lettore Teresio Colombo a spasso tra le bellezze del Varesotto","robots":{"index":"noindex","follow":"follow","max-snippet":"max-snippet:-1","max-image-preview":"max-image-preview:large","max-video-preview":"max-video-preview:-1"},"og_locale":"it_IT","og_type":"article","og_title":"La dafne mezereo","og_description":"Nuova puntata del tour naturalistico del nostro lettore Teresio Colombo a spasso tra le bellezze del Varesotto","og_url":"https:\/\/staging.varesenews.it\/2016\/04\/la-dafne-mezereo\/505263\/","og_site_name":"VareseNews","article_publisher":"https:\/\/www.facebook.com\/varesenews","article_author":"https:\/\/www.facebook.com\/tommaso.guidotti.7","article_published_time":"2016-04-05T08:05:15+00:00","author":"Tommaso Guidotti","twitter_card":"summary_large_image","twitter_creator":"@tomguidoz","twitter_site":"@varesenews","twitter_misc":{"Scritto da":"Tommaso Guidotti","Tempo di lettura stimato":"4 minuti"},"schema":{"@context":"https:\/\/schema.org","@graph":[{"@type":"WebPage","@id":"https:\/\/staging.varesenews.it\/2016\/04\/la-dafne-mezereo\/505263\/","url":"https:\/\/staging.varesenews.it\/2016\/04\/la-dafne-mezereo\/505263\/","name":"La dafne mezereo","isPartOf":{"@id":"https:\/\/staging.varesenews.it\/#website"},"datePublished":"2016-04-05T08:05:15+00:00","dateModified":"2016-04-05T08:05:15+00:00","author":{"@id":"https:\/\/staging.varesenews.it\/#\/schema\/person\/5ae9c65889c40fea73a6c40733b93f8a"},"description":"Nuova puntata del tour naturalistico del nostro lettore Teresio Colombo a spasso tra le bellezze del Varesotto","breadcrumb":{"@id":"https:\/\/staging.varesenews.it\/2016\/04\/la-dafne-mezereo\/505263\/#breadcrumb"},"inLanguage":"it-IT","potentialAction":[{"@type":"ReadAction","target":["https:\/\/staging.varesenews.it\/2016\/04\/la-dafne-mezereo\/505263\/"]}]},{"@type":"BreadcrumbList","@id":"https:\/\/staging.varesenews.it\/2016\/04\/la-dafne-mezereo\/505263\/#breadcrumb","itemListElement":[{"@type":"ListItem","position":1,"name":"Home","item":"https:\/\/www.varesenews.it\/"},{"@type":"ListItem","position":2,"name":"La dafne mezereo"}]},{"@type":"WebSite","@id":"https:\/\/staging.varesenews.it\/#website","url":"https:\/\/staging.varesenews.it\/","name":"VareseNews","description":"","potentialAction":[{"@type":"SearchAction","target":{"@type":"EntryPoint","urlTemplate":"https:\/\/staging.varesenews.it\/?s={search_term_string}"},"query-input":"required name=search_term_string"}],"inLanguage":"it-IT"},{"@type":"Person","@id":"https:\/\/staging.varesenews.it\/#\/schema\/person\/5ae9c65889c40fea73a6c40733b93f8a","name":"Tommaso Guidotti","image":{"@type":"ImageObject","inLanguage":"it-IT","@id":"https:\/\/staging.varesenews.it\/#\/schema\/person\/image\/","url":"https:\/\/staging.varesenews.it\/wp-content\/uploads\/2020\/12\/tommaso_guidotti_colori_500.jpg","contentUrl":"https:\/\/staging.varesenews.it\/wp-content\/uploads\/2020\/12\/tommaso_guidotti_colori_500.jpg","caption":"Tommaso Guidotti"},"description":"Nato a Milano e trasferito nel Varesotto in tenera et&agrave;, sposato con Chiara dal 2012 e padre di due figli, Lorenzo e Alice. Sono laureato in Scienze Politiche e ho nel mio bagaglio lontani studi classici al Liceo Cairoli di Varese. Amo leggere, le serie tv, i viaggi e mi piace sperimentare e conoscere. La passione pi&ugrave; grande? Il calcio, giocato, simulato e guardato: occupo parte del mio tempo libero con quella che &egrave; pi&ugrave; di una squadra di calcio, i Bidone, una vera e propria seconda famiglia con cui ho portato avanti tanti progetti sportivi e benefici. Faccio parte dal 2004 della squadra di VareseNews e sono giornalista professionista dal 2009: per dieci anni ho ricoperto il ruolo di caporedattore. Dal 2019 coordino insieme ad una redazione di giovani collaboratori il nuovo progetto del gruppo nella zona del Saronnese, il giornale SaronnoNews, spin-off di VareseNews, restando comunque radicato al territorio di Casciago, paese che mi ha adottato e che amo moltissimo come il lago di Varese e Cazzago Brabbia, il paese dove ho vissuto da giovane.","sameAs":["https:\/\/www.facebook.com\/tommaso.guidotti.7","tomguidoz80","https:\/\/www.linkedin.com\/profile\/view?id=36891883&authType=name&authToken=9pNm&locale=en_US&goback=npv_36891883_*1_*1_name_9pNm_*1_*1_*1_*1_*1_*1_*1_*1_*1_*1_*1_*1_*1_*1_*1_*1_*1_*1_*1_*1_*1_*1_*1_*1_*1_*1_*1_*1_*1_*1_*1_*1_*1","https:\/\/twitter.com\/tomguidoz"],"url":"https:\/\/staging.varesenews.it\/persona\/tommaso_guidotti\/"}]}},"post_meta":{"_edit_lock":"1459843867:39","_edit_last":"39","ratings_users":"0","ratings_score":"0","ratings_average":"0","_category_permalink":"","wdfb_og_title":"","wdfb_og_type":"","wdfb_og_description":"","wdfb_og_images":"a:1:{i:0;s:0:\"\";}","wdfb_og_custom_name":"a:1:{i:0;s:0:\"\";}","wdfb_og_custom_value":"a:1:{i:0;s:0:\"\";}","foto":"529287,529286,529285,529284,529283,529282,529281,529280,529279,529278,529277,529276","firma_come_redazione":"1","argomento":"Natura","_jd_twitter":"","_jd_tweet_this":"yes","_wpt_short_url":"http:\/\/www.varesenews.it\/2016\/04\/la-dafne-mezereo\/505263\/","_wp_jd_target":"http:\/\/www.varesenews.it\/2016\/04\/la-dafne-mezereo\/505263\/","_jd_wp_twitter":"a:1:{i:0;s:95:\"La dafne mezereo http:\/\/www.varesenews.it\/2016\/04\/la-dafne-mezereo\/505263\/ #natura #tempolibero\";}","_wpt_status_message":"Tweet inviato con successo."},"photos":[{"original":"https:\/\/staging.varesenews.it\/photogallery_new\/images\/2016\/04\/la-dafne-mezereo-529287.jpg","full":"https:\/\/staging.varesenews.it\/photogallery_new\/images\/2016\/04\/la-dafne-mezereo-529287.1024x768.jpg","large":"https:\/\/staging.varesenews.it\/photogallery_new\/images\/2016\/04\/la-dafne-mezereo-529287.610x431.jpg"},{"original":"https:\/\/staging.varesenews.it\/photogallery_new\/images\/2016\/04\/la-dafne-mezereo-529286.jpg","full":"https:\/\/staging.varesenews.it\/photogallery_new\/images\/2016\/04\/la-dafne-mezereo-529286.1024x768.jpg","large":"https:\/\/staging.varesenews.it\/photogallery_new\/images\/2016\/04\/la-dafne-mezereo-529286.610x431.jpg"},{"original":"https:\/\/staging.varesenews.it\/photogallery_new\/images\/2016\/04\/la-dafne-mezereo-529285.jpg","full":"https:\/\/staging.varesenews.it\/photogallery_new\/images\/2016\/04\/la-dafne-mezereo-529285.1024x768.jpg","large":"https:\/\/staging.varesenews.it\/photogallery_new\/images\/2016\/04\/la-dafne-mezereo-529285.610x431.jpg"},{"original":"https:\/\/staging.varesenews.it\/photogallery_new\/images\/2016\/04\/la-dafne-mezereo-529284.jpg","full":"https:\/\/staging.varesenews.it\/photogallery_new\/images\/2016\/04\/la-dafne-mezereo-529284.1024x768.jpg","large":"https:\/\/staging.varesenews.it\/photogallery_new\/images\/2016\/04\/la-dafne-mezereo-529284.610x431.jpg"},{"original":"https:\/\/staging.varesenews.it\/photogallery_new\/images\/2016\/04\/la-dafne-mezereo-529283.jpg","full":"https:\/\/staging.varesenews.it\/photogallery_new\/images\/2016\/04\/la-dafne-mezereo-529283.1024x768.jpg","large":"https:\/\/staging.varesenews.it\/photogallery_new\/images\/2016\/04\/la-dafne-mezereo-529283.610x431.jpg"},{"original":"https:\/\/staging.varesenews.it\/photogallery_new\/images\/2016\/04\/la-dafne-mezereo-529282.jpg","full":"https:\/\/staging.varesenews.it\/photogallery_new\/images\/2016\/04\/la-dafne-mezereo-529282.1024x768.jpg","large":"https:\/\/staging.varesenews.it\/photogallery_new\/images\/2016\/04\/la-dafne-mezereo-529282.610x431.jpg"},{"original":"https:\/\/staging.varesenews.it\/photogallery_new\/images\/2016\/04\/la-dafne-mezereo-529281.jpg","full":"https:\/\/staging.varesenews.it\/photogallery_new\/images\/2016\/04\/la-dafne-mezereo-529281.1024x768.jpg","large":"https:\/\/staging.varesenews.it\/photogallery_new\/images\/2016\/04\/la-dafne-mezereo-529281.610x431.jpg"},{"original":"https:\/\/staging.varesenews.it\/photogallery_new\/images\/2016\/04\/la-dafne-mezereo-529280.jpg","full":"https:\/\/staging.varesenews.it\/photogallery_new\/images\/2016\/04\/la-dafne-mezereo-529280.1024x768.jpg","large":"https:\/\/staging.varesenews.it\/photogallery_new\/images\/2016\/04\/la-dafne-mezereo-529280.610x431.jpg"},{"original":"https:\/\/staging.varesenews.it\/photogallery_new\/images\/2016\/04\/la-dafne-mezereo-529279.jpg","full":"https:\/\/staging.varesenews.it\/photogallery_new\/images\/2016\/04\/la-dafne-mezereo-529279.1024x768.jpg","large":"https:\/\/staging.varesenews.it\/photogallery_new\/images\/2016\/04\/la-dafne-mezereo-529279.610x431.jpg"},{"original":"https:\/\/staging.varesenews.it\/photogallery_new\/images\/2016\/04\/la-dafne-mezereo-529278.jpg","full":"https:\/\/staging.varesenews.it\/photogallery_new\/images\/2016\/04\/la-dafne-mezereo-529278.1024x768.jpg","large":"https:\/\/staging.varesenews.it\/photogallery_new\/images\/2016\/04\/la-dafne-mezereo-529278.610x431.jpg"},{"original":"https:\/\/staging.varesenews.it\/photogallery_new\/images\/2016\/04\/la-dafne-mezereo-529277.jpg","full":"https:\/\/staging.varesenews.it\/photogallery_new\/images\/2016\/04\/la-dafne-mezereo-529277.1024x768.jpg","large":"https:\/\/staging.varesenews.it\/photogallery_new\/images\/2016\/04\/la-dafne-mezereo-529277.610x431.jpg"},{"original":"https:\/\/staging.varesenews.it\/photogallery_new\/images\/2016\/04\/la-dafne-mezereo-529276.jpg","full":"https:\/\/staging.varesenews.it\/photogallery_new\/images\/2016\/04\/la-dafne-mezereo-529276.1024x768.jpg","large":"https:\/\/staging.varesenews.it\/photogallery_new\/images\/2016\/04\/la-dafne-mezereo-529276.610x431.jpg"}],"_links":{"self":[{"href":"https:\/\/staging.varesenews.it\/swgapi\/v1\/wp\/v2\/posts\/505263"}],"collection":[{"href":"https:\/\/staging.varesenews.it\/swgapi\/v1\/wp\/v2\/posts"}],"about":[{"href":"https:\/\/staging.varesenews.it\/swgapi\/v1\/wp\/v2\/types\/post"}],"author":[{"embeddable":true,"href":"https:\/\/staging.varesenews.it\/swgapi\/v1\/wp\/v2\/users\/39"}],"replies":[{"embeddable":true,"href":"https:\/\/staging.varesenews.it\/swgapi\/v1\/wp\/v2\/comments?post=505263"}],"version-history":[{"count":0,"href":"https:\/\/staging.varesenews.it\/swgapi\/v1\/wp\/v2\/posts\/505263\/revisions"}],"wp:attachment":[{"href":"https:\/\/staging.varesenews.it\/swgapi\/v1\/wp\/v2\/media?parent=505263"}],"wp:term":[{"taxonomy":"category","embeddable":true,"href":"https:\/\/staging.varesenews.it\/swgapi\/v1\/wp\/v2\/categories?post=505263"},{"taxonomy":"post_tag","embeddable":true,"href":"https:\/\/staging.varesenews.it\/swgapi\/v1\/wp\/v2\/tags?post=505263"}],"curies":[{"name":"wp","href":"https:\/\/api.w.org\/{rel}","templated":true}]}}