{"id":507171,"date":"2016-04-10T21:23:50","date_gmt":"2016-04-10T19:23:50","guid":{"rendered":"http:\/\/www.varesenews.it\/?p=507171"},"modified":"2016-04-10T21:27:53","modified_gmt":"2016-04-10T19:27:53","slug":"moretti-tutto-il-merito-va-ai-ragazzi","status":"publish","type":"post","link":"https:\/\/staging.varesenews.it\/2016\/04\/moretti-tutto-il-merito-va-ai-ragazzi\/507171\/","title":{"rendered":"Moretti: &#8220;Tutto il merito va ai ragazzi&#8221;"},"content":{"rendered":"<p>Si conclude con il <strong>terzo successo consecutivo il tour de force casalingo<\/strong> della Openjobmetis che archivia la pratica Venezia scavando un solco incolmabile per gli avversari\u00a0tra il\u00a0finire del terzo quarto e l&#8217;inizio dell&#8217;ultimo periodo.<\/p>\n<p>Nel dopo gara coach <strong>Paolo Moretti<\/strong> vuole che i riflettori siano puntati sui suoi giocatori: &#8220;Siamo molto contenti di aver fatto in una sola settimana tutte queste vittorie contro avversari di livello cos\u00ec alto. Paradossalmente abbiamo chiuso una settimana impegnativa con <strong>una prestazione che \u00e8 stata la migliore di tutte<\/strong>. Ecco perch\u00e8 voglio &#8211; spiega il tecnico &#8211; che l&#8217;attenzione sia puntata sui ragazzi: <strong>quando devo sgridarli non mi sono mai tirato indietro,<\/strong> ma oggi si meritano solo dei grandi complimenti&#8221;. Questo poi il commento sulla gara: &#8220;Abbiamo giocato una <strong>partita bella, in ogni sua parte,<\/strong> soddisfacente, rimanendo sempre attenti <strong>e limitando Venezia<\/strong> che sicuramente \u00e8 molto pi\u00f9 squadra di noi&#8221;. Il coach biancorsso \u00e8 talmente contento che ha anche deciso di fare un regalo ai suoi giocatori: &#8220;Si meritano un premio: quindi <strong>non mi vedranno fino a mercoled\u00ec<\/strong>. Da quel giorno\u00a0cominceremo a pensare a Cremona&#8221;.<\/p>\n<p>Animi opposti sulla <strong>panchina di Venezia,<\/strong> dove per\u00f2 <strong>Walter De Raffaele<\/strong> prima di tutto si congratula con la qualificazione europea della Openjobmetis: &#8220;Innanzittutto faccio i <strong>complimenti a Varese per le Final Four<\/strong> di Coppa che sono un grande risultato non solo per la squadra di Moretti ma <strong>per tutto il movimento<\/strong> del nostro basket. Per quanto riguarda la gara, <strong>Varese ha meritato di vincere<\/strong> con una prova aggressiva dall&#8217;inizio alla fine&#8221;. Poi il tecnico analizza cos\u00ec la prestazione dei suoi: &#8220;<strong>Gli infortuni di Owens e Goss ci hanno scombussolato:<\/strong> due giocatori base del quintetto che si fanno male pesano su tutta la gara. Questa comunque &#8211; precisa il tecnico &#8211; non deve essere una scusante: paghiamo anche delle percentuali di tiro pessime e modeste. Peccato aver <strong>sprecato occasioni semplici,<\/strong> quando eravamo\u00a0vicini nel risultato. Ora conclude, \u00e8 <strong>necessario capire la gravit\u00e0<\/strong> degli infortuni, e &#8211; conclude il tecnico &#8211; analizzare gli errori di oggi per affrontare al meglio la prossima partita che sar\u00e0 fondamentale per il proseguo della stagione. L&#8217;importante \u00e8 non fermarsi proprio adesso&#8221;. <div class=\"photo-inside-post\"><img decoding=\"async\" loading=\"lazy\" fetchpriority=\"low\" width=\"610\" height=\"431\" src=\"https:\/\/staging.varesenews.it\/photogallery_new\/images\/2016\/04\/openjobmetis-varese-umana-venezia-79-68-530455.610x431.jpg\" alt=\"Openjobmetis Varese - Umana Venezia 79-68\"><\/div> De Raffaele durante la partita<\/p>\n<p>Anche Luca <strong>Campani fa i complimenti ai compagni:<\/strong> &#8220;Sulla carta Venezia \u00e8 sicuramente pi\u00f9 forte ma questa cosa non ci ha demoralizzato, anzi. Non possiamo negare che <strong>i loro infortuni hanno forse aperto una partita diversa,<\/strong> ma noi abbiamo meritato la vittoria con una grande prestazione. Speriamo di replicare anche settimana\u00a0prossima, <strong>contro Cremona, partita che io sento particolarmente<\/strong>. Ma ora &#8211; conclude Campani &#8211; <strong>godiamoci questi due giorni di riposo:<\/strong> ce li siamo meritati non solo per la grande partita di oggi ma per tutto quello che stiamo facendo in quest&#8217;ultimo periodo&#8221;.<\/p>\n","protected":false},"excerpt":{"rendered":"<p>Il coach tiene a complimentarsi con i suoi giocatori e regala loro due giorni liberi. Campani: &#8220;Non fermiamoci adesso&#8221;. De Raffaele: &#8220;Brava Openjobmetis, anche per la coppa&#8221;<\/p>\n","protected":false},"author":38,"featured_media":0,"comment_status":"open","ping_status":"open","sticky":false,"template":"","format":"standard","meta":{"footnotes":""},"categories":[14],"tags":[153,2508,154],"acf":[],"yoast_head":"<!-- This site is optimized with the Yoast SEO plugin v20.1 - https:\/\/yoast.com\/wordpress\/plugins\/seo\/ -->\n<title>Moretti: &quot;Tutto il merito va ai ragazzi&quot;<\/title>\n<meta name=\"description\" content=\"Il coach tiene a complimentarsi con i suoi giocatori e regala loro due giorni liberi. Campani: &quot;Non fermiamoci adesso&quot;. De Raffaele: &quot;Brava Openjobmetis, anche per la coppa&quot;\" \/>\n<meta name=\"robots\" content=\"noindex, follow, max-snippet:-1, max-image-preview:large, max-video-preview:-1\" \/>\n<meta property=\"og:locale\" content=\"it_IT\" \/>\n<meta property=\"og:type\" content=\"article\" \/>\n<meta property=\"og:title\" content=\"Moretti: &quot;Tutto il merito va ai ragazzi&quot;\" \/>\n<meta property=\"og:description\" content=\"Il coach tiene a complimentarsi con i suoi giocatori e regala loro due giorni liberi. Campani: &quot;Non fermiamoci adesso&quot;. De Raffaele: &quot;Brava Openjobmetis, anche per la coppa&quot;\" \/>\n<meta property=\"og:url\" content=\"https:\/\/staging.varesenews.it\/2016\/04\/moretti-tutto-il-merito-va-ai-ragazzi\/507171\/\" \/>\n<meta property=\"og:site_name\" content=\"VareseNews\" \/>\n<meta property=\"article:publisher\" content=\"https:\/\/www.facebook.com\/varesenews\" \/>\n<meta property=\"article:published_time\" content=\"2016-04-10T19:23:50+00:00\" \/>\n<meta property=\"article:modified_time\" content=\"2016-04-10T19:27:53+00:00\" \/>\n<meta name=\"author\" content=\"Damiano Franzetti\" \/>\n<meta name=\"twitter:card\" content=\"summary_large_image\" \/>\n<meta name=\"twitter:creator\" content=\"@damianofranz\" \/>\n<meta name=\"twitter:site\" content=\"@varesenews\" \/>\n<meta name=\"twitter:label1\" content=\"Scritto da\" \/>\n\t<meta name=\"twitter:data1\" content=\"Damiano Franzetti\" \/>\n\t<meta name=\"twitter:label2\" content=\"Tempo di lettura stimato\" \/>\n\t<meta name=\"twitter:data2\" content=\"2 minuti\" \/>\n<script type=\"application\/ld+json\" class=\"yoast-schema-graph\">{\"@context\":\"https:\/\/schema.org\",\"@graph\":[{\"@type\":\"WebPage\",\"@id\":\"https:\/\/staging.varesenews.it\/2016\/04\/moretti-tutto-il-merito-va-ai-ragazzi\/507171\/\",\"url\":\"https:\/\/staging.varesenews.it\/2016\/04\/moretti-tutto-il-merito-va-ai-ragazzi\/507171\/\",\"name\":\"Moretti: \\\"Tutto il merito va ai ragazzi\\\"\",\"isPartOf\":{\"@id\":\"https:\/\/staging.varesenews.it\/#website\"},\"datePublished\":\"2016-04-10T19:23:50+00:00\",\"dateModified\":\"2016-04-10T19:27:53+00:00\",\"author\":{\"@id\":\"https:\/\/staging.varesenews.it\/#\/schema\/person\/709ae3769f6b4dbde8ec332baede8a5b\"},\"description\":\"Il coach tiene a complimentarsi con i suoi giocatori e regala loro due giorni liberi. Campani: \\\"Non fermiamoci adesso\\\". De Raffaele: \\\"Brava Openjobmetis, anche per la coppa\\\"\",\"breadcrumb\":{\"@id\":\"https:\/\/staging.varesenews.it\/2016\/04\/moretti-tutto-il-merito-va-ai-ragazzi\/507171\/#breadcrumb\"},\"inLanguage\":\"it-IT\",\"potentialAction\":[{\"@type\":\"ReadAction\",\"target\":[\"https:\/\/staging.varesenews.it\/2016\/04\/moretti-tutto-il-merito-va-ai-ragazzi\/507171\/\"]}]},{\"@type\":\"BreadcrumbList\",\"@id\":\"https:\/\/staging.varesenews.it\/2016\/04\/moretti-tutto-il-merito-va-ai-ragazzi\/507171\/#breadcrumb\",\"itemListElement\":[{\"@type\":\"ListItem\",\"position\":1,\"name\":\"Home\",\"item\":\"https:\/\/www.varesenews.it\/\"},{\"@type\":\"ListItem\",\"position\":2,\"name\":\"Moretti: &#8220;Tutto il merito va ai ragazzi&#8221;\"}]},{\"@type\":\"WebSite\",\"@id\":\"https:\/\/staging.varesenews.it\/#website\",\"url\":\"https:\/\/staging.varesenews.it\/\",\"name\":\"VareseNews\",\"description\":\"\",\"potentialAction\":[{\"@type\":\"SearchAction\",\"target\":{\"@type\":\"EntryPoint\",\"urlTemplate\":\"https:\/\/staging.varesenews.it\/?s={search_term_string}\"},\"query-input\":\"required name=search_term_string\"}],\"inLanguage\":\"it-IT\"},{\"@type\":\"Person\",\"@id\":\"https:\/\/staging.varesenews.it\/#\/schema\/person\/709ae3769f6b4dbde8ec332baede8a5b\",\"name\":\"Damiano Franzetti\",\"image\":{\"@type\":\"ImageObject\",\"inLanguage\":\"it-IT\",\"@id\":\"https:\/\/staging.varesenews.it\/#\/schema\/person\/image\/\",\"url\":\"https:\/\/staging.varesenews.it\/wp-content\/uploads\/2020\/12\/damiano_franzetti_colori_500.jpg\",\"contentUrl\":\"https:\/\/staging.varesenews.it\/wp-content\/uploads\/2020\/12\/damiano_franzetti_colori_500.jpg\",\"caption\":\"Damiano Franzetti\"},\"description\":\"Classe 1976, una laurea (nel cassetto) in scienze e tecnologie alimentari; sono giornalista professionista dal 2009 nato e cresciuto con VareseNews dove mi occupo soprattutto di sport ormai da vent&rsquo;anni. Inviato sui campi (sulle piste, sulle strade...), intervistatore, coordinatore e responsabile delle pagine sportive, mi ritaglio volentieri lo spazio per scrivere di birra sul blog Malto Gradimento. Ho seguito innumerevoli campionati di Serie A di basket, di serie B di calcio, due Mondiali di ciclismo, qualche Giro d&rsquo;;Italia e tanto altro ancora. Collaboro con Tuttosport e altre testate, mi diletto di social. Ho una moglie, un figlio, vivo nella mia Gemonio e ho purtroppo smesso con il basket giocato. &nbsp;\",\"sameAs\":[\"damianofranz\",\"https:\/\/www.linkedin.com\/profile\/view?id=241597124&trk=nav_responsive_tab_profile\",\"https:\/\/twitter.com\/damianofranz\"],\"url\":\"https:\/\/staging.varesenews.it\/persona\/damiano_franzetti-2\/\"}]}<\/script>\n<!-- \/ Yoast SEO plugin. -->","yoast_head_json":{"title":"Moretti: \"Tutto il merito va ai ragazzi\"","description":"Il coach tiene a complimentarsi con i suoi giocatori e regala loro due giorni liberi. Campani: \"Non fermiamoci adesso\". De Raffaele: \"Brava Openjobmetis, anche per la coppa\"","robots":{"index":"noindex","follow":"follow","max-snippet":"max-snippet:-1","max-image-preview":"max-image-preview:large","max-video-preview":"max-video-preview:-1"},"og_locale":"it_IT","og_type":"article","og_title":"Moretti: \"Tutto il merito va ai ragazzi\"","og_description":"Il coach tiene a complimentarsi con i suoi giocatori e regala loro due giorni liberi. Campani: \"Non fermiamoci adesso\". De Raffaele: \"Brava Openjobmetis, anche per la coppa\"","og_url":"https:\/\/staging.varesenews.it\/2016\/04\/moretti-tutto-il-merito-va-ai-ragazzi\/507171\/","og_site_name":"VareseNews","article_publisher":"https:\/\/www.facebook.com\/varesenews","article_published_time":"2016-04-10T19:23:50+00:00","article_modified_time":"2016-04-10T19:27:53+00:00","author":"Damiano Franzetti","twitter_card":"summary_large_image","twitter_creator":"@damianofranz","twitter_site":"@varesenews","twitter_misc":{"Scritto da":"Damiano Franzetti","Tempo di lettura stimato":"2 minuti"},"schema":{"@context":"https:\/\/schema.org","@graph":[{"@type":"WebPage","@id":"https:\/\/staging.varesenews.it\/2016\/04\/moretti-tutto-il-merito-va-ai-ragazzi\/507171\/","url":"https:\/\/staging.varesenews.it\/2016\/04\/moretti-tutto-il-merito-va-ai-ragazzi\/507171\/","name":"Moretti: \"Tutto il merito va ai ragazzi\"","isPartOf":{"@id":"https:\/\/staging.varesenews.it\/#website"},"datePublished":"2016-04-10T19:23:50+00:00","dateModified":"2016-04-10T19:27:53+00:00","author":{"@id":"https:\/\/staging.varesenews.it\/#\/schema\/person\/709ae3769f6b4dbde8ec332baede8a5b"},"description":"Il coach tiene a complimentarsi con i suoi giocatori e regala loro due giorni liberi. Campani: \"Non fermiamoci adesso\". De Raffaele: \"Brava Openjobmetis, anche per la coppa\"","breadcrumb":{"@id":"https:\/\/staging.varesenews.it\/2016\/04\/moretti-tutto-il-merito-va-ai-ragazzi\/507171\/#breadcrumb"},"inLanguage":"it-IT","potentialAction":[{"@type":"ReadAction","target":["https:\/\/staging.varesenews.it\/2016\/04\/moretti-tutto-il-merito-va-ai-ragazzi\/507171\/"]}]},{"@type":"BreadcrumbList","@id":"https:\/\/staging.varesenews.it\/2016\/04\/moretti-tutto-il-merito-va-ai-ragazzi\/507171\/#breadcrumb","itemListElement":[{"@type":"ListItem","position":1,"name":"Home","item":"https:\/\/www.varesenews.it\/"},{"@type":"ListItem","position":2,"name":"Moretti: &#8220;Tutto il merito va ai ragazzi&#8221;"}]},{"@type":"WebSite","@id":"https:\/\/staging.varesenews.it\/#website","url":"https:\/\/staging.varesenews.it\/","name":"VareseNews","description":"","potentialAction":[{"@type":"SearchAction","target":{"@type":"EntryPoint","urlTemplate":"https:\/\/staging.varesenews.it\/?s={search_term_string}"},"query-input":"required name=search_term_string"}],"inLanguage":"it-IT"},{"@type":"Person","@id":"https:\/\/staging.varesenews.it\/#\/schema\/person\/709ae3769f6b4dbde8ec332baede8a5b","name":"Damiano Franzetti","image":{"@type":"ImageObject","inLanguage":"it-IT","@id":"https:\/\/staging.varesenews.it\/#\/schema\/person\/image\/","url":"https:\/\/staging.varesenews.it\/wp-content\/uploads\/2020\/12\/damiano_franzetti_colori_500.jpg","contentUrl":"https:\/\/staging.varesenews.it\/wp-content\/uploads\/2020\/12\/damiano_franzetti_colori_500.jpg","caption":"Damiano Franzetti"},"description":"Classe 1976, una laurea (nel cassetto) in scienze e tecnologie alimentari; sono giornalista professionista dal 2009 nato e cresciuto con VareseNews dove mi occupo soprattutto di sport ormai da vent&rsquo;anni. Inviato sui campi (sulle piste, sulle strade...), intervistatore, coordinatore e responsabile delle pagine sportive, mi ritaglio volentieri lo spazio per scrivere di birra sul blog Malto Gradimento. Ho seguito innumerevoli campionati di Serie A di basket, di serie B di calcio, due Mondiali di ciclismo, qualche Giro d&rsquo;;Italia e tanto altro ancora. Collaboro con Tuttosport e altre testate, mi diletto di social. Ho una moglie, un figlio, vivo nella mia Gemonio e ho purtroppo smesso con il basket giocato. &nbsp;","sameAs":["damianofranz","https:\/\/www.linkedin.com\/profile\/view?id=241597124&trk=nav_responsive_tab_profile","https:\/\/twitter.com\/damianofranz"],"url":"https:\/\/staging.varesenews.it\/persona\/damiano_franzetti-2\/"}]}},"post_meta":{"_edit_lock":"1460316544:38","_edit_last":"38","ratings_users":"0","ratings_score":"0","ratings_average":"0","_category_permalink":"","wdfb_og_title":"","wdfb_og_type":"","wdfb_og_description":"","wdfb_og_images":"a:1:{i:0;s:0:\"\";}","wdfb_og_custom_name":"a:1:{i:0;s:0:\"\";}","wdfb_og_custom_value":"a:1:{i:0;s:0:\"\";}","id_leggi_anche":"507168,507160,507190","foto":"530469","id_link_fotogallery":"507164","firma-personalizzata":"Martina Giamberini","argomento":"Basket - Le interviste","_jd_twitter":"","_jd_tweet_this":"yes","_wpt_short_url":"http:\/\/www.varesenews.it\/2016\/04\/moretti-tutto-il-merito-va-ai-ragazzi\/507171\/","_wp_jd_target":"http:\/\/www.varesenews.it\/2016\/04\/moretti-tutto-il-merito-va-ai-ragazzi\/507171\/","_jd_wp_twitter":"a:1:{i:0;s:139:\"Moretti: \"Tutto il merito va ai ragazzi\" http:\/\/www.varesenews.it\/2016\/04\/moretti-tutto-il-merito-va-ai-ragazzi\/507171\/ #basket #interviste\";}","_wpt_status_message":"Tweet inviato con successo."},"photos":[{"original":"https:\/\/staging.varesenews.it\/photogallery_new\/images\/2016\/04\/openjobmetis-varese-umana-venezia-79-68-530469.jpg","full":"https:\/\/staging.varesenews.it\/photogallery_new\/images\/2016\/04\/openjobmetis-varese-umana-venezia-79-68-530469.1024x768.jpg","large":"https:\/\/staging.varesenews.it\/photogallery_new\/images\/2016\/04\/openjobmetis-varese-umana-venezia-79-68-530469.610x431.jpg"}],"_links":{"self":[{"href":"https:\/\/staging.varesenews.it\/swgapi\/v1\/wp\/v2\/posts\/507171"}],"collection":[{"href":"https:\/\/staging.varesenews.it\/swgapi\/v1\/wp\/v2\/posts"}],"about":[{"href":"https:\/\/staging.varesenews.it\/swgapi\/v1\/wp\/v2\/types\/post"}],"author":[{"embeddable":true,"href":"https:\/\/staging.varesenews.it\/swgapi\/v1\/wp\/v2\/users\/38"}],"replies":[{"embeddable":true,"href":"https:\/\/staging.varesenews.it\/swgapi\/v1\/wp\/v2\/comments?post=507171"}],"version-history":[{"count":0,"href":"https:\/\/staging.varesenews.it\/swgapi\/v1\/wp\/v2\/posts\/507171\/revisions"}],"wp:attachment":[{"href":"https:\/\/staging.varesenews.it\/swgapi\/v1\/wp\/v2\/media?parent=507171"}],"wp:term":[{"taxonomy":"category","embeddable":true,"href":"https:\/\/staging.varesenews.it\/swgapi\/v1\/wp\/v2\/categories?post=507171"},{"taxonomy":"post_tag","embeddable":true,"href":"https:\/\/staging.varesenews.it\/swgapi\/v1\/wp\/v2\/tags?post=507171"}],"curies":[{"name":"wp","href":"https:\/\/api.w.org\/{rel}","templated":true}]}}